{"id":8025,"date":"2020-08-24T07:32:54","date_gmt":"2020-08-24T13:32:54","guid":{"rendered":"http:\/\/volcanes.net\/?p=8025"},"modified":"2020-08-24T07:32:54","modified_gmt":"2020-08-24T13:32:54","slug":"reubicaran-comercio-informal-en-chalco","status":"publish","type":"post","link":"https:\/\/volcanes.net\/?p=8025","title":{"rendered":"Reubicar\u00e1n comercio informal en Chalco"},"content":{"rendered":"<div style=\"margin-top: 0px; margin-bottom: 0px;\" class=\"sharethis-inline-share-buttons\" ><\/div><p>Chalco, Estado de M\u00e9xico.-\u00a0 Reubicaci\u00f3n del comercio informal en el centro hist\u00f3rico de Chalco, ser\u00e1 una realidad en los pr\u00f3ximos meses.<\/p>\n<p>Miguel Guti\u00e9rrez Morales presidente municipal indic\u00f3 que el comercio informal se reducir\u00e1, porque ya est\u00e1 el plan para el retiro de los ambulantes, \u00aby dialogamos con los comerciantes sobre c\u00f3mo regresar\u00e1n a sus actividades una vez que de termine la obra del centro que es para rescatar ese espacio y se pueda caminar, solo el 40 por ciento tendr\u00e1n un lugar para la venta y el otro 60 por ciento lo reubicaremos en el mercado municipal nuevo\u00bb.<\/p>\n<p>El alcalde dijo que no todos los comercios informales podr\u00e1n regresar al centro debido a que se tendr\u00e1n espacios especiales, por eso solo el cuarenta por ciento lo har\u00e1n y el resto se cambiaran a otros espacios.<\/p>\n<p>Guti\u00e9rrez Morales destac\u00f3 que est\u00e1n conversando con l\u00edderes y trabajadores informales para llevar a cabo un censo y conocer el n\u00famero real de comercios ambulantes en la localidad, \u00abnosotros estamos en \u00e9se proceso de contabilizar s todos los vendedores, porque la obra a\u00fan no se termina, pero ellos quedar\u00e1n instalados en el mercado y tendr\u00e1n una certeza de que el espacio ser\u00e1 de ellos, algo que por muchos a\u00f1os no tuvieron, pero en este gobierno ser\u00e1 realidad, esto luego de que el mercados pretendiera darse a familiares de ex funcionarios, ex funcionario y que de los 230 locales algunos se vendieran hasta en 300 o 400 mil pesos\u00bb, asever\u00f3 el edil.<\/p>\n<p>El mun\u00edcipe se\u00f1al\u00f3 que a partir de qu\u00e9 se reabra el centro la imagen cambiar\u00e1, \u00abdicen que debemos regresar al pueblo lo robado y les digo que esto se har\u00e1 pronto, porque no fue justo gastar casi 80 millones en otro mercados cuando ya ten\u00edamos uno\u00bb.<\/p>\n<p>Guti\u00e9rrez Morales lo indic\u00f3 durante la entrega de 28 Centros de Atenci\u00f3n Social (CAS), en los que la poblaci\u00f3n tendr\u00e1\u00a0 m\u00e9dica gratuita, jur\u00eddica y la presencia de polic\u00edas para\u00a0 denunciar o solicitar servicios<\/p>\n","protected":false},"excerpt":{"rendered":"<p>Chalco, Estado de M\u00e9xico.-\u00a0 Reubicaci\u00f3n del comercio informal en el centro hist\u00f3rico de Chalco, ser\u00e1<\/p>\n","protected":false},"author":1,"featured_media":8026,"comment_status":"open","ping_status":"open","sticky":false,"template":"","format":"standard","meta":{"footnotes":""},"categories":[1],"tags":[9],"class_list":["post-8025","post","type-post","status-publish","format-standard","has-post-thumbnail","hentry","category-municipales","tag-chalco"],"yoast_head":"<!-- This site is optimized with the Yoast SEO plugin v25.3 - https:\/\/yoast.com\/wordpress\/plugins\/seo\/ -->\n<title>Reubicar\u00e1n comercio informal en Chalco - Volcanes<\/title>\n<meta name=\"robots\" content=\"index, follow, max-snippet:-1, max-image-preview:large, max-video-preview:-1\" \/>\n<link rel=\"canonical\" href=\"https:\/\/volcanes.net\/?p=8025\" \/>\n<meta property=\"og:locale\" content=\"es_MX\" \/>\n<meta property=\"og:type\" content=\"article\" \/>\n<meta property=\"og:title\" content=\"Reubicar\u00e1n comercio informal en Chalco - Volcanes\" \/>\n<meta property=\"og:description\" content=\"Chalco, Estado de M\u00e9xico.-\u00a0 Reubicaci\u00f3n del comercio informal en el centro hist\u00f3rico de Chalco, ser\u00e1\" \/>\n<meta property=\"og:url\" content=\"https:\/\/volcanes.net\/?p=8025\" \/>\n<meta property=\"og:site_name\" content=\"Volcanes\" \/>\n<meta property=\"article:publisher\" content=\"https:\/\/www.facebook.com\/volcanes.net\/\" \/>\n<meta property=\"article:published_time\" content=\"2020-08-24T13:32:54+00:00\" \/>\n<meta property=\"og:image\" content=\"https:\/\/volcanes.net\/wp-content\/uploads\/2020\/08\/images-1.jpeg\" \/>\n\t<meta property=\"og:image:width\" content=\"640\" \/>\n\t<meta property=\"og:image:height\" content=\"480\" \/>\n\t<meta property=\"og:image:type\" content=\"image\/jpeg\" \/>\n<meta name=\"author\" content=\"admin\" \/>\n<meta name=\"twitter:card\" content=\"summary_large_image\" \/>\n<meta name=\"twitter:label1\" content=\"Escrito por\" \/>\n\t<meta name=\"twitter:data1\" content=\"admin\" \/>\n\t<meta name=\"twitter:label2\" content=\"Tiempo de lectura\" \/>\n\t<meta name=\"twitter:data2\" content=\"2 minutos\" \/>\n<script type=\"application\/ld+json\" class=\"yoast-schema-graph\">{\"@context\":\"https:\/\/schema.org\",\"@graph\":[{\"@type\":\"Article\",\"@id\":\"https:\/\/volcanes.net\/?p=8025#article\",\"isPartOf\":{\"@id\":\"https:\/\/volcanes.net\/?p=8025\"},\"author\":{\"name\":\"admin\",\"@id\":\"https:\/\/volcanes.net\/#\/schema\/person\/4bf0f383940966a4abd53f5048c0e6b9\"},\"headline\":\"Reubicar\u00e1n comercio informal en Chalco\",\"datePublished\":\"2020-08-24T13:32:54+00:00\",\"mainEntityOfPage\":{\"@id\":\"https:\/\/volcanes.net\/?p=8025\"},\"wordCount\":353,\"commentCount\":0,\"publisher\":{\"@id\":\"https:\/\/volcanes.net\/#organization\"},\"image\":{\"@id\":\"https:\/\/volcanes.net\/?p=8025#primaryimage\"},\"thumbnailUrl\":\"https:\/\/volcanes.net\/wp-content\/uploads\/2020\/08\/images-1.jpeg\",\"keywords\":[\"Chalco\"],\"articleSection\":[\"Municipales\"],\"inLanguage\":\"es\",\"potentialAction\":[{\"@type\":\"CommentAction\",\"name\":\"Comment\",\"target\":[\"https:\/\/volcanes.net\/?p=8025#respond\"]}]},{\"@type\":\"WebPage\",\"@id\":\"https:\/\/volcanes.net\/?p=8025\",\"url\":\"https:\/\/volcanes.net\/?p=8025\",\"name\":\"Reubicar\u00e1n comercio informal en Chalco - Volcanes\",\"isPartOf\":{\"@id\":\"https:\/\/volcanes.net\/#website\"},\"primaryImageOfPage\":{\"@id\":\"https:\/\/volcanes.net\/?p=8025#primaryimage\"},\"image\":{\"@id\":\"https:\/\/volcanes.net\/?p=8025#primaryimage\"},\"thumbnailUrl\":\"https:\/\/volcanes.net\/wp-content\/uploads\/2020\/08\/images-1.jpeg\",\"datePublished\":\"2020-08-24T13:32:54+00:00\",\"breadcrumb\":{\"@id\":\"https:\/\/volcanes.net\/?p=8025#breadcrumb\"},\"inLanguage\":\"es\",\"potentialAction\":[{\"@type\":\"ReadAction\",\"target\":[\"https:\/\/volcanes.net\/?p=8025\"]}]},{\"@type\":\"ImageObject\",\"inLanguage\":\"es\",\"@id\":\"https:\/\/volcanes.net\/?p=8025#primaryimage\",\"url\":\"https:\/\/volcanes.net\/wp-content\/uploads\/2020\/08\/images-1.jpeg\",\"contentUrl\":\"https:\/\/volcanes.net\/wp-content\/uploads\/2020\/08\/images-1.jpeg\",\"width\":640,\"height\":480},{\"@type\":\"BreadcrumbList\",\"@id\":\"https:\/\/volcanes.net\/?p=8025#breadcrumb\",\"itemListElement\":[{\"@type\":\"ListItem\",\"position\":1,\"name\":\"Portada\",\"item\":\"https:\/\/volcanes.net\/\"},{\"@type\":\"ListItem\",\"position\":2,\"name\":\"Reubicar\u00e1n comercio informal en Chalco\"}]},{\"@type\":\"WebSite\",\"@id\":\"https:\/\/volcanes.net\/#website\",\"url\":\"https:\/\/volcanes.net\/\",\"name\":\"Volcanes.Net\",\"description\":\"Periodismo Profesional\",\"publisher\":{\"@id\":\"https:\/\/volcanes.net\/#organization\"},\"potentialAction\":[{\"@type\":\"SearchAction\",\"target\":{\"@type\":\"EntryPoint\",\"urlTemplate\":\"https:\/\/volcanes.net\/?s={search_term_string}\"},\"query-input\":{\"@type\":\"PropertyValueSpecification\",\"valueRequired\":true,\"valueName\":\"search_term_string\"}}],\"inLanguage\":\"es\"},{\"@type\":\"Organization\",\"@id\":\"https:\/\/volcanes.net\/#organization\",\"name\":\"Grupo Volcanes\",\"url\":\"https:\/\/volcanes.net\/\",\"logo\":{\"@type\":\"ImageObject\",\"inLanguage\":\"es\",\"@id\":\"https:\/\/volcanes.net\/#\/schema\/logo\/image\/\",\"url\":\"http:\/\/volcanes.net\/wp-content\/uploads\/2017\/12\/Avatar2.jpg\",\"contentUrl\":\"http:\/\/volcanes.net\/wp-content\/uploads\/2017\/12\/Avatar2.jpg\",\"width\":378,\"height\":378,\"caption\":\"Grupo Volcanes\"},\"image\":{\"@id\":\"https:\/\/volcanes.net\/#\/schema\/logo\/image\/\"},\"sameAs\":[\"https:\/\/www.facebook.com\/volcanes.net\/\"]},{\"@type\":\"Person\",\"@id\":\"https:\/\/volcanes.net\/#\/schema\/person\/4bf0f383940966a4abd53f5048c0e6b9\",\"name\":\"admin\",\"image\":{\"@type\":\"ImageObject\",\"inLanguage\":\"es\",\"@id\":\"https:\/\/volcanes.net\/#\/schema\/person\/image\/\",\"url\":\"https:\/\/secure.gravatar.com\/avatar\/ca004e6cba8462b8cb7abc86e382930c?s=96&d=mm&r=g\",\"contentUrl\":\"https:\/\/secure.gravatar.com\/avatar\/ca004e6cba8462b8cb7abc86e382930c?s=96&d=mm&r=g\",\"caption\":\"admin\"}}]}<\/script>\n<!-- \/ Yoast SEO plugin. -->","yoast_head_json":{"title":"Reubicar\u00e1n comercio informal en Chalco - Volcanes","robots":{"index":"index","follow":"follow","max-snippet":"max-snippet:-1","max-image-preview":"max-image-preview:large","max-video-preview":"max-video-preview:-1"},"canonical":"https:\/\/volcanes.net\/?p=8025","og_locale":"es_MX","og_type":"article","og_title":"Reubicar\u00e1n comercio informal en Chalco - Volcanes","og_description":"Chalco, Estado de M\u00e9xico.-\u00a0 Reubicaci\u00f3n del comercio informal en el centro hist\u00f3rico de Chalco, ser\u00e1","og_url":"https:\/\/volcanes.net\/?p=8025","og_site_name":"Volcanes","article_publisher":"https:\/\/www.facebook.com\/volcanes.net\/","article_published_time":"2020-08-24T13:32:54+00:00","og_image":[{"width":640,"height":480,"url":"https:\/\/volcanes.net\/wp-content\/uploads\/2020\/08\/images-1.jpeg","type":"image\/jpeg"}],"author":"admin","twitter_card":"summary_large_image","twitter_misc":{"Escrito por":"admin","Tiempo de lectura":"2 minutos"},"schema":{"@context":"https:\/\/schema.org","@graph":[{"@type":"Article","@id":"https:\/\/volcanes.net\/?p=8025#article","isPartOf":{"@id":"https:\/\/volcanes.net\/?p=8025"},"author":{"name":"admin","@id":"https:\/\/volcanes.net\/#\/schema\/person\/4bf0f383940966a4abd53f5048c0e6b9"},"headline":"Reubicar\u00e1n comercio informal en Chalco","datePublished":"2020-08-24T13:32:54+00:00","mainEntityOfPage":{"@id":"https:\/\/volcanes.net\/?p=8025"},"wordCount":353,"commentCount":0,"publisher":{"@id":"https:\/\/volcanes.net\/#organization"},"image":{"@id":"https:\/\/volcanes.net\/?p=8025#primaryimage"},"thumbnailUrl":"https:\/\/volcanes.net\/wp-content\/uploads\/2020\/08\/images-1.jpeg","keywords":["Chalco"],"articleSection":["Municipales"],"inLanguage":"es","potentialAction":[{"@type":"CommentAction","name":"Comment","target":["https:\/\/volcanes.net\/?p=8025#respond"]}]},{"@type":"WebPage","@id":"https:\/\/volcanes.net\/?p=8025","url":"https:\/\/volcanes.net\/?p=8025","name":"Reubicar\u00e1n comercio informal en Chalco - Volcanes","isPartOf":{"@id":"https:\/\/volcanes.net\/#website"},"primaryImageOfPage":{"@id":"https:\/\/volcanes.net\/?p=8025#primaryimage"},"image":{"@id":"https:\/\/volcanes.net\/?p=8025#primaryimage"},"thumbnailUrl":"https:\/\/volcanes.net\/wp-content\/uploads\/2020\/08\/images-1.jpeg","datePublished":"2020-08-24T13:32:54+00:00","breadcrumb":{"@id":"https:\/\/volcanes.net\/?p=8025#breadcrumb"},"inLanguage":"es","potentialAction":[{"@type":"ReadAction","target":["https:\/\/volcanes.net\/?p=8025"]}]},{"@type":"ImageObject","inLanguage":"es","@id":"https:\/\/volcanes.net\/?p=8025#primaryimage","url":"https:\/\/volcanes.net\/wp-content\/uploads\/2020\/08\/images-1.jpeg","contentUrl":"https:\/\/volcanes.net\/wp-content\/uploads\/2020\/08\/images-1.jpeg","width":640,"height":480},{"@type":"BreadcrumbList","@id":"https:\/\/volcanes.net\/?p=8025#breadcrumb","itemListElement":[{"@type":"ListItem","position":1,"name":"Portada","item":"https:\/\/volcanes.net\/"},{"@type":"ListItem","position":2,"name":"Reubicar\u00e1n comercio informal en Chalco"}]},{"@type":"WebSite","@id":"https:\/\/volcanes.net\/#website","url":"https:\/\/volcanes.net\/","name":"Volcanes.Net","description":"Periodismo Profesional","publisher":{"@id":"https:\/\/volcanes.net\/#organization"},"potentialAction":[{"@type":"SearchAction","target":{"@type":"EntryPoint","urlTemplate":"https:\/\/volcanes.net\/?s={search_term_string}"},"query-input":{"@type":"PropertyValueSpecification","valueRequired":true,"valueName":"search_term_string"}}],"inLanguage":"es"},{"@type":"Organization","@id":"https:\/\/volcanes.net\/#organization","name":"Grupo Volcanes","url":"https:\/\/volcanes.net\/","logo":{"@type":"ImageObject","inLanguage":"es","@id":"https:\/\/volcanes.net\/#\/schema\/logo\/image\/","url":"http:\/\/volcanes.net\/wp-content\/uploads\/2017\/12\/Avatar2.jpg","contentUrl":"http:\/\/volcanes.net\/wp-content\/uploads\/2017\/12\/Avatar2.jpg","width":378,"height":378,"caption":"Grupo Volcanes"},"image":{"@id":"https:\/\/volcanes.net\/#\/schema\/logo\/image\/"},"sameAs":["https:\/\/www.facebook.com\/volcanes.net\/"]},{"@type":"Person","@id":"https:\/\/volcanes.net\/#\/schema\/person\/4bf0f383940966a4abd53f5048c0e6b9","name":"admin","image":{"@type":"ImageObject","inLanguage":"es","@id":"https:\/\/volcanes.net\/#\/schema\/person\/image\/","url":"https:\/\/secure.gravatar.com\/avatar\/ca004e6cba8462b8cb7abc86e382930c?s=96&d=mm&r=g","contentUrl":"https:\/\/secure.gravatar.com\/avatar\/ca004e6cba8462b8cb7abc86e382930c?s=96&d=mm&r=g","caption":"admin"}}]}},"_links":{"self":[{"href":"https:\/\/volcanes.net\/index.php?rest_route=\/wp\/v2\/posts\/8025"}],"collection":[{"href":"https:\/\/volcanes.net\/index.php?rest_route=\/wp\/v2\/posts"}],"about":[{"href":"https:\/\/volcanes.net\/index.php?rest_route=\/wp\/v2\/types\/post"}],"author":[{"embeddable":true,"href":"https:\/\/volcanes.net\/index.php?rest_route=\/wp\/v2\/users\/1"}],"replies":[{"embeddable":true,"href":"https:\/\/volcanes.net\/index.php?rest_route=%2Fwp%2Fv2%2Fcomments&post=8025"}],"version-history":[{"count":1,"href":"https:\/\/volcanes.net\/index.php?rest_route=\/wp\/v2\/posts\/8025\/revisions"}],"predecessor-version":[{"id":8027,"href":"https:\/\/volcanes.net\/index.php?rest_route=\/wp\/v2\/posts\/8025\/revisions\/8027"}],"wp:featuredmedia":[{"embeddable":true,"href":"https:\/\/volcanes.net\/index.php?rest_route=\/wp\/v2\/media\/8026"}],"wp:attachment":[{"href":"https:\/\/volcanes.net\/index.php?rest_route=%2Fwp%2Fv2%2Fmedia&parent=8025"}],"wp:term":[{"taxonomy":"category","embeddable":true,"href":"https:\/\/volcanes.net\/index.php?rest_route=%2Fwp%2Fv2%2Fcategories&post=8025"},{"taxonomy":"post_tag","embeddable":true,"href":"https:\/\/volcanes.net\/index.php?rest_route=%2Fwp%2Fv2%2Ftags&post=8025"}],"curies":[{"name":"wp","href":"https:\/\/api.w.org\/{rel}","templated":true}]}}