{"id":8032,"date":"2020-08-24T10:29:29","date_gmt":"2020-08-24T16:29:29","guid":{"rendered":"http:\/\/volcanes.net\/?p=8032"},"modified":"2020-08-24T10:29:29","modified_gmt":"2020-08-24T16:29:29","slug":"inician-clases-a-distancia-en-la-zona-p212-con-sede-en-tlalmanalco","status":"publish","type":"post","link":"https:\/\/volcanes.net\/?p=8032","title":{"rendered":"Inician clases a distancia en la Zona P212 con sede en Tlalmanalco"},"content":{"rendered":"<div style=\"margin-top: 0px; margin-bottom: 0px;\" class=\"sharethis-inline-share-buttons\" ><\/div><p><img loading=\"lazy\" decoding=\"async\" class=\"alignleft size-thumbnail wp-image-8034\" src=\"http:\/\/volcanes.net\/wp-content\/uploads\/2020\/08\/WhatsApp-Image-2020-08-24-at-11.26.31-AM-150x150.jpeg\" alt=\"\" width=\"150\" height=\"150\" srcset=\"https:\/\/volcanes.net\/wp-content\/uploads\/2020\/08\/WhatsApp-Image-2020-08-24-at-11.26.31-AM-150x150.jpeg 150w, https:\/\/volcanes.net\/wp-content\/uploads\/2020\/08\/WhatsApp-Image-2020-08-24-at-11.26.31-AM-50x50.jpeg 50w, https:\/\/volcanes.net\/wp-content\/uploads\/2020\/08\/WhatsApp-Image-2020-08-24-at-11.26.31-AM-120x120.jpeg 120w\" sizes=\"(max-width: 150px) 100vw, 150px\" \/>El profesor Jes\u00fas Torres Galicia , encargado de despacho de la supervisi\u00f3n escolar Zona P212\u00a0 en representaci\u00f3n de la secretar\u00eda de Educaci\u00f3n, dio formalmente\u00a0 inicio al ciclo escolar 20-21 en la escuela primaria Benita Galeana.<\/p>\n<p>La Escuela Primaria Benita Galeana, la cual esta ubicada en el municipio de Tlalmanalco este dia 24 de agosto formalmente inici\u00f3 el ciclo escolar, durante la transmisi\u00f3n en vivo que se llev\u00f3\u00a0 acabo, en la cual se reunieron los alumnos, docentes y padres de familia, La directora escolar Profesora Miriam Galicia Aguilar, di\u00f3 la bienvenida a los alumnos al presente ciclo, as\u00ed mismo envi\u00f3 los mejores deseos para que sea un excelente ciclo escolar.<\/p>\n<p>La alumna Natalia Perez de sexto grado dijo que es momento de ver hacia adelante, al mismo tiempo salud\u00f3 a sus compa\u00f1eros de escuela y envi\u00f3 el mensaje de bienvenida.<\/p>\n<p>En representaci\u00f3n de la secretar\u00eda de educaci\u00f3n\u00a0 estuvo presente el Profesor Jes\u00fas Torres Galicia encargado del despacho de la supervisi\u00f3n P212, quien saludo a los alumnos, padres de familia, docentes y directivos, El profesor Jes\u00fas Torres dijo que hoy los ni\u00f1os est\u00e1n escribiendo la historia y que seguramente ser\u00e1 un ciclo escolar de muchos logros.<\/p>\n","protected":false},"excerpt":{"rendered":"<p>El profesor Jes\u00fas Torres Galicia , encargado de despacho de la supervisi\u00f3n escolar Zona P212\u00a0<\/p>\n","protected":false},"author":1,"featured_media":8033,"comment_status":"open","ping_status":"open","sticky":false,"template":"","format":"standard","meta":{"footnotes":""},"categories":[1],"tags":[7,14,16,81],"class_list":["post-8032","post","type-post","status-publish","format-standard","has-post-thumbnail","hentry","category-municipales","tag-amecameca","tag-ozumba","tag-tepetlixpa","tag-tlalmanalco"],"yoast_head":"<!-- This site is optimized with the Yoast SEO plugin v25.3 - https:\/\/yoast.com\/wordpress\/plugins\/seo\/ -->\n<title>Inician clases a distancia en la Zona P212 con sede en Tlalmanalco - Volcanes<\/title>\n<meta name=\"robots\" content=\"index, follow, max-snippet:-1, max-image-preview:large, max-video-preview:-1\" \/>\n<link rel=\"canonical\" href=\"https:\/\/volcanes.net\/?p=8032\" \/>\n<meta property=\"og:locale\" content=\"es_MX\" \/>\n<meta property=\"og:type\" content=\"article\" \/>\n<meta property=\"og:title\" content=\"Inician clases a distancia en la Zona P212 con sede en Tlalmanalco - Volcanes\" \/>\n<meta property=\"og:description\" content=\"El profesor Jes\u00fas Torres Galicia , encargado de despacho de la supervisi\u00f3n escolar Zona P212\u00a0\" \/>\n<meta property=\"og:url\" content=\"https:\/\/volcanes.net\/?p=8032\" \/>\n<meta property=\"og:site_name\" content=\"Volcanes\" \/>\n<meta property=\"article:publisher\" content=\"https:\/\/www.facebook.com\/volcanes.net\/\" \/>\n<meta property=\"article:published_time\" content=\"2020-08-24T16:29:29+00:00\" \/>\n<meta property=\"og:image\" content=\"https:\/\/volcanes.net\/wp-content\/uploads\/2020\/08\/WhatsApp-Image-2020-08-24-at-8.13.46-AM-1.jpeg\" \/>\n\t<meta property=\"og:image:width\" content=\"1280\" \/>\n\t<meta property=\"og:image:height\" content=\"719\" \/>\n\t<meta property=\"og:image:type\" content=\"image\/jpeg\" \/>\n<meta name=\"author\" content=\"admin\" \/>\n<meta name=\"twitter:card\" content=\"summary_large_image\" \/>\n<meta name=\"twitter:label1\" content=\"Escrito por\" \/>\n\t<meta name=\"twitter:data1\" content=\"admin\" \/>\n\t<meta name=\"twitter:label2\" content=\"Tiempo de lectura\" \/>\n\t<meta name=\"twitter:data2\" content=\"1 minuto\" \/>\n<script type=\"application\/ld+json\" class=\"yoast-schema-graph\">{\"@context\":\"https:\/\/schema.org\",\"@graph\":[{\"@type\":\"Article\",\"@id\":\"https:\/\/volcanes.net\/?p=8032#article\",\"isPartOf\":{\"@id\":\"https:\/\/volcanes.net\/?p=8032\"},\"author\":{\"name\":\"admin\",\"@id\":\"https:\/\/volcanes.net\/#\/schema\/person\/4bf0f383940966a4abd53f5048c0e6b9\"},\"headline\":\"Inician clases a distancia en la Zona P212 con sede en Tlalmanalco\",\"datePublished\":\"2020-08-24T16:29:29+00:00\",\"mainEntityOfPage\":{\"@id\":\"https:\/\/volcanes.net\/?p=8032\"},\"wordCount\":219,\"commentCount\":0,\"publisher\":{\"@id\":\"https:\/\/volcanes.net\/#organization\"},\"image\":{\"@id\":\"https:\/\/volcanes.net\/?p=8032#primaryimage\"},\"thumbnailUrl\":\"https:\/\/volcanes.net\/wp-content\/uploads\/2020\/08\/WhatsApp-Image-2020-08-24-at-8.13.46-AM-1.jpeg\",\"keywords\":[\"Amecameca\",\"Ozumba\",\"Tepetlixpa\",\"Tlalmanalco\"],\"articleSection\":[\"Municipales\"],\"inLanguage\":\"es\",\"potentialAction\":[{\"@type\":\"CommentAction\",\"name\":\"Comment\",\"target\":[\"https:\/\/volcanes.net\/?p=8032#respond\"]}]},{\"@type\":\"WebPage\",\"@id\":\"https:\/\/volcanes.net\/?p=8032\",\"url\":\"https:\/\/volcanes.net\/?p=8032\",\"name\":\"Inician clases a distancia en la Zona P212 con sede en Tlalmanalco - Volcanes\",\"isPartOf\":{\"@id\":\"https:\/\/volcanes.net\/#website\"},\"primaryImageOfPage\":{\"@id\":\"https:\/\/volcanes.net\/?p=8032#primaryimage\"},\"image\":{\"@id\":\"https:\/\/volcanes.net\/?p=8032#primaryimage\"},\"thumbnailUrl\":\"https:\/\/volcanes.net\/wp-content\/uploads\/2020\/08\/WhatsApp-Image-2020-08-24-at-8.13.46-AM-1.jpeg\",\"datePublished\":\"2020-08-24T16:29:29+00:00\",\"breadcrumb\":{\"@id\":\"https:\/\/volcanes.net\/?p=8032#breadcrumb\"},\"inLanguage\":\"es\",\"potentialAction\":[{\"@type\":\"ReadAction\",\"target\":[\"https:\/\/volcanes.net\/?p=8032\"]}]},{\"@type\":\"ImageObject\",\"inLanguage\":\"es\",\"@id\":\"https:\/\/volcanes.net\/?p=8032#primaryimage\",\"url\":\"https:\/\/volcanes.net\/wp-content\/uploads\/2020\/08\/WhatsApp-Image-2020-08-24-at-8.13.46-AM-1.jpeg\",\"contentUrl\":\"https:\/\/volcanes.net\/wp-content\/uploads\/2020\/08\/WhatsApp-Image-2020-08-24-at-8.13.46-AM-1.jpeg\",\"width\":1280,\"height\":719},{\"@type\":\"BreadcrumbList\",\"@id\":\"https:\/\/volcanes.net\/?p=8032#breadcrumb\",\"itemListElement\":[{\"@type\":\"ListItem\",\"position\":1,\"name\":\"Portada\",\"item\":\"https:\/\/volcanes.net\/\"},{\"@type\":\"ListItem\",\"position\":2,\"name\":\"Inician clases a distancia en la Zona P212 con sede en Tlalmanalco\"}]},{\"@type\":\"WebSite\",\"@id\":\"https:\/\/volcanes.net\/#website\",\"url\":\"https:\/\/volcanes.net\/\",\"name\":\"Volcanes.Net\",\"description\":\"Periodismo Profesional\",\"publisher\":{\"@id\":\"https:\/\/volcanes.net\/#organization\"},\"potentialAction\":[{\"@type\":\"SearchAction\",\"target\":{\"@type\":\"EntryPoint\",\"urlTemplate\":\"https:\/\/volcanes.net\/?s={search_term_string}\"},\"query-input\":{\"@type\":\"PropertyValueSpecification\",\"valueRequired\":true,\"valueName\":\"search_term_string\"}}],\"inLanguage\":\"es\"},{\"@type\":\"Organization\",\"@id\":\"https:\/\/volcanes.net\/#organization\",\"name\":\"Grupo Volcanes\",\"url\":\"https:\/\/volcanes.net\/\",\"logo\":{\"@type\":\"ImageObject\",\"inLanguage\":\"es\",\"@id\":\"https:\/\/volcanes.net\/#\/schema\/logo\/image\/\",\"url\":\"http:\/\/volcanes.net\/wp-content\/uploads\/2017\/12\/Avatar2.jpg\",\"contentUrl\":\"http:\/\/volcanes.net\/wp-content\/uploads\/2017\/12\/Avatar2.jpg\",\"width\":378,\"height\":378,\"caption\":\"Grupo Volcanes\"},\"image\":{\"@id\":\"https:\/\/volcanes.net\/#\/schema\/logo\/image\/\"},\"sameAs\":[\"https:\/\/www.facebook.com\/volcanes.net\/\"]},{\"@type\":\"Person\",\"@id\":\"https:\/\/volcanes.net\/#\/schema\/person\/4bf0f383940966a4abd53f5048c0e6b9\",\"name\":\"admin\",\"image\":{\"@type\":\"ImageObject\",\"inLanguage\":\"es\",\"@id\":\"https:\/\/volcanes.net\/#\/schema\/person\/image\/\",\"url\":\"https:\/\/secure.gravatar.com\/avatar\/ca004e6cba8462b8cb7abc86e382930c?s=96&d=mm&r=g\",\"contentUrl\":\"https:\/\/secure.gravatar.com\/avatar\/ca004e6cba8462b8cb7abc86e382930c?s=96&d=mm&r=g\",\"caption\":\"admin\"}}]}<\/script>\n<!-- \/ Yoast SEO plugin. -->","yoast_head_json":{"title":"Inician clases a distancia en la Zona P212 con sede en Tlalmanalco - Volcanes","robots":{"index":"index","follow":"follow","max-snippet":"max-snippet:-1","max-image-preview":"max-image-preview:large","max-video-preview":"max-video-preview:-1"},"canonical":"https:\/\/volcanes.net\/?p=8032","og_locale":"es_MX","og_type":"article","og_title":"Inician clases a distancia en la Zona P212 con sede en Tlalmanalco - Volcanes","og_description":"El profesor Jes\u00fas Torres Galicia , encargado de despacho de la supervisi\u00f3n escolar Zona P212\u00a0","og_url":"https:\/\/volcanes.net\/?p=8032","og_site_name":"Volcanes","article_publisher":"https:\/\/www.facebook.com\/volcanes.net\/","article_published_time":"2020-08-24T16:29:29+00:00","og_image":[{"width":1280,"height":719,"url":"https:\/\/volcanes.net\/wp-content\/uploads\/2020\/08\/WhatsApp-Image-2020-08-24-at-8.13.46-AM-1.jpeg","type":"image\/jpeg"}],"author":"admin","twitter_card":"summary_large_image","twitter_misc":{"Escrito por":"admin","Tiempo de lectura":"1 minuto"},"schema":{"@context":"https:\/\/schema.org","@graph":[{"@type":"Article","@id":"https:\/\/volcanes.net\/?p=8032#article","isPartOf":{"@id":"https:\/\/volcanes.net\/?p=8032"},"author":{"name":"admin","@id":"https:\/\/volcanes.net\/#\/schema\/person\/4bf0f383940966a4abd53f5048c0e6b9"},"headline":"Inician clases a distancia en la Zona P212 con sede en Tlalmanalco","datePublished":"2020-08-24T16:29:29+00:00","mainEntityOfPage":{"@id":"https:\/\/volcanes.net\/?p=8032"},"wordCount":219,"commentCount":0,"publisher":{"@id":"https:\/\/volcanes.net\/#organization"},"image":{"@id":"https:\/\/volcanes.net\/?p=8032#primaryimage"},"thumbnailUrl":"https:\/\/volcanes.net\/wp-content\/uploads\/2020\/08\/WhatsApp-Image-2020-08-24-at-8.13.46-AM-1.jpeg","keywords":["Amecameca","Ozumba","Tepetlixpa","Tlalmanalco"],"articleSection":["Municipales"],"inLanguage":"es","potentialAction":[{"@type":"CommentAction","name":"Comment","target":["https:\/\/volcanes.net\/?p=8032#respond"]}]},{"@type":"WebPage","@id":"https:\/\/volcanes.net\/?p=8032","url":"https:\/\/volcanes.net\/?p=8032","name":"Inician clases a distancia en la Zona P212 con sede en Tlalmanalco - Volcanes","isPartOf":{"@id":"https:\/\/volcanes.net\/#website"},"primaryImageOfPage":{"@id":"https:\/\/volcanes.net\/?p=8032#primaryimage"},"image":{"@id":"https:\/\/volcanes.net\/?p=8032#primaryimage"},"thumbnailUrl":"https:\/\/volcanes.net\/wp-content\/uploads\/2020\/08\/WhatsApp-Image-2020-08-24-at-8.13.46-AM-1.jpeg","datePublished":"2020-08-24T16:29:29+00:00","breadcrumb":{"@id":"https:\/\/volcanes.net\/?p=8032#breadcrumb"},"inLanguage":"es","potentialAction":[{"@type":"ReadAction","target":["https:\/\/volcanes.net\/?p=8032"]}]},{"@type":"ImageObject","inLanguage":"es","@id":"https:\/\/volcanes.net\/?p=8032#primaryimage","url":"https:\/\/volcanes.net\/wp-content\/uploads\/2020\/08\/WhatsApp-Image-2020-08-24-at-8.13.46-AM-1.jpeg","contentUrl":"https:\/\/volcanes.net\/wp-content\/uploads\/2020\/08\/WhatsApp-Image-2020-08-24-at-8.13.46-AM-1.jpeg","width":1280,"height":719},{"@type":"BreadcrumbList","@id":"https:\/\/volcanes.net\/?p=8032#breadcrumb","itemListElement":[{"@type":"ListItem","position":1,"name":"Portada","item":"https:\/\/volcanes.net\/"},{"@type":"ListItem","position":2,"name":"Inician clases a distancia en la Zona P212 con sede en Tlalmanalco"}]},{"@type":"WebSite","@id":"https:\/\/volcanes.net\/#website","url":"https:\/\/volcanes.net\/","name":"Volcanes.Net","description":"Periodismo Profesional","publisher":{"@id":"https:\/\/volcanes.net\/#organization"},"potentialAction":[{"@type":"SearchAction","target":{"@type":"EntryPoint","urlTemplate":"https:\/\/volcanes.net\/?s={search_term_string}"},"query-input":{"@type":"PropertyValueSpecification","valueRequired":true,"valueName":"search_term_string"}}],"inLanguage":"es"},{"@type":"Organization","@id":"https:\/\/volcanes.net\/#organization","name":"Grupo Volcanes","url":"https:\/\/volcanes.net\/","logo":{"@type":"ImageObject","inLanguage":"es","@id":"https:\/\/volcanes.net\/#\/schema\/logo\/image\/","url":"http:\/\/volcanes.net\/wp-content\/uploads\/2017\/12\/Avatar2.jpg","contentUrl":"http:\/\/volcanes.net\/wp-content\/uploads\/2017\/12\/Avatar2.jpg","width":378,"height":378,"caption":"Grupo Volcanes"},"image":{"@id":"https:\/\/volcanes.net\/#\/schema\/logo\/image\/"},"sameAs":["https:\/\/www.facebook.com\/volcanes.net\/"]},{"@type":"Person","@id":"https:\/\/volcanes.net\/#\/schema\/person\/4bf0f383940966a4abd53f5048c0e6b9","name":"admin","image":{"@type":"ImageObject","inLanguage":"es","@id":"https:\/\/volcanes.net\/#\/schema\/person\/image\/","url":"https:\/\/secure.gravatar.com\/avatar\/ca004e6cba8462b8cb7abc86e382930c?s=96&d=mm&r=g","contentUrl":"https:\/\/secure.gravatar.com\/avatar\/ca004e6cba8462b8cb7abc86e382930c?s=96&d=mm&r=g","caption":"admin"}}]}},"_links":{"self":[{"href":"https:\/\/volcanes.net\/index.php?rest_route=\/wp\/v2\/posts\/8032"}],"collection":[{"href":"https:\/\/volcanes.net\/index.php?rest_route=\/wp\/v2\/posts"}],"about":[{"href":"https:\/\/volcanes.net\/index.php?rest_route=\/wp\/v2\/types\/post"}],"author":[{"embeddable":true,"href":"https:\/\/volcanes.net\/index.php?rest_route=\/wp\/v2\/users\/1"}],"replies":[{"embeddable":true,"href":"https:\/\/volcanes.net\/index.php?rest_route=%2Fwp%2Fv2%2Fcomments&post=8032"}],"version-history":[{"count":1,"href":"https:\/\/volcanes.net\/index.php?rest_route=\/wp\/v2\/posts\/8032\/revisions"}],"predecessor-version":[{"id":8035,"href":"https:\/\/volcanes.net\/index.php?rest_route=\/wp\/v2\/posts\/8032\/revisions\/8035"}],"wp:featuredmedia":[{"embeddable":true,"href":"https:\/\/volcanes.net\/index.php?rest_route=\/wp\/v2\/media\/8033"}],"wp:attachment":[{"href":"https:\/\/volcanes.net\/index.php?rest_route=%2Fwp%2Fv2%2Fmedia&parent=8032"}],"wp:term":[{"taxonomy":"category","embeddable":true,"href":"https:\/\/volcanes.net\/index.php?rest_route=%2Fwp%2Fv2%2Fcategories&post=8032"},{"taxonomy":"post_tag","embeddable":true,"href":"https:\/\/volcanes.net\/index.php?rest_route=%2Fwp%2Fv2%2Ftags&post=8032"}],"curies":[{"name":"wp","href":"https:\/\/api.w.org\/{rel}","templated":true}]}}