{"id":8039,"date":"2020-08-24T14:11:36","date_gmt":"2020-08-24T20:11:36","guid":{"rendered":"http:\/\/volcanes.net\/?p=8039"},"modified":"2020-08-24T14:11:36","modified_gmt":"2020-08-24T20:11:36","slug":"se-llevo-a-cabo-la-octava-sesion-ordinaria-de-consejo-municipal-de-seguridad-publica-en-temamatla","status":"publish","type":"post","link":"https:\/\/volcanes.net\/?p=8039","title":{"rendered":"Se llev\u00f3 a cabo la octava sesi\u00f3n ordinaria de consejo municipal de seguridad p\u00fablica en Temamatla"},"content":{"rendered":"<div style=\"margin-top: 0px; margin-bottom: 0px;\" class=\"sharethis-inline-share-buttons\" ><\/div><p>Temamatla, Estado de M\u00e9xico.- Se llev\u00f3 a cabo en el auditorio municipal de Temamatla la octava sesi\u00f3n ordinaria del consejo municipal de seguridad p\u00fablica de este municipio mexiquenses \u00a0la cual estuvo encabezada por el edil Juan Mart\u00edn Orozpe P\u00e9rez acompa\u00f1ado del cabildo del H. Ayuntamiento, director general de gobierno, Guardia Nacional, Seguridad p\u00fablica y Protecci\u00f3n Civil de la demarcaci\u00f3n entre otros funcionarios.<\/p>\n<p>&nbsp;<\/p>\n<p>El evento se realiz\u00f3 con las medidas sanitarias emitidas por la secretaria de salud, uso de cubrecobas, sana distancia, uso de gel antibacterial con el fin de prevenir el virus de COVID-19, durante la sesi\u00f3n se tocan temas de seguridad p\u00fablica, en el cual trabaja d\u00eda a d\u00eda las autoridades ya que es un algo prioritario velar por la seguridad y tranquilidad de los pobladores.<\/p>\n<p>As\u00ed mismo se hizo la entrega de constancias a elementos de Seguridad P\u00fablica y constancias de capacitaci\u00f3n a elementos de la Polic\u00eda Municipal y se realiz\u00f3 una pl\u00e1tica con respecto a la prevenci\u00f3n del delito en el municipio.<\/p>\n<p>Cabe mencionar que durante la sesi\u00f3n se\u00a0 acord\u00f3 que se realizara una mesa de trabajo con la Ruta 75 y el directos de seguridad p\u00fablica municipal para coordinar los trabajos as\u00ed mismo se trata el tema de ampliar la ruta de transporte. \u00a0Adem\u00e1s de que se llevara\u00a0 a cabo una mesa de trabajo con representante de transito estatal y presidente municipal derivado de la queja ciudadana por las infracciones realizadas dentro del territorio del municipal.<\/p>\n<p>Finalmente el edil exhorta\u00a0 a llevar a cabo las \u00a0recomendaciones para prevenir el covid-19 a los choferes de moto taxis y bici taxis por el director de protecci\u00f3n civil con apoyo de seguridad municipal, de ser necesario proveer de cubre bocas y gel ant\u00edbacterial.<\/p>\n","protected":false},"excerpt":{"rendered":"<p>Temamatla, Estado de M\u00e9xico.- Se llev\u00f3 a cabo en el auditorio municipal de Temamatla la<\/p>\n","protected":false},"author":1,"featured_media":8040,"comment_status":"open","ping_status":"open","sticky":false,"template":"","format":"standard","meta":{"footnotes":""},"categories":[1],"tags":[236],"class_list":["post-8039","post","type-post","status-publish","format-standard","has-post-thumbnail","hentry","category-municipales","tag-temamatla"],"yoast_head":"<!-- This site is optimized with the Yoast SEO plugin v25.3 - https:\/\/yoast.com\/wordpress\/plugins\/seo\/ -->\n<title>Se llev\u00f3 a cabo la octava sesi\u00f3n ordinaria de consejo municipal de seguridad p\u00fablica en Temamatla - Volcanes<\/title>\n<meta name=\"robots\" content=\"index, follow, max-snippet:-1, max-image-preview:large, max-video-preview:-1\" \/>\n<link rel=\"canonical\" href=\"https:\/\/volcanes.net\/?p=8039\" \/>\n<meta property=\"og:locale\" content=\"es_MX\" \/>\n<meta property=\"og:type\" content=\"article\" \/>\n<meta property=\"og:title\" content=\"Se llev\u00f3 a cabo la octava sesi\u00f3n ordinaria de consejo municipal de seguridad p\u00fablica en Temamatla - Volcanes\" \/>\n<meta property=\"og:description\" content=\"Temamatla, Estado de M\u00e9xico.- Se llev\u00f3 a cabo en el auditorio municipal de Temamatla la\" \/>\n<meta property=\"og:url\" content=\"https:\/\/volcanes.net\/?p=8039\" \/>\n<meta property=\"og:site_name\" content=\"Volcanes\" \/>\n<meta property=\"article:publisher\" content=\"https:\/\/www.facebook.com\/volcanes.net\/\" \/>\n<meta property=\"article:published_time\" content=\"2020-08-24T20:11:36+00:00\" \/>\n<meta property=\"og:image\" content=\"https:\/\/volcanes.net\/wp-content\/uploads\/2020\/08\/ff01b6d5-2a62-4e88-a90e-8e7860a81413.jpg\" \/>\n\t<meta property=\"og:image:width\" content=\"1280\" \/>\n\t<meta property=\"og:image:height\" content=\"960\" \/>\n\t<meta property=\"og:image:type\" content=\"image\/jpeg\" \/>\n<meta name=\"author\" content=\"admin\" \/>\n<meta name=\"twitter:card\" content=\"summary_large_image\" \/>\n<meta name=\"twitter:label1\" content=\"Escrito por\" \/>\n\t<meta name=\"twitter:data1\" content=\"admin\" \/>\n\t<meta name=\"twitter:label2\" content=\"Tiempo de lectura\" \/>\n\t<meta name=\"twitter:data2\" content=\"2 minutos\" \/>\n<script type=\"application\/ld+json\" class=\"yoast-schema-graph\">{\"@context\":\"https:\/\/schema.org\",\"@graph\":[{\"@type\":\"Article\",\"@id\":\"https:\/\/volcanes.net\/?p=8039#article\",\"isPartOf\":{\"@id\":\"https:\/\/volcanes.net\/?p=8039\"},\"author\":{\"name\":\"admin\",\"@id\":\"https:\/\/volcanes.net\/#\/schema\/person\/4bf0f383940966a4abd53f5048c0e6b9\"},\"headline\":\"Se llev\u00f3 a cabo la octava sesi\u00f3n ordinaria de consejo municipal de seguridad p\u00fablica en Temamatla\",\"datePublished\":\"2020-08-24T20:11:36+00:00\",\"mainEntityOfPage\":{\"@id\":\"https:\/\/volcanes.net\/?p=8039\"},\"wordCount\":326,\"commentCount\":0,\"publisher\":{\"@id\":\"https:\/\/volcanes.net\/#organization\"},\"image\":{\"@id\":\"https:\/\/volcanes.net\/?p=8039#primaryimage\"},\"thumbnailUrl\":\"https:\/\/volcanes.net\/wp-content\/uploads\/2020\/08\/ff01b6d5-2a62-4e88-a90e-8e7860a81413.jpg\",\"keywords\":[\"Temamatla\"],\"articleSection\":[\"Municipales\"],\"inLanguage\":\"es\",\"potentialAction\":[{\"@type\":\"CommentAction\",\"name\":\"Comment\",\"target\":[\"https:\/\/volcanes.net\/?p=8039#respond\"]}]},{\"@type\":\"WebPage\",\"@id\":\"https:\/\/volcanes.net\/?p=8039\",\"url\":\"https:\/\/volcanes.net\/?p=8039\",\"name\":\"Se llev\u00f3 a cabo la octava sesi\u00f3n ordinaria de consejo municipal de seguridad p\u00fablica en Temamatla - Volcanes\",\"isPartOf\":{\"@id\":\"https:\/\/volcanes.net\/#website\"},\"primaryImageOfPage\":{\"@id\":\"https:\/\/volcanes.net\/?p=8039#primaryimage\"},\"image\":{\"@id\":\"https:\/\/volcanes.net\/?p=8039#primaryimage\"},\"thumbnailUrl\":\"https:\/\/volcanes.net\/wp-content\/uploads\/2020\/08\/ff01b6d5-2a62-4e88-a90e-8e7860a81413.jpg\",\"datePublished\":\"2020-08-24T20:11:36+00:00\",\"breadcrumb\":{\"@id\":\"https:\/\/volcanes.net\/?p=8039#breadcrumb\"},\"inLanguage\":\"es\",\"potentialAction\":[{\"@type\":\"ReadAction\",\"target\":[\"https:\/\/volcanes.net\/?p=8039\"]}]},{\"@type\":\"ImageObject\",\"inLanguage\":\"es\",\"@id\":\"https:\/\/volcanes.net\/?p=8039#primaryimage\",\"url\":\"https:\/\/volcanes.net\/wp-content\/uploads\/2020\/08\/ff01b6d5-2a62-4e88-a90e-8e7860a81413.jpg\",\"contentUrl\":\"https:\/\/volcanes.net\/wp-content\/uploads\/2020\/08\/ff01b6d5-2a62-4e88-a90e-8e7860a81413.jpg\",\"width\":1280,\"height\":960},{\"@type\":\"BreadcrumbList\",\"@id\":\"https:\/\/volcanes.net\/?p=8039#breadcrumb\",\"itemListElement\":[{\"@type\":\"ListItem\",\"position\":1,\"name\":\"Portada\",\"item\":\"https:\/\/volcanes.net\/\"},{\"@type\":\"ListItem\",\"position\":2,\"name\":\"Se llev\u00f3 a cabo la octava sesi\u00f3n ordinaria de consejo municipal de seguridad p\u00fablica en Temamatla\"}]},{\"@type\":\"WebSite\",\"@id\":\"https:\/\/volcanes.net\/#website\",\"url\":\"https:\/\/volcanes.net\/\",\"name\":\"Volcanes.Net\",\"description\":\"Periodismo Profesional\",\"publisher\":{\"@id\":\"https:\/\/volcanes.net\/#organization\"},\"potentialAction\":[{\"@type\":\"SearchAction\",\"target\":{\"@type\":\"EntryPoint\",\"urlTemplate\":\"https:\/\/volcanes.net\/?s={search_term_string}\"},\"query-input\":{\"@type\":\"PropertyValueSpecification\",\"valueRequired\":true,\"valueName\":\"search_term_string\"}}],\"inLanguage\":\"es\"},{\"@type\":\"Organization\",\"@id\":\"https:\/\/volcanes.net\/#organization\",\"name\":\"Grupo Volcanes\",\"url\":\"https:\/\/volcanes.net\/\",\"logo\":{\"@type\":\"ImageObject\",\"inLanguage\":\"es\",\"@id\":\"https:\/\/volcanes.net\/#\/schema\/logo\/image\/\",\"url\":\"http:\/\/volcanes.net\/wp-content\/uploads\/2017\/12\/Avatar2.jpg\",\"contentUrl\":\"http:\/\/volcanes.net\/wp-content\/uploads\/2017\/12\/Avatar2.jpg\",\"width\":378,\"height\":378,\"caption\":\"Grupo Volcanes\"},\"image\":{\"@id\":\"https:\/\/volcanes.net\/#\/schema\/logo\/image\/\"},\"sameAs\":[\"https:\/\/www.facebook.com\/volcanes.net\/\"]},{\"@type\":\"Person\",\"@id\":\"https:\/\/volcanes.net\/#\/schema\/person\/4bf0f383940966a4abd53f5048c0e6b9\",\"name\":\"admin\",\"image\":{\"@type\":\"ImageObject\",\"inLanguage\":\"es\",\"@id\":\"https:\/\/volcanes.net\/#\/schema\/person\/image\/\",\"url\":\"https:\/\/secure.gravatar.com\/avatar\/ca004e6cba8462b8cb7abc86e382930c?s=96&d=mm&r=g\",\"contentUrl\":\"https:\/\/secure.gravatar.com\/avatar\/ca004e6cba8462b8cb7abc86e382930c?s=96&d=mm&r=g\",\"caption\":\"admin\"}}]}<\/script>\n<!-- \/ Yoast SEO plugin. -->","yoast_head_json":{"title":"Se llev\u00f3 a cabo la octava sesi\u00f3n ordinaria de consejo municipal de seguridad p\u00fablica en Temamatla - Volcanes","robots":{"index":"index","follow":"follow","max-snippet":"max-snippet:-1","max-image-preview":"max-image-preview:large","max-video-preview":"max-video-preview:-1"},"canonical":"https:\/\/volcanes.net\/?p=8039","og_locale":"es_MX","og_type":"article","og_title":"Se llev\u00f3 a cabo la octava sesi\u00f3n ordinaria de consejo municipal de seguridad p\u00fablica en Temamatla - Volcanes","og_description":"Temamatla, Estado de M\u00e9xico.- Se llev\u00f3 a cabo en el auditorio municipal de Temamatla la","og_url":"https:\/\/volcanes.net\/?p=8039","og_site_name":"Volcanes","article_publisher":"https:\/\/www.facebook.com\/volcanes.net\/","article_published_time":"2020-08-24T20:11:36+00:00","og_image":[{"width":1280,"height":960,"url":"https:\/\/volcanes.net\/wp-content\/uploads\/2020\/08\/ff01b6d5-2a62-4e88-a90e-8e7860a81413.jpg","type":"image\/jpeg"}],"author":"admin","twitter_card":"summary_large_image","twitter_misc":{"Escrito por":"admin","Tiempo de lectura":"2 minutos"},"schema":{"@context":"https:\/\/schema.org","@graph":[{"@type":"Article","@id":"https:\/\/volcanes.net\/?p=8039#article","isPartOf":{"@id":"https:\/\/volcanes.net\/?p=8039"},"author":{"name":"admin","@id":"https:\/\/volcanes.net\/#\/schema\/person\/4bf0f383940966a4abd53f5048c0e6b9"},"headline":"Se llev\u00f3 a cabo la octava sesi\u00f3n ordinaria de consejo municipal de seguridad p\u00fablica en Temamatla","datePublished":"2020-08-24T20:11:36+00:00","mainEntityOfPage":{"@id":"https:\/\/volcanes.net\/?p=8039"},"wordCount":326,"commentCount":0,"publisher":{"@id":"https:\/\/volcanes.net\/#organization"},"image":{"@id":"https:\/\/volcanes.net\/?p=8039#primaryimage"},"thumbnailUrl":"https:\/\/volcanes.net\/wp-content\/uploads\/2020\/08\/ff01b6d5-2a62-4e88-a90e-8e7860a81413.jpg","keywords":["Temamatla"],"articleSection":["Municipales"],"inLanguage":"es","potentialAction":[{"@type":"CommentAction","name":"Comment","target":["https:\/\/volcanes.net\/?p=8039#respond"]}]},{"@type":"WebPage","@id":"https:\/\/volcanes.net\/?p=8039","url":"https:\/\/volcanes.net\/?p=8039","name":"Se llev\u00f3 a cabo la octava sesi\u00f3n ordinaria de consejo municipal de seguridad p\u00fablica en Temamatla - Volcanes","isPartOf":{"@id":"https:\/\/volcanes.net\/#website"},"primaryImageOfPage":{"@id":"https:\/\/volcanes.net\/?p=8039#primaryimage"},"image":{"@id":"https:\/\/volcanes.net\/?p=8039#primaryimage"},"thumbnailUrl":"https:\/\/volcanes.net\/wp-content\/uploads\/2020\/08\/ff01b6d5-2a62-4e88-a90e-8e7860a81413.jpg","datePublished":"2020-08-24T20:11:36+00:00","breadcrumb":{"@id":"https:\/\/volcanes.net\/?p=8039#breadcrumb"},"inLanguage":"es","potentialAction":[{"@type":"ReadAction","target":["https:\/\/volcanes.net\/?p=8039"]}]},{"@type":"ImageObject","inLanguage":"es","@id":"https:\/\/volcanes.net\/?p=8039#primaryimage","url":"https:\/\/volcanes.net\/wp-content\/uploads\/2020\/08\/ff01b6d5-2a62-4e88-a90e-8e7860a81413.jpg","contentUrl":"https:\/\/volcanes.net\/wp-content\/uploads\/2020\/08\/ff01b6d5-2a62-4e88-a90e-8e7860a81413.jpg","width":1280,"height":960},{"@type":"BreadcrumbList","@id":"https:\/\/volcanes.net\/?p=8039#breadcrumb","itemListElement":[{"@type":"ListItem","position":1,"name":"Portada","item":"https:\/\/volcanes.net\/"},{"@type":"ListItem","position":2,"name":"Se llev\u00f3 a cabo la octava sesi\u00f3n ordinaria de consejo municipal de seguridad p\u00fablica en Temamatla"}]},{"@type":"WebSite","@id":"https:\/\/volcanes.net\/#website","url":"https:\/\/volcanes.net\/","name":"Volcanes.Net","description":"Periodismo Profesional","publisher":{"@id":"https:\/\/volcanes.net\/#organization"},"potentialAction":[{"@type":"SearchAction","target":{"@type":"EntryPoint","urlTemplate":"https:\/\/volcanes.net\/?s={search_term_string}"},"query-input":{"@type":"PropertyValueSpecification","valueRequired":true,"valueName":"search_term_string"}}],"inLanguage":"es"},{"@type":"Organization","@id":"https:\/\/volcanes.net\/#organization","name":"Grupo Volcanes","url":"https:\/\/volcanes.net\/","logo":{"@type":"ImageObject","inLanguage":"es","@id":"https:\/\/volcanes.net\/#\/schema\/logo\/image\/","url":"http:\/\/volcanes.net\/wp-content\/uploads\/2017\/12\/Avatar2.jpg","contentUrl":"http:\/\/volcanes.net\/wp-content\/uploads\/2017\/12\/Avatar2.jpg","width":378,"height":378,"caption":"Grupo Volcanes"},"image":{"@id":"https:\/\/volcanes.net\/#\/schema\/logo\/image\/"},"sameAs":["https:\/\/www.facebook.com\/volcanes.net\/"]},{"@type":"Person","@id":"https:\/\/volcanes.net\/#\/schema\/person\/4bf0f383940966a4abd53f5048c0e6b9","name":"admin","image":{"@type":"ImageObject","inLanguage":"es","@id":"https:\/\/volcanes.net\/#\/schema\/person\/image\/","url":"https:\/\/secure.gravatar.com\/avatar\/ca004e6cba8462b8cb7abc86e382930c?s=96&d=mm&r=g","contentUrl":"https:\/\/secure.gravatar.com\/avatar\/ca004e6cba8462b8cb7abc86e382930c?s=96&d=mm&r=g","caption":"admin"}}]}},"_links":{"self":[{"href":"https:\/\/volcanes.net\/index.php?rest_route=\/wp\/v2\/posts\/8039"}],"collection":[{"href":"https:\/\/volcanes.net\/index.php?rest_route=\/wp\/v2\/posts"}],"about":[{"href":"https:\/\/volcanes.net\/index.php?rest_route=\/wp\/v2\/types\/post"}],"author":[{"embeddable":true,"href":"https:\/\/volcanes.net\/index.php?rest_route=\/wp\/v2\/users\/1"}],"replies":[{"embeddable":true,"href":"https:\/\/volcanes.net\/index.php?rest_route=%2Fwp%2Fv2%2Fcomments&post=8039"}],"version-history":[{"count":1,"href":"https:\/\/volcanes.net\/index.php?rest_route=\/wp\/v2\/posts\/8039\/revisions"}],"predecessor-version":[{"id":8041,"href":"https:\/\/volcanes.net\/index.php?rest_route=\/wp\/v2\/posts\/8039\/revisions\/8041"}],"wp:featuredmedia":[{"embeddable":true,"href":"https:\/\/volcanes.net\/index.php?rest_route=\/wp\/v2\/media\/8040"}],"wp:attachment":[{"href":"https:\/\/volcanes.net\/index.php?rest_route=%2Fwp%2Fv2%2Fmedia&parent=8039"}],"wp:term":[{"taxonomy":"category","embeddable":true,"href":"https:\/\/volcanes.net\/index.php?rest_route=%2Fwp%2Fv2%2Fcategories&post=8039"},{"taxonomy":"post_tag","embeddable":true,"href":"https:\/\/volcanes.net\/index.php?rest_route=%2Fwp%2Fv2%2Ftags&post=8039"}],"curies":[{"name":"wp","href":"https:\/\/api.w.org\/{rel}","templated":true}]}}