{"id":8045,"date":"2020-08-24T19:44:40","date_gmt":"2020-08-25T01:44:40","guid":{"rendered":"http:\/\/volcanes.net\/?p=8045"},"modified":"2020-08-24T19:44:40","modified_gmt":"2020-08-25T01:44:40","slug":"detiene-la-policia-municipal-de-amecameca-a-sujeto-que-robo-celular","status":"publish","type":"post","link":"https:\/\/volcanes.net\/?p=8045","title":{"rendered":"Detiene la Polic\u00eda Municipal de Amecameca a sujeto que rob\u00f3 celular"},"content":{"rendered":"<div style=\"margin-top: 0px; margin-bottom: 0px;\" class=\"sharethis-inline-share-buttons\" ><\/div><p>Amecameca de Ju\u00e1rez, Estado de M\u00e9xico.- Polic\u00edas municipales de la #DirecciondeSeguridadCiudadana lograron la detenci\u00f3n de H\u00e9ctor \u201cN\u201d, de 21 a\u00f1os, luego de que \u00e9ste robara con extrema violencia un celular en el centro del municipio; la v\u00edctima solicit\u00f3 el apoyo al C2 e inmediatamente elementos policiacos se dieron a la b\u00fasqueda logrando su aseguramiento en Avenida Hidalgo y traslad\u00e1ndolo ante la Fiscal\u00eda de Justicia de Amecameca.<\/p>\n<p>El domingo 23 de agosto de 2020 a las 20:18 hrs el Centro de Mando y Comunicaci\u00f3n, C2, recibi\u00f3 una llamada de auxilio de una ciudadana que minutos antes hab\u00eda sido despojada con lujo de violencia de su celular por un hombre que la amago con un cuchillo largo.<\/p>\n<p>El C2 inform\u00f3 al Grupo Aceros y a polic\u00edas pie tierra la descripci\u00f3n del sujeto y comenz\u00f3 la b\u00fasqueda en el primer cuadro del municipio, encontr\u00e1ndose al hoy detenido en Avenida Hidalgo, entre calle La Rosa y Zaragoza, as\u00ed que al marcarle el alto, y respetando el protocolo de seguridad para este tipo de actos, se le inspeccion\u00f3 encontr\u00e1ndosele el celular descrito y el arma que la v\u00edctima hab\u00eda mencionado.<\/p>\n<p>Una vez que fue identificado por la v\u00edctima, el sujeto de 21 a\u00f1os, que dijo ser originario de la Delegaci\u00f3n de San Juan Grande, fue trasladado ante el Ministerio P\u00fablico en donde se inici\u00f3 la carpeta de investigaci\u00f3n AME\/AMC\/001\/MPI\/619\/01720\/20\/18, por el delito de robo con violencia.<\/p>\n","protected":false},"excerpt":{"rendered":"<p>Amecameca de Ju\u00e1rez, Estado de M\u00e9xico.- Polic\u00edas municipales de la #DirecciondeSeguridadCiudadana lograron la detenci\u00f3n de<\/p>\n","protected":false},"author":1,"featured_media":8046,"comment_status":"open","ping_status":"open","sticky":false,"template":"","format":"standard","meta":{"footnotes":""},"categories":[1],"tags":[7],"class_list":["post-8045","post","type-post","status-publish","format-standard","has-post-thumbnail","hentry","category-municipales","tag-amecameca"],"yoast_head":"<!-- This site is optimized with the Yoast SEO plugin v25.3 - https:\/\/yoast.com\/wordpress\/plugins\/seo\/ -->\n<title>Detiene la Polic\u00eda Municipal de Amecameca a sujeto que rob\u00f3 celular - Volcanes<\/title>\n<meta name=\"robots\" content=\"index, follow, max-snippet:-1, max-image-preview:large, max-video-preview:-1\" \/>\n<link rel=\"canonical\" href=\"https:\/\/volcanes.net\/?p=8045\" \/>\n<meta property=\"og:locale\" content=\"es_MX\" \/>\n<meta property=\"og:type\" content=\"article\" \/>\n<meta property=\"og:title\" content=\"Detiene la Polic\u00eda Municipal de Amecameca a sujeto que rob\u00f3 celular - Volcanes\" \/>\n<meta property=\"og:description\" content=\"Amecameca de Ju\u00e1rez, Estado de M\u00e9xico.- Polic\u00edas municipales de la #DirecciondeSeguridadCiudadana lograron la detenci\u00f3n de\" \/>\n<meta property=\"og:url\" content=\"https:\/\/volcanes.net\/?p=8045\" \/>\n<meta property=\"og:site_name\" content=\"Volcanes\" \/>\n<meta property=\"article:publisher\" content=\"https:\/\/www.facebook.com\/volcanes.net\/\" \/>\n<meta property=\"article:published_time\" content=\"2020-08-25T01:44:40+00:00\" \/>\n<meta property=\"og:image\" content=\"https:\/\/volcanes.net\/wp-content\/uploads\/2020\/08\/IMG-20200824-WA0017.jpg\" \/>\n\t<meta property=\"og:image:width\" content=\"780\" \/>\n\t<meta property=\"og:image:height\" content=\"1040\" \/>\n\t<meta property=\"og:image:type\" content=\"image\/jpeg\" \/>\n<meta name=\"author\" content=\"admin\" \/>\n<meta name=\"twitter:card\" content=\"summary_large_image\" \/>\n<meta name=\"twitter:label1\" content=\"Escrito por\" \/>\n\t<meta name=\"twitter:data1\" content=\"admin\" \/>\n\t<meta name=\"twitter:label2\" content=\"Tiempo de lectura\" \/>\n\t<meta name=\"twitter:data2\" content=\"1 minuto\" \/>\n<script type=\"application\/ld+json\" class=\"yoast-schema-graph\">{\"@context\":\"https:\/\/schema.org\",\"@graph\":[{\"@type\":\"Article\",\"@id\":\"https:\/\/volcanes.net\/?p=8045#article\",\"isPartOf\":{\"@id\":\"https:\/\/volcanes.net\/?p=8045\"},\"author\":{\"name\":\"admin\",\"@id\":\"https:\/\/volcanes.net\/#\/schema\/person\/4bf0f383940966a4abd53f5048c0e6b9\"},\"headline\":\"Detiene la Polic\u00eda Municipal de Amecameca a sujeto que rob\u00f3 celular\",\"datePublished\":\"2020-08-25T01:44:40+00:00\",\"mainEntityOfPage\":{\"@id\":\"https:\/\/volcanes.net\/?p=8045\"},\"wordCount\":265,\"commentCount\":0,\"publisher\":{\"@id\":\"https:\/\/volcanes.net\/#organization\"},\"image\":{\"@id\":\"https:\/\/volcanes.net\/?p=8045#primaryimage\"},\"thumbnailUrl\":\"https:\/\/volcanes.net\/wp-content\/uploads\/2020\/08\/IMG-20200824-WA0017.jpg\",\"keywords\":[\"Amecameca\"],\"articleSection\":[\"Municipales\"],\"inLanguage\":\"es\",\"potentialAction\":[{\"@type\":\"CommentAction\",\"name\":\"Comment\",\"target\":[\"https:\/\/volcanes.net\/?p=8045#respond\"]}]},{\"@type\":\"WebPage\",\"@id\":\"https:\/\/volcanes.net\/?p=8045\",\"url\":\"https:\/\/volcanes.net\/?p=8045\",\"name\":\"Detiene la Polic\u00eda Municipal de Amecameca a sujeto que rob\u00f3 celular - Volcanes\",\"isPartOf\":{\"@id\":\"https:\/\/volcanes.net\/#website\"},\"primaryImageOfPage\":{\"@id\":\"https:\/\/volcanes.net\/?p=8045#primaryimage\"},\"image\":{\"@id\":\"https:\/\/volcanes.net\/?p=8045#primaryimage\"},\"thumbnailUrl\":\"https:\/\/volcanes.net\/wp-content\/uploads\/2020\/08\/IMG-20200824-WA0017.jpg\",\"datePublished\":\"2020-08-25T01:44:40+00:00\",\"breadcrumb\":{\"@id\":\"https:\/\/volcanes.net\/?p=8045#breadcrumb\"},\"inLanguage\":\"es\",\"potentialAction\":[{\"@type\":\"ReadAction\",\"target\":[\"https:\/\/volcanes.net\/?p=8045\"]}]},{\"@type\":\"ImageObject\",\"inLanguage\":\"es\",\"@id\":\"https:\/\/volcanes.net\/?p=8045#primaryimage\",\"url\":\"https:\/\/volcanes.net\/wp-content\/uploads\/2020\/08\/IMG-20200824-WA0017.jpg\",\"contentUrl\":\"https:\/\/volcanes.net\/wp-content\/uploads\/2020\/08\/IMG-20200824-WA0017.jpg\",\"width\":780,\"height\":1040},{\"@type\":\"BreadcrumbList\",\"@id\":\"https:\/\/volcanes.net\/?p=8045#breadcrumb\",\"itemListElement\":[{\"@type\":\"ListItem\",\"position\":1,\"name\":\"Portada\",\"item\":\"https:\/\/volcanes.net\/\"},{\"@type\":\"ListItem\",\"position\":2,\"name\":\"Detiene la Polic\u00eda Municipal de Amecameca a sujeto que rob\u00f3 celular\"}]},{\"@type\":\"WebSite\",\"@id\":\"https:\/\/volcanes.net\/#website\",\"url\":\"https:\/\/volcanes.net\/\",\"name\":\"Volcanes.Net\",\"description\":\"Periodismo Profesional\",\"publisher\":{\"@id\":\"https:\/\/volcanes.net\/#organization\"},\"potentialAction\":[{\"@type\":\"SearchAction\",\"target\":{\"@type\":\"EntryPoint\",\"urlTemplate\":\"https:\/\/volcanes.net\/?s={search_term_string}\"},\"query-input\":{\"@type\":\"PropertyValueSpecification\",\"valueRequired\":true,\"valueName\":\"search_term_string\"}}],\"inLanguage\":\"es\"},{\"@type\":\"Organization\",\"@id\":\"https:\/\/volcanes.net\/#organization\",\"name\":\"Grupo Volcanes\",\"url\":\"https:\/\/volcanes.net\/\",\"logo\":{\"@type\":\"ImageObject\",\"inLanguage\":\"es\",\"@id\":\"https:\/\/volcanes.net\/#\/schema\/logo\/image\/\",\"url\":\"http:\/\/volcanes.net\/wp-content\/uploads\/2017\/12\/Avatar2.jpg\",\"contentUrl\":\"http:\/\/volcanes.net\/wp-content\/uploads\/2017\/12\/Avatar2.jpg\",\"width\":378,\"height\":378,\"caption\":\"Grupo Volcanes\"},\"image\":{\"@id\":\"https:\/\/volcanes.net\/#\/schema\/logo\/image\/\"},\"sameAs\":[\"https:\/\/www.facebook.com\/volcanes.net\/\"]},{\"@type\":\"Person\",\"@id\":\"https:\/\/volcanes.net\/#\/schema\/person\/4bf0f383940966a4abd53f5048c0e6b9\",\"name\":\"admin\",\"image\":{\"@type\":\"ImageObject\",\"inLanguage\":\"es\",\"@id\":\"https:\/\/volcanes.net\/#\/schema\/person\/image\/\",\"url\":\"https:\/\/secure.gravatar.com\/avatar\/ca004e6cba8462b8cb7abc86e382930c?s=96&d=mm&r=g\",\"contentUrl\":\"https:\/\/secure.gravatar.com\/avatar\/ca004e6cba8462b8cb7abc86e382930c?s=96&d=mm&r=g\",\"caption\":\"admin\"}}]}<\/script>\n<!-- \/ Yoast SEO plugin. -->","yoast_head_json":{"title":"Detiene la Polic\u00eda Municipal de Amecameca a sujeto que rob\u00f3 celular - Volcanes","robots":{"index":"index","follow":"follow","max-snippet":"max-snippet:-1","max-image-preview":"max-image-preview:large","max-video-preview":"max-video-preview:-1"},"canonical":"https:\/\/volcanes.net\/?p=8045","og_locale":"es_MX","og_type":"article","og_title":"Detiene la Polic\u00eda Municipal de Amecameca a sujeto que rob\u00f3 celular - Volcanes","og_description":"Amecameca de Ju\u00e1rez, Estado de M\u00e9xico.- Polic\u00edas municipales de la #DirecciondeSeguridadCiudadana lograron la detenci\u00f3n de","og_url":"https:\/\/volcanes.net\/?p=8045","og_site_name":"Volcanes","article_publisher":"https:\/\/www.facebook.com\/volcanes.net\/","article_published_time":"2020-08-25T01:44:40+00:00","og_image":[{"width":780,"height":1040,"url":"https:\/\/volcanes.net\/wp-content\/uploads\/2020\/08\/IMG-20200824-WA0017.jpg","type":"image\/jpeg"}],"author":"admin","twitter_card":"summary_large_image","twitter_misc":{"Escrito por":"admin","Tiempo de lectura":"1 minuto"},"schema":{"@context":"https:\/\/schema.org","@graph":[{"@type":"Article","@id":"https:\/\/volcanes.net\/?p=8045#article","isPartOf":{"@id":"https:\/\/volcanes.net\/?p=8045"},"author":{"name":"admin","@id":"https:\/\/volcanes.net\/#\/schema\/person\/4bf0f383940966a4abd53f5048c0e6b9"},"headline":"Detiene la Polic\u00eda Municipal de Amecameca a sujeto que rob\u00f3 celular","datePublished":"2020-08-25T01:44:40+00:00","mainEntityOfPage":{"@id":"https:\/\/volcanes.net\/?p=8045"},"wordCount":265,"commentCount":0,"publisher":{"@id":"https:\/\/volcanes.net\/#organization"},"image":{"@id":"https:\/\/volcanes.net\/?p=8045#primaryimage"},"thumbnailUrl":"https:\/\/volcanes.net\/wp-content\/uploads\/2020\/08\/IMG-20200824-WA0017.jpg","keywords":["Amecameca"],"articleSection":["Municipales"],"inLanguage":"es","potentialAction":[{"@type":"CommentAction","name":"Comment","target":["https:\/\/volcanes.net\/?p=8045#respond"]}]},{"@type":"WebPage","@id":"https:\/\/volcanes.net\/?p=8045","url":"https:\/\/volcanes.net\/?p=8045","name":"Detiene la Polic\u00eda Municipal de Amecameca a sujeto que rob\u00f3 celular - Volcanes","isPartOf":{"@id":"https:\/\/volcanes.net\/#website"},"primaryImageOfPage":{"@id":"https:\/\/volcanes.net\/?p=8045#primaryimage"},"image":{"@id":"https:\/\/volcanes.net\/?p=8045#primaryimage"},"thumbnailUrl":"https:\/\/volcanes.net\/wp-content\/uploads\/2020\/08\/IMG-20200824-WA0017.jpg","datePublished":"2020-08-25T01:44:40+00:00","breadcrumb":{"@id":"https:\/\/volcanes.net\/?p=8045#breadcrumb"},"inLanguage":"es","potentialAction":[{"@type":"ReadAction","target":["https:\/\/volcanes.net\/?p=8045"]}]},{"@type":"ImageObject","inLanguage":"es","@id":"https:\/\/volcanes.net\/?p=8045#primaryimage","url":"https:\/\/volcanes.net\/wp-content\/uploads\/2020\/08\/IMG-20200824-WA0017.jpg","contentUrl":"https:\/\/volcanes.net\/wp-content\/uploads\/2020\/08\/IMG-20200824-WA0017.jpg","width":780,"height":1040},{"@type":"BreadcrumbList","@id":"https:\/\/volcanes.net\/?p=8045#breadcrumb","itemListElement":[{"@type":"ListItem","position":1,"name":"Portada","item":"https:\/\/volcanes.net\/"},{"@type":"ListItem","position":2,"name":"Detiene la Polic\u00eda Municipal de Amecameca a sujeto que rob\u00f3 celular"}]},{"@type":"WebSite","@id":"https:\/\/volcanes.net\/#website","url":"https:\/\/volcanes.net\/","name":"Volcanes.Net","description":"Periodismo Profesional","publisher":{"@id":"https:\/\/volcanes.net\/#organization"},"potentialAction":[{"@type":"SearchAction","target":{"@type":"EntryPoint","urlTemplate":"https:\/\/volcanes.net\/?s={search_term_string}"},"query-input":{"@type":"PropertyValueSpecification","valueRequired":true,"valueName":"search_term_string"}}],"inLanguage":"es"},{"@type":"Organization","@id":"https:\/\/volcanes.net\/#organization","name":"Grupo Volcanes","url":"https:\/\/volcanes.net\/","logo":{"@type":"ImageObject","inLanguage":"es","@id":"https:\/\/volcanes.net\/#\/schema\/logo\/image\/","url":"http:\/\/volcanes.net\/wp-content\/uploads\/2017\/12\/Avatar2.jpg","contentUrl":"http:\/\/volcanes.net\/wp-content\/uploads\/2017\/12\/Avatar2.jpg","width":378,"height":378,"caption":"Grupo Volcanes"},"image":{"@id":"https:\/\/volcanes.net\/#\/schema\/logo\/image\/"},"sameAs":["https:\/\/www.facebook.com\/volcanes.net\/"]},{"@type":"Person","@id":"https:\/\/volcanes.net\/#\/schema\/person\/4bf0f383940966a4abd53f5048c0e6b9","name":"admin","image":{"@type":"ImageObject","inLanguage":"es","@id":"https:\/\/volcanes.net\/#\/schema\/person\/image\/","url":"https:\/\/secure.gravatar.com\/avatar\/ca004e6cba8462b8cb7abc86e382930c?s=96&d=mm&r=g","contentUrl":"https:\/\/secure.gravatar.com\/avatar\/ca004e6cba8462b8cb7abc86e382930c?s=96&d=mm&r=g","caption":"admin"}}]}},"_links":{"self":[{"href":"https:\/\/volcanes.net\/index.php?rest_route=\/wp\/v2\/posts\/8045"}],"collection":[{"href":"https:\/\/volcanes.net\/index.php?rest_route=\/wp\/v2\/posts"}],"about":[{"href":"https:\/\/volcanes.net\/index.php?rest_route=\/wp\/v2\/types\/post"}],"author":[{"embeddable":true,"href":"https:\/\/volcanes.net\/index.php?rest_route=\/wp\/v2\/users\/1"}],"replies":[{"embeddable":true,"href":"https:\/\/volcanes.net\/index.php?rest_route=%2Fwp%2Fv2%2Fcomments&post=8045"}],"version-history":[{"count":1,"href":"https:\/\/volcanes.net\/index.php?rest_route=\/wp\/v2\/posts\/8045\/revisions"}],"predecessor-version":[{"id":8047,"href":"https:\/\/volcanes.net\/index.php?rest_route=\/wp\/v2\/posts\/8045\/revisions\/8047"}],"wp:featuredmedia":[{"embeddable":true,"href":"https:\/\/volcanes.net\/index.php?rest_route=\/wp\/v2\/media\/8046"}],"wp:attachment":[{"href":"https:\/\/volcanes.net\/index.php?rest_route=%2Fwp%2Fv2%2Fmedia&parent=8045"}],"wp:term":[{"taxonomy":"category","embeddable":true,"href":"https:\/\/volcanes.net\/index.php?rest_route=%2Fwp%2Fv2%2Fcategories&post=8045"},{"taxonomy":"post_tag","embeddable":true,"href":"https:\/\/volcanes.net\/index.php?rest_route=%2Fwp%2Fv2%2Ftags&post=8045"}],"curies":[{"name":"wp","href":"https:\/\/api.w.org\/{rel}","templated":true}]}}