{"id":8048,"date":"2020-08-24T20:28:39","date_gmt":"2020-08-25T02:28:39","guid":{"rendered":"http:\/\/volcanes.net\/?p=8048"},"modified":"2020-08-24T20:28:39","modified_gmt":"2020-08-25T02:28:39","slug":"realizan-en-amecameca-operativo-intermunicipal-para-la-prevencion-del-delito","status":"publish","type":"post","link":"https:\/\/volcanes.net\/?p=8048","title":{"rendered":"Realizan en Amecameca operativo intermunicipal para la prevenci\u00f3n del delito"},"content":{"rendered":"<div style=\"margin-top: 0px; margin-bottom: 0px;\" class=\"sharethis-inline-share-buttons\" ><\/div><p>Amecameca de Ju\u00e1rez, Estado de M\u00e9xico.- Gracias a la coordinaci\u00f3n de las Direcciones de Seguridad Ciudadana de 8 municipios de la regi\u00f3n, al apoyo de la Polic\u00eda Estatal y de la Guardia Nacional, se llev\u00f3 a cabo un operativo intermunicipal en Amecameca con el prop\u00f3sito de prevenir el delito y evitar las faltas administrativas en la localidad.<br \/>\nEl operativo, al mando del Comisario Municipal de Amecameca, Armando Acebo Ortiz, consisti\u00f3 en la divisi\u00f3n de los elementos en dos c\u00e9dulas de seguridad y vigilancia, los cuales realizaron recorridos sobre las calles que abarcan el tianguis y las calles principales del municipio, al igual que dentro del mercado Ju\u00e1rez, la zona bancaria y la zona comercial; as\u00ed mismo, efectuaron inspecciones de diversos veh\u00edculos, para verificar su correcto estado ante la ley, en el entronque Tlamacas y frente a la Fiscal\u00eda de Justicia.<\/p>\n<p>A trav\u00e9s de este operativo se logr\u00f3 la inspecci\u00f3n de 160 veh\u00edculos y 300 personas, respetando en todo momento los derechos humanos y las garant\u00edas individuales de la poblaci\u00f3n, con el objetivo de salvaguardar la integridad de los ciudadanos amecamequenses.<\/p>\n<p>Cabe mencionar que los polic\u00edas municipales proced\u00edan de los municipios de Juchitepec, Atlautla, Ayapango, Ozumba, Tepetlixpa, Tlalmanalco y Tenango del Aire, quienes contaron con el apoyo de la Polic\u00eda Estatal y la Guardia Nacional.<\/p>\n","protected":false},"excerpt":{"rendered":"<p>Amecameca de Ju\u00e1rez, Estado de M\u00e9xico.- Gracias a la coordinaci\u00f3n de las Direcciones de Seguridad<\/p>\n","protected":false},"author":1,"featured_media":8049,"comment_status":"open","ping_status":"open","sticky":false,"template":"","format":"standard","meta":{"footnotes":""},"categories":[1],"tags":[7],"class_list":["post-8048","post","type-post","status-publish","format-standard","has-post-thumbnail","hentry","category-municipales","tag-amecameca"],"yoast_head":"<!-- This site is optimized with the Yoast SEO plugin v25.3 - https:\/\/yoast.com\/wordpress\/plugins\/seo\/ -->\n<title>Realizan en Amecameca operativo intermunicipal para la prevenci\u00f3n del delito - Volcanes<\/title>\n<meta name=\"robots\" content=\"index, follow, max-snippet:-1, max-image-preview:large, max-video-preview:-1\" \/>\n<link rel=\"canonical\" href=\"https:\/\/volcanes.net\/?p=8048\" \/>\n<meta property=\"og:locale\" content=\"es_MX\" \/>\n<meta property=\"og:type\" content=\"article\" \/>\n<meta property=\"og:title\" content=\"Realizan en Amecameca operativo intermunicipal para la prevenci\u00f3n del delito - Volcanes\" \/>\n<meta property=\"og:description\" content=\"Amecameca de Ju\u00e1rez, Estado de M\u00e9xico.- Gracias a la coordinaci\u00f3n de las Direcciones de Seguridad\" \/>\n<meta property=\"og:url\" content=\"https:\/\/volcanes.net\/?p=8048\" \/>\n<meta property=\"og:site_name\" content=\"Volcanes\" \/>\n<meta property=\"article:publisher\" content=\"https:\/\/www.facebook.com\/volcanes.net\/\" \/>\n<meta property=\"article:published_time\" content=\"2020-08-25T02:28:39+00:00\" \/>\n<meta property=\"og:image\" content=\"https:\/\/volcanes.net\/wp-content\/uploads\/2020\/08\/IMG-20200824-WA0018.jpg\" \/>\n\t<meta property=\"og:image:width\" content=\"1105\" \/>\n\t<meta property=\"og:image:height\" content=\"619\" \/>\n\t<meta property=\"og:image:type\" content=\"image\/jpeg\" \/>\n<meta name=\"author\" content=\"admin\" \/>\n<meta name=\"twitter:card\" content=\"summary_large_image\" \/>\n<meta name=\"twitter:label1\" content=\"Escrito por\" \/>\n\t<meta name=\"twitter:data1\" content=\"admin\" \/>\n\t<meta name=\"twitter:label2\" content=\"Tiempo de lectura\" \/>\n\t<meta name=\"twitter:data2\" content=\"1 minuto\" \/>\n<script type=\"application\/ld+json\" class=\"yoast-schema-graph\">{\"@context\":\"https:\/\/schema.org\",\"@graph\":[{\"@type\":\"Article\",\"@id\":\"https:\/\/volcanes.net\/?p=8048#article\",\"isPartOf\":{\"@id\":\"https:\/\/volcanes.net\/?p=8048\"},\"author\":{\"name\":\"admin\",\"@id\":\"https:\/\/volcanes.net\/#\/schema\/person\/4bf0f383940966a4abd53f5048c0e6b9\"},\"headline\":\"Realizan en Amecameca operativo intermunicipal para la prevenci\u00f3n del delito\",\"datePublished\":\"2020-08-25T02:28:39+00:00\",\"mainEntityOfPage\":{\"@id\":\"https:\/\/volcanes.net\/?p=8048\"},\"wordCount\":242,\"commentCount\":0,\"publisher\":{\"@id\":\"https:\/\/volcanes.net\/#organization\"},\"image\":{\"@id\":\"https:\/\/volcanes.net\/?p=8048#primaryimage\"},\"thumbnailUrl\":\"https:\/\/volcanes.net\/wp-content\/uploads\/2020\/08\/IMG-20200824-WA0018.jpg\",\"keywords\":[\"Amecameca\"],\"articleSection\":[\"Municipales\"],\"inLanguage\":\"es\",\"potentialAction\":[{\"@type\":\"CommentAction\",\"name\":\"Comment\",\"target\":[\"https:\/\/volcanes.net\/?p=8048#respond\"]}]},{\"@type\":\"WebPage\",\"@id\":\"https:\/\/volcanes.net\/?p=8048\",\"url\":\"https:\/\/volcanes.net\/?p=8048\",\"name\":\"Realizan en Amecameca operativo intermunicipal para la prevenci\u00f3n del delito - Volcanes\",\"isPartOf\":{\"@id\":\"https:\/\/volcanes.net\/#website\"},\"primaryImageOfPage\":{\"@id\":\"https:\/\/volcanes.net\/?p=8048#primaryimage\"},\"image\":{\"@id\":\"https:\/\/volcanes.net\/?p=8048#primaryimage\"},\"thumbnailUrl\":\"https:\/\/volcanes.net\/wp-content\/uploads\/2020\/08\/IMG-20200824-WA0018.jpg\",\"datePublished\":\"2020-08-25T02:28:39+00:00\",\"breadcrumb\":{\"@id\":\"https:\/\/volcanes.net\/?p=8048#breadcrumb\"},\"inLanguage\":\"es\",\"potentialAction\":[{\"@type\":\"ReadAction\",\"target\":[\"https:\/\/volcanes.net\/?p=8048\"]}]},{\"@type\":\"ImageObject\",\"inLanguage\":\"es\",\"@id\":\"https:\/\/volcanes.net\/?p=8048#primaryimage\",\"url\":\"https:\/\/volcanes.net\/wp-content\/uploads\/2020\/08\/IMG-20200824-WA0018.jpg\",\"contentUrl\":\"https:\/\/volcanes.net\/wp-content\/uploads\/2020\/08\/IMG-20200824-WA0018.jpg\",\"width\":1105,\"height\":619},{\"@type\":\"BreadcrumbList\",\"@id\":\"https:\/\/volcanes.net\/?p=8048#breadcrumb\",\"itemListElement\":[{\"@type\":\"ListItem\",\"position\":1,\"name\":\"Portada\",\"item\":\"https:\/\/volcanes.net\/\"},{\"@type\":\"ListItem\",\"position\":2,\"name\":\"Realizan en Amecameca operativo intermunicipal para la prevenci\u00f3n del delito\"}]},{\"@type\":\"WebSite\",\"@id\":\"https:\/\/volcanes.net\/#website\",\"url\":\"https:\/\/volcanes.net\/\",\"name\":\"Volcanes.Net\",\"description\":\"Periodismo Profesional\",\"publisher\":{\"@id\":\"https:\/\/volcanes.net\/#organization\"},\"potentialAction\":[{\"@type\":\"SearchAction\",\"target\":{\"@type\":\"EntryPoint\",\"urlTemplate\":\"https:\/\/volcanes.net\/?s={search_term_string}\"},\"query-input\":{\"@type\":\"PropertyValueSpecification\",\"valueRequired\":true,\"valueName\":\"search_term_string\"}}],\"inLanguage\":\"es\"},{\"@type\":\"Organization\",\"@id\":\"https:\/\/volcanes.net\/#organization\",\"name\":\"Grupo Volcanes\",\"url\":\"https:\/\/volcanes.net\/\",\"logo\":{\"@type\":\"ImageObject\",\"inLanguage\":\"es\",\"@id\":\"https:\/\/volcanes.net\/#\/schema\/logo\/image\/\",\"url\":\"http:\/\/volcanes.net\/wp-content\/uploads\/2017\/12\/Avatar2.jpg\",\"contentUrl\":\"http:\/\/volcanes.net\/wp-content\/uploads\/2017\/12\/Avatar2.jpg\",\"width\":378,\"height\":378,\"caption\":\"Grupo Volcanes\"},\"image\":{\"@id\":\"https:\/\/volcanes.net\/#\/schema\/logo\/image\/\"},\"sameAs\":[\"https:\/\/www.facebook.com\/volcanes.net\/\"]},{\"@type\":\"Person\",\"@id\":\"https:\/\/volcanes.net\/#\/schema\/person\/4bf0f383940966a4abd53f5048c0e6b9\",\"name\":\"admin\",\"image\":{\"@type\":\"ImageObject\",\"inLanguage\":\"es\",\"@id\":\"https:\/\/volcanes.net\/#\/schema\/person\/image\/\",\"url\":\"https:\/\/secure.gravatar.com\/avatar\/ca004e6cba8462b8cb7abc86e382930c?s=96&d=mm&r=g\",\"contentUrl\":\"https:\/\/secure.gravatar.com\/avatar\/ca004e6cba8462b8cb7abc86e382930c?s=96&d=mm&r=g\",\"caption\":\"admin\"}}]}<\/script>\n<!-- \/ Yoast SEO plugin. -->","yoast_head_json":{"title":"Realizan en Amecameca operativo intermunicipal para la prevenci\u00f3n del delito - Volcanes","robots":{"index":"index","follow":"follow","max-snippet":"max-snippet:-1","max-image-preview":"max-image-preview:large","max-video-preview":"max-video-preview:-1"},"canonical":"https:\/\/volcanes.net\/?p=8048","og_locale":"es_MX","og_type":"article","og_title":"Realizan en Amecameca operativo intermunicipal para la prevenci\u00f3n del delito - Volcanes","og_description":"Amecameca de Ju\u00e1rez, Estado de M\u00e9xico.- Gracias a la coordinaci\u00f3n de las Direcciones de Seguridad","og_url":"https:\/\/volcanes.net\/?p=8048","og_site_name":"Volcanes","article_publisher":"https:\/\/www.facebook.com\/volcanes.net\/","article_published_time":"2020-08-25T02:28:39+00:00","og_image":[{"width":1105,"height":619,"url":"https:\/\/volcanes.net\/wp-content\/uploads\/2020\/08\/IMG-20200824-WA0018.jpg","type":"image\/jpeg"}],"author":"admin","twitter_card":"summary_large_image","twitter_misc":{"Escrito por":"admin","Tiempo de lectura":"1 minuto"},"schema":{"@context":"https:\/\/schema.org","@graph":[{"@type":"Article","@id":"https:\/\/volcanes.net\/?p=8048#article","isPartOf":{"@id":"https:\/\/volcanes.net\/?p=8048"},"author":{"name":"admin","@id":"https:\/\/volcanes.net\/#\/schema\/person\/4bf0f383940966a4abd53f5048c0e6b9"},"headline":"Realizan en Amecameca operativo intermunicipal para la prevenci\u00f3n del delito","datePublished":"2020-08-25T02:28:39+00:00","mainEntityOfPage":{"@id":"https:\/\/volcanes.net\/?p=8048"},"wordCount":242,"commentCount":0,"publisher":{"@id":"https:\/\/volcanes.net\/#organization"},"image":{"@id":"https:\/\/volcanes.net\/?p=8048#primaryimage"},"thumbnailUrl":"https:\/\/volcanes.net\/wp-content\/uploads\/2020\/08\/IMG-20200824-WA0018.jpg","keywords":["Amecameca"],"articleSection":["Municipales"],"inLanguage":"es","potentialAction":[{"@type":"CommentAction","name":"Comment","target":["https:\/\/volcanes.net\/?p=8048#respond"]}]},{"@type":"WebPage","@id":"https:\/\/volcanes.net\/?p=8048","url":"https:\/\/volcanes.net\/?p=8048","name":"Realizan en Amecameca operativo intermunicipal para la prevenci\u00f3n del delito - Volcanes","isPartOf":{"@id":"https:\/\/volcanes.net\/#website"},"primaryImageOfPage":{"@id":"https:\/\/volcanes.net\/?p=8048#primaryimage"},"image":{"@id":"https:\/\/volcanes.net\/?p=8048#primaryimage"},"thumbnailUrl":"https:\/\/volcanes.net\/wp-content\/uploads\/2020\/08\/IMG-20200824-WA0018.jpg","datePublished":"2020-08-25T02:28:39+00:00","breadcrumb":{"@id":"https:\/\/volcanes.net\/?p=8048#breadcrumb"},"inLanguage":"es","potentialAction":[{"@type":"ReadAction","target":["https:\/\/volcanes.net\/?p=8048"]}]},{"@type":"ImageObject","inLanguage":"es","@id":"https:\/\/volcanes.net\/?p=8048#primaryimage","url":"https:\/\/volcanes.net\/wp-content\/uploads\/2020\/08\/IMG-20200824-WA0018.jpg","contentUrl":"https:\/\/volcanes.net\/wp-content\/uploads\/2020\/08\/IMG-20200824-WA0018.jpg","width":1105,"height":619},{"@type":"BreadcrumbList","@id":"https:\/\/volcanes.net\/?p=8048#breadcrumb","itemListElement":[{"@type":"ListItem","position":1,"name":"Portada","item":"https:\/\/volcanes.net\/"},{"@type":"ListItem","position":2,"name":"Realizan en Amecameca operativo intermunicipal para la prevenci\u00f3n del delito"}]},{"@type":"WebSite","@id":"https:\/\/volcanes.net\/#website","url":"https:\/\/volcanes.net\/","name":"Volcanes.Net","description":"Periodismo Profesional","publisher":{"@id":"https:\/\/volcanes.net\/#organization"},"potentialAction":[{"@type":"SearchAction","target":{"@type":"EntryPoint","urlTemplate":"https:\/\/volcanes.net\/?s={search_term_string}"},"query-input":{"@type":"PropertyValueSpecification","valueRequired":true,"valueName":"search_term_string"}}],"inLanguage":"es"},{"@type":"Organization","@id":"https:\/\/volcanes.net\/#organization","name":"Grupo Volcanes","url":"https:\/\/volcanes.net\/","logo":{"@type":"ImageObject","inLanguage":"es","@id":"https:\/\/volcanes.net\/#\/schema\/logo\/image\/","url":"http:\/\/volcanes.net\/wp-content\/uploads\/2017\/12\/Avatar2.jpg","contentUrl":"http:\/\/volcanes.net\/wp-content\/uploads\/2017\/12\/Avatar2.jpg","width":378,"height":378,"caption":"Grupo Volcanes"},"image":{"@id":"https:\/\/volcanes.net\/#\/schema\/logo\/image\/"},"sameAs":["https:\/\/www.facebook.com\/volcanes.net\/"]},{"@type":"Person","@id":"https:\/\/volcanes.net\/#\/schema\/person\/4bf0f383940966a4abd53f5048c0e6b9","name":"admin","image":{"@type":"ImageObject","inLanguage":"es","@id":"https:\/\/volcanes.net\/#\/schema\/person\/image\/","url":"https:\/\/secure.gravatar.com\/avatar\/ca004e6cba8462b8cb7abc86e382930c?s=96&d=mm&r=g","contentUrl":"https:\/\/secure.gravatar.com\/avatar\/ca004e6cba8462b8cb7abc86e382930c?s=96&d=mm&r=g","caption":"admin"}}]}},"_links":{"self":[{"href":"https:\/\/volcanes.net\/index.php?rest_route=\/wp\/v2\/posts\/8048"}],"collection":[{"href":"https:\/\/volcanes.net\/index.php?rest_route=\/wp\/v2\/posts"}],"about":[{"href":"https:\/\/volcanes.net\/index.php?rest_route=\/wp\/v2\/types\/post"}],"author":[{"embeddable":true,"href":"https:\/\/volcanes.net\/index.php?rest_route=\/wp\/v2\/users\/1"}],"replies":[{"embeddable":true,"href":"https:\/\/volcanes.net\/index.php?rest_route=%2Fwp%2Fv2%2Fcomments&post=8048"}],"version-history":[{"count":1,"href":"https:\/\/volcanes.net\/index.php?rest_route=\/wp\/v2\/posts\/8048\/revisions"}],"predecessor-version":[{"id":8050,"href":"https:\/\/volcanes.net\/index.php?rest_route=\/wp\/v2\/posts\/8048\/revisions\/8050"}],"wp:featuredmedia":[{"embeddable":true,"href":"https:\/\/volcanes.net\/index.php?rest_route=\/wp\/v2\/media\/8049"}],"wp:attachment":[{"href":"https:\/\/volcanes.net\/index.php?rest_route=%2Fwp%2Fv2%2Fmedia&parent=8048"}],"wp:term":[{"taxonomy":"category","embeddable":true,"href":"https:\/\/volcanes.net\/index.php?rest_route=%2Fwp%2Fv2%2Fcategories&post=8048"},{"taxonomy":"post_tag","embeddable":true,"href":"https:\/\/volcanes.net\/index.php?rest_route=%2Fwp%2Fv2%2Ftags&post=8048"}],"curies":[{"name":"wp","href":"https:\/\/api.w.org\/{rel}","templated":true}]}}