{"id":8057,"date":"2020-08-25T12:39:45","date_gmt":"2020-08-25T18:39:45","guid":{"rendered":"http:\/\/volcanes.net\/?p=8057"},"modified":"2020-08-25T12:39:45","modified_gmt":"2020-08-25T18:39:45","slug":"tenango-del-aire-conmemora-el-dia-naranja-con-un-concurso-de-preguntas-igualdad-de-genero","status":"publish","type":"post","link":"https:\/\/volcanes.net\/?p=8057","title":{"rendered":"Tenango del Aire conmemora el D\u00eda Naranja con un concurso de preguntas &#8220;Igualdad de G\u00e9nero&#8221;"},"content":{"rendered":"<div style=\"margin-top: 0px; margin-bottom: 0px;\" class=\"sharethis-inline-share-buttons\" ><\/div><p>Natalia Hern\u00e1ndez | Volcanes Multimedios.<\/p>\n<p>Tenango del Aire, Estado de M\u00e9xico.- En el marco conmemorativo del D\u00eda Naranja, la ma\u00f1ana de este martes 25 de agosto en este municipio mexiquense que preside el Arquitecto Roberto \u00c1vila Ventura, se llevo a cabo el concurso de preguntas sobre &#8220;Igual de g\u00e9nero&#8221; en el que estuvo presente la Presidenta del sistema DIF Johana Fern\u00e1ndez S\u00e1nchez as\u00ed como los regidores y regidoras y coordinadoras del Instituto de la Mujer de toda la Zona de los Volcanes, evento el cual se trasmiti\u00f3 por medio de la p\u00e1gina oficial de municipio as\u00ed como del perfil Imjuve Tenango del Aire.<\/p>\n<p>Ante ello el edil, pidi\u00f3 a que este como todos los d\u00edas y cada 25 de cada mes que se conmemora el D\u00eda Naranja se haga conciencia verdaderamente ardua ya que este d\u00eda representa la no violencia contra las mujeres, ya que los valores vienen desde la ra\u00edz que son padre y madre y son quienes inculcan los valores y dentro del n\u00facleo familiar se debe de comenzar por erradicar la violencia principalmente contra las mujeres.<\/p>\n<p>Por otra parte, en entrevista para este medio Mar\u00eda de Guadalupe Hern\u00e1ndez Miguel\u00a0 coordinadora del Instituto de Atenci\u00f3n a la Mujer de Tenango del Aire\u00a0 nos platica sobre la actividad que se llevo a cabo,&#8221;en esta ocasi\u00f3n se realizo un concurso en base de temas de g\u00e9nero donde se trataron los temas de -Nuevas masculinidades, violencia de genero, diversidad sexual y feminicidios.&#8221;<\/p>\n<p>Cabe mencionar que para que se realiza este evento, anteriormente se hizo una convocatoria dirigida al p\u00fablico en general con el fin de concientizar a los pobladores en erradicar la violencia de genero, cabe recordar que en los \u00faltimos a\u00f1os este factor a registrado un incremento principalmente en el territorio mexiquense en donde mujeres de cualquier edad se encuentran inmersas ante la violencia y en ocasiones esta suele terminar en feminicidio, por lo que es de suma importancia inculcar entre la poblaci\u00f3n orientaci\u00f3n para erradicar la violencia de genero.<\/p>\n<p>Por ello, el\u00a0\u00a0 Instituto de Atenci\u00f3n a la Mujer ofrece asesor\u00edas jur\u00eddicas las cuales son completamente gratuitas as\u00ed como canalizaci\u00f3n en el Ministerio P\u00fablico a la Fiscal\u00eda de Genero, capacitaciones, talleres entre otros.<\/p>\n","protected":false},"excerpt":{"rendered":"<p>Natalia Hern\u00e1ndez | Volcanes Multimedios. Tenango del Aire, Estado de M\u00e9xico.- En el marco conmemorativo<\/p>\n","protected":false},"author":1,"featured_media":8058,"comment_status":"open","ping_status":"open","sticky":false,"template":"","format":"standard","meta":{"footnotes":""},"categories":[1],"tags":[17],"class_list":["post-8057","post","type-post","status-publish","format-standard","has-post-thumbnail","hentry","category-municipales","tag-tenango-del-aire"],"yoast_head":"<!-- This site is optimized with the Yoast SEO plugin v25.3 - https:\/\/yoast.com\/wordpress\/plugins\/seo\/ -->\n<title>Tenango del Aire conmemora el D\u00eda Naranja con un concurso de preguntas &quot;Igualdad de G\u00e9nero&quot; - Volcanes<\/title>\n<meta name=\"robots\" content=\"index, follow, max-snippet:-1, max-image-preview:large, max-video-preview:-1\" \/>\n<link rel=\"canonical\" href=\"https:\/\/volcanes.net\/?p=8057\" \/>\n<meta property=\"og:locale\" content=\"es_MX\" \/>\n<meta property=\"og:type\" content=\"article\" \/>\n<meta property=\"og:title\" content=\"Tenango del Aire conmemora el D\u00eda Naranja con un concurso de preguntas &quot;Igualdad de G\u00e9nero&quot; - Volcanes\" \/>\n<meta property=\"og:description\" content=\"Natalia Hern\u00e1ndez | Volcanes Multimedios. Tenango del Aire, Estado de M\u00e9xico.- En el marco conmemorativo\" \/>\n<meta property=\"og:url\" content=\"https:\/\/volcanes.net\/?p=8057\" \/>\n<meta property=\"og:site_name\" content=\"Volcanes\" \/>\n<meta property=\"article:publisher\" content=\"https:\/\/www.facebook.com\/volcanes.net\/\" \/>\n<meta property=\"article:published_time\" content=\"2020-08-25T18:39:45+00:00\" \/>\n<meta property=\"og:image\" content=\"https:\/\/volcanes.net\/wp-content\/uploads\/2020\/08\/118363120_3216250188460939_6718780399695237705_o.jpg\" \/>\n\t<meta property=\"og:image:width\" content=\"1440\" \/>\n\t<meta property=\"og:image:height\" content=\"1080\" \/>\n\t<meta property=\"og:image:type\" content=\"image\/jpeg\" \/>\n<meta name=\"author\" content=\"admin\" \/>\n<meta name=\"twitter:card\" content=\"summary_large_image\" \/>\n<meta name=\"twitter:label1\" content=\"Escrito por\" \/>\n\t<meta name=\"twitter:data1\" content=\"admin\" \/>\n\t<meta name=\"twitter:label2\" content=\"Tiempo de lectura\" \/>\n\t<meta name=\"twitter:data2\" content=\"2 minutos\" \/>\n<script type=\"application\/ld+json\" class=\"yoast-schema-graph\">{\"@context\":\"https:\/\/schema.org\",\"@graph\":[{\"@type\":\"Article\",\"@id\":\"https:\/\/volcanes.net\/?p=8057#article\",\"isPartOf\":{\"@id\":\"https:\/\/volcanes.net\/?p=8057\"},\"author\":{\"name\":\"admin\",\"@id\":\"https:\/\/volcanes.net\/#\/schema\/person\/4bf0f383940966a4abd53f5048c0e6b9\"},\"headline\":\"Tenango del Aire conmemora el D\u00eda Naranja con un concurso de preguntas &#8220;Igualdad de G\u00e9nero&#8221;\",\"datePublished\":\"2020-08-25T18:39:45+00:00\",\"mainEntityOfPage\":{\"@id\":\"https:\/\/volcanes.net\/?p=8057\"},\"wordCount\":407,\"commentCount\":0,\"publisher\":{\"@id\":\"https:\/\/volcanes.net\/#organization\"},\"image\":{\"@id\":\"https:\/\/volcanes.net\/?p=8057#primaryimage\"},\"thumbnailUrl\":\"https:\/\/volcanes.net\/wp-content\/uploads\/2020\/08\/118363120_3216250188460939_6718780399695237705_o.jpg\",\"keywords\":[\"Tenango del Aire\"],\"articleSection\":[\"Municipales\"],\"inLanguage\":\"es\",\"potentialAction\":[{\"@type\":\"CommentAction\",\"name\":\"Comment\",\"target\":[\"https:\/\/volcanes.net\/?p=8057#respond\"]}]},{\"@type\":\"WebPage\",\"@id\":\"https:\/\/volcanes.net\/?p=8057\",\"url\":\"https:\/\/volcanes.net\/?p=8057\",\"name\":\"Tenango del Aire conmemora el D\u00eda Naranja con un concurso de preguntas \\\"Igualdad de G\u00e9nero\\\" - Volcanes\",\"isPartOf\":{\"@id\":\"https:\/\/volcanes.net\/#website\"},\"primaryImageOfPage\":{\"@id\":\"https:\/\/volcanes.net\/?p=8057#primaryimage\"},\"image\":{\"@id\":\"https:\/\/volcanes.net\/?p=8057#primaryimage\"},\"thumbnailUrl\":\"https:\/\/volcanes.net\/wp-content\/uploads\/2020\/08\/118363120_3216250188460939_6718780399695237705_o.jpg\",\"datePublished\":\"2020-08-25T18:39:45+00:00\",\"breadcrumb\":{\"@id\":\"https:\/\/volcanes.net\/?p=8057#breadcrumb\"},\"inLanguage\":\"es\",\"potentialAction\":[{\"@type\":\"ReadAction\",\"target\":[\"https:\/\/volcanes.net\/?p=8057\"]}]},{\"@type\":\"ImageObject\",\"inLanguage\":\"es\",\"@id\":\"https:\/\/volcanes.net\/?p=8057#primaryimage\",\"url\":\"https:\/\/volcanes.net\/wp-content\/uploads\/2020\/08\/118363120_3216250188460939_6718780399695237705_o.jpg\",\"contentUrl\":\"https:\/\/volcanes.net\/wp-content\/uploads\/2020\/08\/118363120_3216250188460939_6718780399695237705_o.jpg\",\"width\":1440,\"height\":1080},{\"@type\":\"BreadcrumbList\",\"@id\":\"https:\/\/volcanes.net\/?p=8057#breadcrumb\",\"itemListElement\":[{\"@type\":\"ListItem\",\"position\":1,\"name\":\"Portada\",\"item\":\"https:\/\/volcanes.net\/\"},{\"@type\":\"ListItem\",\"position\":2,\"name\":\"Tenango del Aire conmemora el D\u00eda Naranja con un concurso de preguntas &#8220;Igualdad de G\u00e9nero&#8221;\"}]},{\"@type\":\"WebSite\",\"@id\":\"https:\/\/volcanes.net\/#website\",\"url\":\"https:\/\/volcanes.net\/\",\"name\":\"Volcanes.Net\",\"description\":\"Periodismo Profesional\",\"publisher\":{\"@id\":\"https:\/\/volcanes.net\/#organization\"},\"potentialAction\":[{\"@type\":\"SearchAction\",\"target\":{\"@type\":\"EntryPoint\",\"urlTemplate\":\"https:\/\/volcanes.net\/?s={search_term_string}\"},\"query-input\":{\"@type\":\"PropertyValueSpecification\",\"valueRequired\":true,\"valueName\":\"search_term_string\"}}],\"inLanguage\":\"es\"},{\"@type\":\"Organization\",\"@id\":\"https:\/\/volcanes.net\/#organization\",\"name\":\"Grupo Volcanes\",\"url\":\"https:\/\/volcanes.net\/\",\"logo\":{\"@type\":\"ImageObject\",\"inLanguage\":\"es\",\"@id\":\"https:\/\/volcanes.net\/#\/schema\/logo\/image\/\",\"url\":\"http:\/\/volcanes.net\/wp-content\/uploads\/2017\/12\/Avatar2.jpg\",\"contentUrl\":\"http:\/\/volcanes.net\/wp-content\/uploads\/2017\/12\/Avatar2.jpg\",\"width\":378,\"height\":378,\"caption\":\"Grupo Volcanes\"},\"image\":{\"@id\":\"https:\/\/volcanes.net\/#\/schema\/logo\/image\/\"},\"sameAs\":[\"https:\/\/www.facebook.com\/volcanes.net\/\"]},{\"@type\":\"Person\",\"@id\":\"https:\/\/volcanes.net\/#\/schema\/person\/4bf0f383940966a4abd53f5048c0e6b9\",\"name\":\"admin\",\"image\":{\"@type\":\"ImageObject\",\"inLanguage\":\"es\",\"@id\":\"https:\/\/volcanes.net\/#\/schema\/person\/image\/\",\"url\":\"https:\/\/secure.gravatar.com\/avatar\/ca004e6cba8462b8cb7abc86e382930c?s=96&d=mm&r=g\",\"contentUrl\":\"https:\/\/secure.gravatar.com\/avatar\/ca004e6cba8462b8cb7abc86e382930c?s=96&d=mm&r=g\",\"caption\":\"admin\"}}]}<\/script>\n<!-- \/ Yoast SEO plugin. -->","yoast_head_json":{"title":"Tenango del Aire conmemora el D\u00eda Naranja con un concurso de preguntas \"Igualdad de G\u00e9nero\" - Volcanes","robots":{"index":"index","follow":"follow","max-snippet":"max-snippet:-1","max-image-preview":"max-image-preview:large","max-video-preview":"max-video-preview:-1"},"canonical":"https:\/\/volcanes.net\/?p=8057","og_locale":"es_MX","og_type":"article","og_title":"Tenango del Aire conmemora el D\u00eda Naranja con un concurso de preguntas \"Igualdad de G\u00e9nero\" - Volcanes","og_description":"Natalia Hern\u00e1ndez | Volcanes Multimedios. Tenango del Aire, Estado de M\u00e9xico.- En el marco conmemorativo","og_url":"https:\/\/volcanes.net\/?p=8057","og_site_name":"Volcanes","article_publisher":"https:\/\/www.facebook.com\/volcanes.net\/","article_published_time":"2020-08-25T18:39:45+00:00","og_image":[{"width":1440,"height":1080,"url":"https:\/\/volcanes.net\/wp-content\/uploads\/2020\/08\/118363120_3216250188460939_6718780399695237705_o.jpg","type":"image\/jpeg"}],"author":"admin","twitter_card":"summary_large_image","twitter_misc":{"Escrito por":"admin","Tiempo de lectura":"2 minutos"},"schema":{"@context":"https:\/\/schema.org","@graph":[{"@type":"Article","@id":"https:\/\/volcanes.net\/?p=8057#article","isPartOf":{"@id":"https:\/\/volcanes.net\/?p=8057"},"author":{"name":"admin","@id":"https:\/\/volcanes.net\/#\/schema\/person\/4bf0f383940966a4abd53f5048c0e6b9"},"headline":"Tenango del Aire conmemora el D\u00eda Naranja con un concurso de preguntas &#8220;Igualdad de G\u00e9nero&#8221;","datePublished":"2020-08-25T18:39:45+00:00","mainEntityOfPage":{"@id":"https:\/\/volcanes.net\/?p=8057"},"wordCount":407,"commentCount":0,"publisher":{"@id":"https:\/\/volcanes.net\/#organization"},"image":{"@id":"https:\/\/volcanes.net\/?p=8057#primaryimage"},"thumbnailUrl":"https:\/\/volcanes.net\/wp-content\/uploads\/2020\/08\/118363120_3216250188460939_6718780399695237705_o.jpg","keywords":["Tenango del Aire"],"articleSection":["Municipales"],"inLanguage":"es","potentialAction":[{"@type":"CommentAction","name":"Comment","target":["https:\/\/volcanes.net\/?p=8057#respond"]}]},{"@type":"WebPage","@id":"https:\/\/volcanes.net\/?p=8057","url":"https:\/\/volcanes.net\/?p=8057","name":"Tenango del Aire conmemora el D\u00eda Naranja con un concurso de preguntas \"Igualdad de G\u00e9nero\" - Volcanes","isPartOf":{"@id":"https:\/\/volcanes.net\/#website"},"primaryImageOfPage":{"@id":"https:\/\/volcanes.net\/?p=8057#primaryimage"},"image":{"@id":"https:\/\/volcanes.net\/?p=8057#primaryimage"},"thumbnailUrl":"https:\/\/volcanes.net\/wp-content\/uploads\/2020\/08\/118363120_3216250188460939_6718780399695237705_o.jpg","datePublished":"2020-08-25T18:39:45+00:00","breadcrumb":{"@id":"https:\/\/volcanes.net\/?p=8057#breadcrumb"},"inLanguage":"es","potentialAction":[{"@type":"ReadAction","target":["https:\/\/volcanes.net\/?p=8057"]}]},{"@type":"ImageObject","inLanguage":"es","@id":"https:\/\/volcanes.net\/?p=8057#primaryimage","url":"https:\/\/volcanes.net\/wp-content\/uploads\/2020\/08\/118363120_3216250188460939_6718780399695237705_o.jpg","contentUrl":"https:\/\/volcanes.net\/wp-content\/uploads\/2020\/08\/118363120_3216250188460939_6718780399695237705_o.jpg","width":1440,"height":1080},{"@type":"BreadcrumbList","@id":"https:\/\/volcanes.net\/?p=8057#breadcrumb","itemListElement":[{"@type":"ListItem","position":1,"name":"Portada","item":"https:\/\/volcanes.net\/"},{"@type":"ListItem","position":2,"name":"Tenango del Aire conmemora el D\u00eda Naranja con un concurso de preguntas &#8220;Igualdad de G\u00e9nero&#8221;"}]},{"@type":"WebSite","@id":"https:\/\/volcanes.net\/#website","url":"https:\/\/volcanes.net\/","name":"Volcanes.Net","description":"Periodismo Profesional","publisher":{"@id":"https:\/\/volcanes.net\/#organization"},"potentialAction":[{"@type":"SearchAction","target":{"@type":"EntryPoint","urlTemplate":"https:\/\/volcanes.net\/?s={search_term_string}"},"query-input":{"@type":"PropertyValueSpecification","valueRequired":true,"valueName":"search_term_string"}}],"inLanguage":"es"},{"@type":"Organization","@id":"https:\/\/volcanes.net\/#organization","name":"Grupo Volcanes","url":"https:\/\/volcanes.net\/","logo":{"@type":"ImageObject","inLanguage":"es","@id":"https:\/\/volcanes.net\/#\/schema\/logo\/image\/","url":"http:\/\/volcanes.net\/wp-content\/uploads\/2017\/12\/Avatar2.jpg","contentUrl":"http:\/\/volcanes.net\/wp-content\/uploads\/2017\/12\/Avatar2.jpg","width":378,"height":378,"caption":"Grupo Volcanes"},"image":{"@id":"https:\/\/volcanes.net\/#\/schema\/logo\/image\/"},"sameAs":["https:\/\/www.facebook.com\/volcanes.net\/"]},{"@type":"Person","@id":"https:\/\/volcanes.net\/#\/schema\/person\/4bf0f383940966a4abd53f5048c0e6b9","name":"admin","image":{"@type":"ImageObject","inLanguage":"es","@id":"https:\/\/volcanes.net\/#\/schema\/person\/image\/","url":"https:\/\/secure.gravatar.com\/avatar\/ca004e6cba8462b8cb7abc86e382930c?s=96&d=mm&r=g","contentUrl":"https:\/\/secure.gravatar.com\/avatar\/ca004e6cba8462b8cb7abc86e382930c?s=96&d=mm&r=g","caption":"admin"}}]}},"_links":{"self":[{"href":"https:\/\/volcanes.net\/index.php?rest_route=\/wp\/v2\/posts\/8057"}],"collection":[{"href":"https:\/\/volcanes.net\/index.php?rest_route=\/wp\/v2\/posts"}],"about":[{"href":"https:\/\/volcanes.net\/index.php?rest_route=\/wp\/v2\/types\/post"}],"author":[{"embeddable":true,"href":"https:\/\/volcanes.net\/index.php?rest_route=\/wp\/v2\/users\/1"}],"replies":[{"embeddable":true,"href":"https:\/\/volcanes.net\/index.php?rest_route=%2Fwp%2Fv2%2Fcomments&post=8057"}],"version-history":[{"count":1,"href":"https:\/\/volcanes.net\/index.php?rest_route=\/wp\/v2\/posts\/8057\/revisions"}],"predecessor-version":[{"id":8059,"href":"https:\/\/volcanes.net\/index.php?rest_route=\/wp\/v2\/posts\/8057\/revisions\/8059"}],"wp:featuredmedia":[{"embeddable":true,"href":"https:\/\/volcanes.net\/index.php?rest_route=\/wp\/v2\/media\/8058"}],"wp:attachment":[{"href":"https:\/\/volcanes.net\/index.php?rest_route=%2Fwp%2Fv2%2Fmedia&parent=8057"}],"wp:term":[{"taxonomy":"category","embeddable":true,"href":"https:\/\/volcanes.net\/index.php?rest_route=%2Fwp%2Fv2%2Fcategories&post=8057"},{"taxonomy":"post_tag","embeddable":true,"href":"https:\/\/volcanes.net\/index.php?rest_route=%2Fwp%2Fv2%2Ftags&post=8057"}],"curies":[{"name":"wp","href":"https:\/\/api.w.org\/{rel}","templated":true}]}}