{"id":8121,"date":"2020-08-29T08:50:43","date_gmt":"2020-08-29T14:50:43","guid":{"rendered":"http:\/\/volcanes.net\/?p=8121"},"modified":"2020-08-29T08:50:43","modified_gmt":"2020-08-29T14:50:43","slug":"el-consejo-municipal-de-la-mujer-del-gobierno-de-chalco-suma-a-instituciones-para-combatir-la-violencia-de-genero","status":"publish","type":"post","link":"https:\/\/volcanes.net\/?p=8121","title":{"rendered":"El Consejo Municipal de la Mujer del Gobierno de Chalco suma a Instituciones para combatir la Violencia de G\u00e9nero"},"content":{"rendered":"<div style=\"margin-top: 0px; margin-bottom: 0px;\" class=\"sharethis-inline-share-buttons\" ><\/div><p>Chalco,Estado de M\u00e9xico.-Como parte de la Campa\u00f1a Permanente contra la violencia hacia la Mujer denominada; &#8220;En Chalco Caminemos Sin Violencia&#8230;Hagamos Conciencia&#8221;; el Consejo Municipal de la Mujer del Gobierno de Chalco, logr\u00f3 un convenio con LICONSA para la realizaci\u00f3n de 35 murales art\u00edsticos que estar\u00e1n expuestos en las fachadas de las lecher\u00edas de los pueblos, barrios, colonias y unidades habitacionales del municipio. Con este proyecto interinstitucional, se busca convertir los puntos de distribuci\u00f3n de leche en sitios de transmisi\u00f3n del mensaje en contra de la violencia de g\u00e9nero, y la invitacion a que las mujeres ejerzan su derecho a vivir libres de violencia.<\/p>\n<p>La titular del Consejo Municipal de la Mujer asegur\u00f3 que las acciones para detener la violencia en contra de las mujeres contin\u00faan durante la contingencia por Covid-19, ya que de manera permanente se ofrece atencion de manera presencial as\u00ed como virtual y telef\u00f3nica; de los servicios de Atenci\u00f3n Psicol\u00f3gica, Contenci\u00f3n Emocional, Asesor\u00eda Jur\u00eddica Personalizada, canalizaci\u00f3n a los refugios temporales para Mujeres, acompa\u00f1amiento a usuarias al Centro de Justicia para Mujeres en Amecameca y la realizaci\u00f3n de talleres Productivos.<\/p>\n<p>Por su parte, el gerente metropolitano de LICONSA, Aldo Pav\u00f3n manifest\u00f3 que para fortalecer esta iniciativa en pro de las mujeres tambi\u00e9n se mejorar\u00e1 el entorno en donde se encuentran las lecher\u00edas, para difundir un mensaje de paz entre las m\u00e1s de 35 mil familias que acuden a los expendios diariamente, en quienes se buscar\u00e1 crear conciencia acerca de la violencia de g\u00e9nero.<\/p>\n<p>Con este esfuerzo, el Gobierno de Chalco impulsa la construcci\u00f3n de una sociedad en la que se trabaje todos los dias desde distintas trincheras, y con distintas acciones: el problema estructural de la violencia contra las mujeres.<\/p>\n","protected":false},"excerpt":{"rendered":"<p>Chalco,Estado de M\u00e9xico.-Como parte de la Campa\u00f1a Permanente contra la violencia hacia la Mujer denominada;<\/p>\n","protected":false},"author":1,"featured_media":8122,"comment_status":"open","ping_status":"open","sticky":false,"template":"","format":"standard","meta":{"footnotes":""},"categories":[1],"tags":[9],"class_list":["post-8121","post","type-post","status-publish","format-standard","has-post-thumbnail","hentry","category-municipales","tag-chalco"],"yoast_head":"<!-- This site is optimized with the Yoast SEO plugin v25.3 - https:\/\/yoast.com\/wordpress\/plugins\/seo\/ -->\n<title>El Consejo Municipal de la Mujer del Gobierno de Chalco suma a Instituciones para combatir la Violencia de G\u00e9nero - Volcanes<\/title>\n<meta name=\"robots\" content=\"index, follow, max-snippet:-1, max-image-preview:large, max-video-preview:-1\" \/>\n<link rel=\"canonical\" href=\"https:\/\/volcanes.net\/?p=8121\" \/>\n<meta property=\"og:locale\" content=\"es_MX\" \/>\n<meta property=\"og:type\" content=\"article\" \/>\n<meta property=\"og:title\" content=\"El Consejo Municipal de la Mujer del Gobierno de Chalco suma a Instituciones para combatir la Violencia de G\u00e9nero - Volcanes\" \/>\n<meta property=\"og:description\" content=\"Chalco,Estado de M\u00e9xico.-Como parte de la Campa\u00f1a Permanente contra la violencia hacia la Mujer denominada;\" \/>\n<meta property=\"og:url\" content=\"https:\/\/volcanes.net\/?p=8121\" \/>\n<meta property=\"og:site_name\" content=\"Volcanes\" \/>\n<meta property=\"article:publisher\" content=\"https:\/\/www.facebook.com\/volcanes.net\/\" \/>\n<meta property=\"article:published_time\" content=\"2020-08-29T14:50:43+00:00\" \/>\n<meta property=\"og:image\" content=\"https:\/\/volcanes.net\/wp-content\/uploads\/2020\/08\/IMG-20200829-WA0000.jpg\" \/>\n\t<meta property=\"og:image:width\" content=\"1140\" \/>\n\t<meta property=\"og:image:height\" content=\"760\" \/>\n\t<meta property=\"og:image:type\" content=\"image\/jpeg\" \/>\n<meta name=\"author\" content=\"admin\" \/>\n<meta name=\"twitter:card\" content=\"summary_large_image\" \/>\n<meta name=\"twitter:label1\" content=\"Escrito por\" \/>\n\t<meta name=\"twitter:data1\" content=\"admin\" \/>\n\t<meta name=\"twitter:label2\" content=\"Tiempo de lectura\" \/>\n\t<meta name=\"twitter:data2\" content=\"2 minutos\" \/>\n<script type=\"application\/ld+json\" class=\"yoast-schema-graph\">{\"@context\":\"https:\/\/schema.org\",\"@graph\":[{\"@type\":\"Article\",\"@id\":\"https:\/\/volcanes.net\/?p=8121#article\",\"isPartOf\":{\"@id\":\"https:\/\/volcanes.net\/?p=8121\"},\"author\":{\"name\":\"admin\",\"@id\":\"https:\/\/volcanes.net\/#\/schema\/person\/4bf0f383940966a4abd53f5048c0e6b9\"},\"headline\":\"El Consejo Municipal de la Mujer del Gobierno de Chalco suma a Instituciones para combatir la Violencia de G\u00e9nero\",\"datePublished\":\"2020-08-29T14:50:43+00:00\",\"mainEntityOfPage\":{\"@id\":\"https:\/\/volcanes.net\/?p=8121\"},\"wordCount\":327,\"commentCount\":0,\"publisher\":{\"@id\":\"https:\/\/volcanes.net\/#organization\"},\"image\":{\"@id\":\"https:\/\/volcanes.net\/?p=8121#primaryimage\"},\"thumbnailUrl\":\"https:\/\/volcanes.net\/wp-content\/uploads\/2020\/08\/IMG-20200829-WA0000.jpg\",\"keywords\":[\"Chalco\"],\"articleSection\":[\"Municipales\"],\"inLanguage\":\"es\",\"potentialAction\":[{\"@type\":\"CommentAction\",\"name\":\"Comment\",\"target\":[\"https:\/\/volcanes.net\/?p=8121#respond\"]}]},{\"@type\":\"WebPage\",\"@id\":\"https:\/\/volcanes.net\/?p=8121\",\"url\":\"https:\/\/volcanes.net\/?p=8121\",\"name\":\"El Consejo Municipal de la Mujer del Gobierno de Chalco suma a Instituciones para combatir la Violencia de G\u00e9nero - Volcanes\",\"isPartOf\":{\"@id\":\"https:\/\/volcanes.net\/#website\"},\"primaryImageOfPage\":{\"@id\":\"https:\/\/volcanes.net\/?p=8121#primaryimage\"},\"image\":{\"@id\":\"https:\/\/volcanes.net\/?p=8121#primaryimage\"},\"thumbnailUrl\":\"https:\/\/volcanes.net\/wp-content\/uploads\/2020\/08\/IMG-20200829-WA0000.jpg\",\"datePublished\":\"2020-08-29T14:50:43+00:00\",\"breadcrumb\":{\"@id\":\"https:\/\/volcanes.net\/?p=8121#breadcrumb\"},\"inLanguage\":\"es\",\"potentialAction\":[{\"@type\":\"ReadAction\",\"target\":[\"https:\/\/volcanes.net\/?p=8121\"]}]},{\"@type\":\"ImageObject\",\"inLanguage\":\"es\",\"@id\":\"https:\/\/volcanes.net\/?p=8121#primaryimage\",\"url\":\"https:\/\/volcanes.net\/wp-content\/uploads\/2020\/08\/IMG-20200829-WA0000.jpg\",\"contentUrl\":\"https:\/\/volcanes.net\/wp-content\/uploads\/2020\/08\/IMG-20200829-WA0000.jpg\",\"width\":1140,\"height\":760},{\"@type\":\"BreadcrumbList\",\"@id\":\"https:\/\/volcanes.net\/?p=8121#breadcrumb\",\"itemListElement\":[{\"@type\":\"ListItem\",\"position\":1,\"name\":\"Portada\",\"item\":\"https:\/\/volcanes.net\/\"},{\"@type\":\"ListItem\",\"position\":2,\"name\":\"El Consejo Municipal de la Mujer del Gobierno de Chalco suma a Instituciones para combatir la Violencia de G\u00e9nero\"}]},{\"@type\":\"WebSite\",\"@id\":\"https:\/\/volcanes.net\/#website\",\"url\":\"https:\/\/volcanes.net\/\",\"name\":\"Volcanes.Net\",\"description\":\"Periodismo Profesional\",\"publisher\":{\"@id\":\"https:\/\/volcanes.net\/#organization\"},\"potentialAction\":[{\"@type\":\"SearchAction\",\"target\":{\"@type\":\"EntryPoint\",\"urlTemplate\":\"https:\/\/volcanes.net\/?s={search_term_string}\"},\"query-input\":{\"@type\":\"PropertyValueSpecification\",\"valueRequired\":true,\"valueName\":\"search_term_string\"}}],\"inLanguage\":\"es\"},{\"@type\":\"Organization\",\"@id\":\"https:\/\/volcanes.net\/#organization\",\"name\":\"Grupo Volcanes\",\"url\":\"https:\/\/volcanes.net\/\",\"logo\":{\"@type\":\"ImageObject\",\"inLanguage\":\"es\",\"@id\":\"https:\/\/volcanes.net\/#\/schema\/logo\/image\/\",\"url\":\"http:\/\/volcanes.net\/wp-content\/uploads\/2017\/12\/Avatar2.jpg\",\"contentUrl\":\"http:\/\/volcanes.net\/wp-content\/uploads\/2017\/12\/Avatar2.jpg\",\"width\":378,\"height\":378,\"caption\":\"Grupo Volcanes\"},\"image\":{\"@id\":\"https:\/\/volcanes.net\/#\/schema\/logo\/image\/\"},\"sameAs\":[\"https:\/\/www.facebook.com\/volcanes.net\/\"]},{\"@type\":\"Person\",\"@id\":\"https:\/\/volcanes.net\/#\/schema\/person\/4bf0f383940966a4abd53f5048c0e6b9\",\"name\":\"admin\",\"image\":{\"@type\":\"ImageObject\",\"inLanguage\":\"es\",\"@id\":\"https:\/\/volcanes.net\/#\/schema\/person\/image\/\",\"url\":\"https:\/\/secure.gravatar.com\/avatar\/ca004e6cba8462b8cb7abc86e382930c?s=96&d=mm&r=g\",\"contentUrl\":\"https:\/\/secure.gravatar.com\/avatar\/ca004e6cba8462b8cb7abc86e382930c?s=96&d=mm&r=g\",\"caption\":\"admin\"}}]}<\/script>\n<!-- \/ Yoast SEO plugin. -->","yoast_head_json":{"title":"El Consejo Municipal de la Mujer del Gobierno de Chalco suma a Instituciones para combatir la Violencia de G\u00e9nero - Volcanes","robots":{"index":"index","follow":"follow","max-snippet":"max-snippet:-1","max-image-preview":"max-image-preview:large","max-video-preview":"max-video-preview:-1"},"canonical":"https:\/\/volcanes.net\/?p=8121","og_locale":"es_MX","og_type":"article","og_title":"El Consejo Municipal de la Mujer del Gobierno de Chalco suma a Instituciones para combatir la Violencia de G\u00e9nero - Volcanes","og_description":"Chalco,Estado de M\u00e9xico.-Como parte de la Campa\u00f1a Permanente contra la violencia hacia la Mujer denominada;","og_url":"https:\/\/volcanes.net\/?p=8121","og_site_name":"Volcanes","article_publisher":"https:\/\/www.facebook.com\/volcanes.net\/","article_published_time":"2020-08-29T14:50:43+00:00","og_image":[{"width":1140,"height":760,"url":"https:\/\/volcanes.net\/wp-content\/uploads\/2020\/08\/IMG-20200829-WA0000.jpg","type":"image\/jpeg"}],"author":"admin","twitter_card":"summary_large_image","twitter_misc":{"Escrito por":"admin","Tiempo de lectura":"2 minutos"},"schema":{"@context":"https:\/\/schema.org","@graph":[{"@type":"Article","@id":"https:\/\/volcanes.net\/?p=8121#article","isPartOf":{"@id":"https:\/\/volcanes.net\/?p=8121"},"author":{"name":"admin","@id":"https:\/\/volcanes.net\/#\/schema\/person\/4bf0f383940966a4abd53f5048c0e6b9"},"headline":"El Consejo Municipal de la Mujer del Gobierno de Chalco suma a Instituciones para combatir la Violencia de G\u00e9nero","datePublished":"2020-08-29T14:50:43+00:00","mainEntityOfPage":{"@id":"https:\/\/volcanes.net\/?p=8121"},"wordCount":327,"commentCount":0,"publisher":{"@id":"https:\/\/volcanes.net\/#organization"},"image":{"@id":"https:\/\/volcanes.net\/?p=8121#primaryimage"},"thumbnailUrl":"https:\/\/volcanes.net\/wp-content\/uploads\/2020\/08\/IMG-20200829-WA0000.jpg","keywords":["Chalco"],"articleSection":["Municipales"],"inLanguage":"es","potentialAction":[{"@type":"CommentAction","name":"Comment","target":["https:\/\/volcanes.net\/?p=8121#respond"]}]},{"@type":"WebPage","@id":"https:\/\/volcanes.net\/?p=8121","url":"https:\/\/volcanes.net\/?p=8121","name":"El Consejo Municipal de la Mujer del Gobierno de Chalco suma a Instituciones para combatir la Violencia de G\u00e9nero - Volcanes","isPartOf":{"@id":"https:\/\/volcanes.net\/#website"},"primaryImageOfPage":{"@id":"https:\/\/volcanes.net\/?p=8121#primaryimage"},"image":{"@id":"https:\/\/volcanes.net\/?p=8121#primaryimage"},"thumbnailUrl":"https:\/\/volcanes.net\/wp-content\/uploads\/2020\/08\/IMG-20200829-WA0000.jpg","datePublished":"2020-08-29T14:50:43+00:00","breadcrumb":{"@id":"https:\/\/volcanes.net\/?p=8121#breadcrumb"},"inLanguage":"es","potentialAction":[{"@type":"ReadAction","target":["https:\/\/volcanes.net\/?p=8121"]}]},{"@type":"ImageObject","inLanguage":"es","@id":"https:\/\/volcanes.net\/?p=8121#primaryimage","url":"https:\/\/volcanes.net\/wp-content\/uploads\/2020\/08\/IMG-20200829-WA0000.jpg","contentUrl":"https:\/\/volcanes.net\/wp-content\/uploads\/2020\/08\/IMG-20200829-WA0000.jpg","width":1140,"height":760},{"@type":"BreadcrumbList","@id":"https:\/\/volcanes.net\/?p=8121#breadcrumb","itemListElement":[{"@type":"ListItem","position":1,"name":"Portada","item":"https:\/\/volcanes.net\/"},{"@type":"ListItem","position":2,"name":"El Consejo Municipal de la Mujer del Gobierno de Chalco suma a Instituciones para combatir la Violencia de G\u00e9nero"}]},{"@type":"WebSite","@id":"https:\/\/volcanes.net\/#website","url":"https:\/\/volcanes.net\/","name":"Volcanes.Net","description":"Periodismo Profesional","publisher":{"@id":"https:\/\/volcanes.net\/#organization"},"potentialAction":[{"@type":"SearchAction","target":{"@type":"EntryPoint","urlTemplate":"https:\/\/volcanes.net\/?s={search_term_string}"},"query-input":{"@type":"PropertyValueSpecification","valueRequired":true,"valueName":"search_term_string"}}],"inLanguage":"es"},{"@type":"Organization","@id":"https:\/\/volcanes.net\/#organization","name":"Grupo Volcanes","url":"https:\/\/volcanes.net\/","logo":{"@type":"ImageObject","inLanguage":"es","@id":"https:\/\/volcanes.net\/#\/schema\/logo\/image\/","url":"http:\/\/volcanes.net\/wp-content\/uploads\/2017\/12\/Avatar2.jpg","contentUrl":"http:\/\/volcanes.net\/wp-content\/uploads\/2017\/12\/Avatar2.jpg","width":378,"height":378,"caption":"Grupo Volcanes"},"image":{"@id":"https:\/\/volcanes.net\/#\/schema\/logo\/image\/"},"sameAs":["https:\/\/www.facebook.com\/volcanes.net\/"]},{"@type":"Person","@id":"https:\/\/volcanes.net\/#\/schema\/person\/4bf0f383940966a4abd53f5048c0e6b9","name":"admin","image":{"@type":"ImageObject","inLanguage":"es","@id":"https:\/\/volcanes.net\/#\/schema\/person\/image\/","url":"https:\/\/secure.gravatar.com\/avatar\/ca004e6cba8462b8cb7abc86e382930c?s=96&d=mm&r=g","contentUrl":"https:\/\/secure.gravatar.com\/avatar\/ca004e6cba8462b8cb7abc86e382930c?s=96&d=mm&r=g","caption":"admin"}}]}},"_links":{"self":[{"href":"https:\/\/volcanes.net\/index.php?rest_route=\/wp\/v2\/posts\/8121"}],"collection":[{"href":"https:\/\/volcanes.net\/index.php?rest_route=\/wp\/v2\/posts"}],"about":[{"href":"https:\/\/volcanes.net\/index.php?rest_route=\/wp\/v2\/types\/post"}],"author":[{"embeddable":true,"href":"https:\/\/volcanes.net\/index.php?rest_route=\/wp\/v2\/users\/1"}],"replies":[{"embeddable":true,"href":"https:\/\/volcanes.net\/index.php?rest_route=%2Fwp%2Fv2%2Fcomments&post=8121"}],"version-history":[{"count":1,"href":"https:\/\/volcanes.net\/index.php?rest_route=\/wp\/v2\/posts\/8121\/revisions"}],"predecessor-version":[{"id":8123,"href":"https:\/\/volcanes.net\/index.php?rest_route=\/wp\/v2\/posts\/8121\/revisions\/8123"}],"wp:featuredmedia":[{"embeddable":true,"href":"https:\/\/volcanes.net\/index.php?rest_route=\/wp\/v2\/media\/8122"}],"wp:attachment":[{"href":"https:\/\/volcanes.net\/index.php?rest_route=%2Fwp%2Fv2%2Fmedia&parent=8121"}],"wp:term":[{"taxonomy":"category","embeddable":true,"href":"https:\/\/volcanes.net\/index.php?rest_route=%2Fwp%2Fv2%2Fcategories&post=8121"},{"taxonomy":"post_tag","embeddable":true,"href":"https:\/\/volcanes.net\/index.php?rest_route=%2Fwp%2Fv2%2Ftags&post=8121"}],"curies":[{"name":"wp","href":"https:\/\/api.w.org\/{rel}","templated":true}]}}