{"id":8133,"date":"2020-08-31T12:18:36","date_gmt":"2020-08-31T18:18:36","guid":{"rendered":"http:\/\/volcanes.net\/?p=8133"},"modified":"2020-09-01T09:18:18","modified_gmt":"2020-09-01T15:18:18","slug":"bendicen-la-sacristia-de-la-parroquia-de-san-juan-bautista-en-temamatla","status":"publish","type":"post","link":"https:\/\/volcanes.net\/?p=8133","title":{"rendered":"Bendicen la sacrist\u00eda de la Parroquia de San Juan Bautista en Temamatla"},"content":{"rendered":"<div style=\"margin-top: 0px; margin-bottom: 0px;\" class=\"sharethis-inline-share-buttons\" ><\/div><p>Temamatla, Estado de M\u00e9xico .- Este fin de semana\u00a0 el presidente municipal Juan Mart\u00edn Orozpe P\u00e9rez junto con el obispo V\u00edctor Rene as\u00ed como al p\u00e1rroco Mario Alberto y a la mayordom\u00eda de la Parraquia de San Juan Bautista realizaron la bendici\u00f3n de la parroquia luego de que se viera afectada en el sismo del 2017.<\/p>\n<p>Cabe mencionar que la parroquia fue reestructurada debido a que contaba con grietas, ante esto, el edil reafirmo su compromiso con los pobladores, adem\u00e1s que esto pudo ser posible con el presupuesto de las fiestas patronales, por lo que esperan que para el pr\u00f3ximo a\u00f1o se puedan llevar a cabo estas fiestas ya que se destina un recurso para las mayordom\u00edas.<\/p>\n<p>No obstante el edil, comenta que respeta\u00a0 la creencia de la ciudadan\u00eda, sin embargo, el municipio se caracteriza por las costumbres y tradiciones cat\u00f3licas.<\/p>\n<p>Ante ello, el arquitecto Jorge Luis Padilla Quintanar comenta que se comenz\u00f3 con rezaran las grietas ya existentes as\u00ed como la colocaci\u00f3n de nuevas vigas, piso y techo, adem\u00e1s de que se pudo rescatar y colocar unos vitrales de San\u00a0 Juan Bautista y de la Virgen Mar\u00eda as\u00ed como la restauraci\u00f3n de muebles y del altar mayor.<\/p>\n<p>La mayordom\u00eda agradece el apoyo por parte de esta administraci\u00f3n quien se preocupa por realizar los trabajos de reestructuraci\u00f3n de la parroquia ya que se vio muy da\u00f1ada por el sismo.<\/p>\n<p><a href=\"https:\/\/www.facebook.com\/volcanestv\/videos\/792810631522685\/\">https:\/\/www.facebook.com\/volcanestv\/videos\/792810631522685\/<\/a><\/p>\n","protected":false},"excerpt":{"rendered":"<p>Temamatla, Estado de M\u00e9xico .- Este fin de semana\u00a0 el presidente municipal Juan Mart\u00edn Orozpe<\/p>\n","protected":false},"author":1,"featured_media":8134,"comment_status":"open","ping_status":"open","sticky":false,"template":"","format":"standard","meta":{"footnotes":""},"categories":[1],"tags":[236],"class_list":["post-8133","post","type-post","status-publish","format-standard","has-post-thumbnail","hentry","category-municipales","tag-temamatla"],"yoast_head":"<!-- This site is optimized with the Yoast SEO plugin v25.3 - https:\/\/yoast.com\/wordpress\/plugins\/seo\/ -->\n<title>Bendicen la sacrist\u00eda de la Parroquia de San Juan Bautista en Temamatla - Volcanes<\/title>\n<meta name=\"robots\" content=\"index, follow, max-snippet:-1, max-image-preview:large, max-video-preview:-1\" \/>\n<link rel=\"canonical\" href=\"https:\/\/volcanes.net\/?p=8133\" \/>\n<meta property=\"og:locale\" content=\"es_MX\" \/>\n<meta property=\"og:type\" content=\"article\" \/>\n<meta property=\"og:title\" content=\"Bendicen la sacrist\u00eda de la Parroquia de San Juan Bautista en Temamatla - Volcanes\" \/>\n<meta property=\"og:description\" content=\"Temamatla, Estado de M\u00e9xico .- Este fin de semana\u00a0 el presidente municipal Juan Mart\u00edn Orozpe\" \/>\n<meta property=\"og:url\" content=\"https:\/\/volcanes.net\/?p=8133\" \/>\n<meta property=\"og:site_name\" content=\"Volcanes\" \/>\n<meta property=\"article:publisher\" content=\"https:\/\/www.facebook.com\/volcanes.net\/\" \/>\n<meta property=\"article:published_time\" content=\"2020-08-31T18:18:36+00:00\" \/>\n<meta property=\"article:modified_time\" content=\"2020-09-01T15:18:18+00:00\" \/>\n<meta property=\"og:image\" content=\"https:\/\/volcanes.net\/wp-content\/uploads\/2020\/08\/8f62750a-b4b6-4c96-8397-8927574be316.jpg\" \/>\n\t<meta property=\"og:image:width\" content=\"552\" \/>\n\t<meta property=\"og:image:height\" content=\"368\" \/>\n\t<meta property=\"og:image:type\" content=\"image\/jpeg\" \/>\n<meta name=\"author\" content=\"admin\" \/>\n<meta name=\"twitter:card\" content=\"summary_large_image\" \/>\n<meta name=\"twitter:label1\" content=\"Escrito por\" \/>\n\t<meta name=\"twitter:data1\" content=\"admin\" \/>\n\t<meta name=\"twitter:label2\" content=\"Tiempo de lectura\" \/>\n\t<meta name=\"twitter:data2\" content=\"1 minuto\" \/>\n<script type=\"application\/ld+json\" class=\"yoast-schema-graph\">{\"@context\":\"https:\/\/schema.org\",\"@graph\":[{\"@type\":\"Article\",\"@id\":\"https:\/\/volcanes.net\/?p=8133#article\",\"isPartOf\":{\"@id\":\"https:\/\/volcanes.net\/?p=8133\"},\"author\":{\"name\":\"admin\",\"@id\":\"https:\/\/volcanes.net\/#\/schema\/person\/4bf0f383940966a4abd53f5048c0e6b9\"},\"headline\":\"Bendicen la sacrist\u00eda de la Parroquia de San Juan Bautista en Temamatla\",\"datePublished\":\"2020-08-31T18:18:36+00:00\",\"dateModified\":\"2020-09-01T15:18:18+00:00\",\"mainEntityOfPage\":{\"@id\":\"https:\/\/volcanes.net\/?p=8133\"},\"wordCount\":270,\"commentCount\":0,\"publisher\":{\"@id\":\"https:\/\/volcanes.net\/#organization\"},\"image\":{\"@id\":\"https:\/\/volcanes.net\/?p=8133#primaryimage\"},\"thumbnailUrl\":\"https:\/\/volcanes.net\/wp-content\/uploads\/2020\/08\/8f62750a-b4b6-4c96-8397-8927574be316.jpg\",\"keywords\":[\"Temamatla\"],\"articleSection\":[\"Municipales\"],\"inLanguage\":\"es\",\"potentialAction\":[{\"@type\":\"CommentAction\",\"name\":\"Comment\",\"target\":[\"https:\/\/volcanes.net\/?p=8133#respond\"]}]},{\"@type\":\"WebPage\",\"@id\":\"https:\/\/volcanes.net\/?p=8133\",\"url\":\"https:\/\/volcanes.net\/?p=8133\",\"name\":\"Bendicen la sacrist\u00eda de la Parroquia de San Juan Bautista en Temamatla - Volcanes\",\"isPartOf\":{\"@id\":\"https:\/\/volcanes.net\/#website\"},\"primaryImageOfPage\":{\"@id\":\"https:\/\/volcanes.net\/?p=8133#primaryimage\"},\"image\":{\"@id\":\"https:\/\/volcanes.net\/?p=8133#primaryimage\"},\"thumbnailUrl\":\"https:\/\/volcanes.net\/wp-content\/uploads\/2020\/08\/8f62750a-b4b6-4c96-8397-8927574be316.jpg\",\"datePublished\":\"2020-08-31T18:18:36+00:00\",\"dateModified\":\"2020-09-01T15:18:18+00:00\",\"breadcrumb\":{\"@id\":\"https:\/\/volcanes.net\/?p=8133#breadcrumb\"},\"inLanguage\":\"es\",\"potentialAction\":[{\"@type\":\"ReadAction\",\"target\":[\"https:\/\/volcanes.net\/?p=8133\"]}]},{\"@type\":\"ImageObject\",\"inLanguage\":\"es\",\"@id\":\"https:\/\/volcanes.net\/?p=8133#primaryimage\",\"url\":\"https:\/\/volcanes.net\/wp-content\/uploads\/2020\/08\/8f62750a-b4b6-4c96-8397-8927574be316.jpg\",\"contentUrl\":\"https:\/\/volcanes.net\/wp-content\/uploads\/2020\/08\/8f62750a-b4b6-4c96-8397-8927574be316.jpg\",\"width\":552,\"height\":368},{\"@type\":\"BreadcrumbList\",\"@id\":\"https:\/\/volcanes.net\/?p=8133#breadcrumb\",\"itemListElement\":[{\"@type\":\"ListItem\",\"position\":1,\"name\":\"Portada\",\"item\":\"https:\/\/volcanes.net\/\"},{\"@type\":\"ListItem\",\"position\":2,\"name\":\"Bendicen la sacrist\u00eda de la Parroquia de San Juan Bautista en Temamatla\"}]},{\"@type\":\"WebSite\",\"@id\":\"https:\/\/volcanes.net\/#website\",\"url\":\"https:\/\/volcanes.net\/\",\"name\":\"Volcanes.Net\",\"description\":\"Periodismo Profesional\",\"publisher\":{\"@id\":\"https:\/\/volcanes.net\/#organization\"},\"potentialAction\":[{\"@type\":\"SearchAction\",\"target\":{\"@type\":\"EntryPoint\",\"urlTemplate\":\"https:\/\/volcanes.net\/?s={search_term_string}\"},\"query-input\":{\"@type\":\"PropertyValueSpecification\",\"valueRequired\":true,\"valueName\":\"search_term_string\"}}],\"inLanguage\":\"es\"},{\"@type\":\"Organization\",\"@id\":\"https:\/\/volcanes.net\/#organization\",\"name\":\"Grupo Volcanes\",\"url\":\"https:\/\/volcanes.net\/\",\"logo\":{\"@type\":\"ImageObject\",\"inLanguage\":\"es\",\"@id\":\"https:\/\/volcanes.net\/#\/schema\/logo\/image\/\",\"url\":\"http:\/\/volcanes.net\/wp-content\/uploads\/2017\/12\/Avatar2.jpg\",\"contentUrl\":\"http:\/\/volcanes.net\/wp-content\/uploads\/2017\/12\/Avatar2.jpg\",\"width\":378,\"height\":378,\"caption\":\"Grupo Volcanes\"},\"image\":{\"@id\":\"https:\/\/volcanes.net\/#\/schema\/logo\/image\/\"},\"sameAs\":[\"https:\/\/www.facebook.com\/volcanes.net\/\"]},{\"@type\":\"Person\",\"@id\":\"https:\/\/volcanes.net\/#\/schema\/person\/4bf0f383940966a4abd53f5048c0e6b9\",\"name\":\"admin\",\"image\":{\"@type\":\"ImageObject\",\"inLanguage\":\"es\",\"@id\":\"https:\/\/volcanes.net\/#\/schema\/person\/image\/\",\"url\":\"https:\/\/secure.gravatar.com\/avatar\/ca004e6cba8462b8cb7abc86e382930c?s=96&d=mm&r=g\",\"contentUrl\":\"https:\/\/secure.gravatar.com\/avatar\/ca004e6cba8462b8cb7abc86e382930c?s=96&d=mm&r=g\",\"caption\":\"admin\"}}]}<\/script>\n<!-- \/ Yoast SEO plugin. -->","yoast_head_json":{"title":"Bendicen la sacrist\u00eda de la Parroquia de San Juan Bautista en Temamatla - Volcanes","robots":{"index":"index","follow":"follow","max-snippet":"max-snippet:-1","max-image-preview":"max-image-preview:large","max-video-preview":"max-video-preview:-1"},"canonical":"https:\/\/volcanes.net\/?p=8133","og_locale":"es_MX","og_type":"article","og_title":"Bendicen la sacrist\u00eda de la Parroquia de San Juan Bautista en Temamatla - Volcanes","og_description":"Temamatla, Estado de M\u00e9xico .- Este fin de semana\u00a0 el presidente municipal Juan Mart\u00edn Orozpe","og_url":"https:\/\/volcanes.net\/?p=8133","og_site_name":"Volcanes","article_publisher":"https:\/\/www.facebook.com\/volcanes.net\/","article_published_time":"2020-08-31T18:18:36+00:00","article_modified_time":"2020-09-01T15:18:18+00:00","og_image":[{"width":552,"height":368,"url":"https:\/\/volcanes.net\/wp-content\/uploads\/2020\/08\/8f62750a-b4b6-4c96-8397-8927574be316.jpg","type":"image\/jpeg"}],"author":"admin","twitter_card":"summary_large_image","twitter_misc":{"Escrito por":"admin","Tiempo de lectura":"1 minuto"},"schema":{"@context":"https:\/\/schema.org","@graph":[{"@type":"Article","@id":"https:\/\/volcanes.net\/?p=8133#article","isPartOf":{"@id":"https:\/\/volcanes.net\/?p=8133"},"author":{"name":"admin","@id":"https:\/\/volcanes.net\/#\/schema\/person\/4bf0f383940966a4abd53f5048c0e6b9"},"headline":"Bendicen la sacrist\u00eda de la Parroquia de San Juan Bautista en Temamatla","datePublished":"2020-08-31T18:18:36+00:00","dateModified":"2020-09-01T15:18:18+00:00","mainEntityOfPage":{"@id":"https:\/\/volcanes.net\/?p=8133"},"wordCount":270,"commentCount":0,"publisher":{"@id":"https:\/\/volcanes.net\/#organization"},"image":{"@id":"https:\/\/volcanes.net\/?p=8133#primaryimage"},"thumbnailUrl":"https:\/\/volcanes.net\/wp-content\/uploads\/2020\/08\/8f62750a-b4b6-4c96-8397-8927574be316.jpg","keywords":["Temamatla"],"articleSection":["Municipales"],"inLanguage":"es","potentialAction":[{"@type":"CommentAction","name":"Comment","target":["https:\/\/volcanes.net\/?p=8133#respond"]}]},{"@type":"WebPage","@id":"https:\/\/volcanes.net\/?p=8133","url":"https:\/\/volcanes.net\/?p=8133","name":"Bendicen la sacrist\u00eda de la Parroquia de San Juan Bautista en Temamatla - Volcanes","isPartOf":{"@id":"https:\/\/volcanes.net\/#website"},"primaryImageOfPage":{"@id":"https:\/\/volcanes.net\/?p=8133#primaryimage"},"image":{"@id":"https:\/\/volcanes.net\/?p=8133#primaryimage"},"thumbnailUrl":"https:\/\/volcanes.net\/wp-content\/uploads\/2020\/08\/8f62750a-b4b6-4c96-8397-8927574be316.jpg","datePublished":"2020-08-31T18:18:36+00:00","dateModified":"2020-09-01T15:18:18+00:00","breadcrumb":{"@id":"https:\/\/volcanes.net\/?p=8133#breadcrumb"},"inLanguage":"es","potentialAction":[{"@type":"ReadAction","target":["https:\/\/volcanes.net\/?p=8133"]}]},{"@type":"ImageObject","inLanguage":"es","@id":"https:\/\/volcanes.net\/?p=8133#primaryimage","url":"https:\/\/volcanes.net\/wp-content\/uploads\/2020\/08\/8f62750a-b4b6-4c96-8397-8927574be316.jpg","contentUrl":"https:\/\/volcanes.net\/wp-content\/uploads\/2020\/08\/8f62750a-b4b6-4c96-8397-8927574be316.jpg","width":552,"height":368},{"@type":"BreadcrumbList","@id":"https:\/\/volcanes.net\/?p=8133#breadcrumb","itemListElement":[{"@type":"ListItem","position":1,"name":"Portada","item":"https:\/\/volcanes.net\/"},{"@type":"ListItem","position":2,"name":"Bendicen la sacrist\u00eda de la Parroquia de San Juan Bautista en Temamatla"}]},{"@type":"WebSite","@id":"https:\/\/volcanes.net\/#website","url":"https:\/\/volcanes.net\/","name":"Volcanes.Net","description":"Periodismo Profesional","publisher":{"@id":"https:\/\/volcanes.net\/#organization"},"potentialAction":[{"@type":"SearchAction","target":{"@type":"EntryPoint","urlTemplate":"https:\/\/volcanes.net\/?s={search_term_string}"},"query-input":{"@type":"PropertyValueSpecification","valueRequired":true,"valueName":"search_term_string"}}],"inLanguage":"es"},{"@type":"Organization","@id":"https:\/\/volcanes.net\/#organization","name":"Grupo Volcanes","url":"https:\/\/volcanes.net\/","logo":{"@type":"ImageObject","inLanguage":"es","@id":"https:\/\/volcanes.net\/#\/schema\/logo\/image\/","url":"http:\/\/volcanes.net\/wp-content\/uploads\/2017\/12\/Avatar2.jpg","contentUrl":"http:\/\/volcanes.net\/wp-content\/uploads\/2017\/12\/Avatar2.jpg","width":378,"height":378,"caption":"Grupo Volcanes"},"image":{"@id":"https:\/\/volcanes.net\/#\/schema\/logo\/image\/"},"sameAs":["https:\/\/www.facebook.com\/volcanes.net\/"]},{"@type":"Person","@id":"https:\/\/volcanes.net\/#\/schema\/person\/4bf0f383940966a4abd53f5048c0e6b9","name":"admin","image":{"@type":"ImageObject","inLanguage":"es","@id":"https:\/\/volcanes.net\/#\/schema\/person\/image\/","url":"https:\/\/secure.gravatar.com\/avatar\/ca004e6cba8462b8cb7abc86e382930c?s=96&d=mm&r=g","contentUrl":"https:\/\/secure.gravatar.com\/avatar\/ca004e6cba8462b8cb7abc86e382930c?s=96&d=mm&r=g","caption":"admin"}}]}},"_links":{"self":[{"href":"https:\/\/volcanes.net\/index.php?rest_route=\/wp\/v2\/posts\/8133"}],"collection":[{"href":"https:\/\/volcanes.net\/index.php?rest_route=\/wp\/v2\/posts"}],"about":[{"href":"https:\/\/volcanes.net\/index.php?rest_route=\/wp\/v2\/types\/post"}],"author":[{"embeddable":true,"href":"https:\/\/volcanes.net\/index.php?rest_route=\/wp\/v2\/users\/1"}],"replies":[{"embeddable":true,"href":"https:\/\/volcanes.net\/index.php?rest_route=%2Fwp%2Fv2%2Fcomments&post=8133"}],"version-history":[{"count":3,"href":"https:\/\/volcanes.net\/index.php?rest_route=\/wp\/v2\/posts\/8133\/revisions"}],"predecessor-version":[{"id":8150,"href":"https:\/\/volcanes.net\/index.php?rest_route=\/wp\/v2\/posts\/8133\/revisions\/8150"}],"wp:featuredmedia":[{"embeddable":true,"href":"https:\/\/volcanes.net\/index.php?rest_route=\/wp\/v2\/media\/8134"}],"wp:attachment":[{"href":"https:\/\/volcanes.net\/index.php?rest_route=%2Fwp%2Fv2%2Fmedia&parent=8133"}],"wp:term":[{"taxonomy":"category","embeddable":true,"href":"https:\/\/volcanes.net\/index.php?rest_route=%2Fwp%2Fv2%2Fcategories&post=8133"},{"taxonomy":"post_tag","embeddable":true,"href":"https:\/\/volcanes.net\/index.php?rest_route=%2Fwp%2Fv2%2Ftags&post=8133"}],"curies":[{"name":"wp","href":"https:\/\/api.w.org\/{rel}","templated":true}]}}