{"id":817,"date":"2018-01-25T23:09:23","date_gmt":"2018-01-25T23:09:23","guid":{"rendered":"http:\/\/volcanes.net\/?p=817"},"modified":"2018-01-25T23:09:23","modified_gmt":"2018-01-25T23:09:23","slug":"vinculan-a-proceso-a-sujeto-investigado-por-abuso-sexual-en-cuautitlan-izcalli","status":"publish","type":"post","link":"https:\/\/volcanes.net\/?p=817","title":{"rendered":"Vinculan a proceso a sujeto investigado por abuso sexual  En Cuautitl\u00e1n Izcalli"},"content":{"rendered":"<div style=\"margin-top: 0px; margin-bottom: 0px;\" class=\"sharethis-inline-share-buttons\" ><\/div><p><strong>Toluca, M\u00e9xico, 25 de enero de 2018.-<\/strong> Un sujeto que habr\u00eda realizado tocamientos a una menor de edad en un inmueble del municipio de Cuautitl\u00e1n Izcalli, fue vinculado a proceso luego de que el Representante Social de la Fiscal\u00eda General de Justicia del Estado de M\u00e9xico (FGJEM) acredit\u00f3 ante la Autoridad Judicial su probable participaci\u00f3n en el delito de\u00a0 abuso sexual, de una menor de edad.<\/p>\n<p>Los hechos por los que fue sujeto a proceso Rodolfo \u201cN\u201d ocurrieron el 16 de octubre del a\u00f1o pasado, cuando el imputado se encontraba con la v\u00edctima en el interior de un domicilio en el Fraccionamiento Urbi Bilbao.<\/p>\n<p>De las investigaciones se desprende que ambos se encontraban en la sala de la casa cuando el hoy procesado realiz\u00f3 tocamientos a la menor; el agresor era el conyugue de la abuela de la v\u00edctima.<\/p>\n<p>Por estos hechos el Agente del Ministerio P\u00fablico integr\u00f3 la carpeta de investigaci\u00f3n correspondiente y con los elementos de prueba ejercit\u00f3 acci\u00f3n penal en contra de Rodolfo \u201cN\u201d, quien fue ingresado al Centro Penitenciario y de Reinserci\u00f3n Social de Cuautitl\u00e1n, donde qued\u00f3 a disposici\u00f3n de un Juez.<\/p>\n<p>Al resolver sobre su situaci\u00f3n jur\u00eddica, la Autoridad Judicial determin\u00f3 vincularlo a proceso por el delito de abuso sexual y estableci\u00f3 un plazo de dos meses para el cierre de investigaci\u00f3n.<\/p>\n<p>La Fiscal\u00eda General de Justicia estatal hace un llamado a la ciudadan\u00eda para que en caso de que reconozca a este sujeto como probable part\u00edcipe de alg\u00fan otro il\u00edcito, sea denunciado a trav\u00e9s del correo electr\u00f3nico cerotolerancia@edomex.gob.mx, al n\u00famero telef\u00f3nico 01 800 7028770, o bien, por medio de la aplicaci\u00f3n FGJEdomex, la cual est\u00e1 disponible de manera gratuita para todos los tel\u00e9fonos inteligentes de los sistemas iOS y Android.<\/p>\n","protected":false},"excerpt":{"rendered":"<p>Toluca, M\u00e9xico, 25 de enero de 2018.- Un sujeto que habr\u00eda realizado tocamientos a una<\/p>\n","protected":false},"author":1,"featured_media":818,"comment_status":"open","ping_status":"open","sticky":false,"template":"","format":"standard","meta":{"footnotes":""},"categories":[1],"tags":[85],"class_list":["post-817","post","type-post","status-publish","format-standard","has-post-thumbnail","hentry","category-municipales","tag-izcalli"],"yoast_head":"<!-- This site is optimized with the Yoast SEO plugin v25.3 - https:\/\/yoast.com\/wordpress\/plugins\/seo\/ -->\n<title>Vinculan a proceso a sujeto investigado por abuso sexual En Cuautitl\u00e1n Izcalli - Volcanes<\/title>\n<meta name=\"robots\" content=\"index, follow, max-snippet:-1, max-image-preview:large, max-video-preview:-1\" \/>\n<link rel=\"canonical\" href=\"https:\/\/volcanes.net\/?p=817\" \/>\n<meta property=\"og:locale\" content=\"es_MX\" \/>\n<meta property=\"og:type\" content=\"article\" \/>\n<meta property=\"og:title\" content=\"Vinculan a proceso a sujeto investigado por abuso sexual En Cuautitl\u00e1n Izcalli - Volcanes\" \/>\n<meta property=\"og:description\" content=\"Toluca, M\u00e9xico, 25 de enero de 2018.- Un sujeto que habr\u00eda realizado tocamientos a una\" \/>\n<meta property=\"og:url\" content=\"https:\/\/volcanes.net\/?p=817\" \/>\n<meta property=\"og:site_name\" content=\"Volcanes\" \/>\n<meta property=\"article:publisher\" content=\"https:\/\/www.facebook.com\/volcanes.net\/\" \/>\n<meta property=\"article:published_time\" content=\"2018-01-25T23:09:23+00:00\" \/>\n<meta property=\"og:image\" content=\"https:\/\/volcanes.net\/wp-content\/uploads\/2018\/01\/FOTO-C80.jpg\" \/>\n\t<meta property=\"og:image:width\" content=\"117\" \/>\n\t<meta property=\"og:image:height\" content=\"160\" \/>\n\t<meta property=\"og:image:type\" content=\"image\/jpeg\" \/>\n<meta name=\"author\" content=\"admin\" \/>\n<meta name=\"twitter:card\" content=\"summary_large_image\" \/>\n<meta name=\"twitter:label1\" content=\"Escrito por\" \/>\n\t<meta name=\"twitter:data1\" content=\"admin\" \/>\n\t<meta name=\"twitter:label2\" content=\"Tiempo de lectura\" \/>\n\t<meta name=\"twitter:data2\" content=\"2 minutos\" \/>\n<script type=\"application\/ld+json\" class=\"yoast-schema-graph\">{\"@context\":\"https:\/\/schema.org\",\"@graph\":[{\"@type\":\"Article\",\"@id\":\"https:\/\/volcanes.net\/?p=817#article\",\"isPartOf\":{\"@id\":\"https:\/\/volcanes.net\/?p=817\"},\"author\":{\"name\":\"admin\",\"@id\":\"https:\/\/volcanes.net\/#\/schema\/person\/4bf0f383940966a4abd53f5048c0e6b9\"},\"headline\":\"Vinculan a proceso a sujeto investigado por abuso sexual En Cuautitl\u00e1n Izcalli\",\"datePublished\":\"2018-01-25T23:09:23+00:00\",\"mainEntityOfPage\":{\"@id\":\"https:\/\/volcanes.net\/?p=817\"},\"wordCount\":326,\"commentCount\":0,\"publisher\":{\"@id\":\"https:\/\/volcanes.net\/#organization\"},\"image\":{\"@id\":\"https:\/\/volcanes.net\/?p=817#primaryimage\"},\"thumbnailUrl\":\"https:\/\/volcanes.net\/wp-content\/uploads\/2018\/01\/FOTO-C80.jpg\",\"keywords\":[\"Izcalli\"],\"articleSection\":[\"Municipales\"],\"inLanguage\":\"es\",\"potentialAction\":[{\"@type\":\"CommentAction\",\"name\":\"Comment\",\"target\":[\"https:\/\/volcanes.net\/?p=817#respond\"]}]},{\"@type\":\"WebPage\",\"@id\":\"https:\/\/volcanes.net\/?p=817\",\"url\":\"https:\/\/volcanes.net\/?p=817\",\"name\":\"Vinculan a proceso a sujeto investigado por abuso sexual En Cuautitl\u00e1n Izcalli - Volcanes\",\"isPartOf\":{\"@id\":\"https:\/\/volcanes.net\/#website\"},\"primaryImageOfPage\":{\"@id\":\"https:\/\/volcanes.net\/?p=817#primaryimage\"},\"image\":{\"@id\":\"https:\/\/volcanes.net\/?p=817#primaryimage\"},\"thumbnailUrl\":\"https:\/\/volcanes.net\/wp-content\/uploads\/2018\/01\/FOTO-C80.jpg\",\"datePublished\":\"2018-01-25T23:09:23+00:00\",\"breadcrumb\":{\"@id\":\"https:\/\/volcanes.net\/?p=817#breadcrumb\"},\"inLanguage\":\"es\",\"potentialAction\":[{\"@type\":\"ReadAction\",\"target\":[\"https:\/\/volcanes.net\/?p=817\"]}]},{\"@type\":\"ImageObject\",\"inLanguage\":\"es\",\"@id\":\"https:\/\/volcanes.net\/?p=817#primaryimage\",\"url\":\"https:\/\/volcanes.net\/wp-content\/uploads\/2018\/01\/FOTO-C80.jpg\",\"contentUrl\":\"https:\/\/volcanes.net\/wp-content\/uploads\/2018\/01\/FOTO-C80.jpg\",\"width\":117,\"height\":160},{\"@type\":\"BreadcrumbList\",\"@id\":\"https:\/\/volcanes.net\/?p=817#breadcrumb\",\"itemListElement\":[{\"@type\":\"ListItem\",\"position\":1,\"name\":\"Portada\",\"item\":\"https:\/\/volcanes.net\/\"},{\"@type\":\"ListItem\",\"position\":2,\"name\":\"Vinculan a proceso a sujeto investigado por abuso sexual En Cuautitl\u00e1n Izcalli\"}]},{\"@type\":\"WebSite\",\"@id\":\"https:\/\/volcanes.net\/#website\",\"url\":\"https:\/\/volcanes.net\/\",\"name\":\"Volcanes.Net\",\"description\":\"Periodismo Profesional\",\"publisher\":{\"@id\":\"https:\/\/volcanes.net\/#organization\"},\"potentialAction\":[{\"@type\":\"SearchAction\",\"target\":{\"@type\":\"EntryPoint\",\"urlTemplate\":\"https:\/\/volcanes.net\/?s={search_term_string}\"},\"query-input\":{\"@type\":\"PropertyValueSpecification\",\"valueRequired\":true,\"valueName\":\"search_term_string\"}}],\"inLanguage\":\"es\"},{\"@type\":\"Organization\",\"@id\":\"https:\/\/volcanes.net\/#organization\",\"name\":\"Grupo Volcanes\",\"url\":\"https:\/\/volcanes.net\/\",\"logo\":{\"@type\":\"ImageObject\",\"inLanguage\":\"es\",\"@id\":\"https:\/\/volcanes.net\/#\/schema\/logo\/image\/\",\"url\":\"http:\/\/volcanes.net\/wp-content\/uploads\/2017\/12\/Avatar2.jpg\",\"contentUrl\":\"http:\/\/volcanes.net\/wp-content\/uploads\/2017\/12\/Avatar2.jpg\",\"width\":378,\"height\":378,\"caption\":\"Grupo Volcanes\"},\"image\":{\"@id\":\"https:\/\/volcanes.net\/#\/schema\/logo\/image\/\"},\"sameAs\":[\"https:\/\/www.facebook.com\/volcanes.net\/\"]},{\"@type\":\"Person\",\"@id\":\"https:\/\/volcanes.net\/#\/schema\/person\/4bf0f383940966a4abd53f5048c0e6b9\",\"name\":\"admin\",\"image\":{\"@type\":\"ImageObject\",\"inLanguage\":\"es\",\"@id\":\"https:\/\/volcanes.net\/#\/schema\/person\/image\/\",\"url\":\"https:\/\/secure.gravatar.com\/avatar\/ca004e6cba8462b8cb7abc86e382930c?s=96&d=mm&r=g\",\"contentUrl\":\"https:\/\/secure.gravatar.com\/avatar\/ca004e6cba8462b8cb7abc86e382930c?s=96&d=mm&r=g\",\"caption\":\"admin\"}}]}<\/script>\n<!-- \/ Yoast SEO plugin. -->","yoast_head_json":{"title":"Vinculan a proceso a sujeto investigado por abuso sexual En Cuautitl\u00e1n Izcalli - Volcanes","robots":{"index":"index","follow":"follow","max-snippet":"max-snippet:-1","max-image-preview":"max-image-preview:large","max-video-preview":"max-video-preview:-1"},"canonical":"https:\/\/volcanes.net\/?p=817","og_locale":"es_MX","og_type":"article","og_title":"Vinculan a proceso a sujeto investigado por abuso sexual En Cuautitl\u00e1n Izcalli - Volcanes","og_description":"Toluca, M\u00e9xico, 25 de enero de 2018.- Un sujeto que habr\u00eda realizado tocamientos a una","og_url":"https:\/\/volcanes.net\/?p=817","og_site_name":"Volcanes","article_publisher":"https:\/\/www.facebook.com\/volcanes.net\/","article_published_time":"2018-01-25T23:09:23+00:00","og_image":[{"width":117,"height":160,"url":"https:\/\/volcanes.net\/wp-content\/uploads\/2018\/01\/FOTO-C80.jpg","type":"image\/jpeg"}],"author":"admin","twitter_card":"summary_large_image","twitter_misc":{"Escrito por":"admin","Tiempo de lectura":"2 minutos"},"schema":{"@context":"https:\/\/schema.org","@graph":[{"@type":"Article","@id":"https:\/\/volcanes.net\/?p=817#article","isPartOf":{"@id":"https:\/\/volcanes.net\/?p=817"},"author":{"name":"admin","@id":"https:\/\/volcanes.net\/#\/schema\/person\/4bf0f383940966a4abd53f5048c0e6b9"},"headline":"Vinculan a proceso a sujeto investigado por abuso sexual En Cuautitl\u00e1n Izcalli","datePublished":"2018-01-25T23:09:23+00:00","mainEntityOfPage":{"@id":"https:\/\/volcanes.net\/?p=817"},"wordCount":326,"commentCount":0,"publisher":{"@id":"https:\/\/volcanes.net\/#organization"},"image":{"@id":"https:\/\/volcanes.net\/?p=817#primaryimage"},"thumbnailUrl":"https:\/\/volcanes.net\/wp-content\/uploads\/2018\/01\/FOTO-C80.jpg","keywords":["Izcalli"],"articleSection":["Municipales"],"inLanguage":"es","potentialAction":[{"@type":"CommentAction","name":"Comment","target":["https:\/\/volcanes.net\/?p=817#respond"]}]},{"@type":"WebPage","@id":"https:\/\/volcanes.net\/?p=817","url":"https:\/\/volcanes.net\/?p=817","name":"Vinculan a proceso a sujeto investigado por abuso sexual En Cuautitl\u00e1n Izcalli - Volcanes","isPartOf":{"@id":"https:\/\/volcanes.net\/#website"},"primaryImageOfPage":{"@id":"https:\/\/volcanes.net\/?p=817#primaryimage"},"image":{"@id":"https:\/\/volcanes.net\/?p=817#primaryimage"},"thumbnailUrl":"https:\/\/volcanes.net\/wp-content\/uploads\/2018\/01\/FOTO-C80.jpg","datePublished":"2018-01-25T23:09:23+00:00","breadcrumb":{"@id":"https:\/\/volcanes.net\/?p=817#breadcrumb"},"inLanguage":"es","potentialAction":[{"@type":"ReadAction","target":["https:\/\/volcanes.net\/?p=817"]}]},{"@type":"ImageObject","inLanguage":"es","@id":"https:\/\/volcanes.net\/?p=817#primaryimage","url":"https:\/\/volcanes.net\/wp-content\/uploads\/2018\/01\/FOTO-C80.jpg","contentUrl":"https:\/\/volcanes.net\/wp-content\/uploads\/2018\/01\/FOTO-C80.jpg","width":117,"height":160},{"@type":"BreadcrumbList","@id":"https:\/\/volcanes.net\/?p=817#breadcrumb","itemListElement":[{"@type":"ListItem","position":1,"name":"Portada","item":"https:\/\/volcanes.net\/"},{"@type":"ListItem","position":2,"name":"Vinculan a proceso a sujeto investigado por abuso sexual En Cuautitl\u00e1n Izcalli"}]},{"@type":"WebSite","@id":"https:\/\/volcanes.net\/#website","url":"https:\/\/volcanes.net\/","name":"Volcanes.Net","description":"Periodismo Profesional","publisher":{"@id":"https:\/\/volcanes.net\/#organization"},"potentialAction":[{"@type":"SearchAction","target":{"@type":"EntryPoint","urlTemplate":"https:\/\/volcanes.net\/?s={search_term_string}"},"query-input":{"@type":"PropertyValueSpecification","valueRequired":true,"valueName":"search_term_string"}}],"inLanguage":"es"},{"@type":"Organization","@id":"https:\/\/volcanes.net\/#organization","name":"Grupo Volcanes","url":"https:\/\/volcanes.net\/","logo":{"@type":"ImageObject","inLanguage":"es","@id":"https:\/\/volcanes.net\/#\/schema\/logo\/image\/","url":"http:\/\/volcanes.net\/wp-content\/uploads\/2017\/12\/Avatar2.jpg","contentUrl":"http:\/\/volcanes.net\/wp-content\/uploads\/2017\/12\/Avatar2.jpg","width":378,"height":378,"caption":"Grupo Volcanes"},"image":{"@id":"https:\/\/volcanes.net\/#\/schema\/logo\/image\/"},"sameAs":["https:\/\/www.facebook.com\/volcanes.net\/"]},{"@type":"Person","@id":"https:\/\/volcanes.net\/#\/schema\/person\/4bf0f383940966a4abd53f5048c0e6b9","name":"admin","image":{"@type":"ImageObject","inLanguage":"es","@id":"https:\/\/volcanes.net\/#\/schema\/person\/image\/","url":"https:\/\/secure.gravatar.com\/avatar\/ca004e6cba8462b8cb7abc86e382930c?s=96&d=mm&r=g","contentUrl":"https:\/\/secure.gravatar.com\/avatar\/ca004e6cba8462b8cb7abc86e382930c?s=96&d=mm&r=g","caption":"admin"}}]}},"_links":{"self":[{"href":"https:\/\/volcanes.net\/index.php?rest_route=\/wp\/v2\/posts\/817"}],"collection":[{"href":"https:\/\/volcanes.net\/index.php?rest_route=\/wp\/v2\/posts"}],"about":[{"href":"https:\/\/volcanes.net\/index.php?rest_route=\/wp\/v2\/types\/post"}],"author":[{"embeddable":true,"href":"https:\/\/volcanes.net\/index.php?rest_route=\/wp\/v2\/users\/1"}],"replies":[{"embeddable":true,"href":"https:\/\/volcanes.net\/index.php?rest_route=%2Fwp%2Fv2%2Fcomments&post=817"}],"version-history":[{"count":1,"href":"https:\/\/volcanes.net\/index.php?rest_route=\/wp\/v2\/posts\/817\/revisions"}],"predecessor-version":[{"id":819,"href":"https:\/\/volcanes.net\/index.php?rest_route=\/wp\/v2\/posts\/817\/revisions\/819"}],"wp:featuredmedia":[{"embeddable":true,"href":"https:\/\/volcanes.net\/index.php?rest_route=\/wp\/v2\/media\/818"}],"wp:attachment":[{"href":"https:\/\/volcanes.net\/index.php?rest_route=%2Fwp%2Fv2%2Fmedia&parent=817"}],"wp:term":[{"taxonomy":"category","embeddable":true,"href":"https:\/\/volcanes.net\/index.php?rest_route=%2Fwp%2Fv2%2Fcategories&post=817"},{"taxonomy":"post_tag","embeddable":true,"href":"https:\/\/volcanes.net\/index.php?rest_route=%2Fwp%2Fv2%2Ftags&post=817"}],"curies":[{"name":"wp","href":"https:\/\/api.w.org\/{rel}","templated":true}]}}