{"id":8173,"date":"2020-09-01T17:14:29","date_gmt":"2020-09-01T23:14:29","guid":{"rendered":"http:\/\/volcanes.net\/?p=8173"},"modified":"2020-09-01T20:19:47","modified_gmt":"2020-09-02T02:19:47","slug":"se-llevo-a-cabo-el-foro-para-la-reactivacion-del-campo-mexiquense-en-tenango-del-aire","status":"publish","type":"post","link":"https:\/\/volcanes.net\/?p=8173","title":{"rendered":"Se llev\u00f3 a cabo el foro para la reactivaci\u00f3n del campo mexiquense en Tenango del Aire"},"content":{"rendered":"<div style=\"margin-top: 0px; margin-bottom: 0px;\" class=\"sharethis-inline-share-buttons\" ><\/div><p>Tenango del Aire, Estado de M\u00e9xico.- En entrevista para este medio la Secretar\u00eda de desarrollo agropecuario Rocio D\u00edaz Montoya asisti\u00f3 ha este municipio mexiquense que preside el arq. Roberto Avila Ventura en donde se llevo a cabo el foro n\u00famero 22; foros de los cuales se est\u00e1n realizando a lo largo y ancho de todo el territorio del Estado de M\u00e9xico por producto como el aguacate, maguey etc desde el peque\u00f1o hasta el grande productor.<\/p>\n<p>Cabe mencionar que en estos foros se hace la invitaci\u00f3n de acad\u00e9micos as\u00ed como la realizaci\u00f3n de nexos importantes, adem\u00e1s de que se trabajara con el presupuesto hasta el 2023, ante este hecho el gobernador Alfredo del Mazo a pedido que se muestren las estrategias para el campo.<\/p>\n<p>Acci\u00f3n que se ha implementado a ra\u00edz de la pandemia provocada por el virus COVID-19, ya que de esta forma permite tener una alimentaci\u00f3n mejor y beneficiar al sector agricultor. Ante ello, la funcionaria comenta que este sector es uno de los m\u00e1s importantes para el territorio mexiquenses ya que ellos producen los alimentos que llegan hasta los hogares de cada habitante.<\/p>\n<p>No obstante, D\u00edaz Montoya comenta que el an\u00e1lisis preliminar que se lleva es que Tenango del Aire puede crecer en la producci\u00f3n de la plantas\u00a0 medicinales, mientras que Ozumba en la producci\u00f3n de aguacate.<\/p>\n<p>&nbsp;<\/p>\n<p>Se llevo a cabo el foro para la reactivaci\u00f3n del campo mexiquense en Tenango del Aire<\/p>\n","protected":false},"excerpt":{"rendered":"<p>Tenango del Aire, Estado de M\u00e9xico.- En entrevista para este medio la Secretar\u00eda de desarrollo<\/p>\n","protected":false},"author":1,"featured_media":8174,"comment_status":"open","ping_status":"open","sticky":false,"template":"","format":"standard","meta":{"footnotes":""},"categories":[1],"tags":[17],"class_list":["post-8173","post","type-post","status-publish","format-standard","has-post-thumbnail","hentry","category-municipales","tag-tenango-del-aire"],"yoast_head":"<!-- This site is optimized with the Yoast SEO plugin v25.3 - https:\/\/yoast.com\/wordpress\/plugins\/seo\/ -->\n<title>Se llev\u00f3 a cabo el foro para la reactivaci\u00f3n del campo mexiquense en Tenango del Aire - Volcanes<\/title>\n<meta name=\"robots\" content=\"index, follow, max-snippet:-1, max-image-preview:large, max-video-preview:-1\" \/>\n<link rel=\"canonical\" href=\"https:\/\/volcanes.net\/?p=8173\" \/>\n<meta property=\"og:locale\" content=\"es_MX\" \/>\n<meta property=\"og:type\" content=\"article\" \/>\n<meta property=\"og:title\" content=\"Se llev\u00f3 a cabo el foro para la reactivaci\u00f3n del campo mexiquense en Tenango del Aire - Volcanes\" \/>\n<meta property=\"og:description\" content=\"Tenango del Aire, Estado de M\u00e9xico.- En entrevista para este medio la Secretar\u00eda de desarrollo\" \/>\n<meta property=\"og:url\" content=\"https:\/\/volcanes.net\/?p=8173\" \/>\n<meta property=\"og:site_name\" content=\"Volcanes\" \/>\n<meta property=\"article:publisher\" content=\"https:\/\/www.facebook.com\/volcanes.net\/\" \/>\n<meta property=\"article:published_time\" content=\"2020-09-01T23:14:29+00:00\" \/>\n<meta property=\"article:modified_time\" content=\"2020-09-02T02:19:47+00:00\" \/>\n<meta property=\"og:image\" content=\"https:\/\/volcanes.net\/wp-content\/uploads\/2020\/09\/1d1f1637-30a9-4c2b-a881-6c2f51e429ee.jpg\" \/>\n\t<meta property=\"og:image:width\" content=\"540\" \/>\n\t<meta property=\"og:image:height\" content=\"222\" \/>\n\t<meta property=\"og:image:type\" content=\"image\/jpeg\" \/>\n<meta name=\"author\" content=\"admin\" \/>\n<meta name=\"twitter:card\" content=\"summary_large_image\" \/>\n<meta name=\"twitter:label1\" content=\"Escrito por\" \/>\n\t<meta name=\"twitter:data1\" content=\"admin\" \/>\n\t<meta name=\"twitter:label2\" content=\"Tiempo de lectura\" \/>\n\t<meta name=\"twitter:data2\" content=\"1 minuto\" \/>\n<script type=\"application\/ld+json\" class=\"yoast-schema-graph\">{\"@context\":\"https:\/\/schema.org\",\"@graph\":[{\"@type\":\"Article\",\"@id\":\"https:\/\/volcanes.net\/?p=8173#article\",\"isPartOf\":{\"@id\":\"https:\/\/volcanes.net\/?p=8173\"},\"author\":{\"name\":\"admin\",\"@id\":\"https:\/\/volcanes.net\/#\/schema\/person\/4bf0f383940966a4abd53f5048c0e6b9\"},\"headline\":\"Se llev\u00f3 a cabo el foro para la reactivaci\u00f3n del campo mexiquense en Tenango del Aire\",\"datePublished\":\"2020-09-01T23:14:29+00:00\",\"dateModified\":\"2020-09-02T02:19:47+00:00\",\"mainEntityOfPage\":{\"@id\":\"https:\/\/volcanes.net\/?p=8173\"},\"wordCount\":272,\"commentCount\":0,\"publisher\":{\"@id\":\"https:\/\/volcanes.net\/#organization\"},\"image\":{\"@id\":\"https:\/\/volcanes.net\/?p=8173#primaryimage\"},\"thumbnailUrl\":\"https:\/\/volcanes.net\/wp-content\/uploads\/2020\/09\/1d1f1637-30a9-4c2b-a881-6c2f51e429ee.jpg\",\"keywords\":[\"Tenango del Aire\"],\"articleSection\":[\"Municipales\"],\"inLanguage\":\"es\",\"potentialAction\":[{\"@type\":\"CommentAction\",\"name\":\"Comment\",\"target\":[\"https:\/\/volcanes.net\/?p=8173#respond\"]}]},{\"@type\":\"WebPage\",\"@id\":\"https:\/\/volcanes.net\/?p=8173\",\"url\":\"https:\/\/volcanes.net\/?p=8173\",\"name\":\"Se llev\u00f3 a cabo el foro para la reactivaci\u00f3n del campo mexiquense en Tenango del Aire - Volcanes\",\"isPartOf\":{\"@id\":\"https:\/\/volcanes.net\/#website\"},\"primaryImageOfPage\":{\"@id\":\"https:\/\/volcanes.net\/?p=8173#primaryimage\"},\"image\":{\"@id\":\"https:\/\/volcanes.net\/?p=8173#primaryimage\"},\"thumbnailUrl\":\"https:\/\/volcanes.net\/wp-content\/uploads\/2020\/09\/1d1f1637-30a9-4c2b-a881-6c2f51e429ee.jpg\",\"datePublished\":\"2020-09-01T23:14:29+00:00\",\"dateModified\":\"2020-09-02T02:19:47+00:00\",\"breadcrumb\":{\"@id\":\"https:\/\/volcanes.net\/?p=8173#breadcrumb\"},\"inLanguage\":\"es\",\"potentialAction\":[{\"@type\":\"ReadAction\",\"target\":[\"https:\/\/volcanes.net\/?p=8173\"]}]},{\"@type\":\"ImageObject\",\"inLanguage\":\"es\",\"@id\":\"https:\/\/volcanes.net\/?p=8173#primaryimage\",\"url\":\"https:\/\/volcanes.net\/wp-content\/uploads\/2020\/09\/1d1f1637-30a9-4c2b-a881-6c2f51e429ee.jpg\",\"contentUrl\":\"https:\/\/volcanes.net\/wp-content\/uploads\/2020\/09\/1d1f1637-30a9-4c2b-a881-6c2f51e429ee.jpg\",\"width\":540,\"height\":222},{\"@type\":\"BreadcrumbList\",\"@id\":\"https:\/\/volcanes.net\/?p=8173#breadcrumb\",\"itemListElement\":[{\"@type\":\"ListItem\",\"position\":1,\"name\":\"Portada\",\"item\":\"https:\/\/volcanes.net\/\"},{\"@type\":\"ListItem\",\"position\":2,\"name\":\"Se llev\u00f3 a cabo el foro para la reactivaci\u00f3n del campo mexiquense en Tenango del Aire\"}]},{\"@type\":\"WebSite\",\"@id\":\"https:\/\/volcanes.net\/#website\",\"url\":\"https:\/\/volcanes.net\/\",\"name\":\"Volcanes.Net\",\"description\":\"Periodismo Profesional\",\"publisher\":{\"@id\":\"https:\/\/volcanes.net\/#organization\"},\"potentialAction\":[{\"@type\":\"SearchAction\",\"target\":{\"@type\":\"EntryPoint\",\"urlTemplate\":\"https:\/\/volcanes.net\/?s={search_term_string}\"},\"query-input\":{\"@type\":\"PropertyValueSpecification\",\"valueRequired\":true,\"valueName\":\"search_term_string\"}}],\"inLanguage\":\"es\"},{\"@type\":\"Organization\",\"@id\":\"https:\/\/volcanes.net\/#organization\",\"name\":\"Grupo Volcanes\",\"url\":\"https:\/\/volcanes.net\/\",\"logo\":{\"@type\":\"ImageObject\",\"inLanguage\":\"es\",\"@id\":\"https:\/\/volcanes.net\/#\/schema\/logo\/image\/\",\"url\":\"http:\/\/volcanes.net\/wp-content\/uploads\/2017\/12\/Avatar2.jpg\",\"contentUrl\":\"http:\/\/volcanes.net\/wp-content\/uploads\/2017\/12\/Avatar2.jpg\",\"width\":378,\"height\":378,\"caption\":\"Grupo Volcanes\"},\"image\":{\"@id\":\"https:\/\/volcanes.net\/#\/schema\/logo\/image\/\"},\"sameAs\":[\"https:\/\/www.facebook.com\/volcanes.net\/\"]},{\"@type\":\"Person\",\"@id\":\"https:\/\/volcanes.net\/#\/schema\/person\/4bf0f383940966a4abd53f5048c0e6b9\",\"name\":\"admin\",\"image\":{\"@type\":\"ImageObject\",\"inLanguage\":\"es\",\"@id\":\"https:\/\/volcanes.net\/#\/schema\/person\/image\/\",\"url\":\"https:\/\/secure.gravatar.com\/avatar\/ca004e6cba8462b8cb7abc86e382930c?s=96&d=mm&r=g\",\"contentUrl\":\"https:\/\/secure.gravatar.com\/avatar\/ca004e6cba8462b8cb7abc86e382930c?s=96&d=mm&r=g\",\"caption\":\"admin\"}}]}<\/script>\n<!-- \/ Yoast SEO plugin. -->","yoast_head_json":{"title":"Se llev\u00f3 a cabo el foro para la reactivaci\u00f3n del campo mexiquense en Tenango del Aire - Volcanes","robots":{"index":"index","follow":"follow","max-snippet":"max-snippet:-1","max-image-preview":"max-image-preview:large","max-video-preview":"max-video-preview:-1"},"canonical":"https:\/\/volcanes.net\/?p=8173","og_locale":"es_MX","og_type":"article","og_title":"Se llev\u00f3 a cabo el foro para la reactivaci\u00f3n del campo mexiquense en Tenango del Aire - Volcanes","og_description":"Tenango del Aire, Estado de M\u00e9xico.- En entrevista para este medio la Secretar\u00eda de desarrollo","og_url":"https:\/\/volcanes.net\/?p=8173","og_site_name":"Volcanes","article_publisher":"https:\/\/www.facebook.com\/volcanes.net\/","article_published_time":"2020-09-01T23:14:29+00:00","article_modified_time":"2020-09-02T02:19:47+00:00","og_image":[{"width":540,"height":222,"url":"https:\/\/volcanes.net\/wp-content\/uploads\/2020\/09\/1d1f1637-30a9-4c2b-a881-6c2f51e429ee.jpg","type":"image\/jpeg"}],"author":"admin","twitter_card":"summary_large_image","twitter_misc":{"Escrito por":"admin","Tiempo de lectura":"1 minuto"},"schema":{"@context":"https:\/\/schema.org","@graph":[{"@type":"Article","@id":"https:\/\/volcanes.net\/?p=8173#article","isPartOf":{"@id":"https:\/\/volcanes.net\/?p=8173"},"author":{"name":"admin","@id":"https:\/\/volcanes.net\/#\/schema\/person\/4bf0f383940966a4abd53f5048c0e6b9"},"headline":"Se llev\u00f3 a cabo el foro para la reactivaci\u00f3n del campo mexiquense en Tenango del Aire","datePublished":"2020-09-01T23:14:29+00:00","dateModified":"2020-09-02T02:19:47+00:00","mainEntityOfPage":{"@id":"https:\/\/volcanes.net\/?p=8173"},"wordCount":272,"commentCount":0,"publisher":{"@id":"https:\/\/volcanes.net\/#organization"},"image":{"@id":"https:\/\/volcanes.net\/?p=8173#primaryimage"},"thumbnailUrl":"https:\/\/volcanes.net\/wp-content\/uploads\/2020\/09\/1d1f1637-30a9-4c2b-a881-6c2f51e429ee.jpg","keywords":["Tenango del Aire"],"articleSection":["Municipales"],"inLanguage":"es","potentialAction":[{"@type":"CommentAction","name":"Comment","target":["https:\/\/volcanes.net\/?p=8173#respond"]}]},{"@type":"WebPage","@id":"https:\/\/volcanes.net\/?p=8173","url":"https:\/\/volcanes.net\/?p=8173","name":"Se llev\u00f3 a cabo el foro para la reactivaci\u00f3n del campo mexiquense en Tenango del Aire - Volcanes","isPartOf":{"@id":"https:\/\/volcanes.net\/#website"},"primaryImageOfPage":{"@id":"https:\/\/volcanes.net\/?p=8173#primaryimage"},"image":{"@id":"https:\/\/volcanes.net\/?p=8173#primaryimage"},"thumbnailUrl":"https:\/\/volcanes.net\/wp-content\/uploads\/2020\/09\/1d1f1637-30a9-4c2b-a881-6c2f51e429ee.jpg","datePublished":"2020-09-01T23:14:29+00:00","dateModified":"2020-09-02T02:19:47+00:00","breadcrumb":{"@id":"https:\/\/volcanes.net\/?p=8173#breadcrumb"},"inLanguage":"es","potentialAction":[{"@type":"ReadAction","target":["https:\/\/volcanes.net\/?p=8173"]}]},{"@type":"ImageObject","inLanguage":"es","@id":"https:\/\/volcanes.net\/?p=8173#primaryimage","url":"https:\/\/volcanes.net\/wp-content\/uploads\/2020\/09\/1d1f1637-30a9-4c2b-a881-6c2f51e429ee.jpg","contentUrl":"https:\/\/volcanes.net\/wp-content\/uploads\/2020\/09\/1d1f1637-30a9-4c2b-a881-6c2f51e429ee.jpg","width":540,"height":222},{"@type":"BreadcrumbList","@id":"https:\/\/volcanes.net\/?p=8173#breadcrumb","itemListElement":[{"@type":"ListItem","position":1,"name":"Portada","item":"https:\/\/volcanes.net\/"},{"@type":"ListItem","position":2,"name":"Se llev\u00f3 a cabo el foro para la reactivaci\u00f3n del campo mexiquense en Tenango del Aire"}]},{"@type":"WebSite","@id":"https:\/\/volcanes.net\/#website","url":"https:\/\/volcanes.net\/","name":"Volcanes.Net","description":"Periodismo Profesional","publisher":{"@id":"https:\/\/volcanes.net\/#organization"},"potentialAction":[{"@type":"SearchAction","target":{"@type":"EntryPoint","urlTemplate":"https:\/\/volcanes.net\/?s={search_term_string}"},"query-input":{"@type":"PropertyValueSpecification","valueRequired":true,"valueName":"search_term_string"}}],"inLanguage":"es"},{"@type":"Organization","@id":"https:\/\/volcanes.net\/#organization","name":"Grupo Volcanes","url":"https:\/\/volcanes.net\/","logo":{"@type":"ImageObject","inLanguage":"es","@id":"https:\/\/volcanes.net\/#\/schema\/logo\/image\/","url":"http:\/\/volcanes.net\/wp-content\/uploads\/2017\/12\/Avatar2.jpg","contentUrl":"http:\/\/volcanes.net\/wp-content\/uploads\/2017\/12\/Avatar2.jpg","width":378,"height":378,"caption":"Grupo Volcanes"},"image":{"@id":"https:\/\/volcanes.net\/#\/schema\/logo\/image\/"},"sameAs":["https:\/\/www.facebook.com\/volcanes.net\/"]},{"@type":"Person","@id":"https:\/\/volcanes.net\/#\/schema\/person\/4bf0f383940966a4abd53f5048c0e6b9","name":"admin","image":{"@type":"ImageObject","inLanguage":"es","@id":"https:\/\/volcanes.net\/#\/schema\/person\/image\/","url":"https:\/\/secure.gravatar.com\/avatar\/ca004e6cba8462b8cb7abc86e382930c?s=96&d=mm&r=g","contentUrl":"https:\/\/secure.gravatar.com\/avatar\/ca004e6cba8462b8cb7abc86e382930c?s=96&d=mm&r=g","caption":"admin"}}]}},"_links":{"self":[{"href":"https:\/\/volcanes.net\/index.php?rest_route=\/wp\/v2\/posts\/8173"}],"collection":[{"href":"https:\/\/volcanes.net\/index.php?rest_route=\/wp\/v2\/posts"}],"about":[{"href":"https:\/\/volcanes.net\/index.php?rest_route=\/wp\/v2\/types\/post"}],"author":[{"embeddable":true,"href":"https:\/\/volcanes.net\/index.php?rest_route=\/wp\/v2\/users\/1"}],"replies":[{"embeddable":true,"href":"https:\/\/volcanes.net\/index.php?rest_route=%2Fwp%2Fv2%2Fcomments&post=8173"}],"version-history":[{"count":2,"href":"https:\/\/volcanes.net\/index.php?rest_route=\/wp\/v2\/posts\/8173\/revisions"}],"predecessor-version":[{"id":8177,"href":"https:\/\/volcanes.net\/index.php?rest_route=\/wp\/v2\/posts\/8173\/revisions\/8177"}],"wp:featuredmedia":[{"embeddable":true,"href":"https:\/\/volcanes.net\/index.php?rest_route=\/wp\/v2\/media\/8174"}],"wp:attachment":[{"href":"https:\/\/volcanes.net\/index.php?rest_route=%2Fwp%2Fv2%2Fmedia&parent=8173"}],"wp:term":[{"taxonomy":"category","embeddable":true,"href":"https:\/\/volcanes.net\/index.php?rest_route=%2Fwp%2Fv2%2Fcategories&post=8173"},{"taxonomy":"post_tag","embeddable":true,"href":"https:\/\/volcanes.net\/index.php?rest_route=%2Fwp%2Fv2%2Ftags&post=8173"}],"curies":[{"name":"wp","href":"https:\/\/api.w.org\/{rel}","templated":true}]}}