{"id":8190,"date":"2020-09-02T10:15:02","date_gmt":"2020-09-02T16:15:02","guid":{"rendered":"http:\/\/volcanes.net\/?p=8190"},"modified":"2020-09-03T10:24:56","modified_gmt":"2020-09-03T16:24:56","slug":"edil-de-ozumba-gestiona-apoyos-para-el-campo","status":"publish","type":"post","link":"https:\/\/volcanes.net\/?p=8190","title":{"rendered":"Edil de Ozumba gestiona apoyos para el campo"},"content":{"rendered":"<div style=\"margin-top: 0px; margin-bottom: 0px;\" class=\"sharethis-inline-share-buttons\" ><\/div><p>Ozumba, Estado de M\u00e9xico.- El presidente de este municipio mexiquense Valent\u00edn Mart\u00ednez Castillo el d\u00eda de ayer 01 de septiembre asisti\u00f3 al &#8220;Foro para la reactivaci\u00f3n del campo mexiquense&#8221; el cual se realiz\u00f3 en el municipio de Tenango del Aire, Estado de M\u00e9xico en donde estuvieron presentes diferentes autoridades municipales as\u00ed como la Secretar\u00eda de desarrollo agropecuario Rocio D\u00edaz Montoya asisti\u00f3 en representaci\u00f3n del gobernador Alfredo del Mazo.<\/p>\n<p>Ante\u00a0 ello, el edil Mart\u00ednez Castillo dio a conocer que ha platicado con la secretar\u00eda de la SEDAGRO con la finalidad de gestionar apoyo para el campo, debido a que los agricultores de Ozumba solicitan apoyo acci\u00f3n a la que D\u00edaz Montoya accedi\u00f3 en beneficio de los agricultores, sin embargo, ya se tienen contemplados algunos programas de los cuales requieren del apoyo de la SEDAGRO.<\/p>\n<p>Desafortunadamente el apoyo no ha llegado completo para los agricultores Ozumbenses, ya que en la demarcaci\u00f3n se cultiva infinidad de producto, desde ma\u00edz, jitomate, aguacate etc, por lo que si es de suma importancia que el gobierno del Estado de M\u00e9xico a trav\u00e9s de la SEDAGRO apoye a este sector. No obstante, el Ayuntamiento de Ozumba tambi\u00e9n a buscado sus propios recursos para ayudar a los productores.<\/p>\n<p>Por otra parte el Ayuntamiento a tomado la iniciativa de rehabilitaci\u00f3n los caminos de saca cosecha acci\u00f3n de beneficiara de manera directa a los campesinos Ozumbenses.<\/p>\n<p>https:\/\/www.facebook.com\/volcanestv\/posts\/354890429228553<\/p>\n","protected":false},"excerpt":{"rendered":"<p>Ozumba, Estado de M\u00e9xico.- El presidente de este municipio mexiquense Valent\u00edn Mart\u00ednez Castillo el d\u00eda<\/p>\n","protected":false},"author":1,"featured_media":8191,"comment_status":"open","ping_status":"open","sticky":false,"template":"","format":"standard","meta":{"footnotes":""},"categories":[1],"tags":[14],"class_list":["post-8190","post","type-post","status-publish","format-standard","has-post-thumbnail","hentry","category-municipales","tag-ozumba"],"yoast_head":"<!-- This site is optimized with the Yoast SEO plugin v25.3 - https:\/\/yoast.com\/wordpress\/plugins\/seo\/ -->\n<title>Edil de Ozumba gestiona apoyos para el campo - Volcanes<\/title>\n<meta name=\"robots\" content=\"index, follow, max-snippet:-1, max-image-preview:large, max-video-preview:-1\" \/>\n<link rel=\"canonical\" href=\"https:\/\/volcanes.net\/?p=8190\" \/>\n<meta property=\"og:locale\" content=\"es_MX\" \/>\n<meta property=\"og:type\" content=\"article\" \/>\n<meta property=\"og:title\" content=\"Edil de Ozumba gestiona apoyos para el campo - Volcanes\" \/>\n<meta property=\"og:description\" content=\"Ozumba, Estado de M\u00e9xico.- El presidente de este municipio mexiquense Valent\u00edn Mart\u00ednez Castillo el d\u00eda\" \/>\n<meta property=\"og:url\" content=\"https:\/\/volcanes.net\/?p=8190\" \/>\n<meta property=\"og:site_name\" content=\"Volcanes\" \/>\n<meta property=\"article:publisher\" content=\"https:\/\/www.facebook.com\/volcanes.net\/\" \/>\n<meta property=\"article:published_time\" content=\"2020-09-02T16:15:02+00:00\" \/>\n<meta property=\"article:modified_time\" content=\"2020-09-03T16:24:56+00:00\" \/>\n<meta property=\"og:image\" content=\"https:\/\/volcanes.net\/wp-content\/uploads\/2020\/09\/WhatsApp-Image-2020-09-02-at-11.12.03-AM.jpeg\" \/>\n\t<meta property=\"og:image:width\" content=\"538\" \/>\n\t<meta property=\"og:image:height\" content=\"305\" \/>\n\t<meta property=\"og:image:type\" content=\"image\/jpeg\" \/>\n<meta name=\"author\" content=\"admin\" \/>\n<meta name=\"twitter:card\" content=\"summary_large_image\" \/>\n<meta name=\"twitter:label1\" content=\"Escrito por\" \/>\n\t<meta name=\"twitter:data1\" content=\"admin\" \/>\n\t<meta name=\"twitter:label2\" content=\"Tiempo de lectura\" \/>\n\t<meta name=\"twitter:data2\" content=\"1 minuto\" \/>\n<script type=\"application\/ld+json\" class=\"yoast-schema-graph\">{\"@context\":\"https:\/\/schema.org\",\"@graph\":[{\"@type\":\"Article\",\"@id\":\"https:\/\/volcanes.net\/?p=8190#article\",\"isPartOf\":{\"@id\":\"https:\/\/volcanes.net\/?p=8190\"},\"author\":{\"name\":\"admin\",\"@id\":\"https:\/\/volcanes.net\/#\/schema\/person\/4bf0f383940966a4abd53f5048c0e6b9\"},\"headline\":\"Edil de Ozumba gestiona apoyos para el campo\",\"datePublished\":\"2020-09-02T16:15:02+00:00\",\"dateModified\":\"2020-09-03T16:24:56+00:00\",\"mainEntityOfPage\":{\"@id\":\"https:\/\/volcanes.net\/?p=8190\"},\"wordCount\":260,\"commentCount\":0,\"publisher\":{\"@id\":\"https:\/\/volcanes.net\/#organization\"},\"image\":{\"@id\":\"https:\/\/volcanes.net\/?p=8190#primaryimage\"},\"thumbnailUrl\":\"https:\/\/volcanes.net\/wp-content\/uploads\/2020\/09\/WhatsApp-Image-2020-09-02-at-11.12.03-AM.jpeg\",\"keywords\":[\"Ozumba\"],\"articleSection\":[\"Municipales\"],\"inLanguage\":\"es\",\"potentialAction\":[{\"@type\":\"CommentAction\",\"name\":\"Comment\",\"target\":[\"https:\/\/volcanes.net\/?p=8190#respond\"]}]},{\"@type\":\"WebPage\",\"@id\":\"https:\/\/volcanes.net\/?p=8190\",\"url\":\"https:\/\/volcanes.net\/?p=8190\",\"name\":\"Edil de Ozumba gestiona apoyos para el campo - Volcanes\",\"isPartOf\":{\"@id\":\"https:\/\/volcanes.net\/#website\"},\"primaryImageOfPage\":{\"@id\":\"https:\/\/volcanes.net\/?p=8190#primaryimage\"},\"image\":{\"@id\":\"https:\/\/volcanes.net\/?p=8190#primaryimage\"},\"thumbnailUrl\":\"https:\/\/volcanes.net\/wp-content\/uploads\/2020\/09\/WhatsApp-Image-2020-09-02-at-11.12.03-AM.jpeg\",\"datePublished\":\"2020-09-02T16:15:02+00:00\",\"dateModified\":\"2020-09-03T16:24:56+00:00\",\"breadcrumb\":{\"@id\":\"https:\/\/volcanes.net\/?p=8190#breadcrumb\"},\"inLanguage\":\"es\",\"potentialAction\":[{\"@type\":\"ReadAction\",\"target\":[\"https:\/\/volcanes.net\/?p=8190\"]}]},{\"@type\":\"ImageObject\",\"inLanguage\":\"es\",\"@id\":\"https:\/\/volcanes.net\/?p=8190#primaryimage\",\"url\":\"https:\/\/volcanes.net\/wp-content\/uploads\/2020\/09\/WhatsApp-Image-2020-09-02-at-11.12.03-AM.jpeg\",\"contentUrl\":\"https:\/\/volcanes.net\/wp-content\/uploads\/2020\/09\/WhatsApp-Image-2020-09-02-at-11.12.03-AM.jpeg\",\"width\":538,\"height\":305},{\"@type\":\"BreadcrumbList\",\"@id\":\"https:\/\/volcanes.net\/?p=8190#breadcrumb\",\"itemListElement\":[{\"@type\":\"ListItem\",\"position\":1,\"name\":\"Portada\",\"item\":\"https:\/\/volcanes.net\/\"},{\"@type\":\"ListItem\",\"position\":2,\"name\":\"Edil de Ozumba gestiona apoyos para el campo\"}]},{\"@type\":\"WebSite\",\"@id\":\"https:\/\/volcanes.net\/#website\",\"url\":\"https:\/\/volcanes.net\/\",\"name\":\"Volcanes.Net\",\"description\":\"Periodismo Profesional\",\"publisher\":{\"@id\":\"https:\/\/volcanes.net\/#organization\"},\"potentialAction\":[{\"@type\":\"SearchAction\",\"target\":{\"@type\":\"EntryPoint\",\"urlTemplate\":\"https:\/\/volcanes.net\/?s={search_term_string}\"},\"query-input\":{\"@type\":\"PropertyValueSpecification\",\"valueRequired\":true,\"valueName\":\"search_term_string\"}}],\"inLanguage\":\"es\"},{\"@type\":\"Organization\",\"@id\":\"https:\/\/volcanes.net\/#organization\",\"name\":\"Grupo Volcanes\",\"url\":\"https:\/\/volcanes.net\/\",\"logo\":{\"@type\":\"ImageObject\",\"inLanguage\":\"es\",\"@id\":\"https:\/\/volcanes.net\/#\/schema\/logo\/image\/\",\"url\":\"http:\/\/volcanes.net\/wp-content\/uploads\/2017\/12\/Avatar2.jpg\",\"contentUrl\":\"http:\/\/volcanes.net\/wp-content\/uploads\/2017\/12\/Avatar2.jpg\",\"width\":378,\"height\":378,\"caption\":\"Grupo Volcanes\"},\"image\":{\"@id\":\"https:\/\/volcanes.net\/#\/schema\/logo\/image\/\"},\"sameAs\":[\"https:\/\/www.facebook.com\/volcanes.net\/\"]},{\"@type\":\"Person\",\"@id\":\"https:\/\/volcanes.net\/#\/schema\/person\/4bf0f383940966a4abd53f5048c0e6b9\",\"name\":\"admin\",\"image\":{\"@type\":\"ImageObject\",\"inLanguage\":\"es\",\"@id\":\"https:\/\/volcanes.net\/#\/schema\/person\/image\/\",\"url\":\"https:\/\/secure.gravatar.com\/avatar\/ca004e6cba8462b8cb7abc86e382930c?s=96&d=mm&r=g\",\"contentUrl\":\"https:\/\/secure.gravatar.com\/avatar\/ca004e6cba8462b8cb7abc86e382930c?s=96&d=mm&r=g\",\"caption\":\"admin\"}}]}<\/script>\n<!-- \/ Yoast SEO plugin. -->","yoast_head_json":{"title":"Edil de Ozumba gestiona apoyos para el campo - Volcanes","robots":{"index":"index","follow":"follow","max-snippet":"max-snippet:-1","max-image-preview":"max-image-preview:large","max-video-preview":"max-video-preview:-1"},"canonical":"https:\/\/volcanes.net\/?p=8190","og_locale":"es_MX","og_type":"article","og_title":"Edil de Ozumba gestiona apoyos para el campo - Volcanes","og_description":"Ozumba, Estado de M\u00e9xico.- El presidente de este municipio mexiquense Valent\u00edn Mart\u00ednez Castillo el d\u00eda","og_url":"https:\/\/volcanes.net\/?p=8190","og_site_name":"Volcanes","article_publisher":"https:\/\/www.facebook.com\/volcanes.net\/","article_published_time":"2020-09-02T16:15:02+00:00","article_modified_time":"2020-09-03T16:24:56+00:00","og_image":[{"width":538,"height":305,"url":"https:\/\/volcanes.net\/wp-content\/uploads\/2020\/09\/WhatsApp-Image-2020-09-02-at-11.12.03-AM.jpeg","type":"image\/jpeg"}],"author":"admin","twitter_card":"summary_large_image","twitter_misc":{"Escrito por":"admin","Tiempo de lectura":"1 minuto"},"schema":{"@context":"https:\/\/schema.org","@graph":[{"@type":"Article","@id":"https:\/\/volcanes.net\/?p=8190#article","isPartOf":{"@id":"https:\/\/volcanes.net\/?p=8190"},"author":{"name":"admin","@id":"https:\/\/volcanes.net\/#\/schema\/person\/4bf0f383940966a4abd53f5048c0e6b9"},"headline":"Edil de Ozumba gestiona apoyos para el campo","datePublished":"2020-09-02T16:15:02+00:00","dateModified":"2020-09-03T16:24:56+00:00","mainEntityOfPage":{"@id":"https:\/\/volcanes.net\/?p=8190"},"wordCount":260,"commentCount":0,"publisher":{"@id":"https:\/\/volcanes.net\/#organization"},"image":{"@id":"https:\/\/volcanes.net\/?p=8190#primaryimage"},"thumbnailUrl":"https:\/\/volcanes.net\/wp-content\/uploads\/2020\/09\/WhatsApp-Image-2020-09-02-at-11.12.03-AM.jpeg","keywords":["Ozumba"],"articleSection":["Municipales"],"inLanguage":"es","potentialAction":[{"@type":"CommentAction","name":"Comment","target":["https:\/\/volcanes.net\/?p=8190#respond"]}]},{"@type":"WebPage","@id":"https:\/\/volcanes.net\/?p=8190","url":"https:\/\/volcanes.net\/?p=8190","name":"Edil de Ozumba gestiona apoyos para el campo - Volcanes","isPartOf":{"@id":"https:\/\/volcanes.net\/#website"},"primaryImageOfPage":{"@id":"https:\/\/volcanes.net\/?p=8190#primaryimage"},"image":{"@id":"https:\/\/volcanes.net\/?p=8190#primaryimage"},"thumbnailUrl":"https:\/\/volcanes.net\/wp-content\/uploads\/2020\/09\/WhatsApp-Image-2020-09-02-at-11.12.03-AM.jpeg","datePublished":"2020-09-02T16:15:02+00:00","dateModified":"2020-09-03T16:24:56+00:00","breadcrumb":{"@id":"https:\/\/volcanes.net\/?p=8190#breadcrumb"},"inLanguage":"es","potentialAction":[{"@type":"ReadAction","target":["https:\/\/volcanes.net\/?p=8190"]}]},{"@type":"ImageObject","inLanguage":"es","@id":"https:\/\/volcanes.net\/?p=8190#primaryimage","url":"https:\/\/volcanes.net\/wp-content\/uploads\/2020\/09\/WhatsApp-Image-2020-09-02-at-11.12.03-AM.jpeg","contentUrl":"https:\/\/volcanes.net\/wp-content\/uploads\/2020\/09\/WhatsApp-Image-2020-09-02-at-11.12.03-AM.jpeg","width":538,"height":305},{"@type":"BreadcrumbList","@id":"https:\/\/volcanes.net\/?p=8190#breadcrumb","itemListElement":[{"@type":"ListItem","position":1,"name":"Portada","item":"https:\/\/volcanes.net\/"},{"@type":"ListItem","position":2,"name":"Edil de Ozumba gestiona apoyos para el campo"}]},{"@type":"WebSite","@id":"https:\/\/volcanes.net\/#website","url":"https:\/\/volcanes.net\/","name":"Volcanes.Net","description":"Periodismo Profesional","publisher":{"@id":"https:\/\/volcanes.net\/#organization"},"potentialAction":[{"@type":"SearchAction","target":{"@type":"EntryPoint","urlTemplate":"https:\/\/volcanes.net\/?s={search_term_string}"},"query-input":{"@type":"PropertyValueSpecification","valueRequired":true,"valueName":"search_term_string"}}],"inLanguage":"es"},{"@type":"Organization","@id":"https:\/\/volcanes.net\/#organization","name":"Grupo Volcanes","url":"https:\/\/volcanes.net\/","logo":{"@type":"ImageObject","inLanguage":"es","@id":"https:\/\/volcanes.net\/#\/schema\/logo\/image\/","url":"http:\/\/volcanes.net\/wp-content\/uploads\/2017\/12\/Avatar2.jpg","contentUrl":"http:\/\/volcanes.net\/wp-content\/uploads\/2017\/12\/Avatar2.jpg","width":378,"height":378,"caption":"Grupo Volcanes"},"image":{"@id":"https:\/\/volcanes.net\/#\/schema\/logo\/image\/"},"sameAs":["https:\/\/www.facebook.com\/volcanes.net\/"]},{"@type":"Person","@id":"https:\/\/volcanes.net\/#\/schema\/person\/4bf0f383940966a4abd53f5048c0e6b9","name":"admin","image":{"@type":"ImageObject","inLanguage":"es","@id":"https:\/\/volcanes.net\/#\/schema\/person\/image\/","url":"https:\/\/secure.gravatar.com\/avatar\/ca004e6cba8462b8cb7abc86e382930c?s=96&d=mm&r=g","contentUrl":"https:\/\/secure.gravatar.com\/avatar\/ca004e6cba8462b8cb7abc86e382930c?s=96&d=mm&r=g","caption":"admin"}}]}},"_links":{"self":[{"href":"https:\/\/volcanes.net\/index.php?rest_route=\/wp\/v2\/posts\/8190"}],"collection":[{"href":"https:\/\/volcanes.net\/index.php?rest_route=\/wp\/v2\/posts"}],"about":[{"href":"https:\/\/volcanes.net\/index.php?rest_route=\/wp\/v2\/types\/post"}],"author":[{"embeddable":true,"href":"https:\/\/volcanes.net\/index.php?rest_route=\/wp\/v2\/users\/1"}],"replies":[{"embeddable":true,"href":"https:\/\/volcanes.net\/index.php?rest_route=%2Fwp%2Fv2%2Fcomments&post=8190"}],"version-history":[{"count":2,"href":"https:\/\/volcanes.net\/index.php?rest_route=\/wp\/v2\/posts\/8190\/revisions"}],"predecessor-version":[{"id":8209,"href":"https:\/\/volcanes.net\/index.php?rest_route=\/wp\/v2\/posts\/8190\/revisions\/8209"}],"wp:featuredmedia":[{"embeddable":true,"href":"https:\/\/volcanes.net\/index.php?rest_route=\/wp\/v2\/media\/8191"}],"wp:attachment":[{"href":"https:\/\/volcanes.net\/index.php?rest_route=%2Fwp%2Fv2%2Fmedia&parent=8190"}],"wp:term":[{"taxonomy":"category","embeddable":true,"href":"https:\/\/volcanes.net\/index.php?rest_route=%2Fwp%2Fv2%2Fcategories&post=8190"},{"taxonomy":"post_tag","embeddable":true,"href":"https:\/\/volcanes.net\/index.php?rest_route=%2Fwp%2Fv2%2Ftags&post=8190"}],"curies":[{"name":"wp","href":"https:\/\/api.w.org\/{rel}","templated":true}]}}