{"id":820,"date":"2018-01-25T23:11:51","date_gmt":"2018-01-25T23:11:51","guid":{"rendered":"http:\/\/volcanes.net\/?p=820"},"modified":"2018-01-25T23:11:51","modified_gmt":"2018-01-25T23:11:51","slug":"edomex-fortalece-su-infraestructura-para-consolidarse-como-el-centro-logistico-mas-importante-del-pais","status":"publish","type":"post","link":"https:\/\/volcanes.net\/?p=820","title":{"rendered":"Edom\u00e9x fortalece su infraestructura para consolidarse como el centro log\u00edstico m\u00e1s importante del pa\u00eds"},"content":{"rendered":"<div style=\"margin-top: 0px; margin-bottom: 0px;\" class=\"sharethis-inline-share-buttons\" ><\/div><p>El Estado de M\u00e9xico se consolidar\u00e1 como el centro log\u00edstico m\u00e1s importante del pa\u00eds, con el fortalecimiento de la infraestructura en comunicaciones y apost\u00e1ndole a la competitividad, para tener una econom\u00eda moderna y atraer m\u00e1s inversiones que beneficien a las familias mexiquenses con la creaci\u00f3n de m\u00e1s empleos, mencion\u00f3 el gobernador Alfredo Del Mazo.<\/p>\n<p>En la entrega de la ampliaci\u00f3n de la autopista Arco Norte, en su tramo Atlacomulco-Jilotepec, encabezada por el presidente Enrique Pe\u00f1a, el mandatario estatal destac\u00f3 que en 2018, en la entidad se continuar\u00e1 con la expansi\u00f3n de la red carretera. Se\u00f1al\u00f3 que la realizaci\u00f3n de obras en infraestructura carretera permiten que la econom\u00eda del Estado de M\u00e9xico sea una de las m\u00e1s fuertes y competitivas del pa\u00eds. Adem\u00e1s de seguir siendo l\u00edder en el tema de infraestructura carretera y comunicaciones, as\u00ed como hacer de M\u00e9xico y la entidad mexiquense, potencias econ\u00f3micas a nivel mundial.<\/p>\n<p>Alfredo Del Mazo afirm\u00f3 que el apostar\u00a0 por el fortalecimiento de la infraestructura es indispensable para generar un crecimiento econ\u00f3mico sostenido, que a su vez permita tener mayores oportunidades de empleos que fortalezcan los ingresos de las familias mexiquenses, para que tengan mayor bienestar y calidad de vida. Agradeci\u00f3 el respaldo del Gobierno de la Rep\u00fablica para llevar a cabo este tipo de obras, las cuales se suman a la construcci\u00f3n del Tren Interurbano Toluca-M\u00e9xico; el Nuevo Aeropuerto Internacional de M\u00e9xico, las autopistas Toluca-Naucalpan, Toluca-Zit\u00e1cuaro y Tenango-Ixtapan; as\u00ed como el Eje Metropolitano Siervo de la Naci\u00f3n.<\/p>\n<p>Respecto a la ampliaci\u00f3n del Arco Norte, asegur\u00f3 que esta autopista traer\u00e1 mayor conectividad entre el Estado de M\u00e9xico con las zonas econ\u00f3micas m\u00e1s importantes y de mayor crecimiento en el pa\u00eds.<\/p>\n<p>Por su parte, el presidente Enrique Pe\u00f1a reiter\u00f3 el compromiso del gobierno federal, de seguir trabajando de manera coordinada con el Estado de M\u00e9xico, para que siga siendo la entidad de las grandes cifras, ya que es el segundo estado a nivel nacional en atraer m\u00e1s inversi\u00f3n extranjera directa y la segunda econom\u00eda m\u00e1s grande del pa\u00eds.<\/p>\n","protected":false},"excerpt":{"rendered":"<p>El Estado de M\u00e9xico se consolidar\u00e1 como el centro log\u00edstico m\u00e1s importante del pa\u00eds, con<\/p>\n","protected":false},"author":1,"featured_media":821,"comment_status":"open","ping_status":"open","sticky":false,"template":"","format":"standard","meta":{"footnotes":""},"categories":[3],"tags":[99,4],"class_list":["post-820","post","type-post","status-publish","format-standard","has-post-thumbnail","hentry","category-estatales","tag-alfredo-del-mazo","tag-gobierno-del-estado-de-mexico"],"yoast_head":"<!-- This site is optimized with the Yoast SEO plugin v25.3 - https:\/\/yoast.com\/wordpress\/plugins\/seo\/ -->\n<title>Edom\u00e9x fortalece su infraestructura para consolidarse como el centro log\u00edstico m\u00e1s importante del pa\u00eds - Volcanes<\/title>\n<meta name=\"robots\" content=\"index, follow, max-snippet:-1, max-image-preview:large, max-video-preview:-1\" \/>\n<link rel=\"canonical\" href=\"https:\/\/volcanes.net\/?p=820\" \/>\n<meta property=\"og:locale\" content=\"es_MX\" \/>\n<meta property=\"og:type\" content=\"article\" \/>\n<meta property=\"og:title\" content=\"Edom\u00e9x fortalece su infraestructura para consolidarse como el centro log\u00edstico m\u00e1s importante del pa\u00eds - Volcanes\" \/>\n<meta property=\"og:description\" content=\"El Estado de M\u00e9xico se consolidar\u00e1 como el centro log\u00edstico m\u00e1s importante del pa\u00eds, con\" \/>\n<meta property=\"og:url\" content=\"https:\/\/volcanes.net\/?p=820\" \/>\n<meta property=\"og:site_name\" content=\"Volcanes\" \/>\n<meta property=\"article:publisher\" content=\"https:\/\/www.facebook.com\/volcanes.net\/\" \/>\n<meta property=\"article:published_time\" content=\"2018-01-25T23:11:51+00:00\" \/>\n<meta property=\"og:image\" content=\"https:\/\/volcanes.net\/wp-content\/uploads\/2018\/01\/Alfredo-Del-Mazo-Acambay-6-1.jpeg\" \/>\n\t<meta property=\"og:image:width\" content=\"448\" \/>\n\t<meta property=\"og:image:height\" content=\"289\" \/>\n\t<meta property=\"og:image:type\" content=\"image\/jpeg\" \/>\n<meta name=\"author\" content=\"admin\" \/>\n<meta name=\"twitter:card\" content=\"summary_large_image\" \/>\n<meta name=\"twitter:label1\" content=\"Escrito por\" \/>\n\t<meta name=\"twitter:data1\" content=\"admin\" \/>\n\t<meta name=\"twitter:label2\" content=\"Tiempo de lectura\" \/>\n\t<meta name=\"twitter:data2\" content=\"2 minutos\" \/>\n<script type=\"application\/ld+json\" class=\"yoast-schema-graph\">{\"@context\":\"https:\/\/schema.org\",\"@graph\":[{\"@type\":\"Article\",\"@id\":\"https:\/\/volcanes.net\/?p=820#article\",\"isPartOf\":{\"@id\":\"https:\/\/volcanes.net\/?p=820\"},\"author\":{\"name\":\"admin\",\"@id\":\"https:\/\/volcanes.net\/#\/schema\/person\/4bf0f383940966a4abd53f5048c0e6b9\"},\"headline\":\"Edom\u00e9x fortalece su infraestructura para consolidarse como el centro log\u00edstico m\u00e1s importante del pa\u00eds\",\"datePublished\":\"2018-01-25T23:11:51+00:00\",\"mainEntityOfPage\":{\"@id\":\"https:\/\/volcanes.net\/?p=820\"},\"wordCount\":391,\"commentCount\":0,\"publisher\":{\"@id\":\"https:\/\/volcanes.net\/#organization\"},\"image\":{\"@id\":\"https:\/\/volcanes.net\/?p=820#primaryimage\"},\"thumbnailUrl\":\"https:\/\/volcanes.net\/wp-content\/uploads\/2018\/01\/Alfredo-Del-Mazo-Acambay-6-1.jpeg\",\"keywords\":[\"Alfredo del Mazo\",\"Gobierno del Estado de M\u00e9xico\"],\"articleSection\":[\"Estatales\"],\"inLanguage\":\"es\",\"potentialAction\":[{\"@type\":\"CommentAction\",\"name\":\"Comment\",\"target\":[\"https:\/\/volcanes.net\/?p=820#respond\"]}]},{\"@type\":\"WebPage\",\"@id\":\"https:\/\/volcanes.net\/?p=820\",\"url\":\"https:\/\/volcanes.net\/?p=820\",\"name\":\"Edom\u00e9x fortalece su infraestructura para consolidarse como el centro log\u00edstico m\u00e1s importante del pa\u00eds - Volcanes\",\"isPartOf\":{\"@id\":\"https:\/\/volcanes.net\/#website\"},\"primaryImageOfPage\":{\"@id\":\"https:\/\/volcanes.net\/?p=820#primaryimage\"},\"image\":{\"@id\":\"https:\/\/volcanes.net\/?p=820#primaryimage\"},\"thumbnailUrl\":\"https:\/\/volcanes.net\/wp-content\/uploads\/2018\/01\/Alfredo-Del-Mazo-Acambay-6-1.jpeg\",\"datePublished\":\"2018-01-25T23:11:51+00:00\",\"breadcrumb\":{\"@id\":\"https:\/\/volcanes.net\/?p=820#breadcrumb\"},\"inLanguage\":\"es\",\"potentialAction\":[{\"@type\":\"ReadAction\",\"target\":[\"https:\/\/volcanes.net\/?p=820\"]}]},{\"@type\":\"ImageObject\",\"inLanguage\":\"es\",\"@id\":\"https:\/\/volcanes.net\/?p=820#primaryimage\",\"url\":\"https:\/\/volcanes.net\/wp-content\/uploads\/2018\/01\/Alfredo-Del-Mazo-Acambay-6-1.jpeg\",\"contentUrl\":\"https:\/\/volcanes.net\/wp-content\/uploads\/2018\/01\/Alfredo-Del-Mazo-Acambay-6-1.jpeg\",\"width\":448,\"height\":289},{\"@type\":\"BreadcrumbList\",\"@id\":\"https:\/\/volcanes.net\/?p=820#breadcrumb\",\"itemListElement\":[{\"@type\":\"ListItem\",\"position\":1,\"name\":\"Portada\",\"item\":\"https:\/\/volcanes.net\/\"},{\"@type\":\"ListItem\",\"position\":2,\"name\":\"Edom\u00e9x fortalece su infraestructura para consolidarse como el centro log\u00edstico m\u00e1s importante del pa\u00eds\"}]},{\"@type\":\"WebSite\",\"@id\":\"https:\/\/volcanes.net\/#website\",\"url\":\"https:\/\/volcanes.net\/\",\"name\":\"Volcanes.Net\",\"description\":\"Periodismo Profesional\",\"publisher\":{\"@id\":\"https:\/\/volcanes.net\/#organization\"},\"potentialAction\":[{\"@type\":\"SearchAction\",\"target\":{\"@type\":\"EntryPoint\",\"urlTemplate\":\"https:\/\/volcanes.net\/?s={search_term_string}\"},\"query-input\":{\"@type\":\"PropertyValueSpecification\",\"valueRequired\":true,\"valueName\":\"search_term_string\"}}],\"inLanguage\":\"es\"},{\"@type\":\"Organization\",\"@id\":\"https:\/\/volcanes.net\/#organization\",\"name\":\"Grupo Volcanes\",\"url\":\"https:\/\/volcanes.net\/\",\"logo\":{\"@type\":\"ImageObject\",\"inLanguage\":\"es\",\"@id\":\"https:\/\/volcanes.net\/#\/schema\/logo\/image\/\",\"url\":\"http:\/\/volcanes.net\/wp-content\/uploads\/2017\/12\/Avatar2.jpg\",\"contentUrl\":\"http:\/\/volcanes.net\/wp-content\/uploads\/2017\/12\/Avatar2.jpg\",\"width\":378,\"height\":378,\"caption\":\"Grupo Volcanes\"},\"image\":{\"@id\":\"https:\/\/volcanes.net\/#\/schema\/logo\/image\/\"},\"sameAs\":[\"https:\/\/www.facebook.com\/volcanes.net\/\"]},{\"@type\":\"Person\",\"@id\":\"https:\/\/volcanes.net\/#\/schema\/person\/4bf0f383940966a4abd53f5048c0e6b9\",\"name\":\"admin\",\"image\":{\"@type\":\"ImageObject\",\"inLanguage\":\"es\",\"@id\":\"https:\/\/volcanes.net\/#\/schema\/person\/image\/\",\"url\":\"https:\/\/secure.gravatar.com\/avatar\/ca004e6cba8462b8cb7abc86e382930c?s=96&d=mm&r=g\",\"contentUrl\":\"https:\/\/secure.gravatar.com\/avatar\/ca004e6cba8462b8cb7abc86e382930c?s=96&d=mm&r=g\",\"caption\":\"admin\"}}]}<\/script>\n<!-- \/ Yoast SEO plugin. -->","yoast_head_json":{"title":"Edom\u00e9x fortalece su infraestructura para consolidarse como el centro log\u00edstico m\u00e1s importante del pa\u00eds - Volcanes","robots":{"index":"index","follow":"follow","max-snippet":"max-snippet:-1","max-image-preview":"max-image-preview:large","max-video-preview":"max-video-preview:-1"},"canonical":"https:\/\/volcanes.net\/?p=820","og_locale":"es_MX","og_type":"article","og_title":"Edom\u00e9x fortalece su infraestructura para consolidarse como el centro log\u00edstico m\u00e1s importante del pa\u00eds - Volcanes","og_description":"El Estado de M\u00e9xico se consolidar\u00e1 como el centro log\u00edstico m\u00e1s importante del pa\u00eds, con","og_url":"https:\/\/volcanes.net\/?p=820","og_site_name":"Volcanes","article_publisher":"https:\/\/www.facebook.com\/volcanes.net\/","article_published_time":"2018-01-25T23:11:51+00:00","og_image":[{"width":448,"height":289,"url":"https:\/\/volcanes.net\/wp-content\/uploads\/2018\/01\/Alfredo-Del-Mazo-Acambay-6-1.jpeg","type":"image\/jpeg"}],"author":"admin","twitter_card":"summary_large_image","twitter_misc":{"Escrito por":"admin","Tiempo de lectura":"2 minutos"},"schema":{"@context":"https:\/\/schema.org","@graph":[{"@type":"Article","@id":"https:\/\/volcanes.net\/?p=820#article","isPartOf":{"@id":"https:\/\/volcanes.net\/?p=820"},"author":{"name":"admin","@id":"https:\/\/volcanes.net\/#\/schema\/person\/4bf0f383940966a4abd53f5048c0e6b9"},"headline":"Edom\u00e9x fortalece su infraestructura para consolidarse como el centro log\u00edstico m\u00e1s importante del pa\u00eds","datePublished":"2018-01-25T23:11:51+00:00","mainEntityOfPage":{"@id":"https:\/\/volcanes.net\/?p=820"},"wordCount":391,"commentCount":0,"publisher":{"@id":"https:\/\/volcanes.net\/#organization"},"image":{"@id":"https:\/\/volcanes.net\/?p=820#primaryimage"},"thumbnailUrl":"https:\/\/volcanes.net\/wp-content\/uploads\/2018\/01\/Alfredo-Del-Mazo-Acambay-6-1.jpeg","keywords":["Alfredo del Mazo","Gobierno del Estado de M\u00e9xico"],"articleSection":["Estatales"],"inLanguage":"es","potentialAction":[{"@type":"CommentAction","name":"Comment","target":["https:\/\/volcanes.net\/?p=820#respond"]}]},{"@type":"WebPage","@id":"https:\/\/volcanes.net\/?p=820","url":"https:\/\/volcanes.net\/?p=820","name":"Edom\u00e9x fortalece su infraestructura para consolidarse como el centro log\u00edstico m\u00e1s importante del pa\u00eds - Volcanes","isPartOf":{"@id":"https:\/\/volcanes.net\/#website"},"primaryImageOfPage":{"@id":"https:\/\/volcanes.net\/?p=820#primaryimage"},"image":{"@id":"https:\/\/volcanes.net\/?p=820#primaryimage"},"thumbnailUrl":"https:\/\/volcanes.net\/wp-content\/uploads\/2018\/01\/Alfredo-Del-Mazo-Acambay-6-1.jpeg","datePublished":"2018-01-25T23:11:51+00:00","breadcrumb":{"@id":"https:\/\/volcanes.net\/?p=820#breadcrumb"},"inLanguage":"es","potentialAction":[{"@type":"ReadAction","target":["https:\/\/volcanes.net\/?p=820"]}]},{"@type":"ImageObject","inLanguage":"es","@id":"https:\/\/volcanes.net\/?p=820#primaryimage","url":"https:\/\/volcanes.net\/wp-content\/uploads\/2018\/01\/Alfredo-Del-Mazo-Acambay-6-1.jpeg","contentUrl":"https:\/\/volcanes.net\/wp-content\/uploads\/2018\/01\/Alfredo-Del-Mazo-Acambay-6-1.jpeg","width":448,"height":289},{"@type":"BreadcrumbList","@id":"https:\/\/volcanes.net\/?p=820#breadcrumb","itemListElement":[{"@type":"ListItem","position":1,"name":"Portada","item":"https:\/\/volcanes.net\/"},{"@type":"ListItem","position":2,"name":"Edom\u00e9x fortalece su infraestructura para consolidarse como el centro log\u00edstico m\u00e1s importante del pa\u00eds"}]},{"@type":"WebSite","@id":"https:\/\/volcanes.net\/#website","url":"https:\/\/volcanes.net\/","name":"Volcanes.Net","description":"Periodismo Profesional","publisher":{"@id":"https:\/\/volcanes.net\/#organization"},"potentialAction":[{"@type":"SearchAction","target":{"@type":"EntryPoint","urlTemplate":"https:\/\/volcanes.net\/?s={search_term_string}"},"query-input":{"@type":"PropertyValueSpecification","valueRequired":true,"valueName":"search_term_string"}}],"inLanguage":"es"},{"@type":"Organization","@id":"https:\/\/volcanes.net\/#organization","name":"Grupo Volcanes","url":"https:\/\/volcanes.net\/","logo":{"@type":"ImageObject","inLanguage":"es","@id":"https:\/\/volcanes.net\/#\/schema\/logo\/image\/","url":"http:\/\/volcanes.net\/wp-content\/uploads\/2017\/12\/Avatar2.jpg","contentUrl":"http:\/\/volcanes.net\/wp-content\/uploads\/2017\/12\/Avatar2.jpg","width":378,"height":378,"caption":"Grupo Volcanes"},"image":{"@id":"https:\/\/volcanes.net\/#\/schema\/logo\/image\/"},"sameAs":["https:\/\/www.facebook.com\/volcanes.net\/"]},{"@type":"Person","@id":"https:\/\/volcanes.net\/#\/schema\/person\/4bf0f383940966a4abd53f5048c0e6b9","name":"admin","image":{"@type":"ImageObject","inLanguage":"es","@id":"https:\/\/volcanes.net\/#\/schema\/person\/image\/","url":"https:\/\/secure.gravatar.com\/avatar\/ca004e6cba8462b8cb7abc86e382930c?s=96&d=mm&r=g","contentUrl":"https:\/\/secure.gravatar.com\/avatar\/ca004e6cba8462b8cb7abc86e382930c?s=96&d=mm&r=g","caption":"admin"}}]}},"_links":{"self":[{"href":"https:\/\/volcanes.net\/index.php?rest_route=\/wp\/v2\/posts\/820"}],"collection":[{"href":"https:\/\/volcanes.net\/index.php?rest_route=\/wp\/v2\/posts"}],"about":[{"href":"https:\/\/volcanes.net\/index.php?rest_route=\/wp\/v2\/types\/post"}],"author":[{"embeddable":true,"href":"https:\/\/volcanes.net\/index.php?rest_route=\/wp\/v2\/users\/1"}],"replies":[{"embeddable":true,"href":"https:\/\/volcanes.net\/index.php?rest_route=%2Fwp%2Fv2%2Fcomments&post=820"}],"version-history":[{"count":1,"href":"https:\/\/volcanes.net\/index.php?rest_route=\/wp\/v2\/posts\/820\/revisions"}],"predecessor-version":[{"id":822,"href":"https:\/\/volcanes.net\/index.php?rest_route=\/wp\/v2\/posts\/820\/revisions\/822"}],"wp:featuredmedia":[{"embeddable":true,"href":"https:\/\/volcanes.net\/index.php?rest_route=\/wp\/v2\/media\/821"}],"wp:attachment":[{"href":"https:\/\/volcanes.net\/index.php?rest_route=%2Fwp%2Fv2%2Fmedia&parent=820"}],"wp:term":[{"taxonomy":"category","embeddable":true,"href":"https:\/\/volcanes.net\/index.php?rest_route=%2Fwp%2Fv2%2Fcategories&post=820"},{"taxonomy":"post_tag","embeddable":true,"href":"https:\/\/volcanes.net\/index.php?rest_route=%2Fwp%2Fv2%2Ftags&post=820"}],"curies":[{"name":"wp","href":"https:\/\/api.w.org\/{rel}","templated":true}]}}