{"id":8217,"date":"2020-09-03T11:53:39","date_gmt":"2020-09-03T17:53:39","guid":{"rendered":"http:\/\/volcanes.net\/?p=8217"},"modified":"2020-09-03T11:53:39","modified_gmt":"2020-09-03T17:53:39","slug":"32-policias-amecamequenses-reciben-su-certificado-unico-policial","status":"publish","type":"post","link":"https:\/\/volcanes.net\/?p=8217","title":{"rendered":"32 polic\u00edas amecamequenses reciben su Certificado \u00danico Policial"},"content":{"rendered":"<div style=\"margin-top: 0px; margin-bottom: 0px;\" class=\"sharethis-inline-share-buttons\" ><\/div><p>Amecameca de Ju\u00e1rez, Estado de Mexico.- Para dar certeza a la ciudadan\u00eda en el desempe\u00f1o de las actividades de los polic\u00edas municipales, hoy 32 elementos recibieron su Certificado \u00danico Policial, CUP, por haber acreditado los cuatro 4 requisitos indispensables. Ex\u00e1menes de Control y Confianza. (Aprobados y Vigentes), Formaci\u00f3n inicial (Curso B\u00e1sico para Polic\u00edas), Curso de Competencias B\u00e1sicas de la Funci\u00f3n Policial y Evaluaciones del Desempe\u00f1o de cada Polic\u00eda.<\/p>\n<p>El Alcalde Miguel \u00c1ngel Salom\u00f3n Cort\u00e9s, acompa\u00f1ado del Comisario Municipal, Armando Acebo Ortiz, reconoci\u00f3 su compromiso con la ciudadan\u00eda y los exhort\u00f3 a poner en pr\u00e1ctica todo lo aprendido en sus capacitaciones con el prop\u00f3sito de salvaguardar la seguridad de los amecamequenses.<\/p>\n<p>Tambi\u00e9n les inform\u00f3 que en solo unas semanas recibir\u00e1n dos uniformes nuevos y tambi\u00e9n se adquirir\u00e1n m\u00e1s patrullas para incrementar los recorridos por barrios y delegaciones municipales; adem\u00e1s de que se continuar\u00e1n certificando a m\u00e1s polic\u00edas.<\/p>\n<p>Cabe mencionar que fue en el a\u00f1o 2016, cuando se public\u00f3 en el Diario Oficial de la Federaci\u00f3n que las polic\u00edas de todos los niveles deber\u00edan contar con el CUP, sin embargo este tema no se atendi\u00f3 en su oportunidad, a\u00fan cuando era una responsabilidad del gobierno municipal en turno.<\/p>\n","protected":false},"excerpt":{"rendered":"<p>Amecameca de Ju\u00e1rez, Estado de Mexico.- Para dar certeza a la ciudadan\u00eda en el desempe\u00f1o<\/p>\n","protected":false},"author":1,"featured_media":8218,"comment_status":"open","ping_status":"open","sticky":false,"template":"","format":"standard","meta":{"footnotes":""},"categories":[1],"tags":[7],"class_list":["post-8217","post","type-post","status-publish","format-standard","has-post-thumbnail","hentry","category-municipales","tag-amecameca"],"yoast_head":"<!-- This site is optimized with the Yoast SEO plugin v25.3 - https:\/\/yoast.com\/wordpress\/plugins\/seo\/ -->\n<title>32 polic\u00edas amecamequenses reciben su Certificado \u00danico Policial - Volcanes<\/title>\n<meta name=\"robots\" content=\"index, follow, max-snippet:-1, max-image-preview:large, max-video-preview:-1\" \/>\n<link rel=\"canonical\" href=\"https:\/\/volcanes.net\/?p=8217\" \/>\n<meta property=\"og:locale\" content=\"es_MX\" \/>\n<meta property=\"og:type\" content=\"article\" \/>\n<meta property=\"og:title\" content=\"32 polic\u00edas amecamequenses reciben su Certificado \u00danico Policial - Volcanes\" \/>\n<meta property=\"og:description\" content=\"Amecameca de Ju\u00e1rez, Estado de Mexico.- Para dar certeza a la ciudadan\u00eda en el desempe\u00f1o\" \/>\n<meta property=\"og:url\" content=\"https:\/\/volcanes.net\/?p=8217\" \/>\n<meta property=\"og:site_name\" content=\"Volcanes\" \/>\n<meta property=\"article:publisher\" content=\"https:\/\/www.facebook.com\/volcanes.net\/\" \/>\n<meta property=\"article:published_time\" content=\"2020-09-03T17:53:39+00:00\" \/>\n<meta property=\"og:image\" content=\"https:\/\/volcanes.net\/wp-content\/uploads\/2020\/09\/1be81845-678e-4929-b64c-02414aba8de7.jpg\" \/>\n\t<meta property=\"og:image:width\" content=\"552\" \/>\n\t<meta property=\"og:image:height\" content=\"374\" \/>\n\t<meta property=\"og:image:type\" content=\"image\/jpeg\" \/>\n<meta name=\"author\" content=\"admin\" \/>\n<meta name=\"twitter:card\" content=\"summary_large_image\" \/>\n<meta name=\"twitter:label1\" content=\"Escrito por\" \/>\n\t<meta name=\"twitter:data1\" content=\"admin\" \/>\n\t<meta name=\"twitter:label2\" content=\"Tiempo de lectura\" \/>\n\t<meta name=\"twitter:data2\" content=\"1 minuto\" \/>\n<script type=\"application\/ld+json\" class=\"yoast-schema-graph\">{\"@context\":\"https:\/\/schema.org\",\"@graph\":[{\"@type\":\"Article\",\"@id\":\"https:\/\/volcanes.net\/?p=8217#article\",\"isPartOf\":{\"@id\":\"https:\/\/volcanes.net\/?p=8217\"},\"author\":{\"name\":\"admin\",\"@id\":\"https:\/\/volcanes.net\/#\/schema\/person\/4bf0f383940966a4abd53f5048c0e6b9\"},\"headline\":\"32 polic\u00edas amecamequenses reciben su Certificado \u00danico Policial\",\"datePublished\":\"2020-09-03T17:53:39+00:00\",\"mainEntityOfPage\":{\"@id\":\"https:\/\/volcanes.net\/?p=8217\"},\"wordCount\":234,\"commentCount\":0,\"publisher\":{\"@id\":\"https:\/\/volcanes.net\/#organization\"},\"image\":{\"@id\":\"https:\/\/volcanes.net\/?p=8217#primaryimage\"},\"thumbnailUrl\":\"https:\/\/volcanes.net\/wp-content\/uploads\/2020\/09\/1be81845-678e-4929-b64c-02414aba8de7.jpg\",\"keywords\":[\"Amecameca\"],\"articleSection\":[\"Municipales\"],\"inLanguage\":\"es\",\"potentialAction\":[{\"@type\":\"CommentAction\",\"name\":\"Comment\",\"target\":[\"https:\/\/volcanes.net\/?p=8217#respond\"]}]},{\"@type\":\"WebPage\",\"@id\":\"https:\/\/volcanes.net\/?p=8217\",\"url\":\"https:\/\/volcanes.net\/?p=8217\",\"name\":\"32 polic\u00edas amecamequenses reciben su Certificado \u00danico Policial - Volcanes\",\"isPartOf\":{\"@id\":\"https:\/\/volcanes.net\/#website\"},\"primaryImageOfPage\":{\"@id\":\"https:\/\/volcanes.net\/?p=8217#primaryimage\"},\"image\":{\"@id\":\"https:\/\/volcanes.net\/?p=8217#primaryimage\"},\"thumbnailUrl\":\"https:\/\/volcanes.net\/wp-content\/uploads\/2020\/09\/1be81845-678e-4929-b64c-02414aba8de7.jpg\",\"datePublished\":\"2020-09-03T17:53:39+00:00\",\"breadcrumb\":{\"@id\":\"https:\/\/volcanes.net\/?p=8217#breadcrumb\"},\"inLanguage\":\"es\",\"potentialAction\":[{\"@type\":\"ReadAction\",\"target\":[\"https:\/\/volcanes.net\/?p=8217\"]}]},{\"@type\":\"ImageObject\",\"inLanguage\":\"es\",\"@id\":\"https:\/\/volcanes.net\/?p=8217#primaryimage\",\"url\":\"https:\/\/volcanes.net\/wp-content\/uploads\/2020\/09\/1be81845-678e-4929-b64c-02414aba8de7.jpg\",\"contentUrl\":\"https:\/\/volcanes.net\/wp-content\/uploads\/2020\/09\/1be81845-678e-4929-b64c-02414aba8de7.jpg\",\"width\":552,\"height\":374},{\"@type\":\"BreadcrumbList\",\"@id\":\"https:\/\/volcanes.net\/?p=8217#breadcrumb\",\"itemListElement\":[{\"@type\":\"ListItem\",\"position\":1,\"name\":\"Portada\",\"item\":\"https:\/\/volcanes.net\/\"},{\"@type\":\"ListItem\",\"position\":2,\"name\":\"32 polic\u00edas amecamequenses reciben su Certificado \u00danico Policial\"}]},{\"@type\":\"WebSite\",\"@id\":\"https:\/\/volcanes.net\/#website\",\"url\":\"https:\/\/volcanes.net\/\",\"name\":\"Volcanes.Net\",\"description\":\"Periodismo Profesional\",\"publisher\":{\"@id\":\"https:\/\/volcanes.net\/#organization\"},\"potentialAction\":[{\"@type\":\"SearchAction\",\"target\":{\"@type\":\"EntryPoint\",\"urlTemplate\":\"https:\/\/volcanes.net\/?s={search_term_string}\"},\"query-input\":{\"@type\":\"PropertyValueSpecification\",\"valueRequired\":true,\"valueName\":\"search_term_string\"}}],\"inLanguage\":\"es\"},{\"@type\":\"Organization\",\"@id\":\"https:\/\/volcanes.net\/#organization\",\"name\":\"Grupo Volcanes\",\"url\":\"https:\/\/volcanes.net\/\",\"logo\":{\"@type\":\"ImageObject\",\"inLanguage\":\"es\",\"@id\":\"https:\/\/volcanes.net\/#\/schema\/logo\/image\/\",\"url\":\"http:\/\/volcanes.net\/wp-content\/uploads\/2017\/12\/Avatar2.jpg\",\"contentUrl\":\"http:\/\/volcanes.net\/wp-content\/uploads\/2017\/12\/Avatar2.jpg\",\"width\":378,\"height\":378,\"caption\":\"Grupo Volcanes\"},\"image\":{\"@id\":\"https:\/\/volcanes.net\/#\/schema\/logo\/image\/\"},\"sameAs\":[\"https:\/\/www.facebook.com\/volcanes.net\/\"]},{\"@type\":\"Person\",\"@id\":\"https:\/\/volcanes.net\/#\/schema\/person\/4bf0f383940966a4abd53f5048c0e6b9\",\"name\":\"admin\",\"image\":{\"@type\":\"ImageObject\",\"inLanguage\":\"es\",\"@id\":\"https:\/\/volcanes.net\/#\/schema\/person\/image\/\",\"url\":\"https:\/\/secure.gravatar.com\/avatar\/ca004e6cba8462b8cb7abc86e382930c?s=96&d=mm&r=g\",\"contentUrl\":\"https:\/\/secure.gravatar.com\/avatar\/ca004e6cba8462b8cb7abc86e382930c?s=96&d=mm&r=g\",\"caption\":\"admin\"}}]}<\/script>\n<!-- \/ Yoast SEO plugin. -->","yoast_head_json":{"title":"32 polic\u00edas amecamequenses reciben su Certificado \u00danico Policial - Volcanes","robots":{"index":"index","follow":"follow","max-snippet":"max-snippet:-1","max-image-preview":"max-image-preview:large","max-video-preview":"max-video-preview:-1"},"canonical":"https:\/\/volcanes.net\/?p=8217","og_locale":"es_MX","og_type":"article","og_title":"32 polic\u00edas amecamequenses reciben su Certificado \u00danico Policial - Volcanes","og_description":"Amecameca de Ju\u00e1rez, Estado de Mexico.- Para dar certeza a la ciudadan\u00eda en el desempe\u00f1o","og_url":"https:\/\/volcanes.net\/?p=8217","og_site_name":"Volcanes","article_publisher":"https:\/\/www.facebook.com\/volcanes.net\/","article_published_time":"2020-09-03T17:53:39+00:00","og_image":[{"width":552,"height":374,"url":"https:\/\/volcanes.net\/wp-content\/uploads\/2020\/09\/1be81845-678e-4929-b64c-02414aba8de7.jpg","type":"image\/jpeg"}],"author":"admin","twitter_card":"summary_large_image","twitter_misc":{"Escrito por":"admin","Tiempo de lectura":"1 minuto"},"schema":{"@context":"https:\/\/schema.org","@graph":[{"@type":"Article","@id":"https:\/\/volcanes.net\/?p=8217#article","isPartOf":{"@id":"https:\/\/volcanes.net\/?p=8217"},"author":{"name":"admin","@id":"https:\/\/volcanes.net\/#\/schema\/person\/4bf0f383940966a4abd53f5048c0e6b9"},"headline":"32 polic\u00edas amecamequenses reciben su Certificado \u00danico Policial","datePublished":"2020-09-03T17:53:39+00:00","mainEntityOfPage":{"@id":"https:\/\/volcanes.net\/?p=8217"},"wordCount":234,"commentCount":0,"publisher":{"@id":"https:\/\/volcanes.net\/#organization"},"image":{"@id":"https:\/\/volcanes.net\/?p=8217#primaryimage"},"thumbnailUrl":"https:\/\/volcanes.net\/wp-content\/uploads\/2020\/09\/1be81845-678e-4929-b64c-02414aba8de7.jpg","keywords":["Amecameca"],"articleSection":["Municipales"],"inLanguage":"es","potentialAction":[{"@type":"CommentAction","name":"Comment","target":["https:\/\/volcanes.net\/?p=8217#respond"]}]},{"@type":"WebPage","@id":"https:\/\/volcanes.net\/?p=8217","url":"https:\/\/volcanes.net\/?p=8217","name":"32 polic\u00edas amecamequenses reciben su Certificado \u00danico Policial - Volcanes","isPartOf":{"@id":"https:\/\/volcanes.net\/#website"},"primaryImageOfPage":{"@id":"https:\/\/volcanes.net\/?p=8217#primaryimage"},"image":{"@id":"https:\/\/volcanes.net\/?p=8217#primaryimage"},"thumbnailUrl":"https:\/\/volcanes.net\/wp-content\/uploads\/2020\/09\/1be81845-678e-4929-b64c-02414aba8de7.jpg","datePublished":"2020-09-03T17:53:39+00:00","breadcrumb":{"@id":"https:\/\/volcanes.net\/?p=8217#breadcrumb"},"inLanguage":"es","potentialAction":[{"@type":"ReadAction","target":["https:\/\/volcanes.net\/?p=8217"]}]},{"@type":"ImageObject","inLanguage":"es","@id":"https:\/\/volcanes.net\/?p=8217#primaryimage","url":"https:\/\/volcanes.net\/wp-content\/uploads\/2020\/09\/1be81845-678e-4929-b64c-02414aba8de7.jpg","contentUrl":"https:\/\/volcanes.net\/wp-content\/uploads\/2020\/09\/1be81845-678e-4929-b64c-02414aba8de7.jpg","width":552,"height":374},{"@type":"BreadcrumbList","@id":"https:\/\/volcanes.net\/?p=8217#breadcrumb","itemListElement":[{"@type":"ListItem","position":1,"name":"Portada","item":"https:\/\/volcanes.net\/"},{"@type":"ListItem","position":2,"name":"32 polic\u00edas amecamequenses reciben su Certificado \u00danico Policial"}]},{"@type":"WebSite","@id":"https:\/\/volcanes.net\/#website","url":"https:\/\/volcanes.net\/","name":"Volcanes.Net","description":"Periodismo Profesional","publisher":{"@id":"https:\/\/volcanes.net\/#organization"},"potentialAction":[{"@type":"SearchAction","target":{"@type":"EntryPoint","urlTemplate":"https:\/\/volcanes.net\/?s={search_term_string}"},"query-input":{"@type":"PropertyValueSpecification","valueRequired":true,"valueName":"search_term_string"}}],"inLanguage":"es"},{"@type":"Organization","@id":"https:\/\/volcanes.net\/#organization","name":"Grupo Volcanes","url":"https:\/\/volcanes.net\/","logo":{"@type":"ImageObject","inLanguage":"es","@id":"https:\/\/volcanes.net\/#\/schema\/logo\/image\/","url":"http:\/\/volcanes.net\/wp-content\/uploads\/2017\/12\/Avatar2.jpg","contentUrl":"http:\/\/volcanes.net\/wp-content\/uploads\/2017\/12\/Avatar2.jpg","width":378,"height":378,"caption":"Grupo Volcanes"},"image":{"@id":"https:\/\/volcanes.net\/#\/schema\/logo\/image\/"},"sameAs":["https:\/\/www.facebook.com\/volcanes.net\/"]},{"@type":"Person","@id":"https:\/\/volcanes.net\/#\/schema\/person\/4bf0f383940966a4abd53f5048c0e6b9","name":"admin","image":{"@type":"ImageObject","inLanguage":"es","@id":"https:\/\/volcanes.net\/#\/schema\/person\/image\/","url":"https:\/\/secure.gravatar.com\/avatar\/ca004e6cba8462b8cb7abc86e382930c?s=96&d=mm&r=g","contentUrl":"https:\/\/secure.gravatar.com\/avatar\/ca004e6cba8462b8cb7abc86e382930c?s=96&d=mm&r=g","caption":"admin"}}]}},"_links":{"self":[{"href":"https:\/\/volcanes.net\/index.php?rest_route=\/wp\/v2\/posts\/8217"}],"collection":[{"href":"https:\/\/volcanes.net\/index.php?rest_route=\/wp\/v2\/posts"}],"about":[{"href":"https:\/\/volcanes.net\/index.php?rest_route=\/wp\/v2\/types\/post"}],"author":[{"embeddable":true,"href":"https:\/\/volcanes.net\/index.php?rest_route=\/wp\/v2\/users\/1"}],"replies":[{"embeddable":true,"href":"https:\/\/volcanes.net\/index.php?rest_route=%2Fwp%2Fv2%2Fcomments&post=8217"}],"version-history":[{"count":1,"href":"https:\/\/volcanes.net\/index.php?rest_route=\/wp\/v2\/posts\/8217\/revisions"}],"predecessor-version":[{"id":8219,"href":"https:\/\/volcanes.net\/index.php?rest_route=\/wp\/v2\/posts\/8217\/revisions\/8219"}],"wp:featuredmedia":[{"embeddable":true,"href":"https:\/\/volcanes.net\/index.php?rest_route=\/wp\/v2\/media\/8218"}],"wp:attachment":[{"href":"https:\/\/volcanes.net\/index.php?rest_route=%2Fwp%2Fv2%2Fmedia&parent=8217"}],"wp:term":[{"taxonomy":"category","embeddable":true,"href":"https:\/\/volcanes.net\/index.php?rest_route=%2Fwp%2Fv2%2Fcategories&post=8217"},{"taxonomy":"post_tag","embeddable":true,"href":"https:\/\/volcanes.net\/index.php?rest_route=%2Fwp%2Fv2%2Ftags&post=8217"}],"curies":[{"name":"wp","href":"https:\/\/api.w.org\/{rel}","templated":true}]}}