{"id":8220,"date":"2020-09-03T13:11:29","date_gmt":"2020-09-03T19:11:29","guid":{"rendered":"http:\/\/volcanes.net\/?p=8220"},"modified":"2020-09-03T13:12:51","modified_gmt":"2020-09-03T19:12:51","slug":"46-familias-ozumbenses-damnificadas-por-el-sismo-del-2017-podran-rehabilitar-sus-viviendas","status":"publish","type":"post","link":"https:\/\/volcanes.net\/?p=8220","title":{"rendered":"46 familias Ozumbenses damnificadas por el sismo del 2017 podr\u00e1n rehabilitar sus viviendas"},"content":{"rendered":"<div style=\"margin-top: 0px; margin-bottom: 0px;\" class=\"sharethis-inline-share-buttons\" ><\/div><p>Natalia Hern\u00e1ndez | Volcanes Multimedios<\/p>\n<p>Ozumba, Estado de M\u00e9xico.- Valent\u00edn Mart\u00ednez Castillo presidente de este municipio mexiquense dio a conocer que 46 familias acceder\u00e1n a recursos para rehabilitar sus casas las cuales fueron da\u00f1adas por el sismo del 2017 , ante ello el edil coment\u00f3 &#8220;Bien lo dijo una Abuelita Ozumbense, Do\u00f1a Carmelita: 3 a\u00f1os tuvieron que pasar para que se nos hiciera caso y nos llegara el programa&#8221;.<\/p>\n<p>Cabe mencionar que aproximadamente en el municipio hay 180 viviendas afectadas por el sismo y de las cuales algunas ya se encuentran reconstruidas, sin embargo, tambi\u00e9n hay viviendas en mal estado, no obstante las autoridades municipales contin\u00faan gestionando ante CONAVI m\u00e1s ayuda.<\/p>\n<p>Ante ello el edil, reconoce que tuvieron que pasar 3 a\u00f1os para que las familias Ozumbenses pudieran recibir el apoyo, sin embargo, no quitaran el dedo del rengl\u00f3n para que las familias afectadas puedan tener una vivienda digna, por lo que en esta primera etapa\u00a0 se van a invertir 4 millones de pesos .<\/p>\n<p>https:\/\/www.facebook.com\/109414100442855\/posts\/355694699148126\/<\/p>\n","protected":false},"excerpt":{"rendered":"<p>Natalia Hern\u00e1ndez | Volcanes Multimedios Ozumba, Estado de M\u00e9xico.- Valent\u00edn Mart\u00ednez Castillo presidente de este<\/p>\n","protected":false},"author":1,"featured_media":8228,"comment_status":"open","ping_status":"open","sticky":false,"template":"","format":"standard","meta":{"footnotes":""},"categories":[1],"tags":[14],"class_list":["post-8220","post","type-post","status-publish","format-standard","has-post-thumbnail","hentry","category-municipales","tag-ozumba"],"yoast_head":"<!-- This site is optimized with the Yoast SEO plugin v25.3 - https:\/\/yoast.com\/wordpress\/plugins\/seo\/ -->\n<title>46 familias Ozumbenses damnificadas por el sismo del 2017 podr\u00e1n rehabilitar sus viviendas - Volcanes<\/title>\n<meta name=\"robots\" content=\"index, follow, max-snippet:-1, max-image-preview:large, max-video-preview:-1\" \/>\n<link rel=\"canonical\" href=\"https:\/\/volcanes.net\/?p=8220\" \/>\n<meta property=\"og:locale\" content=\"es_MX\" \/>\n<meta property=\"og:type\" content=\"article\" \/>\n<meta property=\"og:title\" content=\"46 familias Ozumbenses damnificadas por el sismo del 2017 podr\u00e1n rehabilitar sus viviendas - Volcanes\" \/>\n<meta property=\"og:description\" content=\"Natalia Hern\u00e1ndez | Volcanes Multimedios Ozumba, Estado de M\u00e9xico.- Valent\u00edn Mart\u00ednez Castillo presidente de este\" \/>\n<meta property=\"og:url\" content=\"https:\/\/volcanes.net\/?p=8220\" \/>\n<meta property=\"og:site_name\" content=\"Volcanes\" \/>\n<meta property=\"article:publisher\" content=\"https:\/\/www.facebook.com\/volcanes.net\/\" \/>\n<meta property=\"article:published_time\" content=\"2020-09-03T19:11:29+00:00\" \/>\n<meta property=\"article:modified_time\" content=\"2020-09-03T19:12:51+00:00\" \/>\n<meta property=\"og:image\" content=\"https:\/\/volcanes.net\/wp-content\/uploads\/2020\/09\/WhatsApp-Image-2020-09-03-at-2.10.09-PM.jpeg\" \/>\n\t<meta property=\"og:image:width\" content=\"552\" \/>\n\t<meta property=\"og:image:height\" content=\"368\" \/>\n\t<meta property=\"og:image:type\" content=\"image\/jpeg\" \/>\n<meta name=\"author\" content=\"admin\" \/>\n<meta name=\"twitter:card\" content=\"summary_large_image\" \/>\n<meta name=\"twitter:label1\" content=\"Escrito por\" \/>\n\t<meta name=\"twitter:data1\" content=\"admin\" \/>\n\t<meta name=\"twitter:label2\" content=\"Tiempo de lectura\" \/>\n\t<meta name=\"twitter:data2\" content=\"1 minuto\" \/>\n<script type=\"application\/ld+json\" class=\"yoast-schema-graph\">{\"@context\":\"https:\/\/schema.org\",\"@graph\":[{\"@type\":\"Article\",\"@id\":\"https:\/\/volcanes.net\/?p=8220#article\",\"isPartOf\":{\"@id\":\"https:\/\/volcanes.net\/?p=8220\"},\"author\":{\"name\":\"admin\",\"@id\":\"https:\/\/volcanes.net\/#\/schema\/person\/4bf0f383940966a4abd53f5048c0e6b9\"},\"headline\":\"46 familias Ozumbenses damnificadas por el sismo del 2017 podr\u00e1n rehabilitar sus viviendas\",\"datePublished\":\"2020-09-03T19:11:29+00:00\",\"dateModified\":\"2020-09-03T19:12:51+00:00\",\"mainEntityOfPage\":{\"@id\":\"https:\/\/volcanes.net\/?p=8220\"},\"wordCount\":187,\"commentCount\":0,\"publisher\":{\"@id\":\"https:\/\/volcanes.net\/#organization\"},\"image\":{\"@id\":\"https:\/\/volcanes.net\/?p=8220#primaryimage\"},\"thumbnailUrl\":\"https:\/\/volcanes.net\/wp-content\/uploads\/2020\/09\/WhatsApp-Image-2020-09-03-at-2.10.09-PM.jpeg\",\"keywords\":[\"Ozumba\"],\"articleSection\":[\"Municipales\"],\"inLanguage\":\"es\",\"potentialAction\":[{\"@type\":\"CommentAction\",\"name\":\"Comment\",\"target\":[\"https:\/\/volcanes.net\/?p=8220#respond\"]}]},{\"@type\":\"WebPage\",\"@id\":\"https:\/\/volcanes.net\/?p=8220\",\"url\":\"https:\/\/volcanes.net\/?p=8220\",\"name\":\"46 familias Ozumbenses damnificadas por el sismo del 2017 podr\u00e1n rehabilitar sus viviendas - Volcanes\",\"isPartOf\":{\"@id\":\"https:\/\/volcanes.net\/#website\"},\"primaryImageOfPage\":{\"@id\":\"https:\/\/volcanes.net\/?p=8220#primaryimage\"},\"image\":{\"@id\":\"https:\/\/volcanes.net\/?p=8220#primaryimage\"},\"thumbnailUrl\":\"https:\/\/volcanes.net\/wp-content\/uploads\/2020\/09\/WhatsApp-Image-2020-09-03-at-2.10.09-PM.jpeg\",\"datePublished\":\"2020-09-03T19:11:29+00:00\",\"dateModified\":\"2020-09-03T19:12:51+00:00\",\"breadcrumb\":{\"@id\":\"https:\/\/volcanes.net\/?p=8220#breadcrumb\"},\"inLanguage\":\"es\",\"potentialAction\":[{\"@type\":\"ReadAction\",\"target\":[\"https:\/\/volcanes.net\/?p=8220\"]}]},{\"@type\":\"ImageObject\",\"inLanguage\":\"es\",\"@id\":\"https:\/\/volcanes.net\/?p=8220#primaryimage\",\"url\":\"https:\/\/volcanes.net\/wp-content\/uploads\/2020\/09\/WhatsApp-Image-2020-09-03-at-2.10.09-PM.jpeg\",\"contentUrl\":\"https:\/\/volcanes.net\/wp-content\/uploads\/2020\/09\/WhatsApp-Image-2020-09-03-at-2.10.09-PM.jpeg\",\"width\":552,\"height\":368},{\"@type\":\"BreadcrumbList\",\"@id\":\"https:\/\/volcanes.net\/?p=8220#breadcrumb\",\"itemListElement\":[{\"@type\":\"ListItem\",\"position\":1,\"name\":\"Portada\",\"item\":\"https:\/\/volcanes.net\/\"},{\"@type\":\"ListItem\",\"position\":2,\"name\":\"46 familias Ozumbenses damnificadas por el sismo del 2017 podr\u00e1n rehabilitar sus viviendas\"}]},{\"@type\":\"WebSite\",\"@id\":\"https:\/\/volcanes.net\/#website\",\"url\":\"https:\/\/volcanes.net\/\",\"name\":\"Volcanes.Net\",\"description\":\"Periodismo Profesional\",\"publisher\":{\"@id\":\"https:\/\/volcanes.net\/#organization\"},\"potentialAction\":[{\"@type\":\"SearchAction\",\"target\":{\"@type\":\"EntryPoint\",\"urlTemplate\":\"https:\/\/volcanes.net\/?s={search_term_string}\"},\"query-input\":{\"@type\":\"PropertyValueSpecification\",\"valueRequired\":true,\"valueName\":\"search_term_string\"}}],\"inLanguage\":\"es\"},{\"@type\":\"Organization\",\"@id\":\"https:\/\/volcanes.net\/#organization\",\"name\":\"Grupo Volcanes\",\"url\":\"https:\/\/volcanes.net\/\",\"logo\":{\"@type\":\"ImageObject\",\"inLanguage\":\"es\",\"@id\":\"https:\/\/volcanes.net\/#\/schema\/logo\/image\/\",\"url\":\"http:\/\/volcanes.net\/wp-content\/uploads\/2017\/12\/Avatar2.jpg\",\"contentUrl\":\"http:\/\/volcanes.net\/wp-content\/uploads\/2017\/12\/Avatar2.jpg\",\"width\":378,\"height\":378,\"caption\":\"Grupo Volcanes\"},\"image\":{\"@id\":\"https:\/\/volcanes.net\/#\/schema\/logo\/image\/\"},\"sameAs\":[\"https:\/\/www.facebook.com\/volcanes.net\/\"]},{\"@type\":\"Person\",\"@id\":\"https:\/\/volcanes.net\/#\/schema\/person\/4bf0f383940966a4abd53f5048c0e6b9\",\"name\":\"admin\",\"image\":{\"@type\":\"ImageObject\",\"inLanguage\":\"es\",\"@id\":\"https:\/\/volcanes.net\/#\/schema\/person\/image\/\",\"url\":\"https:\/\/secure.gravatar.com\/avatar\/ca004e6cba8462b8cb7abc86e382930c?s=96&d=mm&r=g\",\"contentUrl\":\"https:\/\/secure.gravatar.com\/avatar\/ca004e6cba8462b8cb7abc86e382930c?s=96&d=mm&r=g\",\"caption\":\"admin\"}}]}<\/script>\n<!-- \/ Yoast SEO plugin. -->","yoast_head_json":{"title":"46 familias Ozumbenses damnificadas por el sismo del 2017 podr\u00e1n rehabilitar sus viviendas - Volcanes","robots":{"index":"index","follow":"follow","max-snippet":"max-snippet:-1","max-image-preview":"max-image-preview:large","max-video-preview":"max-video-preview:-1"},"canonical":"https:\/\/volcanes.net\/?p=8220","og_locale":"es_MX","og_type":"article","og_title":"46 familias Ozumbenses damnificadas por el sismo del 2017 podr\u00e1n rehabilitar sus viviendas - Volcanes","og_description":"Natalia Hern\u00e1ndez | Volcanes Multimedios Ozumba, Estado de M\u00e9xico.- Valent\u00edn Mart\u00ednez Castillo presidente de este","og_url":"https:\/\/volcanes.net\/?p=8220","og_site_name":"Volcanes","article_publisher":"https:\/\/www.facebook.com\/volcanes.net\/","article_published_time":"2020-09-03T19:11:29+00:00","article_modified_time":"2020-09-03T19:12:51+00:00","og_image":[{"width":552,"height":368,"url":"https:\/\/volcanes.net\/wp-content\/uploads\/2020\/09\/WhatsApp-Image-2020-09-03-at-2.10.09-PM.jpeg","type":"image\/jpeg"}],"author":"admin","twitter_card":"summary_large_image","twitter_misc":{"Escrito por":"admin","Tiempo de lectura":"1 minuto"},"schema":{"@context":"https:\/\/schema.org","@graph":[{"@type":"Article","@id":"https:\/\/volcanes.net\/?p=8220#article","isPartOf":{"@id":"https:\/\/volcanes.net\/?p=8220"},"author":{"name":"admin","@id":"https:\/\/volcanes.net\/#\/schema\/person\/4bf0f383940966a4abd53f5048c0e6b9"},"headline":"46 familias Ozumbenses damnificadas por el sismo del 2017 podr\u00e1n rehabilitar sus viviendas","datePublished":"2020-09-03T19:11:29+00:00","dateModified":"2020-09-03T19:12:51+00:00","mainEntityOfPage":{"@id":"https:\/\/volcanes.net\/?p=8220"},"wordCount":187,"commentCount":0,"publisher":{"@id":"https:\/\/volcanes.net\/#organization"},"image":{"@id":"https:\/\/volcanes.net\/?p=8220#primaryimage"},"thumbnailUrl":"https:\/\/volcanes.net\/wp-content\/uploads\/2020\/09\/WhatsApp-Image-2020-09-03-at-2.10.09-PM.jpeg","keywords":["Ozumba"],"articleSection":["Municipales"],"inLanguage":"es","potentialAction":[{"@type":"CommentAction","name":"Comment","target":["https:\/\/volcanes.net\/?p=8220#respond"]}]},{"@type":"WebPage","@id":"https:\/\/volcanes.net\/?p=8220","url":"https:\/\/volcanes.net\/?p=8220","name":"46 familias Ozumbenses damnificadas por el sismo del 2017 podr\u00e1n rehabilitar sus viviendas - Volcanes","isPartOf":{"@id":"https:\/\/volcanes.net\/#website"},"primaryImageOfPage":{"@id":"https:\/\/volcanes.net\/?p=8220#primaryimage"},"image":{"@id":"https:\/\/volcanes.net\/?p=8220#primaryimage"},"thumbnailUrl":"https:\/\/volcanes.net\/wp-content\/uploads\/2020\/09\/WhatsApp-Image-2020-09-03-at-2.10.09-PM.jpeg","datePublished":"2020-09-03T19:11:29+00:00","dateModified":"2020-09-03T19:12:51+00:00","breadcrumb":{"@id":"https:\/\/volcanes.net\/?p=8220#breadcrumb"},"inLanguage":"es","potentialAction":[{"@type":"ReadAction","target":["https:\/\/volcanes.net\/?p=8220"]}]},{"@type":"ImageObject","inLanguage":"es","@id":"https:\/\/volcanes.net\/?p=8220#primaryimage","url":"https:\/\/volcanes.net\/wp-content\/uploads\/2020\/09\/WhatsApp-Image-2020-09-03-at-2.10.09-PM.jpeg","contentUrl":"https:\/\/volcanes.net\/wp-content\/uploads\/2020\/09\/WhatsApp-Image-2020-09-03-at-2.10.09-PM.jpeg","width":552,"height":368},{"@type":"BreadcrumbList","@id":"https:\/\/volcanes.net\/?p=8220#breadcrumb","itemListElement":[{"@type":"ListItem","position":1,"name":"Portada","item":"https:\/\/volcanes.net\/"},{"@type":"ListItem","position":2,"name":"46 familias Ozumbenses damnificadas por el sismo del 2017 podr\u00e1n rehabilitar sus viviendas"}]},{"@type":"WebSite","@id":"https:\/\/volcanes.net\/#website","url":"https:\/\/volcanes.net\/","name":"Volcanes.Net","description":"Periodismo Profesional","publisher":{"@id":"https:\/\/volcanes.net\/#organization"},"potentialAction":[{"@type":"SearchAction","target":{"@type":"EntryPoint","urlTemplate":"https:\/\/volcanes.net\/?s={search_term_string}"},"query-input":{"@type":"PropertyValueSpecification","valueRequired":true,"valueName":"search_term_string"}}],"inLanguage":"es"},{"@type":"Organization","@id":"https:\/\/volcanes.net\/#organization","name":"Grupo Volcanes","url":"https:\/\/volcanes.net\/","logo":{"@type":"ImageObject","inLanguage":"es","@id":"https:\/\/volcanes.net\/#\/schema\/logo\/image\/","url":"http:\/\/volcanes.net\/wp-content\/uploads\/2017\/12\/Avatar2.jpg","contentUrl":"http:\/\/volcanes.net\/wp-content\/uploads\/2017\/12\/Avatar2.jpg","width":378,"height":378,"caption":"Grupo Volcanes"},"image":{"@id":"https:\/\/volcanes.net\/#\/schema\/logo\/image\/"},"sameAs":["https:\/\/www.facebook.com\/volcanes.net\/"]},{"@type":"Person","@id":"https:\/\/volcanes.net\/#\/schema\/person\/4bf0f383940966a4abd53f5048c0e6b9","name":"admin","image":{"@type":"ImageObject","inLanguage":"es","@id":"https:\/\/volcanes.net\/#\/schema\/person\/image\/","url":"https:\/\/secure.gravatar.com\/avatar\/ca004e6cba8462b8cb7abc86e382930c?s=96&d=mm&r=g","contentUrl":"https:\/\/secure.gravatar.com\/avatar\/ca004e6cba8462b8cb7abc86e382930c?s=96&d=mm&r=g","caption":"admin"}}]}},"_links":{"self":[{"href":"https:\/\/volcanes.net\/index.php?rest_route=\/wp\/v2\/posts\/8220"}],"collection":[{"href":"https:\/\/volcanes.net\/index.php?rest_route=\/wp\/v2\/posts"}],"about":[{"href":"https:\/\/volcanes.net\/index.php?rest_route=\/wp\/v2\/types\/post"}],"author":[{"embeddable":true,"href":"https:\/\/volcanes.net\/index.php?rest_route=\/wp\/v2\/users\/1"}],"replies":[{"embeddable":true,"href":"https:\/\/volcanes.net\/index.php?rest_route=%2Fwp%2Fv2%2Fcomments&post=8220"}],"version-history":[{"count":2,"href":"https:\/\/volcanes.net\/index.php?rest_route=\/wp\/v2\/posts\/8220\/revisions"}],"predecessor-version":[{"id":8231,"href":"https:\/\/volcanes.net\/index.php?rest_route=\/wp\/v2\/posts\/8220\/revisions\/8231"}],"wp:featuredmedia":[{"embeddable":true,"href":"https:\/\/volcanes.net\/index.php?rest_route=\/wp\/v2\/media\/8228"}],"wp:attachment":[{"href":"https:\/\/volcanes.net\/index.php?rest_route=%2Fwp%2Fv2%2Fmedia&parent=8220"}],"wp:term":[{"taxonomy":"category","embeddable":true,"href":"https:\/\/volcanes.net\/index.php?rest_route=%2Fwp%2Fv2%2Fcategories&post=8220"},{"taxonomy":"post_tag","embeddable":true,"href":"https:\/\/volcanes.net\/index.php?rest_route=%2Fwp%2Fv2%2Ftags&post=8220"}],"curies":[{"name":"wp","href":"https:\/\/api.w.org\/{rel}","templated":true}]}}