{"id":823,"date":"2018-01-25T23:15:02","date_gmt":"2018-01-25T23:15:02","guid":{"rendered":"http:\/\/volcanes.net\/?p=823"},"modified":"2018-01-25T23:15:02","modified_gmt":"2018-01-25T23:15:02","slug":"pena-nieto-convoca-a-trabajar-en-paz-y-unidad-por-el-bien-de-mexico","status":"publish","type":"post","link":"https:\/\/volcanes.net\/?p=823","title":{"rendered":"Pe\u00f1a Nieto convoca a trabajar en paz y unidad por el bien de M\u00e9xico"},"content":{"rendered":"<div style=\"margin-top: 0px; margin-bottom: 0px;\" class=\"sharethis-inline-share-buttons\" ><\/div><p>M\u00e9xico, 25 Ene (Notimex).- El presidente Enrique Pe\u00f1a Nieto subray\u00f3 que como pa\u00eds, \u201cno podemos perder ritmo, no podemos extraviarnos en la ruta que se ha venido construyendo\u201d, pues M\u00e9xico seguir\u00e1 creciendo y atrayendo inversi\u00f3n en los pr\u00f3ximos a\u00f1os, gracias a las reformas estructurales.<\/p>\n<p>Durante una gira de trabajo por el Estado de M\u00e9xico, donde inaugur\u00f3 obras de infraestructura, el mandatario dijo que las inversiones generan empleos y convierten al pa\u00eds en un punto log\u00edstico y un mercado importante, que han permitido que la econom\u00eda crezca de manera constante.<\/p>\n<p>\u201cNo habido otro gobierno, otra administraci\u00f3n en la que, no obstante no tener los niveles de crecimiento de la econom\u00eda deseados, no hemos dejado de crecer. Hemos constantemente y consistentemente, a\u00f1o tras a\u00f1o, crecido, y nuestra econom\u00eda crecer\u00e1 ya en esta administraci\u00f3n de 18 por ciento\u201d, afirm\u00f3.<\/p>\n<p>Al entregar la ampliaci\u00f3n del libramiento Arco Norte en el tramo Jilotepec-Atlacomulco, asever\u00f3 que las reformas van a posibilitar que M\u00e9xico crezca mucho m\u00e1s en los pr\u00f3ximos a\u00f1os a mayores tasas y a mayor dinamismo \u201cy eso exige que nuestro pa\u00eds se est\u00e9 preparando y est\u00e9 ampliando su infraestructura, de lo contrario las inversiones no van a llegar\u201d.<\/p>\n<p>Acompa\u00f1ado por el gobernador mexiquense, Alfredo del Mazo, y el secretario de Comunicaciones y Transportes, Gerardo Ruiz Esparza, en los l\u00edmites de los municipios de Acambay y Atlacomulco apunt\u00f3: \u201cpodemos tener una mejor econom\u00eda, un mejor dinamismo, pero sin inversi\u00f3n en infraestructura dif\u00edcilmente tendremos potencial de crecer m\u00e1s o generar m\u00e1s empleos\u201d.<\/p>\n<p>Pe\u00f1a Nieto enfatiz\u00f3 que no obstante los se\u00f1alamientos \u201cduros y lapidarios\u201d a trav\u00e9s de las redes sociales, \u201cque poco recogen de los logros y los avances que tenemos como naci\u00f3n\u201d, analistas en el exterior s\u00ed ven lo que M\u00e9xico ha venido alcanzando en cifras, en n\u00fameros y estad\u00edsticas.<\/p>\n<p>A\u00f1adi\u00f3 que los analistas, \u201cadvierten que M\u00e9xico tendr\u00e1 un futuro promisorio a partir de la certeza que se genere hacia los pr\u00f3ximos a\u00f1os, y esa certeza pasa por la que viva M\u00e9xico este a\u00f1o\u201d, en referencia al proceso electoral que vive el pa\u00eds.<\/p>\n<p>\u201cCreo que tengo derecho de hacerlo (se\u00f1alar), de lo que como pa\u00eds hemos alcanzado, y levantar la voz para decir, a ver: aquellas voces que se\u00f1alan de manera cr\u00edtica, muchas de ellas con raz\u00f3n y con acierto en lo que a\u00fan nos falta para alcanzar, pero tambi\u00e9n demandar el reconocimiento a lo que s\u00ed hemos hecho, a los avances que hemos logrado, a lo que hemos generado como sociedad\u201d, recalc\u00f3.<\/p>\n<p>Al subrayar que no busca tomar posici\u00f3n sobre lo que ocurre en la justa democr\u00e1tica y que es cuidadoso y respetuoso de la legislaci\u00f3n electoral, llam\u00f3 a no permitir \u201cque la competencia democr\u00e1tica, que es sana, que es favorable a nuestra condici\u00f3n de pa\u00eds, por su vocaci\u00f3n democr\u00e1tica, nos divida como sociedad\u201d.<\/p>\n<p>Indic\u00f3 que, \u201cal contrario, que con gran civilidad, que como buenos mexicanos sigamos apostando por M\u00e9xico, creyendo en las buenas cosas, en lo que sea hecho bien, en lo que se ha logrado, no s\u00f3lo los gobiernos, sino a partir del esfuerzo de gobierno y sociedad y esto tiene un alto sentido y un alto valor para nuestro pa\u00eds\u201d.<\/p>\n<p>\u201cUn pa\u00eds no s\u00f3lo se hace en s\u00f3lo seis a\u00f1os; seis a\u00f1os son un tiempo razonable y suficiente para aportar m\u00e1s al desarrollo y a la grandeza de M\u00e9xico, y este gobierno ha asumido de manera responsable su tarea en la construcci\u00f3n de una mejor naci\u00f3n a partir de lo que venimos alcanzando y desarrollando con todos los mexicanos\u201d, puntualiz\u00f3.<\/p>\n<p>\u201cSigamos trabajando en unidad, en mucha unidad, con entusiasmo, con armon\u00eda, en paz, sigamos trabajando por el bien de M\u00e9xico. M\u00e9xico es una gran naci\u00f3n, lo sabemos, creemos y nos sentimos orgullosamente mexicanos.<\/p>\n<p>\u201cY de lo que hagamos cada uno de nosotros, del \u00e1nimo con el que contagiemos a los dem\u00e1s, ser\u00e1 el \u00e1nimo que tengamos como naci\u00f3n&#8230; A cada uno de nosotros corresponde aportar a realmente vivir en este clima de unidad, de armon\u00eda, de tranquilidad y de paz social para encarar los retos, y, sobre todo, para seguir construyendo un mejor M\u00e9xico\u201d.<\/p>\n<p>En este acto, el mandatario federal dijo que con la entrega de esta obra de infraestructura se han entregado, en lo que va de la actual administraci\u00f3n, 39 autopistas con una extensi\u00f3n de m\u00e1s de dos mil 400 kil\u00f3metros y una inversi\u00f3n de casi mil millones de pesos, tanto en construcci\u00f3n como modernizaci\u00f3n de autopistas.<\/p>\n<p>Destac\u00f3 que se han ampliado o construido 76 carreteras federales, que tienen una longitud de m\u00e1s de tres mil kil\u00f3metros, y se est\u00e1 en la ruta de cumplir los proyectos de infraestructura carretera a los que se comprometi\u00f3 como candidato a la Presidencia de M\u00e9xico, con 52 autopistas y 80 carreteras federales, que ser\u00e1n del orden de seis mil kil\u00f3metros.<\/p>\n<p>\u201cEsa es la infraestructura carretera que se viene realizando que no se tiene precedente. No ha habido otro momento en la historia reciente del pa\u00eds, y no se diga m\u00e1s antes, donde se haya construido tanta infraestructura carretera como la que se ha realizado en esta administraci\u00f3n para beneficio de los mexicanos\u201d, asever\u00f3.<\/p>\n<p>A su vez, el secretario de Comunicaciones y Transportes, Gerardo Ruiz Esparza, destac\u00f3 que se han invertido un bill\u00f3n 557 mil millones de pesos en obras de infraestructura de comunicaciones y transportes, y que en cumplimiento con el compromiso de gobierno n\u00famero 176, cada a\u00f1o se han entregado 20 obras para conectar a M\u00e9xico a trav\u00e9s de tierra, mar y aire.<\/p>\n","protected":false},"excerpt":{"rendered":"<p>M\u00e9xico, 25 Ene (Notimex).- El presidente Enrique Pe\u00f1a Nieto subray\u00f3 que como pa\u00eds, \u201cno podemos<\/p>\n","protected":false},"author":1,"featured_media":824,"comment_status":"open","ping_status":"open","sticky":false,"template":"","format":"standard","meta":{"footnotes":""},"categories":[1],"tags":[45,44],"class_list":["post-823","post","type-post","status-publish","format-standard","has-post-thumbnail","hentry","category-municipales","tag-epn","tag-gobierno-de-la-republica"],"yoast_head":"<!-- This site is optimized with the Yoast SEO plugin v25.3 - https:\/\/yoast.com\/wordpress\/plugins\/seo\/ -->\n<title>Pe\u00f1a Nieto convoca a trabajar en paz y unidad por el bien de M\u00e9xico - Volcanes<\/title>\n<meta name=\"robots\" content=\"index, follow, max-snippet:-1, max-image-preview:large, max-video-preview:-1\" \/>\n<link rel=\"canonical\" href=\"https:\/\/volcanes.net\/?p=823\" \/>\n<meta property=\"og:locale\" content=\"es_MX\" \/>\n<meta property=\"og:type\" content=\"article\" \/>\n<meta property=\"og:title\" content=\"Pe\u00f1a Nieto convoca a trabajar en paz y unidad por el bien de M\u00e9xico - Volcanes\" \/>\n<meta property=\"og:description\" content=\"M\u00e9xico, 25 Ene (Notimex).- El presidente Enrique Pe\u00f1a Nieto subray\u00f3 que como pa\u00eds, \u201cno podemos\" \/>\n<meta property=\"og:url\" content=\"https:\/\/volcanes.net\/?p=823\" \/>\n<meta property=\"og:site_name\" content=\"Volcanes\" \/>\n<meta property=\"article:publisher\" content=\"https:\/\/www.facebook.com\/volcanes.net\/\" \/>\n<meta property=\"article:published_time\" content=\"2018-01-25T23:15:02+00:00\" \/>\n<meta property=\"og:image\" content=\"https:\/\/volcanes.net\/wp-content\/uploads\/2018\/01\/cNTX180125076.jpg\" \/>\n\t<meta property=\"og:image:width\" content=\"448\" \/>\n\t<meta property=\"og:image:height\" content=\"332\" \/>\n\t<meta property=\"og:image:type\" content=\"image\/jpeg\" \/>\n<meta name=\"author\" content=\"admin\" \/>\n<meta name=\"twitter:card\" content=\"summary_large_image\" \/>\n<meta name=\"twitter:label1\" content=\"Escrito por\" \/>\n\t<meta name=\"twitter:data1\" content=\"admin\" \/>\n\t<meta name=\"twitter:label2\" content=\"Tiempo de lectura\" \/>\n\t<meta name=\"twitter:data2\" content=\"5 minutos\" \/>\n<script type=\"application\/ld+json\" class=\"yoast-schema-graph\">{\"@context\":\"https:\/\/schema.org\",\"@graph\":[{\"@type\":\"Article\",\"@id\":\"https:\/\/volcanes.net\/?p=823#article\",\"isPartOf\":{\"@id\":\"https:\/\/volcanes.net\/?p=823\"},\"author\":{\"name\":\"admin\",\"@id\":\"https:\/\/volcanes.net\/#\/schema\/person\/4bf0f383940966a4abd53f5048c0e6b9\"},\"headline\":\"Pe\u00f1a Nieto convoca a trabajar en paz y unidad por el bien de M\u00e9xico\",\"datePublished\":\"2018-01-25T23:15:02+00:00\",\"mainEntityOfPage\":{\"@id\":\"https:\/\/volcanes.net\/?p=823\"},\"wordCount\":1007,\"commentCount\":0,\"publisher\":{\"@id\":\"https:\/\/volcanes.net\/#organization\"},\"image\":{\"@id\":\"https:\/\/volcanes.net\/?p=823#primaryimage\"},\"thumbnailUrl\":\"https:\/\/volcanes.net\/wp-content\/uploads\/2018\/01\/cNTX180125076.jpg\",\"keywords\":[\"EPN\",\"Gobierno de la Rep\u00fablica\"],\"articleSection\":[\"Municipales\"],\"inLanguage\":\"es\",\"potentialAction\":[{\"@type\":\"CommentAction\",\"name\":\"Comment\",\"target\":[\"https:\/\/volcanes.net\/?p=823#respond\"]}]},{\"@type\":\"WebPage\",\"@id\":\"https:\/\/volcanes.net\/?p=823\",\"url\":\"https:\/\/volcanes.net\/?p=823\",\"name\":\"Pe\u00f1a Nieto convoca a trabajar en paz y unidad por el bien de M\u00e9xico - Volcanes\",\"isPartOf\":{\"@id\":\"https:\/\/volcanes.net\/#website\"},\"primaryImageOfPage\":{\"@id\":\"https:\/\/volcanes.net\/?p=823#primaryimage\"},\"image\":{\"@id\":\"https:\/\/volcanes.net\/?p=823#primaryimage\"},\"thumbnailUrl\":\"https:\/\/volcanes.net\/wp-content\/uploads\/2018\/01\/cNTX180125076.jpg\",\"datePublished\":\"2018-01-25T23:15:02+00:00\",\"breadcrumb\":{\"@id\":\"https:\/\/volcanes.net\/?p=823#breadcrumb\"},\"inLanguage\":\"es\",\"potentialAction\":[{\"@type\":\"ReadAction\",\"target\":[\"https:\/\/volcanes.net\/?p=823\"]}]},{\"@type\":\"ImageObject\",\"inLanguage\":\"es\",\"@id\":\"https:\/\/volcanes.net\/?p=823#primaryimage\",\"url\":\"https:\/\/volcanes.net\/wp-content\/uploads\/2018\/01\/cNTX180125076.jpg\",\"contentUrl\":\"https:\/\/volcanes.net\/wp-content\/uploads\/2018\/01\/cNTX180125076.jpg\",\"width\":448,\"height\":332},{\"@type\":\"BreadcrumbList\",\"@id\":\"https:\/\/volcanes.net\/?p=823#breadcrumb\",\"itemListElement\":[{\"@type\":\"ListItem\",\"position\":1,\"name\":\"Portada\",\"item\":\"https:\/\/volcanes.net\/\"},{\"@type\":\"ListItem\",\"position\":2,\"name\":\"Pe\u00f1a Nieto convoca a trabajar en paz y unidad por el bien de M\u00e9xico\"}]},{\"@type\":\"WebSite\",\"@id\":\"https:\/\/volcanes.net\/#website\",\"url\":\"https:\/\/volcanes.net\/\",\"name\":\"Volcanes.Net\",\"description\":\"Periodismo Profesional\",\"publisher\":{\"@id\":\"https:\/\/volcanes.net\/#organization\"},\"potentialAction\":[{\"@type\":\"SearchAction\",\"target\":{\"@type\":\"EntryPoint\",\"urlTemplate\":\"https:\/\/volcanes.net\/?s={search_term_string}\"},\"query-input\":{\"@type\":\"PropertyValueSpecification\",\"valueRequired\":true,\"valueName\":\"search_term_string\"}}],\"inLanguage\":\"es\"},{\"@type\":\"Organization\",\"@id\":\"https:\/\/volcanes.net\/#organization\",\"name\":\"Grupo Volcanes\",\"url\":\"https:\/\/volcanes.net\/\",\"logo\":{\"@type\":\"ImageObject\",\"inLanguage\":\"es\",\"@id\":\"https:\/\/volcanes.net\/#\/schema\/logo\/image\/\",\"url\":\"http:\/\/volcanes.net\/wp-content\/uploads\/2017\/12\/Avatar2.jpg\",\"contentUrl\":\"http:\/\/volcanes.net\/wp-content\/uploads\/2017\/12\/Avatar2.jpg\",\"width\":378,\"height\":378,\"caption\":\"Grupo Volcanes\"},\"image\":{\"@id\":\"https:\/\/volcanes.net\/#\/schema\/logo\/image\/\"},\"sameAs\":[\"https:\/\/www.facebook.com\/volcanes.net\/\"]},{\"@type\":\"Person\",\"@id\":\"https:\/\/volcanes.net\/#\/schema\/person\/4bf0f383940966a4abd53f5048c0e6b9\",\"name\":\"admin\",\"image\":{\"@type\":\"ImageObject\",\"inLanguage\":\"es\",\"@id\":\"https:\/\/volcanes.net\/#\/schema\/person\/image\/\",\"url\":\"https:\/\/secure.gravatar.com\/avatar\/ca004e6cba8462b8cb7abc86e382930c?s=96&d=mm&r=g\",\"contentUrl\":\"https:\/\/secure.gravatar.com\/avatar\/ca004e6cba8462b8cb7abc86e382930c?s=96&d=mm&r=g\",\"caption\":\"admin\"}}]}<\/script>\n<!-- \/ Yoast SEO plugin. -->","yoast_head_json":{"title":"Pe\u00f1a Nieto convoca a trabajar en paz y unidad por el bien de M\u00e9xico - Volcanes","robots":{"index":"index","follow":"follow","max-snippet":"max-snippet:-1","max-image-preview":"max-image-preview:large","max-video-preview":"max-video-preview:-1"},"canonical":"https:\/\/volcanes.net\/?p=823","og_locale":"es_MX","og_type":"article","og_title":"Pe\u00f1a Nieto convoca a trabajar en paz y unidad por el bien de M\u00e9xico - Volcanes","og_description":"M\u00e9xico, 25 Ene (Notimex).- El presidente Enrique Pe\u00f1a Nieto subray\u00f3 que como pa\u00eds, \u201cno podemos","og_url":"https:\/\/volcanes.net\/?p=823","og_site_name":"Volcanes","article_publisher":"https:\/\/www.facebook.com\/volcanes.net\/","article_published_time":"2018-01-25T23:15:02+00:00","og_image":[{"width":448,"height":332,"url":"https:\/\/volcanes.net\/wp-content\/uploads\/2018\/01\/cNTX180125076.jpg","type":"image\/jpeg"}],"author":"admin","twitter_card":"summary_large_image","twitter_misc":{"Escrito por":"admin","Tiempo de lectura":"5 minutos"},"schema":{"@context":"https:\/\/schema.org","@graph":[{"@type":"Article","@id":"https:\/\/volcanes.net\/?p=823#article","isPartOf":{"@id":"https:\/\/volcanes.net\/?p=823"},"author":{"name":"admin","@id":"https:\/\/volcanes.net\/#\/schema\/person\/4bf0f383940966a4abd53f5048c0e6b9"},"headline":"Pe\u00f1a Nieto convoca a trabajar en paz y unidad por el bien de M\u00e9xico","datePublished":"2018-01-25T23:15:02+00:00","mainEntityOfPage":{"@id":"https:\/\/volcanes.net\/?p=823"},"wordCount":1007,"commentCount":0,"publisher":{"@id":"https:\/\/volcanes.net\/#organization"},"image":{"@id":"https:\/\/volcanes.net\/?p=823#primaryimage"},"thumbnailUrl":"https:\/\/volcanes.net\/wp-content\/uploads\/2018\/01\/cNTX180125076.jpg","keywords":["EPN","Gobierno de la Rep\u00fablica"],"articleSection":["Municipales"],"inLanguage":"es","potentialAction":[{"@type":"CommentAction","name":"Comment","target":["https:\/\/volcanes.net\/?p=823#respond"]}]},{"@type":"WebPage","@id":"https:\/\/volcanes.net\/?p=823","url":"https:\/\/volcanes.net\/?p=823","name":"Pe\u00f1a Nieto convoca a trabajar en paz y unidad por el bien de M\u00e9xico - Volcanes","isPartOf":{"@id":"https:\/\/volcanes.net\/#website"},"primaryImageOfPage":{"@id":"https:\/\/volcanes.net\/?p=823#primaryimage"},"image":{"@id":"https:\/\/volcanes.net\/?p=823#primaryimage"},"thumbnailUrl":"https:\/\/volcanes.net\/wp-content\/uploads\/2018\/01\/cNTX180125076.jpg","datePublished":"2018-01-25T23:15:02+00:00","breadcrumb":{"@id":"https:\/\/volcanes.net\/?p=823#breadcrumb"},"inLanguage":"es","potentialAction":[{"@type":"ReadAction","target":["https:\/\/volcanes.net\/?p=823"]}]},{"@type":"ImageObject","inLanguage":"es","@id":"https:\/\/volcanes.net\/?p=823#primaryimage","url":"https:\/\/volcanes.net\/wp-content\/uploads\/2018\/01\/cNTX180125076.jpg","contentUrl":"https:\/\/volcanes.net\/wp-content\/uploads\/2018\/01\/cNTX180125076.jpg","width":448,"height":332},{"@type":"BreadcrumbList","@id":"https:\/\/volcanes.net\/?p=823#breadcrumb","itemListElement":[{"@type":"ListItem","position":1,"name":"Portada","item":"https:\/\/volcanes.net\/"},{"@type":"ListItem","position":2,"name":"Pe\u00f1a Nieto convoca a trabajar en paz y unidad por el bien de M\u00e9xico"}]},{"@type":"WebSite","@id":"https:\/\/volcanes.net\/#website","url":"https:\/\/volcanes.net\/","name":"Volcanes.Net","description":"Periodismo Profesional","publisher":{"@id":"https:\/\/volcanes.net\/#organization"},"potentialAction":[{"@type":"SearchAction","target":{"@type":"EntryPoint","urlTemplate":"https:\/\/volcanes.net\/?s={search_term_string}"},"query-input":{"@type":"PropertyValueSpecification","valueRequired":true,"valueName":"search_term_string"}}],"inLanguage":"es"},{"@type":"Organization","@id":"https:\/\/volcanes.net\/#organization","name":"Grupo Volcanes","url":"https:\/\/volcanes.net\/","logo":{"@type":"ImageObject","inLanguage":"es","@id":"https:\/\/volcanes.net\/#\/schema\/logo\/image\/","url":"http:\/\/volcanes.net\/wp-content\/uploads\/2017\/12\/Avatar2.jpg","contentUrl":"http:\/\/volcanes.net\/wp-content\/uploads\/2017\/12\/Avatar2.jpg","width":378,"height":378,"caption":"Grupo Volcanes"},"image":{"@id":"https:\/\/volcanes.net\/#\/schema\/logo\/image\/"},"sameAs":["https:\/\/www.facebook.com\/volcanes.net\/"]},{"@type":"Person","@id":"https:\/\/volcanes.net\/#\/schema\/person\/4bf0f383940966a4abd53f5048c0e6b9","name":"admin","image":{"@type":"ImageObject","inLanguage":"es","@id":"https:\/\/volcanes.net\/#\/schema\/person\/image\/","url":"https:\/\/secure.gravatar.com\/avatar\/ca004e6cba8462b8cb7abc86e382930c?s=96&d=mm&r=g","contentUrl":"https:\/\/secure.gravatar.com\/avatar\/ca004e6cba8462b8cb7abc86e382930c?s=96&d=mm&r=g","caption":"admin"}}]}},"_links":{"self":[{"href":"https:\/\/volcanes.net\/index.php?rest_route=\/wp\/v2\/posts\/823"}],"collection":[{"href":"https:\/\/volcanes.net\/index.php?rest_route=\/wp\/v2\/posts"}],"about":[{"href":"https:\/\/volcanes.net\/index.php?rest_route=\/wp\/v2\/types\/post"}],"author":[{"embeddable":true,"href":"https:\/\/volcanes.net\/index.php?rest_route=\/wp\/v2\/users\/1"}],"replies":[{"embeddable":true,"href":"https:\/\/volcanes.net\/index.php?rest_route=%2Fwp%2Fv2%2Fcomments&post=823"}],"version-history":[{"count":1,"href":"https:\/\/volcanes.net\/index.php?rest_route=\/wp\/v2\/posts\/823\/revisions"}],"predecessor-version":[{"id":825,"href":"https:\/\/volcanes.net\/index.php?rest_route=\/wp\/v2\/posts\/823\/revisions\/825"}],"wp:featuredmedia":[{"embeddable":true,"href":"https:\/\/volcanes.net\/index.php?rest_route=\/wp\/v2\/media\/824"}],"wp:attachment":[{"href":"https:\/\/volcanes.net\/index.php?rest_route=%2Fwp%2Fv2%2Fmedia&parent=823"}],"wp:term":[{"taxonomy":"category","embeddable":true,"href":"https:\/\/volcanes.net\/index.php?rest_route=%2Fwp%2Fv2%2Fcategories&post=823"},{"taxonomy":"post_tag","embeddable":true,"href":"https:\/\/volcanes.net\/index.php?rest_route=%2Fwp%2Fv2%2Ftags&post=823"}],"curies":[{"name":"wp","href":"https:\/\/api.w.org\/{rel}","templated":true}]}}