{"id":8249,"date":"2020-09-04T10:01:17","date_gmt":"2020-09-04T16:01:17","guid":{"rendered":"http:\/\/volcanes.net\/?p=8249"},"modified":"2020-09-04T10:01:17","modified_gmt":"2020-09-04T16:01:17","slug":"sanitizan-espacios-publicos-en-ixtapaluca","status":"publish","type":"post","link":"https:\/\/volcanes.net\/?p=8249","title":{"rendered":"Sanitizan espacios p\u00fablicos en Ixtapaluca"},"content":{"rendered":"<div style=\"margin-top: 0px; margin-bottom: 0px;\" class=\"sharethis-inline-share-buttons\" ><\/div><p>Ixtapaluca, Estado de M\u00e9xico.- Elementos de la Direcci\u00f3n de Seguridad Ciudadana y Tr\u00e1nsito Municipal (DSCyTM) Ixtapaluca contin\u00faan llevando a cabo las medidas de sanidad con la finalidad de prevenir contagios por el COVID-19.\u00a0 Sin bajar la guardia ante esta pandemia, las acciones han consistido en la sanitizaci\u00f3n de espacios p\u00fablicos, aplicaci\u00f3n de gel antibacterial y la revisi\u00f3n del personal de esta direcci\u00f3n.<\/p>\n<p>De un total de 5 mil 294 sanitizaciones, en espacios p\u00fablicos, como mercados, iglesias, lecher\u00edas, tianguis, puentes peatonales, tiendas, oficinas, 3 mil 298 sanitizaciones corresponden a las unidades de transporte p\u00fablico y mil 308 en bases, al ser un importante punto de concentraci\u00f3n de personas que viajan a otros municipios y a la ciudad de M\u00e9xico.<\/p>\n<p>En los operativos del transporte p\u00fablico, adem\u00e1s de la sanitizaci\u00f3n tambi\u00e9n se hace entrega de gel antibacterial a las y los usuarios y se les toma la temperatura. Las medidas de sanidad tambi\u00e9n se aplican a las unidades que tiene a su cargo los elementos de la direcci\u00f3n, patrullas y unidades motorizadas.<\/p>\n<p>A los elementos que se encuentran laborando se les realiza un chequeo diario de su temperatura, record\u00e1ndoles de la importancia del uso de gel antibacterial y del cubreboca.<\/p>\n<p>Las sanitizaciones adem\u00e1s se han aplicado en las bases de mototaxis y bicitaxis, en donde tambi\u00e9n se aplican las medidas preventivas, entrega de gel antibacterial y la toma de temperatura a los choferes de estas unidades.<\/p>\n<p>Personal de la Direcci\u00f3n de Seguridad Ciudadana recuerda a la ciudadan\u00eda que su seguridad es importante y que unidos evitamos m\u00e1s contagios. Asimismo, pone a disposici\u00f3n el n\u00famero de emergencia: 55 5972 9968.<\/p>\n","protected":false},"excerpt":{"rendered":"<p>Ixtapaluca, Estado de M\u00e9xico.- Elementos de la Direcci\u00f3n de Seguridad Ciudadana y Tr\u00e1nsito Municipal (DSCyTM)<\/p>\n","protected":false},"author":1,"featured_media":8250,"comment_status":"open","ping_status":"open","sticky":false,"template":"","format":"standard","meta":{"footnotes":""},"categories":[1],"tags":[6],"class_list":["post-8249","post","type-post","status-publish","format-standard","has-post-thumbnail","hentry","category-municipales","tag-ixtapaluca"],"yoast_head":"<!-- This site is optimized with the Yoast SEO plugin v25.3 - https:\/\/yoast.com\/wordpress\/plugins\/seo\/ -->\n<title>Sanitizan espacios p\u00fablicos en Ixtapaluca - Volcanes<\/title>\n<meta name=\"robots\" content=\"index, follow, max-snippet:-1, max-image-preview:large, max-video-preview:-1\" \/>\n<link rel=\"canonical\" href=\"https:\/\/volcanes.net\/?p=8249\" \/>\n<meta property=\"og:locale\" content=\"es_MX\" \/>\n<meta property=\"og:type\" content=\"article\" \/>\n<meta property=\"og:title\" content=\"Sanitizan espacios p\u00fablicos en Ixtapaluca - Volcanes\" \/>\n<meta property=\"og:description\" content=\"Ixtapaluca, Estado de M\u00e9xico.- Elementos de la Direcci\u00f3n de Seguridad Ciudadana y Tr\u00e1nsito Municipal (DSCyTM)\" \/>\n<meta property=\"og:url\" content=\"https:\/\/volcanes.net\/?p=8249\" \/>\n<meta property=\"og:site_name\" content=\"Volcanes\" \/>\n<meta property=\"article:publisher\" content=\"https:\/\/www.facebook.com\/volcanes.net\/\" \/>\n<meta property=\"article:published_time\" content=\"2020-09-04T16:01:17+00:00\" \/>\n<meta property=\"og:image\" content=\"https:\/\/volcanes.net\/wp-content\/uploads\/2020\/09\/FB_IMG_1599234708552.jpg\" \/>\n\t<meta property=\"og:image:width\" content=\"543\" \/>\n\t<meta property=\"og:image:height\" content=\"296\" \/>\n\t<meta property=\"og:image:type\" content=\"image\/jpeg\" \/>\n<meta name=\"author\" content=\"admin\" \/>\n<meta name=\"twitter:card\" content=\"summary_large_image\" \/>\n<meta name=\"twitter:label1\" content=\"Escrito por\" \/>\n\t<meta name=\"twitter:data1\" content=\"admin\" \/>\n\t<meta name=\"twitter:label2\" content=\"Tiempo de lectura\" \/>\n\t<meta name=\"twitter:data2\" content=\"1 minuto\" \/>\n<script type=\"application\/ld+json\" class=\"yoast-schema-graph\">{\"@context\":\"https:\/\/schema.org\",\"@graph\":[{\"@type\":\"Article\",\"@id\":\"https:\/\/volcanes.net\/?p=8249#article\",\"isPartOf\":{\"@id\":\"https:\/\/volcanes.net\/?p=8249\"},\"author\":{\"name\":\"admin\",\"@id\":\"https:\/\/volcanes.net\/#\/schema\/person\/4bf0f383940966a4abd53f5048c0e6b9\"},\"headline\":\"Sanitizan espacios p\u00fablicos en Ixtapaluca\",\"datePublished\":\"2020-09-04T16:01:17+00:00\",\"mainEntityOfPage\":{\"@id\":\"https:\/\/volcanes.net\/?p=8249\"},\"wordCount\":294,\"commentCount\":0,\"publisher\":{\"@id\":\"https:\/\/volcanes.net\/#organization\"},\"image\":{\"@id\":\"https:\/\/volcanes.net\/?p=8249#primaryimage\"},\"thumbnailUrl\":\"https:\/\/volcanes.net\/wp-content\/uploads\/2020\/09\/FB_IMG_1599234708552.jpg\",\"keywords\":[\"Ixtapaluca\"],\"articleSection\":[\"Municipales\"],\"inLanguage\":\"es\",\"potentialAction\":[{\"@type\":\"CommentAction\",\"name\":\"Comment\",\"target\":[\"https:\/\/volcanes.net\/?p=8249#respond\"]}]},{\"@type\":\"WebPage\",\"@id\":\"https:\/\/volcanes.net\/?p=8249\",\"url\":\"https:\/\/volcanes.net\/?p=8249\",\"name\":\"Sanitizan espacios p\u00fablicos en Ixtapaluca - Volcanes\",\"isPartOf\":{\"@id\":\"https:\/\/volcanes.net\/#website\"},\"primaryImageOfPage\":{\"@id\":\"https:\/\/volcanes.net\/?p=8249#primaryimage\"},\"image\":{\"@id\":\"https:\/\/volcanes.net\/?p=8249#primaryimage\"},\"thumbnailUrl\":\"https:\/\/volcanes.net\/wp-content\/uploads\/2020\/09\/FB_IMG_1599234708552.jpg\",\"datePublished\":\"2020-09-04T16:01:17+00:00\",\"breadcrumb\":{\"@id\":\"https:\/\/volcanes.net\/?p=8249#breadcrumb\"},\"inLanguage\":\"es\",\"potentialAction\":[{\"@type\":\"ReadAction\",\"target\":[\"https:\/\/volcanes.net\/?p=8249\"]}]},{\"@type\":\"ImageObject\",\"inLanguage\":\"es\",\"@id\":\"https:\/\/volcanes.net\/?p=8249#primaryimage\",\"url\":\"https:\/\/volcanes.net\/wp-content\/uploads\/2020\/09\/FB_IMG_1599234708552.jpg\",\"contentUrl\":\"https:\/\/volcanes.net\/wp-content\/uploads\/2020\/09\/FB_IMG_1599234708552.jpg\",\"width\":543,\"height\":296},{\"@type\":\"BreadcrumbList\",\"@id\":\"https:\/\/volcanes.net\/?p=8249#breadcrumb\",\"itemListElement\":[{\"@type\":\"ListItem\",\"position\":1,\"name\":\"Portada\",\"item\":\"https:\/\/volcanes.net\/\"},{\"@type\":\"ListItem\",\"position\":2,\"name\":\"Sanitizan espacios p\u00fablicos en Ixtapaluca\"}]},{\"@type\":\"WebSite\",\"@id\":\"https:\/\/volcanes.net\/#website\",\"url\":\"https:\/\/volcanes.net\/\",\"name\":\"Volcanes.Net\",\"description\":\"Periodismo Profesional\",\"publisher\":{\"@id\":\"https:\/\/volcanes.net\/#organization\"},\"potentialAction\":[{\"@type\":\"SearchAction\",\"target\":{\"@type\":\"EntryPoint\",\"urlTemplate\":\"https:\/\/volcanes.net\/?s={search_term_string}\"},\"query-input\":{\"@type\":\"PropertyValueSpecification\",\"valueRequired\":true,\"valueName\":\"search_term_string\"}}],\"inLanguage\":\"es\"},{\"@type\":\"Organization\",\"@id\":\"https:\/\/volcanes.net\/#organization\",\"name\":\"Grupo Volcanes\",\"url\":\"https:\/\/volcanes.net\/\",\"logo\":{\"@type\":\"ImageObject\",\"inLanguage\":\"es\",\"@id\":\"https:\/\/volcanes.net\/#\/schema\/logo\/image\/\",\"url\":\"http:\/\/volcanes.net\/wp-content\/uploads\/2017\/12\/Avatar2.jpg\",\"contentUrl\":\"http:\/\/volcanes.net\/wp-content\/uploads\/2017\/12\/Avatar2.jpg\",\"width\":378,\"height\":378,\"caption\":\"Grupo Volcanes\"},\"image\":{\"@id\":\"https:\/\/volcanes.net\/#\/schema\/logo\/image\/\"},\"sameAs\":[\"https:\/\/www.facebook.com\/volcanes.net\/\"]},{\"@type\":\"Person\",\"@id\":\"https:\/\/volcanes.net\/#\/schema\/person\/4bf0f383940966a4abd53f5048c0e6b9\",\"name\":\"admin\",\"image\":{\"@type\":\"ImageObject\",\"inLanguage\":\"es\",\"@id\":\"https:\/\/volcanes.net\/#\/schema\/person\/image\/\",\"url\":\"https:\/\/secure.gravatar.com\/avatar\/ca004e6cba8462b8cb7abc86e382930c?s=96&d=mm&r=g\",\"contentUrl\":\"https:\/\/secure.gravatar.com\/avatar\/ca004e6cba8462b8cb7abc86e382930c?s=96&d=mm&r=g\",\"caption\":\"admin\"}}]}<\/script>\n<!-- \/ Yoast SEO plugin. -->","yoast_head_json":{"title":"Sanitizan espacios p\u00fablicos en Ixtapaluca - Volcanes","robots":{"index":"index","follow":"follow","max-snippet":"max-snippet:-1","max-image-preview":"max-image-preview:large","max-video-preview":"max-video-preview:-1"},"canonical":"https:\/\/volcanes.net\/?p=8249","og_locale":"es_MX","og_type":"article","og_title":"Sanitizan espacios p\u00fablicos en Ixtapaluca - Volcanes","og_description":"Ixtapaluca, Estado de M\u00e9xico.- Elementos de la Direcci\u00f3n de Seguridad Ciudadana y Tr\u00e1nsito Municipal (DSCyTM)","og_url":"https:\/\/volcanes.net\/?p=8249","og_site_name":"Volcanes","article_publisher":"https:\/\/www.facebook.com\/volcanes.net\/","article_published_time":"2020-09-04T16:01:17+00:00","og_image":[{"width":543,"height":296,"url":"https:\/\/volcanes.net\/wp-content\/uploads\/2020\/09\/FB_IMG_1599234708552.jpg","type":"image\/jpeg"}],"author":"admin","twitter_card":"summary_large_image","twitter_misc":{"Escrito por":"admin","Tiempo de lectura":"1 minuto"},"schema":{"@context":"https:\/\/schema.org","@graph":[{"@type":"Article","@id":"https:\/\/volcanes.net\/?p=8249#article","isPartOf":{"@id":"https:\/\/volcanes.net\/?p=8249"},"author":{"name":"admin","@id":"https:\/\/volcanes.net\/#\/schema\/person\/4bf0f383940966a4abd53f5048c0e6b9"},"headline":"Sanitizan espacios p\u00fablicos en Ixtapaluca","datePublished":"2020-09-04T16:01:17+00:00","mainEntityOfPage":{"@id":"https:\/\/volcanes.net\/?p=8249"},"wordCount":294,"commentCount":0,"publisher":{"@id":"https:\/\/volcanes.net\/#organization"},"image":{"@id":"https:\/\/volcanes.net\/?p=8249#primaryimage"},"thumbnailUrl":"https:\/\/volcanes.net\/wp-content\/uploads\/2020\/09\/FB_IMG_1599234708552.jpg","keywords":["Ixtapaluca"],"articleSection":["Municipales"],"inLanguage":"es","potentialAction":[{"@type":"CommentAction","name":"Comment","target":["https:\/\/volcanes.net\/?p=8249#respond"]}]},{"@type":"WebPage","@id":"https:\/\/volcanes.net\/?p=8249","url":"https:\/\/volcanes.net\/?p=8249","name":"Sanitizan espacios p\u00fablicos en Ixtapaluca - Volcanes","isPartOf":{"@id":"https:\/\/volcanes.net\/#website"},"primaryImageOfPage":{"@id":"https:\/\/volcanes.net\/?p=8249#primaryimage"},"image":{"@id":"https:\/\/volcanes.net\/?p=8249#primaryimage"},"thumbnailUrl":"https:\/\/volcanes.net\/wp-content\/uploads\/2020\/09\/FB_IMG_1599234708552.jpg","datePublished":"2020-09-04T16:01:17+00:00","breadcrumb":{"@id":"https:\/\/volcanes.net\/?p=8249#breadcrumb"},"inLanguage":"es","potentialAction":[{"@type":"ReadAction","target":["https:\/\/volcanes.net\/?p=8249"]}]},{"@type":"ImageObject","inLanguage":"es","@id":"https:\/\/volcanes.net\/?p=8249#primaryimage","url":"https:\/\/volcanes.net\/wp-content\/uploads\/2020\/09\/FB_IMG_1599234708552.jpg","contentUrl":"https:\/\/volcanes.net\/wp-content\/uploads\/2020\/09\/FB_IMG_1599234708552.jpg","width":543,"height":296},{"@type":"BreadcrumbList","@id":"https:\/\/volcanes.net\/?p=8249#breadcrumb","itemListElement":[{"@type":"ListItem","position":1,"name":"Portada","item":"https:\/\/volcanes.net\/"},{"@type":"ListItem","position":2,"name":"Sanitizan espacios p\u00fablicos en Ixtapaluca"}]},{"@type":"WebSite","@id":"https:\/\/volcanes.net\/#website","url":"https:\/\/volcanes.net\/","name":"Volcanes.Net","description":"Periodismo Profesional","publisher":{"@id":"https:\/\/volcanes.net\/#organization"},"potentialAction":[{"@type":"SearchAction","target":{"@type":"EntryPoint","urlTemplate":"https:\/\/volcanes.net\/?s={search_term_string}"},"query-input":{"@type":"PropertyValueSpecification","valueRequired":true,"valueName":"search_term_string"}}],"inLanguage":"es"},{"@type":"Organization","@id":"https:\/\/volcanes.net\/#organization","name":"Grupo Volcanes","url":"https:\/\/volcanes.net\/","logo":{"@type":"ImageObject","inLanguage":"es","@id":"https:\/\/volcanes.net\/#\/schema\/logo\/image\/","url":"http:\/\/volcanes.net\/wp-content\/uploads\/2017\/12\/Avatar2.jpg","contentUrl":"http:\/\/volcanes.net\/wp-content\/uploads\/2017\/12\/Avatar2.jpg","width":378,"height":378,"caption":"Grupo Volcanes"},"image":{"@id":"https:\/\/volcanes.net\/#\/schema\/logo\/image\/"},"sameAs":["https:\/\/www.facebook.com\/volcanes.net\/"]},{"@type":"Person","@id":"https:\/\/volcanes.net\/#\/schema\/person\/4bf0f383940966a4abd53f5048c0e6b9","name":"admin","image":{"@type":"ImageObject","inLanguage":"es","@id":"https:\/\/volcanes.net\/#\/schema\/person\/image\/","url":"https:\/\/secure.gravatar.com\/avatar\/ca004e6cba8462b8cb7abc86e382930c?s=96&d=mm&r=g","contentUrl":"https:\/\/secure.gravatar.com\/avatar\/ca004e6cba8462b8cb7abc86e382930c?s=96&d=mm&r=g","caption":"admin"}}]}},"_links":{"self":[{"href":"https:\/\/volcanes.net\/index.php?rest_route=\/wp\/v2\/posts\/8249"}],"collection":[{"href":"https:\/\/volcanes.net\/index.php?rest_route=\/wp\/v2\/posts"}],"about":[{"href":"https:\/\/volcanes.net\/index.php?rest_route=\/wp\/v2\/types\/post"}],"author":[{"embeddable":true,"href":"https:\/\/volcanes.net\/index.php?rest_route=\/wp\/v2\/users\/1"}],"replies":[{"embeddable":true,"href":"https:\/\/volcanes.net\/index.php?rest_route=%2Fwp%2Fv2%2Fcomments&post=8249"}],"version-history":[{"count":1,"href":"https:\/\/volcanes.net\/index.php?rest_route=\/wp\/v2\/posts\/8249\/revisions"}],"predecessor-version":[{"id":8251,"href":"https:\/\/volcanes.net\/index.php?rest_route=\/wp\/v2\/posts\/8249\/revisions\/8251"}],"wp:featuredmedia":[{"embeddable":true,"href":"https:\/\/volcanes.net\/index.php?rest_route=\/wp\/v2\/media\/8250"}],"wp:attachment":[{"href":"https:\/\/volcanes.net\/index.php?rest_route=%2Fwp%2Fv2%2Fmedia&parent=8249"}],"wp:term":[{"taxonomy":"category","embeddable":true,"href":"https:\/\/volcanes.net\/index.php?rest_route=%2Fwp%2Fv2%2Fcategories&post=8249"},{"taxonomy":"post_tag","embeddable":true,"href":"https:\/\/volcanes.net\/index.php?rest_route=%2Fwp%2Fv2%2Ftags&post=8249"}],"curies":[{"name":"wp","href":"https:\/\/api.w.org\/{rel}","templated":true}]}}