{"id":8277,"date":"2020-09-08T09:25:12","date_gmt":"2020-09-08T15:25:12","guid":{"rendered":"http:\/\/volcanes.net\/?p=8277"},"modified":"2020-09-08T09:25:12","modified_gmt":"2020-09-08T15:25:12","slug":"provechosa-reunion-con-vecinos-de-la-colonia-santa-cruz-en-valle-de-chalco","status":"publish","type":"post","link":"https:\/\/volcanes.net\/?p=8277","title":{"rendered":"Provechosa reuni\u00f3n con vecinos de la colonia Santa Cruz  en Valle de Chalco"},"content":{"rendered":"<div style=\"margin-top: 0px; margin-bottom: 0px;\" class=\"sharethis-inline-share-buttons\" ><\/div><p>Guillermo L\u00f3pez Valencia | Mexiquenses Multimedios<\/p>\n<p>\u25aa\ufe0f Armando Garc\u00eda Mendez encabez\u00f3 la asamblea convocada por Alberto Tapia Cuamatzi, Delegado de dicha colonia.<\/p>\n<p>Valle de Chalco, Estado de M\u00e9xico.- Fue justamente en la esquina que conforman las calles Oriente 5 y Norte 8, donde se dio cita a un importante n\u00famero de vecinos que revelaron de propia voz las carencias y necesidades que tienen actualmente, y atentamente escucharon la respuesta favorable por parte de los funcionarios municipales.<\/p>\n<p>El edil Vallechalquence, acompa\u00f1ado por algunos directores, dijo que al ser funcionario p\u00fablico es su deber y obligaci\u00f3n visitar a la ciudadan\u00eda, para que de esta manera pueda darles, de acuerdo a las posibilidades financieras, las soluciones que m\u00e1s puedan.<\/p>\n<p>&#8220;Nosotros quisi\u00e9ramos atender a todos con much\u00edsimo gusto, pero algunas veces es imposible porque realmente no hay dinero que alcance&#8221;, dijo; sin embargo, a ra\u00edz de las principales peticiones entre las que destacan el drenaje sanitario colapsado y que ya dio su vida \u00fatil, la pavimentaci\u00f3n de varias calles de la delegaci\u00f3n y el problema de limpiar las calles y principales avenidas de basura y escombros, se\u00f1al\u00f3 que pondr\u00e1n manos a la obra para cumplirles.<\/p>\n<p>En su momento; Alberto Tapia Cuamatzi, Delegado de \u00e9sta importante colonia, agradeci\u00f3 la presencia de sus vecinos y afirm\u00f3 que siempre estar\u00e1 trabajando en beneficio de todos ellos y prueba de esa situaci\u00f3n es haber invitado personalmente al Licenciado Armando Garc\u00eda Mendez, para que directamente escuchar\u00e1 la problem\u00e1tica existente.<\/p>\n<p>Finalmente, antes de agradecer de manera especial la asistencia de varios directores, Tapia Cuamatzi hizo el compromiso junto con el presidente de estar atentos al desarrollo de las obras y acciones a las que se comprometieron en esta provechosa asamblea.<\/p>\n","protected":false},"excerpt":{"rendered":"<p>Guillermo L\u00f3pez Valencia | Mexiquenses Multimedios \u25aa\ufe0f Armando Garc\u00eda Mendez encabez\u00f3 la asamblea convocada por<\/p>\n","protected":false},"author":1,"featured_media":8278,"comment_status":"open","ping_status":"open","sticky":false,"template":"","format":"standard","meta":{"footnotes":""},"categories":[1],"tags":[5],"class_list":["post-8277","post","type-post","status-publish","format-standard","has-post-thumbnail","hentry","category-municipales","tag-valle-de-chalco"],"yoast_head":"<!-- This site is optimized with the Yoast SEO plugin v25.3 - https:\/\/yoast.com\/wordpress\/plugins\/seo\/ -->\n<title>Provechosa reuni\u00f3n con vecinos de la colonia Santa Cruz en Valle de Chalco - Volcanes<\/title>\n<meta name=\"robots\" content=\"index, follow, max-snippet:-1, max-image-preview:large, max-video-preview:-1\" \/>\n<link rel=\"canonical\" href=\"https:\/\/volcanes.net\/?p=8277\" \/>\n<meta property=\"og:locale\" content=\"es_MX\" \/>\n<meta property=\"og:type\" content=\"article\" \/>\n<meta property=\"og:title\" content=\"Provechosa reuni\u00f3n con vecinos de la colonia Santa Cruz en Valle de Chalco - Volcanes\" \/>\n<meta property=\"og:description\" content=\"Guillermo L\u00f3pez Valencia | Mexiquenses Multimedios \u25aa\ufe0f Armando Garc\u00eda Mendez encabez\u00f3 la asamblea convocada por\" \/>\n<meta property=\"og:url\" content=\"https:\/\/volcanes.net\/?p=8277\" \/>\n<meta property=\"og:site_name\" content=\"Volcanes\" \/>\n<meta property=\"article:publisher\" content=\"https:\/\/www.facebook.com\/volcanes.net\/\" \/>\n<meta property=\"article:published_time\" content=\"2020-09-08T15:25:12+00:00\" \/>\n<meta property=\"og:image\" content=\"https:\/\/volcanes.net\/wp-content\/uploads\/2020\/09\/IMG-20200908-WA0000.jpg\" \/>\n\t<meta property=\"og:image:width\" content=\"1280\" \/>\n\t<meta property=\"og:image:height\" content=\"902\" \/>\n\t<meta property=\"og:image:type\" content=\"image\/jpeg\" \/>\n<meta name=\"author\" content=\"admin\" \/>\n<meta name=\"twitter:card\" content=\"summary_large_image\" \/>\n<meta name=\"twitter:label1\" content=\"Escrito por\" \/>\n\t<meta name=\"twitter:data1\" content=\"admin\" \/>\n\t<meta name=\"twitter:label2\" content=\"Tiempo de lectura\" \/>\n\t<meta name=\"twitter:data2\" content=\"1 minuto\" \/>\n<script type=\"application\/ld+json\" class=\"yoast-schema-graph\">{\"@context\":\"https:\/\/schema.org\",\"@graph\":[{\"@type\":\"Article\",\"@id\":\"https:\/\/volcanes.net\/?p=8277#article\",\"isPartOf\":{\"@id\":\"https:\/\/volcanes.net\/?p=8277\"},\"author\":{\"name\":\"admin\",\"@id\":\"https:\/\/volcanes.net\/#\/schema\/person\/4bf0f383940966a4abd53f5048c0e6b9\"},\"headline\":\"Provechosa reuni\u00f3n con vecinos de la colonia Santa Cruz en Valle de Chalco\",\"datePublished\":\"2020-09-08T15:25:12+00:00\",\"mainEntityOfPage\":{\"@id\":\"https:\/\/volcanes.net\/?p=8277\"},\"wordCount\":310,\"commentCount\":0,\"publisher\":{\"@id\":\"https:\/\/volcanes.net\/#organization\"},\"image\":{\"@id\":\"https:\/\/volcanes.net\/?p=8277#primaryimage\"},\"thumbnailUrl\":\"https:\/\/volcanes.net\/wp-content\/uploads\/2020\/09\/IMG-20200908-WA0000.jpg\",\"keywords\":[\"Valle de Chalco\"],\"articleSection\":[\"Municipales\"],\"inLanguage\":\"es\",\"potentialAction\":[{\"@type\":\"CommentAction\",\"name\":\"Comment\",\"target\":[\"https:\/\/volcanes.net\/?p=8277#respond\"]}]},{\"@type\":\"WebPage\",\"@id\":\"https:\/\/volcanes.net\/?p=8277\",\"url\":\"https:\/\/volcanes.net\/?p=8277\",\"name\":\"Provechosa reuni\u00f3n con vecinos de la colonia Santa Cruz en Valle de Chalco - Volcanes\",\"isPartOf\":{\"@id\":\"https:\/\/volcanes.net\/#website\"},\"primaryImageOfPage\":{\"@id\":\"https:\/\/volcanes.net\/?p=8277#primaryimage\"},\"image\":{\"@id\":\"https:\/\/volcanes.net\/?p=8277#primaryimage\"},\"thumbnailUrl\":\"https:\/\/volcanes.net\/wp-content\/uploads\/2020\/09\/IMG-20200908-WA0000.jpg\",\"datePublished\":\"2020-09-08T15:25:12+00:00\",\"breadcrumb\":{\"@id\":\"https:\/\/volcanes.net\/?p=8277#breadcrumb\"},\"inLanguage\":\"es\",\"potentialAction\":[{\"@type\":\"ReadAction\",\"target\":[\"https:\/\/volcanes.net\/?p=8277\"]}]},{\"@type\":\"ImageObject\",\"inLanguage\":\"es\",\"@id\":\"https:\/\/volcanes.net\/?p=8277#primaryimage\",\"url\":\"https:\/\/volcanes.net\/wp-content\/uploads\/2020\/09\/IMG-20200908-WA0000.jpg\",\"contentUrl\":\"https:\/\/volcanes.net\/wp-content\/uploads\/2020\/09\/IMG-20200908-WA0000.jpg\",\"width\":1280,\"height\":902},{\"@type\":\"BreadcrumbList\",\"@id\":\"https:\/\/volcanes.net\/?p=8277#breadcrumb\",\"itemListElement\":[{\"@type\":\"ListItem\",\"position\":1,\"name\":\"Portada\",\"item\":\"https:\/\/volcanes.net\/\"},{\"@type\":\"ListItem\",\"position\":2,\"name\":\"Provechosa reuni\u00f3n con vecinos de la colonia Santa Cruz en Valle de Chalco\"}]},{\"@type\":\"WebSite\",\"@id\":\"https:\/\/volcanes.net\/#website\",\"url\":\"https:\/\/volcanes.net\/\",\"name\":\"Volcanes.Net\",\"description\":\"Periodismo Profesional\",\"publisher\":{\"@id\":\"https:\/\/volcanes.net\/#organization\"},\"potentialAction\":[{\"@type\":\"SearchAction\",\"target\":{\"@type\":\"EntryPoint\",\"urlTemplate\":\"https:\/\/volcanes.net\/?s={search_term_string}\"},\"query-input\":{\"@type\":\"PropertyValueSpecification\",\"valueRequired\":true,\"valueName\":\"search_term_string\"}}],\"inLanguage\":\"es\"},{\"@type\":\"Organization\",\"@id\":\"https:\/\/volcanes.net\/#organization\",\"name\":\"Grupo Volcanes\",\"url\":\"https:\/\/volcanes.net\/\",\"logo\":{\"@type\":\"ImageObject\",\"inLanguage\":\"es\",\"@id\":\"https:\/\/volcanes.net\/#\/schema\/logo\/image\/\",\"url\":\"http:\/\/volcanes.net\/wp-content\/uploads\/2017\/12\/Avatar2.jpg\",\"contentUrl\":\"http:\/\/volcanes.net\/wp-content\/uploads\/2017\/12\/Avatar2.jpg\",\"width\":378,\"height\":378,\"caption\":\"Grupo Volcanes\"},\"image\":{\"@id\":\"https:\/\/volcanes.net\/#\/schema\/logo\/image\/\"},\"sameAs\":[\"https:\/\/www.facebook.com\/volcanes.net\/\"]},{\"@type\":\"Person\",\"@id\":\"https:\/\/volcanes.net\/#\/schema\/person\/4bf0f383940966a4abd53f5048c0e6b9\",\"name\":\"admin\",\"image\":{\"@type\":\"ImageObject\",\"inLanguage\":\"es\",\"@id\":\"https:\/\/volcanes.net\/#\/schema\/person\/image\/\",\"url\":\"https:\/\/secure.gravatar.com\/avatar\/ca004e6cba8462b8cb7abc86e382930c?s=96&d=mm&r=g\",\"contentUrl\":\"https:\/\/secure.gravatar.com\/avatar\/ca004e6cba8462b8cb7abc86e382930c?s=96&d=mm&r=g\",\"caption\":\"admin\"}}]}<\/script>\n<!-- \/ Yoast SEO plugin. -->","yoast_head_json":{"title":"Provechosa reuni\u00f3n con vecinos de la colonia Santa Cruz en Valle de Chalco - Volcanes","robots":{"index":"index","follow":"follow","max-snippet":"max-snippet:-1","max-image-preview":"max-image-preview:large","max-video-preview":"max-video-preview:-1"},"canonical":"https:\/\/volcanes.net\/?p=8277","og_locale":"es_MX","og_type":"article","og_title":"Provechosa reuni\u00f3n con vecinos de la colonia Santa Cruz en Valle de Chalco - Volcanes","og_description":"Guillermo L\u00f3pez Valencia | Mexiquenses Multimedios \u25aa\ufe0f Armando Garc\u00eda Mendez encabez\u00f3 la asamblea convocada por","og_url":"https:\/\/volcanes.net\/?p=8277","og_site_name":"Volcanes","article_publisher":"https:\/\/www.facebook.com\/volcanes.net\/","article_published_time":"2020-09-08T15:25:12+00:00","og_image":[{"width":1280,"height":902,"url":"https:\/\/volcanes.net\/wp-content\/uploads\/2020\/09\/IMG-20200908-WA0000.jpg","type":"image\/jpeg"}],"author":"admin","twitter_card":"summary_large_image","twitter_misc":{"Escrito por":"admin","Tiempo de lectura":"1 minuto"},"schema":{"@context":"https:\/\/schema.org","@graph":[{"@type":"Article","@id":"https:\/\/volcanes.net\/?p=8277#article","isPartOf":{"@id":"https:\/\/volcanes.net\/?p=8277"},"author":{"name":"admin","@id":"https:\/\/volcanes.net\/#\/schema\/person\/4bf0f383940966a4abd53f5048c0e6b9"},"headline":"Provechosa reuni\u00f3n con vecinos de la colonia Santa Cruz en Valle de Chalco","datePublished":"2020-09-08T15:25:12+00:00","mainEntityOfPage":{"@id":"https:\/\/volcanes.net\/?p=8277"},"wordCount":310,"commentCount":0,"publisher":{"@id":"https:\/\/volcanes.net\/#organization"},"image":{"@id":"https:\/\/volcanes.net\/?p=8277#primaryimage"},"thumbnailUrl":"https:\/\/volcanes.net\/wp-content\/uploads\/2020\/09\/IMG-20200908-WA0000.jpg","keywords":["Valle de Chalco"],"articleSection":["Municipales"],"inLanguage":"es","potentialAction":[{"@type":"CommentAction","name":"Comment","target":["https:\/\/volcanes.net\/?p=8277#respond"]}]},{"@type":"WebPage","@id":"https:\/\/volcanes.net\/?p=8277","url":"https:\/\/volcanes.net\/?p=8277","name":"Provechosa reuni\u00f3n con vecinos de la colonia Santa Cruz en Valle de Chalco - Volcanes","isPartOf":{"@id":"https:\/\/volcanes.net\/#website"},"primaryImageOfPage":{"@id":"https:\/\/volcanes.net\/?p=8277#primaryimage"},"image":{"@id":"https:\/\/volcanes.net\/?p=8277#primaryimage"},"thumbnailUrl":"https:\/\/volcanes.net\/wp-content\/uploads\/2020\/09\/IMG-20200908-WA0000.jpg","datePublished":"2020-09-08T15:25:12+00:00","breadcrumb":{"@id":"https:\/\/volcanes.net\/?p=8277#breadcrumb"},"inLanguage":"es","potentialAction":[{"@type":"ReadAction","target":["https:\/\/volcanes.net\/?p=8277"]}]},{"@type":"ImageObject","inLanguage":"es","@id":"https:\/\/volcanes.net\/?p=8277#primaryimage","url":"https:\/\/volcanes.net\/wp-content\/uploads\/2020\/09\/IMG-20200908-WA0000.jpg","contentUrl":"https:\/\/volcanes.net\/wp-content\/uploads\/2020\/09\/IMG-20200908-WA0000.jpg","width":1280,"height":902},{"@type":"BreadcrumbList","@id":"https:\/\/volcanes.net\/?p=8277#breadcrumb","itemListElement":[{"@type":"ListItem","position":1,"name":"Portada","item":"https:\/\/volcanes.net\/"},{"@type":"ListItem","position":2,"name":"Provechosa reuni\u00f3n con vecinos de la colonia Santa Cruz en Valle de Chalco"}]},{"@type":"WebSite","@id":"https:\/\/volcanes.net\/#website","url":"https:\/\/volcanes.net\/","name":"Volcanes.Net","description":"Periodismo Profesional","publisher":{"@id":"https:\/\/volcanes.net\/#organization"},"potentialAction":[{"@type":"SearchAction","target":{"@type":"EntryPoint","urlTemplate":"https:\/\/volcanes.net\/?s={search_term_string}"},"query-input":{"@type":"PropertyValueSpecification","valueRequired":true,"valueName":"search_term_string"}}],"inLanguage":"es"},{"@type":"Organization","@id":"https:\/\/volcanes.net\/#organization","name":"Grupo Volcanes","url":"https:\/\/volcanes.net\/","logo":{"@type":"ImageObject","inLanguage":"es","@id":"https:\/\/volcanes.net\/#\/schema\/logo\/image\/","url":"http:\/\/volcanes.net\/wp-content\/uploads\/2017\/12\/Avatar2.jpg","contentUrl":"http:\/\/volcanes.net\/wp-content\/uploads\/2017\/12\/Avatar2.jpg","width":378,"height":378,"caption":"Grupo Volcanes"},"image":{"@id":"https:\/\/volcanes.net\/#\/schema\/logo\/image\/"},"sameAs":["https:\/\/www.facebook.com\/volcanes.net\/"]},{"@type":"Person","@id":"https:\/\/volcanes.net\/#\/schema\/person\/4bf0f383940966a4abd53f5048c0e6b9","name":"admin","image":{"@type":"ImageObject","inLanguage":"es","@id":"https:\/\/volcanes.net\/#\/schema\/person\/image\/","url":"https:\/\/secure.gravatar.com\/avatar\/ca004e6cba8462b8cb7abc86e382930c?s=96&d=mm&r=g","contentUrl":"https:\/\/secure.gravatar.com\/avatar\/ca004e6cba8462b8cb7abc86e382930c?s=96&d=mm&r=g","caption":"admin"}}]}},"_links":{"self":[{"href":"https:\/\/volcanes.net\/index.php?rest_route=\/wp\/v2\/posts\/8277"}],"collection":[{"href":"https:\/\/volcanes.net\/index.php?rest_route=\/wp\/v2\/posts"}],"about":[{"href":"https:\/\/volcanes.net\/index.php?rest_route=\/wp\/v2\/types\/post"}],"author":[{"embeddable":true,"href":"https:\/\/volcanes.net\/index.php?rest_route=\/wp\/v2\/users\/1"}],"replies":[{"embeddable":true,"href":"https:\/\/volcanes.net\/index.php?rest_route=%2Fwp%2Fv2%2Fcomments&post=8277"}],"version-history":[{"count":1,"href":"https:\/\/volcanes.net\/index.php?rest_route=\/wp\/v2\/posts\/8277\/revisions"}],"predecessor-version":[{"id":8279,"href":"https:\/\/volcanes.net\/index.php?rest_route=\/wp\/v2\/posts\/8277\/revisions\/8279"}],"wp:featuredmedia":[{"embeddable":true,"href":"https:\/\/volcanes.net\/index.php?rest_route=\/wp\/v2\/media\/8278"}],"wp:attachment":[{"href":"https:\/\/volcanes.net\/index.php?rest_route=%2Fwp%2Fv2%2Fmedia&parent=8277"}],"wp:term":[{"taxonomy":"category","embeddable":true,"href":"https:\/\/volcanes.net\/index.php?rest_route=%2Fwp%2Fv2%2Fcategories&post=8277"},{"taxonomy":"post_tag","embeddable":true,"href":"https:\/\/volcanes.net\/index.php?rest_route=%2Fwp%2Fv2%2Ftags&post=8277"}],"curies":[{"name":"wp","href":"https:\/\/api.w.org\/{rel}","templated":true}]}}