{"id":8280,"date":"2020-09-08T09:38:03","date_gmt":"2020-09-08T15:38:03","guid":{"rendered":"http:\/\/volcanes.net\/?p=8280"},"modified":"2020-09-08T09:38:03","modified_gmt":"2020-09-08T15:38:03","slug":"se-llevo-a-cabo-la-segunda-campana-adopta-un-arbol-en-ixtapaluca","status":"publish","type":"post","link":"https:\/\/volcanes.net\/?p=8280","title":{"rendered":"Se llev\u00f3 a cabo la segunda campa\u00f1a \u201cAdopta un \u00e1rbol\u201d en Ixtapaluca"},"content":{"rendered":"<div style=\"margin-top: 0px; margin-bottom: 0px;\" class=\"sharethis-inline-share-buttons\" ><\/div><p>.- Invitan autoridades a Adoptar un \u00e1rbol<\/p>\n<p><em>.- <\/em><em>C<\/em>omo parte de la campa\u00f1a ser\u00e1n entregados 500 arbolitos en diferentes puntos del municipio<\/p>\n<p>Ixtapaluca, Estado de M\u00e9xico .-Obedeciendo las medidas sanitarias por el COVID-19, se llev\u00f3 a cabo la segunda campa\u00f1a \u201cAdopta un \u00e1rbol\u201d por parte de la subdirecci\u00f3n de Ecolog\u00eda. El objetivo, dijo el subdirector, Eynar Vel\u00e1zquez Segoviano, es promover la cultura, cuidado y preservaci\u00f3n del medio ambiente, invitando a que las personas lleven a casa un arbolito, lo planten y se sensibilicen sobre su cuidado.<\/p>\n<p>Este a\u00f1o, coment\u00f3, como parte de la campa\u00f1a ser\u00e1n entregados 500 arbolitos en diferentes puntos del municipio, como Ayotla, San Francisco y R\u00edo Fr\u00edo, por lo que invit\u00f3 a estar pendientes en las redes sociales donde se informar\u00e1n sobre los d\u00edas y horarios de entrega.<\/p>\n<p>Es importante, dijo, \u201cfomentar el cuidado de nuestro entorno, principalmente, entre las nuevas generaciones, por lo que seguiremos haciendo entrega de \u00e1rboles, pues no solo embellecen los espacios, tambi\u00e9n ofrecen otros beneficios ambientales: como captaci\u00f3n y filtraci\u00f3n de agua, generaci\u00f3n de ox\u00edgeno y mitigaci\u00f3n de efectos del cambio clim\u00e1tico.<\/p>\n<p>Para evitar la aglomeraci\u00f3n de personas que en este momento no es conveniente debido a que permanecen los contagios, indic\u00f3, se hizo un pre registro, al que respondieron 50 personas. A estas personas, durante la entrega se les aplic\u00f3 gel anti bacterial y se les pidi\u00f3 guardar la sana distancia.<\/p>\n<p>Las pr\u00f3ximas adopciones se llevar\u00e1n a cabo el 11 y 12 de septiembre en el auditorio de Citlalmina y de R\u00edo Fr\u00edo, por lo que se solicita hacer su registro y recibir su arbolito.<\/p>\n<p>La campa\u00f1a de adopci\u00f3n estuvo acompa\u00f1ada por una breve explicaci\u00f3n que imparti\u00f3 el personal de la subdirecci\u00f3n sobre los servicios ambientales que ofrecen los \u00e1rboles.<\/p>\n","protected":false},"excerpt":{"rendered":"<p>.- Invitan autoridades a Adoptar un \u00e1rbol .- Como parte de la campa\u00f1a ser\u00e1n entregados<\/p>\n","protected":false},"author":1,"featured_media":8281,"comment_status":"open","ping_status":"open","sticky":false,"template":"","format":"standard","meta":{"footnotes":""},"categories":[1],"tags":[6],"class_list":["post-8280","post","type-post","status-publish","format-standard","has-post-thumbnail","hentry","category-municipales","tag-ixtapaluca"],"yoast_head":"<!-- This site is optimized with the Yoast SEO plugin v25.3 - https:\/\/yoast.com\/wordpress\/plugins\/seo\/ -->\n<title>Se llev\u00f3 a cabo la segunda campa\u00f1a \u201cAdopta un \u00e1rbol\u201d en Ixtapaluca - Volcanes<\/title>\n<meta name=\"robots\" content=\"index, follow, max-snippet:-1, max-image-preview:large, max-video-preview:-1\" \/>\n<link rel=\"canonical\" href=\"https:\/\/volcanes.net\/?p=8280\" \/>\n<meta property=\"og:locale\" content=\"es_MX\" \/>\n<meta property=\"og:type\" content=\"article\" \/>\n<meta property=\"og:title\" content=\"Se llev\u00f3 a cabo la segunda campa\u00f1a \u201cAdopta un \u00e1rbol\u201d en Ixtapaluca - Volcanes\" \/>\n<meta property=\"og:description\" content=\".- Invitan autoridades a Adoptar un \u00e1rbol .- Como parte de la campa\u00f1a ser\u00e1n entregados\" \/>\n<meta property=\"og:url\" content=\"https:\/\/volcanes.net\/?p=8280\" \/>\n<meta property=\"og:site_name\" content=\"Volcanes\" \/>\n<meta property=\"article:publisher\" content=\"https:\/\/www.facebook.com\/volcanes.net\/\" \/>\n<meta property=\"article:published_time\" content=\"2020-09-08T15:38:03+00:00\" \/>\n<meta property=\"og:image\" content=\"https:\/\/volcanes.net\/wp-content\/uploads\/2020\/09\/FB_IMG_1599579232318.jpg\" \/>\n\t<meta property=\"og:image:width\" content=\"552\" \/>\n\t<meta property=\"og:image:height\" content=\"371\" \/>\n\t<meta property=\"og:image:type\" content=\"image\/jpeg\" \/>\n<meta name=\"author\" content=\"admin\" \/>\n<meta name=\"twitter:card\" content=\"summary_large_image\" \/>\n<meta name=\"twitter:label1\" content=\"Escrito por\" \/>\n\t<meta name=\"twitter:data1\" content=\"admin\" \/>\n\t<meta name=\"twitter:label2\" content=\"Tiempo de lectura\" \/>\n\t<meta name=\"twitter:data2\" content=\"2 minutos\" \/>\n<script type=\"application\/ld+json\" class=\"yoast-schema-graph\">{\"@context\":\"https:\/\/schema.org\",\"@graph\":[{\"@type\":\"Article\",\"@id\":\"https:\/\/volcanes.net\/?p=8280#article\",\"isPartOf\":{\"@id\":\"https:\/\/volcanes.net\/?p=8280\"},\"author\":{\"name\":\"admin\",\"@id\":\"https:\/\/volcanes.net\/#\/schema\/person\/4bf0f383940966a4abd53f5048c0e6b9\"},\"headline\":\"Se llev\u00f3 a cabo la segunda campa\u00f1a \u201cAdopta un \u00e1rbol\u201d en Ixtapaluca\",\"datePublished\":\"2020-09-08T15:38:03+00:00\",\"mainEntityOfPage\":{\"@id\":\"https:\/\/volcanes.net\/?p=8280\"},\"wordCount\":329,\"commentCount\":0,\"publisher\":{\"@id\":\"https:\/\/volcanes.net\/#organization\"},\"image\":{\"@id\":\"https:\/\/volcanes.net\/?p=8280#primaryimage\"},\"thumbnailUrl\":\"https:\/\/volcanes.net\/wp-content\/uploads\/2020\/09\/FB_IMG_1599579232318.jpg\",\"keywords\":[\"Ixtapaluca\"],\"articleSection\":[\"Municipales\"],\"inLanguage\":\"es\",\"potentialAction\":[{\"@type\":\"CommentAction\",\"name\":\"Comment\",\"target\":[\"https:\/\/volcanes.net\/?p=8280#respond\"]}]},{\"@type\":\"WebPage\",\"@id\":\"https:\/\/volcanes.net\/?p=8280\",\"url\":\"https:\/\/volcanes.net\/?p=8280\",\"name\":\"Se llev\u00f3 a cabo la segunda campa\u00f1a \u201cAdopta un \u00e1rbol\u201d en Ixtapaluca - Volcanes\",\"isPartOf\":{\"@id\":\"https:\/\/volcanes.net\/#website\"},\"primaryImageOfPage\":{\"@id\":\"https:\/\/volcanes.net\/?p=8280#primaryimage\"},\"image\":{\"@id\":\"https:\/\/volcanes.net\/?p=8280#primaryimage\"},\"thumbnailUrl\":\"https:\/\/volcanes.net\/wp-content\/uploads\/2020\/09\/FB_IMG_1599579232318.jpg\",\"datePublished\":\"2020-09-08T15:38:03+00:00\",\"breadcrumb\":{\"@id\":\"https:\/\/volcanes.net\/?p=8280#breadcrumb\"},\"inLanguage\":\"es\",\"potentialAction\":[{\"@type\":\"ReadAction\",\"target\":[\"https:\/\/volcanes.net\/?p=8280\"]}]},{\"@type\":\"ImageObject\",\"inLanguage\":\"es\",\"@id\":\"https:\/\/volcanes.net\/?p=8280#primaryimage\",\"url\":\"https:\/\/volcanes.net\/wp-content\/uploads\/2020\/09\/FB_IMG_1599579232318.jpg\",\"contentUrl\":\"https:\/\/volcanes.net\/wp-content\/uploads\/2020\/09\/FB_IMG_1599579232318.jpg\",\"width\":552,\"height\":371},{\"@type\":\"BreadcrumbList\",\"@id\":\"https:\/\/volcanes.net\/?p=8280#breadcrumb\",\"itemListElement\":[{\"@type\":\"ListItem\",\"position\":1,\"name\":\"Portada\",\"item\":\"https:\/\/volcanes.net\/\"},{\"@type\":\"ListItem\",\"position\":2,\"name\":\"Se llev\u00f3 a cabo la segunda campa\u00f1a \u201cAdopta un \u00e1rbol\u201d en Ixtapaluca\"}]},{\"@type\":\"WebSite\",\"@id\":\"https:\/\/volcanes.net\/#website\",\"url\":\"https:\/\/volcanes.net\/\",\"name\":\"Volcanes.Net\",\"description\":\"Periodismo Profesional\",\"publisher\":{\"@id\":\"https:\/\/volcanes.net\/#organization\"},\"potentialAction\":[{\"@type\":\"SearchAction\",\"target\":{\"@type\":\"EntryPoint\",\"urlTemplate\":\"https:\/\/volcanes.net\/?s={search_term_string}\"},\"query-input\":{\"@type\":\"PropertyValueSpecification\",\"valueRequired\":true,\"valueName\":\"search_term_string\"}}],\"inLanguage\":\"es\"},{\"@type\":\"Organization\",\"@id\":\"https:\/\/volcanes.net\/#organization\",\"name\":\"Grupo Volcanes\",\"url\":\"https:\/\/volcanes.net\/\",\"logo\":{\"@type\":\"ImageObject\",\"inLanguage\":\"es\",\"@id\":\"https:\/\/volcanes.net\/#\/schema\/logo\/image\/\",\"url\":\"http:\/\/volcanes.net\/wp-content\/uploads\/2017\/12\/Avatar2.jpg\",\"contentUrl\":\"http:\/\/volcanes.net\/wp-content\/uploads\/2017\/12\/Avatar2.jpg\",\"width\":378,\"height\":378,\"caption\":\"Grupo Volcanes\"},\"image\":{\"@id\":\"https:\/\/volcanes.net\/#\/schema\/logo\/image\/\"},\"sameAs\":[\"https:\/\/www.facebook.com\/volcanes.net\/\"]},{\"@type\":\"Person\",\"@id\":\"https:\/\/volcanes.net\/#\/schema\/person\/4bf0f383940966a4abd53f5048c0e6b9\",\"name\":\"admin\",\"image\":{\"@type\":\"ImageObject\",\"inLanguage\":\"es\",\"@id\":\"https:\/\/volcanes.net\/#\/schema\/person\/image\/\",\"url\":\"https:\/\/secure.gravatar.com\/avatar\/ca004e6cba8462b8cb7abc86e382930c?s=96&d=mm&r=g\",\"contentUrl\":\"https:\/\/secure.gravatar.com\/avatar\/ca004e6cba8462b8cb7abc86e382930c?s=96&d=mm&r=g\",\"caption\":\"admin\"}}]}<\/script>\n<!-- \/ Yoast SEO plugin. -->","yoast_head_json":{"title":"Se llev\u00f3 a cabo la segunda campa\u00f1a \u201cAdopta un \u00e1rbol\u201d en Ixtapaluca - Volcanes","robots":{"index":"index","follow":"follow","max-snippet":"max-snippet:-1","max-image-preview":"max-image-preview:large","max-video-preview":"max-video-preview:-1"},"canonical":"https:\/\/volcanes.net\/?p=8280","og_locale":"es_MX","og_type":"article","og_title":"Se llev\u00f3 a cabo la segunda campa\u00f1a \u201cAdopta un \u00e1rbol\u201d en Ixtapaluca - Volcanes","og_description":".- Invitan autoridades a Adoptar un \u00e1rbol .- Como parte de la campa\u00f1a ser\u00e1n entregados","og_url":"https:\/\/volcanes.net\/?p=8280","og_site_name":"Volcanes","article_publisher":"https:\/\/www.facebook.com\/volcanes.net\/","article_published_time":"2020-09-08T15:38:03+00:00","og_image":[{"width":552,"height":371,"url":"https:\/\/volcanes.net\/wp-content\/uploads\/2020\/09\/FB_IMG_1599579232318.jpg","type":"image\/jpeg"}],"author":"admin","twitter_card":"summary_large_image","twitter_misc":{"Escrito por":"admin","Tiempo de lectura":"2 minutos"},"schema":{"@context":"https:\/\/schema.org","@graph":[{"@type":"Article","@id":"https:\/\/volcanes.net\/?p=8280#article","isPartOf":{"@id":"https:\/\/volcanes.net\/?p=8280"},"author":{"name":"admin","@id":"https:\/\/volcanes.net\/#\/schema\/person\/4bf0f383940966a4abd53f5048c0e6b9"},"headline":"Se llev\u00f3 a cabo la segunda campa\u00f1a \u201cAdopta un \u00e1rbol\u201d en Ixtapaluca","datePublished":"2020-09-08T15:38:03+00:00","mainEntityOfPage":{"@id":"https:\/\/volcanes.net\/?p=8280"},"wordCount":329,"commentCount":0,"publisher":{"@id":"https:\/\/volcanes.net\/#organization"},"image":{"@id":"https:\/\/volcanes.net\/?p=8280#primaryimage"},"thumbnailUrl":"https:\/\/volcanes.net\/wp-content\/uploads\/2020\/09\/FB_IMG_1599579232318.jpg","keywords":["Ixtapaluca"],"articleSection":["Municipales"],"inLanguage":"es","potentialAction":[{"@type":"CommentAction","name":"Comment","target":["https:\/\/volcanes.net\/?p=8280#respond"]}]},{"@type":"WebPage","@id":"https:\/\/volcanes.net\/?p=8280","url":"https:\/\/volcanes.net\/?p=8280","name":"Se llev\u00f3 a cabo la segunda campa\u00f1a \u201cAdopta un \u00e1rbol\u201d en Ixtapaluca - Volcanes","isPartOf":{"@id":"https:\/\/volcanes.net\/#website"},"primaryImageOfPage":{"@id":"https:\/\/volcanes.net\/?p=8280#primaryimage"},"image":{"@id":"https:\/\/volcanes.net\/?p=8280#primaryimage"},"thumbnailUrl":"https:\/\/volcanes.net\/wp-content\/uploads\/2020\/09\/FB_IMG_1599579232318.jpg","datePublished":"2020-09-08T15:38:03+00:00","breadcrumb":{"@id":"https:\/\/volcanes.net\/?p=8280#breadcrumb"},"inLanguage":"es","potentialAction":[{"@type":"ReadAction","target":["https:\/\/volcanes.net\/?p=8280"]}]},{"@type":"ImageObject","inLanguage":"es","@id":"https:\/\/volcanes.net\/?p=8280#primaryimage","url":"https:\/\/volcanes.net\/wp-content\/uploads\/2020\/09\/FB_IMG_1599579232318.jpg","contentUrl":"https:\/\/volcanes.net\/wp-content\/uploads\/2020\/09\/FB_IMG_1599579232318.jpg","width":552,"height":371},{"@type":"BreadcrumbList","@id":"https:\/\/volcanes.net\/?p=8280#breadcrumb","itemListElement":[{"@type":"ListItem","position":1,"name":"Portada","item":"https:\/\/volcanes.net\/"},{"@type":"ListItem","position":2,"name":"Se llev\u00f3 a cabo la segunda campa\u00f1a \u201cAdopta un \u00e1rbol\u201d en Ixtapaluca"}]},{"@type":"WebSite","@id":"https:\/\/volcanes.net\/#website","url":"https:\/\/volcanes.net\/","name":"Volcanes.Net","description":"Periodismo Profesional","publisher":{"@id":"https:\/\/volcanes.net\/#organization"},"potentialAction":[{"@type":"SearchAction","target":{"@type":"EntryPoint","urlTemplate":"https:\/\/volcanes.net\/?s={search_term_string}"},"query-input":{"@type":"PropertyValueSpecification","valueRequired":true,"valueName":"search_term_string"}}],"inLanguage":"es"},{"@type":"Organization","@id":"https:\/\/volcanes.net\/#organization","name":"Grupo Volcanes","url":"https:\/\/volcanes.net\/","logo":{"@type":"ImageObject","inLanguage":"es","@id":"https:\/\/volcanes.net\/#\/schema\/logo\/image\/","url":"http:\/\/volcanes.net\/wp-content\/uploads\/2017\/12\/Avatar2.jpg","contentUrl":"http:\/\/volcanes.net\/wp-content\/uploads\/2017\/12\/Avatar2.jpg","width":378,"height":378,"caption":"Grupo Volcanes"},"image":{"@id":"https:\/\/volcanes.net\/#\/schema\/logo\/image\/"},"sameAs":["https:\/\/www.facebook.com\/volcanes.net\/"]},{"@type":"Person","@id":"https:\/\/volcanes.net\/#\/schema\/person\/4bf0f383940966a4abd53f5048c0e6b9","name":"admin","image":{"@type":"ImageObject","inLanguage":"es","@id":"https:\/\/volcanes.net\/#\/schema\/person\/image\/","url":"https:\/\/secure.gravatar.com\/avatar\/ca004e6cba8462b8cb7abc86e382930c?s=96&d=mm&r=g","contentUrl":"https:\/\/secure.gravatar.com\/avatar\/ca004e6cba8462b8cb7abc86e382930c?s=96&d=mm&r=g","caption":"admin"}}]}},"_links":{"self":[{"href":"https:\/\/volcanes.net\/index.php?rest_route=\/wp\/v2\/posts\/8280"}],"collection":[{"href":"https:\/\/volcanes.net\/index.php?rest_route=\/wp\/v2\/posts"}],"about":[{"href":"https:\/\/volcanes.net\/index.php?rest_route=\/wp\/v2\/types\/post"}],"author":[{"embeddable":true,"href":"https:\/\/volcanes.net\/index.php?rest_route=\/wp\/v2\/users\/1"}],"replies":[{"embeddable":true,"href":"https:\/\/volcanes.net\/index.php?rest_route=%2Fwp%2Fv2%2Fcomments&post=8280"}],"version-history":[{"count":1,"href":"https:\/\/volcanes.net\/index.php?rest_route=\/wp\/v2\/posts\/8280\/revisions"}],"predecessor-version":[{"id":8282,"href":"https:\/\/volcanes.net\/index.php?rest_route=\/wp\/v2\/posts\/8280\/revisions\/8282"}],"wp:featuredmedia":[{"embeddable":true,"href":"https:\/\/volcanes.net\/index.php?rest_route=\/wp\/v2\/media\/8281"}],"wp:attachment":[{"href":"https:\/\/volcanes.net\/index.php?rest_route=%2Fwp%2Fv2%2Fmedia&parent=8280"}],"wp:term":[{"taxonomy":"category","embeddable":true,"href":"https:\/\/volcanes.net\/index.php?rest_route=%2Fwp%2Fv2%2Fcategories&post=8280"},{"taxonomy":"post_tag","embeddable":true,"href":"https:\/\/volcanes.net\/index.php?rest_route=%2Fwp%2Fv2%2Ftags&post=8280"}],"curies":[{"name":"wp","href":"https:\/\/api.w.org\/{rel}","templated":true}]}}