{"id":8283,"date":"2020-09-08T09:45:40","date_gmt":"2020-09-08T15:45:40","guid":{"rendered":"http:\/\/volcanes.net\/?p=8283"},"modified":"2020-09-08T09:45:40","modified_gmt":"2020-09-08T15:45:40","slug":"tras-persecucion-detienen-a-sujeto-por-presunto-robo-de-vehiculo-en-chalco","status":"publish","type":"post","link":"https:\/\/volcanes.net\/?p=8283","title":{"rendered":"Tras persecuci\u00f3n detienen a sujeto por presunto robo de veh\u00edculo en Chalco"},"content":{"rendered":"<div style=\"margin-top: 0px; margin-bottom: 0px;\" class=\"sharethis-inline-share-buttons\" ><\/div><p>En la acci\u00f3n se asegur\u00f3 una r\u00e9plica de arma de fuego<\/p>\n<p>Chalco, Estado de M\u00e9xico.- Como resultado de una denuncia ciudadana y tras una intensa persecuci\u00f3n, Polic\u00edas de la Secretar\u00eda de Seguridad (SS), detuvieron a un presunto responsable del robo con violencia de un veh\u00edculo.<\/p>\n<p>Efectivos adscritos a la Direcci\u00f3n General de Combate al Robo de Veh\u00edculo y Transporte (DGCRVyT), que realizaban patrullajes para inhibir, disuadir, y prevenir actos delictivos, como parte del Operativo Centinela, fueron alertados por una ciudadana quien denunci\u00f3 que un hombre la amenaz\u00f3 con un arma de fuego para despojarla de su autom\u00f3vil de la marca Nissan Kicks, modelo 2018, color naranja.<\/p>\n<p>Con los datos del automotor y con la descripci\u00f3n de la v\u00edctima los uniformados estatales implementaron un operativo de b\u00fasqueda y localizaci\u00f3n que termin\u00f3 con una persecuci\u00f3n sobre la avenida Paseo de los Pueblos, esquina con cerrada de Los Atrios, de la colonia San Gregorio Cuautzingo, donde con maniobras de conducci\u00f3n rebasaron al autom\u00f3vil cerr\u00e1ndole el paso, con lo que se evit\u00f3 continuara con su huida.<\/p>\n<p>En el lugar de los hechos y apegados a derecho, los oficiales de la SS, detuvieron a quien dijo llamarse Cristian Alan \u201cN\u201d de 29 a\u00f1os de edad, a quien se le realiz\u00f3 una inspecci\u00f3n f\u00edsica, encontrando entre sus ropas una r\u00e9plica de arma de fuego tipo escuadra, color negro, con la que se presume amedrent\u00f3 a la mujer.<\/p>\n<p>Cabe mencionar que al sitio lleg\u00f3 la parte afectada quien lo reconoci\u00f3 como su agresor, por lo que al detenido se le leyeron los derechos que la ley le otorga, y junto con el veh\u00edculo recuperado y la r\u00e9plica de arma de fuego, fue puesto a disposici\u00f3n ante el Ministerio P\u00fablico de Nezahualc\u00f3yotl La Perla, donde se determinar\u00e1 su situaci\u00f3n jur\u00eddica e iniciar\u00e1 la carpeta de investigaci\u00f3n correspondiente.<\/p>\n","protected":false},"excerpt":{"rendered":"<p>En la acci\u00f3n se asegur\u00f3 una r\u00e9plica de arma de fuego Chalco, Estado de M\u00e9xico.-<\/p>\n","protected":false},"author":1,"featured_media":8284,"comment_status":"open","ping_status":"open","sticky":false,"template":"","format":"standard","meta":{"footnotes":""},"categories":[1],"tags":[9],"class_list":["post-8283","post","type-post","status-publish","format-standard","has-post-thumbnail","hentry","category-municipales","tag-chalco"],"yoast_head":"<!-- This site is optimized with the Yoast SEO plugin v25.3 - https:\/\/yoast.com\/wordpress\/plugins\/seo\/ -->\n<title>Tras persecuci\u00f3n detienen a sujeto por presunto robo de veh\u00edculo en Chalco - Volcanes<\/title>\n<meta name=\"robots\" content=\"index, follow, max-snippet:-1, max-image-preview:large, max-video-preview:-1\" \/>\n<link rel=\"canonical\" href=\"https:\/\/volcanes.net\/?p=8283\" \/>\n<meta property=\"og:locale\" content=\"es_MX\" \/>\n<meta property=\"og:type\" content=\"article\" \/>\n<meta property=\"og:title\" content=\"Tras persecuci\u00f3n detienen a sujeto por presunto robo de veh\u00edculo en Chalco - Volcanes\" \/>\n<meta property=\"og:description\" content=\"En la acci\u00f3n se asegur\u00f3 una r\u00e9plica de arma de fuego Chalco, Estado de M\u00e9xico.-\" \/>\n<meta property=\"og:url\" content=\"https:\/\/volcanes.net\/?p=8283\" \/>\n<meta property=\"og:site_name\" content=\"Volcanes\" \/>\n<meta property=\"article:publisher\" content=\"https:\/\/www.facebook.com\/volcanes.net\/\" \/>\n<meta property=\"article:published_time\" content=\"2020-09-08T15:45:40+00:00\" \/>\n<meta property=\"og:image\" content=\"https:\/\/volcanes.net\/wp-content\/uploads\/2020\/09\/WhatsApp-Image-2020-09-08-at-9.45.53-AM.jpeg\" \/>\n\t<meta property=\"og:image:width\" content=\"768\" \/>\n\t<meta property=\"og:image:height\" content=\"1024\" \/>\n\t<meta property=\"og:image:type\" content=\"image\/jpeg\" \/>\n<meta name=\"author\" content=\"admin\" \/>\n<meta name=\"twitter:card\" content=\"summary_large_image\" \/>\n<meta name=\"twitter:label1\" content=\"Escrito por\" \/>\n\t<meta name=\"twitter:data1\" content=\"admin\" \/>\n\t<meta name=\"twitter:label2\" content=\"Tiempo de lectura\" \/>\n\t<meta name=\"twitter:data2\" content=\"2 minutos\" \/>\n<script type=\"application\/ld+json\" class=\"yoast-schema-graph\">{\"@context\":\"https:\/\/schema.org\",\"@graph\":[{\"@type\":\"Article\",\"@id\":\"https:\/\/volcanes.net\/?p=8283#article\",\"isPartOf\":{\"@id\":\"https:\/\/volcanes.net\/?p=8283\"},\"author\":{\"name\":\"admin\",\"@id\":\"https:\/\/volcanes.net\/#\/schema\/person\/4bf0f383940966a4abd53f5048c0e6b9\"},\"headline\":\"Tras persecuci\u00f3n detienen a sujeto por presunto robo de veh\u00edculo en Chalco\",\"datePublished\":\"2020-09-08T15:45:40+00:00\",\"mainEntityOfPage\":{\"@id\":\"https:\/\/volcanes.net\/?p=8283\"},\"wordCount\":342,\"commentCount\":0,\"publisher\":{\"@id\":\"https:\/\/volcanes.net\/#organization\"},\"image\":{\"@id\":\"https:\/\/volcanes.net\/?p=8283#primaryimage\"},\"thumbnailUrl\":\"https:\/\/volcanes.net\/wp-content\/uploads\/2020\/09\/WhatsApp-Image-2020-09-08-at-9.45.53-AM.jpeg\",\"keywords\":[\"Chalco\"],\"articleSection\":[\"Municipales\"],\"inLanguage\":\"es\",\"potentialAction\":[{\"@type\":\"CommentAction\",\"name\":\"Comment\",\"target\":[\"https:\/\/volcanes.net\/?p=8283#respond\"]}]},{\"@type\":\"WebPage\",\"@id\":\"https:\/\/volcanes.net\/?p=8283\",\"url\":\"https:\/\/volcanes.net\/?p=8283\",\"name\":\"Tras persecuci\u00f3n detienen a sujeto por presunto robo de veh\u00edculo en Chalco - Volcanes\",\"isPartOf\":{\"@id\":\"https:\/\/volcanes.net\/#website\"},\"primaryImageOfPage\":{\"@id\":\"https:\/\/volcanes.net\/?p=8283#primaryimage\"},\"image\":{\"@id\":\"https:\/\/volcanes.net\/?p=8283#primaryimage\"},\"thumbnailUrl\":\"https:\/\/volcanes.net\/wp-content\/uploads\/2020\/09\/WhatsApp-Image-2020-09-08-at-9.45.53-AM.jpeg\",\"datePublished\":\"2020-09-08T15:45:40+00:00\",\"breadcrumb\":{\"@id\":\"https:\/\/volcanes.net\/?p=8283#breadcrumb\"},\"inLanguage\":\"es\",\"potentialAction\":[{\"@type\":\"ReadAction\",\"target\":[\"https:\/\/volcanes.net\/?p=8283\"]}]},{\"@type\":\"ImageObject\",\"inLanguage\":\"es\",\"@id\":\"https:\/\/volcanes.net\/?p=8283#primaryimage\",\"url\":\"https:\/\/volcanes.net\/wp-content\/uploads\/2020\/09\/WhatsApp-Image-2020-09-08-at-9.45.53-AM.jpeg\",\"contentUrl\":\"https:\/\/volcanes.net\/wp-content\/uploads\/2020\/09\/WhatsApp-Image-2020-09-08-at-9.45.53-AM.jpeg\",\"width\":768,\"height\":1024},{\"@type\":\"BreadcrumbList\",\"@id\":\"https:\/\/volcanes.net\/?p=8283#breadcrumb\",\"itemListElement\":[{\"@type\":\"ListItem\",\"position\":1,\"name\":\"Portada\",\"item\":\"https:\/\/volcanes.net\/\"},{\"@type\":\"ListItem\",\"position\":2,\"name\":\"Tras persecuci\u00f3n detienen a sujeto por presunto robo de veh\u00edculo en Chalco\"}]},{\"@type\":\"WebSite\",\"@id\":\"https:\/\/volcanes.net\/#website\",\"url\":\"https:\/\/volcanes.net\/\",\"name\":\"Volcanes.Net\",\"description\":\"Periodismo Profesional\",\"publisher\":{\"@id\":\"https:\/\/volcanes.net\/#organization\"},\"potentialAction\":[{\"@type\":\"SearchAction\",\"target\":{\"@type\":\"EntryPoint\",\"urlTemplate\":\"https:\/\/volcanes.net\/?s={search_term_string}\"},\"query-input\":{\"@type\":\"PropertyValueSpecification\",\"valueRequired\":true,\"valueName\":\"search_term_string\"}}],\"inLanguage\":\"es\"},{\"@type\":\"Organization\",\"@id\":\"https:\/\/volcanes.net\/#organization\",\"name\":\"Grupo Volcanes\",\"url\":\"https:\/\/volcanes.net\/\",\"logo\":{\"@type\":\"ImageObject\",\"inLanguage\":\"es\",\"@id\":\"https:\/\/volcanes.net\/#\/schema\/logo\/image\/\",\"url\":\"http:\/\/volcanes.net\/wp-content\/uploads\/2017\/12\/Avatar2.jpg\",\"contentUrl\":\"http:\/\/volcanes.net\/wp-content\/uploads\/2017\/12\/Avatar2.jpg\",\"width\":378,\"height\":378,\"caption\":\"Grupo Volcanes\"},\"image\":{\"@id\":\"https:\/\/volcanes.net\/#\/schema\/logo\/image\/\"},\"sameAs\":[\"https:\/\/www.facebook.com\/volcanes.net\/\"]},{\"@type\":\"Person\",\"@id\":\"https:\/\/volcanes.net\/#\/schema\/person\/4bf0f383940966a4abd53f5048c0e6b9\",\"name\":\"admin\",\"image\":{\"@type\":\"ImageObject\",\"inLanguage\":\"es\",\"@id\":\"https:\/\/volcanes.net\/#\/schema\/person\/image\/\",\"url\":\"https:\/\/secure.gravatar.com\/avatar\/ca004e6cba8462b8cb7abc86e382930c?s=96&d=mm&r=g\",\"contentUrl\":\"https:\/\/secure.gravatar.com\/avatar\/ca004e6cba8462b8cb7abc86e382930c?s=96&d=mm&r=g\",\"caption\":\"admin\"}}]}<\/script>\n<!-- \/ Yoast SEO plugin. -->","yoast_head_json":{"title":"Tras persecuci\u00f3n detienen a sujeto por presunto robo de veh\u00edculo en Chalco - Volcanes","robots":{"index":"index","follow":"follow","max-snippet":"max-snippet:-1","max-image-preview":"max-image-preview:large","max-video-preview":"max-video-preview:-1"},"canonical":"https:\/\/volcanes.net\/?p=8283","og_locale":"es_MX","og_type":"article","og_title":"Tras persecuci\u00f3n detienen a sujeto por presunto robo de veh\u00edculo en Chalco - Volcanes","og_description":"En la acci\u00f3n se asegur\u00f3 una r\u00e9plica de arma de fuego Chalco, Estado de M\u00e9xico.-","og_url":"https:\/\/volcanes.net\/?p=8283","og_site_name":"Volcanes","article_publisher":"https:\/\/www.facebook.com\/volcanes.net\/","article_published_time":"2020-09-08T15:45:40+00:00","og_image":[{"width":768,"height":1024,"url":"https:\/\/volcanes.net\/wp-content\/uploads\/2020\/09\/WhatsApp-Image-2020-09-08-at-9.45.53-AM.jpeg","type":"image\/jpeg"}],"author":"admin","twitter_card":"summary_large_image","twitter_misc":{"Escrito por":"admin","Tiempo de lectura":"2 minutos"},"schema":{"@context":"https:\/\/schema.org","@graph":[{"@type":"Article","@id":"https:\/\/volcanes.net\/?p=8283#article","isPartOf":{"@id":"https:\/\/volcanes.net\/?p=8283"},"author":{"name":"admin","@id":"https:\/\/volcanes.net\/#\/schema\/person\/4bf0f383940966a4abd53f5048c0e6b9"},"headline":"Tras persecuci\u00f3n detienen a sujeto por presunto robo de veh\u00edculo en Chalco","datePublished":"2020-09-08T15:45:40+00:00","mainEntityOfPage":{"@id":"https:\/\/volcanes.net\/?p=8283"},"wordCount":342,"commentCount":0,"publisher":{"@id":"https:\/\/volcanes.net\/#organization"},"image":{"@id":"https:\/\/volcanes.net\/?p=8283#primaryimage"},"thumbnailUrl":"https:\/\/volcanes.net\/wp-content\/uploads\/2020\/09\/WhatsApp-Image-2020-09-08-at-9.45.53-AM.jpeg","keywords":["Chalco"],"articleSection":["Municipales"],"inLanguage":"es","potentialAction":[{"@type":"CommentAction","name":"Comment","target":["https:\/\/volcanes.net\/?p=8283#respond"]}]},{"@type":"WebPage","@id":"https:\/\/volcanes.net\/?p=8283","url":"https:\/\/volcanes.net\/?p=8283","name":"Tras persecuci\u00f3n detienen a sujeto por presunto robo de veh\u00edculo en Chalco - Volcanes","isPartOf":{"@id":"https:\/\/volcanes.net\/#website"},"primaryImageOfPage":{"@id":"https:\/\/volcanes.net\/?p=8283#primaryimage"},"image":{"@id":"https:\/\/volcanes.net\/?p=8283#primaryimage"},"thumbnailUrl":"https:\/\/volcanes.net\/wp-content\/uploads\/2020\/09\/WhatsApp-Image-2020-09-08-at-9.45.53-AM.jpeg","datePublished":"2020-09-08T15:45:40+00:00","breadcrumb":{"@id":"https:\/\/volcanes.net\/?p=8283#breadcrumb"},"inLanguage":"es","potentialAction":[{"@type":"ReadAction","target":["https:\/\/volcanes.net\/?p=8283"]}]},{"@type":"ImageObject","inLanguage":"es","@id":"https:\/\/volcanes.net\/?p=8283#primaryimage","url":"https:\/\/volcanes.net\/wp-content\/uploads\/2020\/09\/WhatsApp-Image-2020-09-08-at-9.45.53-AM.jpeg","contentUrl":"https:\/\/volcanes.net\/wp-content\/uploads\/2020\/09\/WhatsApp-Image-2020-09-08-at-9.45.53-AM.jpeg","width":768,"height":1024},{"@type":"BreadcrumbList","@id":"https:\/\/volcanes.net\/?p=8283#breadcrumb","itemListElement":[{"@type":"ListItem","position":1,"name":"Portada","item":"https:\/\/volcanes.net\/"},{"@type":"ListItem","position":2,"name":"Tras persecuci\u00f3n detienen a sujeto por presunto robo de veh\u00edculo en Chalco"}]},{"@type":"WebSite","@id":"https:\/\/volcanes.net\/#website","url":"https:\/\/volcanes.net\/","name":"Volcanes.Net","description":"Periodismo Profesional","publisher":{"@id":"https:\/\/volcanes.net\/#organization"},"potentialAction":[{"@type":"SearchAction","target":{"@type":"EntryPoint","urlTemplate":"https:\/\/volcanes.net\/?s={search_term_string}"},"query-input":{"@type":"PropertyValueSpecification","valueRequired":true,"valueName":"search_term_string"}}],"inLanguage":"es"},{"@type":"Organization","@id":"https:\/\/volcanes.net\/#organization","name":"Grupo Volcanes","url":"https:\/\/volcanes.net\/","logo":{"@type":"ImageObject","inLanguage":"es","@id":"https:\/\/volcanes.net\/#\/schema\/logo\/image\/","url":"http:\/\/volcanes.net\/wp-content\/uploads\/2017\/12\/Avatar2.jpg","contentUrl":"http:\/\/volcanes.net\/wp-content\/uploads\/2017\/12\/Avatar2.jpg","width":378,"height":378,"caption":"Grupo Volcanes"},"image":{"@id":"https:\/\/volcanes.net\/#\/schema\/logo\/image\/"},"sameAs":["https:\/\/www.facebook.com\/volcanes.net\/"]},{"@type":"Person","@id":"https:\/\/volcanes.net\/#\/schema\/person\/4bf0f383940966a4abd53f5048c0e6b9","name":"admin","image":{"@type":"ImageObject","inLanguage":"es","@id":"https:\/\/volcanes.net\/#\/schema\/person\/image\/","url":"https:\/\/secure.gravatar.com\/avatar\/ca004e6cba8462b8cb7abc86e382930c?s=96&d=mm&r=g","contentUrl":"https:\/\/secure.gravatar.com\/avatar\/ca004e6cba8462b8cb7abc86e382930c?s=96&d=mm&r=g","caption":"admin"}}]}},"_links":{"self":[{"href":"https:\/\/volcanes.net\/index.php?rest_route=\/wp\/v2\/posts\/8283"}],"collection":[{"href":"https:\/\/volcanes.net\/index.php?rest_route=\/wp\/v2\/posts"}],"about":[{"href":"https:\/\/volcanes.net\/index.php?rest_route=\/wp\/v2\/types\/post"}],"author":[{"embeddable":true,"href":"https:\/\/volcanes.net\/index.php?rest_route=\/wp\/v2\/users\/1"}],"replies":[{"embeddable":true,"href":"https:\/\/volcanes.net\/index.php?rest_route=%2Fwp%2Fv2%2Fcomments&post=8283"}],"version-history":[{"count":1,"href":"https:\/\/volcanes.net\/index.php?rest_route=\/wp\/v2\/posts\/8283\/revisions"}],"predecessor-version":[{"id":8285,"href":"https:\/\/volcanes.net\/index.php?rest_route=\/wp\/v2\/posts\/8283\/revisions\/8285"}],"wp:featuredmedia":[{"embeddable":true,"href":"https:\/\/volcanes.net\/index.php?rest_route=\/wp\/v2\/media\/8284"}],"wp:attachment":[{"href":"https:\/\/volcanes.net\/index.php?rest_route=%2Fwp%2Fv2%2Fmedia&parent=8283"}],"wp:term":[{"taxonomy":"category","embeddable":true,"href":"https:\/\/volcanes.net\/index.php?rest_route=%2Fwp%2Fv2%2Fcategories&post=8283"},{"taxonomy":"post_tag","embeddable":true,"href":"https:\/\/volcanes.net\/index.php?rest_route=%2Fwp%2Fv2%2Ftags&post=8283"}],"curies":[{"name":"wp","href":"https:\/\/api.w.org\/{rel}","templated":true}]}}