{"id":8286,"date":"2020-09-08T11:30:31","date_gmt":"2020-09-08T17:30:31","guid":{"rendered":"http:\/\/volcanes.net\/?p=8286"},"modified":"2020-09-08T11:30:31","modified_gmt":"2020-09-08T17:30:31","slug":"continuan-los-trabajos-de-reparacion-en-la-carretera-ozumba-juchitepec","status":"publish","type":"post","link":"https:\/\/volcanes.net\/?p=8286","title":{"rendered":"Contin\u00faan los trabajos de reparaci\u00f3n en la carretera Ozumba-Juchitepec"},"content":{"rendered":"<div style=\"margin-top: 0px; margin-bottom: 0px;\" class=\"sharethis-inline-share-buttons\" ><\/div><p>Natalia Hern\u00e1ndez | Volcanes Multimedios<\/p>\n<p>Ozumba, Estado de M\u00e9xico.- La ma\u00f1ana de este martes 08 de septiembre Volcanes Multimedios acudi\u00f3 a la carretera que conecta al municipio de Ozumba con Juchitepec justo en donde se encuentran los trabajos de reparaci\u00f3n por socav\u00f3n, en el lugar se los automovilistas de ambos sentidos manejan con mucha precauci\u00f3n debido a que a\u00fan se encuentran trabajando el personal, quien trabajo toda la noche.<\/p>\n<p>Cabe mencionar que durante la madrugada al lugar arribo el edil Ozumbense Valent\u00edn Mart\u00ednez Castillo quien superviso los trabajos con el fin de agilizar la reparaci\u00f3n y no se vean severamente afectados los pobladores que transitan esta carretera.<\/p>\n<p>Dicha acci\u00f3n fue aprobada por la Junta local de caminos del Estado de M\u00e9xico quien dio inicio a los trabajos para que pueda quedar concluido la reparaci\u00f3n, cabe mencionar que es un tramo de aproximadamente 9 metros el cual se ve afectado y el cual ser\u00e1 reparado con el fin de evitar encharcamientos principalmente en esta temporada de lluvias y que afectan a los pobladores que transitan por la carretera, adem\u00e1s de que de este modo se evitaran accidentes. \u00a0\u00a0Ante ello, se espera que se restablezca lo antes posible la circulaci\u00f3n.<\/p>\n","protected":false},"excerpt":{"rendered":"<p>Natalia Hern\u00e1ndez | Volcanes Multimedios Ozumba, Estado de M\u00e9xico.- La ma\u00f1ana de este martes 08<\/p>\n","protected":false},"author":1,"featured_media":8287,"comment_status":"open","ping_status":"open","sticky":false,"template":"","format":"standard","meta":{"footnotes":""},"categories":[1],"tags":[14],"class_list":["post-8286","post","type-post","status-publish","format-standard","has-post-thumbnail","hentry","category-municipales","tag-ozumba"],"yoast_head":"<!-- This site is optimized with the Yoast SEO plugin v25.3 - https:\/\/yoast.com\/wordpress\/plugins\/seo\/ -->\n<title>Contin\u00faan los trabajos de reparaci\u00f3n en la carretera Ozumba-Juchitepec - Volcanes<\/title>\n<meta name=\"robots\" content=\"index, follow, max-snippet:-1, max-image-preview:large, max-video-preview:-1\" \/>\n<link rel=\"canonical\" href=\"https:\/\/volcanes.net\/?p=8286\" \/>\n<meta property=\"og:locale\" content=\"es_MX\" \/>\n<meta property=\"og:type\" content=\"article\" \/>\n<meta property=\"og:title\" content=\"Contin\u00faan los trabajos de reparaci\u00f3n en la carretera Ozumba-Juchitepec - Volcanes\" \/>\n<meta property=\"og:description\" content=\"Natalia Hern\u00e1ndez | Volcanes Multimedios Ozumba, Estado de M\u00e9xico.- La ma\u00f1ana de este martes 08\" \/>\n<meta property=\"og:url\" content=\"https:\/\/volcanes.net\/?p=8286\" \/>\n<meta property=\"og:site_name\" content=\"Volcanes\" \/>\n<meta property=\"article:publisher\" content=\"https:\/\/www.facebook.com\/volcanes.net\/\" \/>\n<meta property=\"article:published_time\" content=\"2020-09-08T17:30:31+00:00\" \/>\n<meta property=\"og:image\" content=\"https:\/\/volcanes.net\/wp-content\/uploads\/2020\/09\/c6ce1e54-d5f7-4817-aacb-299956d13545.jpg\" \/>\n\t<meta property=\"og:image:width\" content=\"552\" \/>\n\t<meta property=\"og:image:height\" content=\"391\" \/>\n\t<meta property=\"og:image:type\" content=\"image\/jpeg\" \/>\n<meta name=\"author\" content=\"admin\" \/>\n<meta name=\"twitter:card\" content=\"summary_large_image\" \/>\n<meta name=\"twitter:label1\" content=\"Escrito por\" \/>\n\t<meta name=\"twitter:data1\" content=\"admin\" \/>\n\t<meta name=\"twitter:label2\" content=\"Tiempo de lectura\" \/>\n\t<meta name=\"twitter:data2\" content=\"1 minuto\" \/>\n<script type=\"application\/ld+json\" class=\"yoast-schema-graph\">{\"@context\":\"https:\/\/schema.org\",\"@graph\":[{\"@type\":\"Article\",\"@id\":\"https:\/\/volcanes.net\/?p=8286#article\",\"isPartOf\":{\"@id\":\"https:\/\/volcanes.net\/?p=8286\"},\"author\":{\"name\":\"admin\",\"@id\":\"https:\/\/volcanes.net\/#\/schema\/person\/4bf0f383940966a4abd53f5048c0e6b9\"},\"headline\":\"Contin\u00faan los trabajos de reparaci\u00f3n en la carretera Ozumba-Juchitepec\",\"datePublished\":\"2020-09-08T17:30:31+00:00\",\"mainEntityOfPage\":{\"@id\":\"https:\/\/volcanes.net\/?p=8286\"},\"wordCount\":222,\"commentCount\":0,\"publisher\":{\"@id\":\"https:\/\/volcanes.net\/#organization\"},\"image\":{\"@id\":\"https:\/\/volcanes.net\/?p=8286#primaryimage\"},\"thumbnailUrl\":\"https:\/\/volcanes.net\/wp-content\/uploads\/2020\/09\/c6ce1e54-d5f7-4817-aacb-299956d13545.jpg\",\"keywords\":[\"Ozumba\"],\"articleSection\":[\"Municipales\"],\"inLanguage\":\"es\",\"potentialAction\":[{\"@type\":\"CommentAction\",\"name\":\"Comment\",\"target\":[\"https:\/\/volcanes.net\/?p=8286#respond\"]}]},{\"@type\":\"WebPage\",\"@id\":\"https:\/\/volcanes.net\/?p=8286\",\"url\":\"https:\/\/volcanes.net\/?p=8286\",\"name\":\"Contin\u00faan los trabajos de reparaci\u00f3n en la carretera Ozumba-Juchitepec - Volcanes\",\"isPartOf\":{\"@id\":\"https:\/\/volcanes.net\/#website\"},\"primaryImageOfPage\":{\"@id\":\"https:\/\/volcanes.net\/?p=8286#primaryimage\"},\"image\":{\"@id\":\"https:\/\/volcanes.net\/?p=8286#primaryimage\"},\"thumbnailUrl\":\"https:\/\/volcanes.net\/wp-content\/uploads\/2020\/09\/c6ce1e54-d5f7-4817-aacb-299956d13545.jpg\",\"datePublished\":\"2020-09-08T17:30:31+00:00\",\"breadcrumb\":{\"@id\":\"https:\/\/volcanes.net\/?p=8286#breadcrumb\"},\"inLanguage\":\"es\",\"potentialAction\":[{\"@type\":\"ReadAction\",\"target\":[\"https:\/\/volcanes.net\/?p=8286\"]}]},{\"@type\":\"ImageObject\",\"inLanguage\":\"es\",\"@id\":\"https:\/\/volcanes.net\/?p=8286#primaryimage\",\"url\":\"https:\/\/volcanes.net\/wp-content\/uploads\/2020\/09\/c6ce1e54-d5f7-4817-aacb-299956d13545.jpg\",\"contentUrl\":\"https:\/\/volcanes.net\/wp-content\/uploads\/2020\/09\/c6ce1e54-d5f7-4817-aacb-299956d13545.jpg\",\"width\":552,\"height\":391},{\"@type\":\"BreadcrumbList\",\"@id\":\"https:\/\/volcanes.net\/?p=8286#breadcrumb\",\"itemListElement\":[{\"@type\":\"ListItem\",\"position\":1,\"name\":\"Portada\",\"item\":\"https:\/\/volcanes.net\/\"},{\"@type\":\"ListItem\",\"position\":2,\"name\":\"Contin\u00faan los trabajos de reparaci\u00f3n en la carretera Ozumba-Juchitepec\"}]},{\"@type\":\"WebSite\",\"@id\":\"https:\/\/volcanes.net\/#website\",\"url\":\"https:\/\/volcanes.net\/\",\"name\":\"Volcanes.Net\",\"description\":\"Periodismo Profesional\",\"publisher\":{\"@id\":\"https:\/\/volcanes.net\/#organization\"},\"potentialAction\":[{\"@type\":\"SearchAction\",\"target\":{\"@type\":\"EntryPoint\",\"urlTemplate\":\"https:\/\/volcanes.net\/?s={search_term_string}\"},\"query-input\":{\"@type\":\"PropertyValueSpecification\",\"valueRequired\":true,\"valueName\":\"search_term_string\"}}],\"inLanguage\":\"es\"},{\"@type\":\"Organization\",\"@id\":\"https:\/\/volcanes.net\/#organization\",\"name\":\"Grupo Volcanes\",\"url\":\"https:\/\/volcanes.net\/\",\"logo\":{\"@type\":\"ImageObject\",\"inLanguage\":\"es\",\"@id\":\"https:\/\/volcanes.net\/#\/schema\/logo\/image\/\",\"url\":\"http:\/\/volcanes.net\/wp-content\/uploads\/2017\/12\/Avatar2.jpg\",\"contentUrl\":\"http:\/\/volcanes.net\/wp-content\/uploads\/2017\/12\/Avatar2.jpg\",\"width\":378,\"height\":378,\"caption\":\"Grupo Volcanes\"},\"image\":{\"@id\":\"https:\/\/volcanes.net\/#\/schema\/logo\/image\/\"},\"sameAs\":[\"https:\/\/www.facebook.com\/volcanes.net\/\"]},{\"@type\":\"Person\",\"@id\":\"https:\/\/volcanes.net\/#\/schema\/person\/4bf0f383940966a4abd53f5048c0e6b9\",\"name\":\"admin\",\"image\":{\"@type\":\"ImageObject\",\"inLanguage\":\"es\",\"@id\":\"https:\/\/volcanes.net\/#\/schema\/person\/image\/\",\"url\":\"https:\/\/secure.gravatar.com\/avatar\/ca004e6cba8462b8cb7abc86e382930c?s=96&d=mm&r=g\",\"contentUrl\":\"https:\/\/secure.gravatar.com\/avatar\/ca004e6cba8462b8cb7abc86e382930c?s=96&d=mm&r=g\",\"caption\":\"admin\"}}]}<\/script>\n<!-- \/ Yoast SEO plugin. -->","yoast_head_json":{"title":"Contin\u00faan los trabajos de reparaci\u00f3n en la carretera Ozumba-Juchitepec - Volcanes","robots":{"index":"index","follow":"follow","max-snippet":"max-snippet:-1","max-image-preview":"max-image-preview:large","max-video-preview":"max-video-preview:-1"},"canonical":"https:\/\/volcanes.net\/?p=8286","og_locale":"es_MX","og_type":"article","og_title":"Contin\u00faan los trabajos de reparaci\u00f3n en la carretera Ozumba-Juchitepec - Volcanes","og_description":"Natalia Hern\u00e1ndez | Volcanes Multimedios Ozumba, Estado de M\u00e9xico.- La ma\u00f1ana de este martes 08","og_url":"https:\/\/volcanes.net\/?p=8286","og_site_name":"Volcanes","article_publisher":"https:\/\/www.facebook.com\/volcanes.net\/","article_published_time":"2020-09-08T17:30:31+00:00","og_image":[{"width":552,"height":391,"url":"https:\/\/volcanes.net\/wp-content\/uploads\/2020\/09\/c6ce1e54-d5f7-4817-aacb-299956d13545.jpg","type":"image\/jpeg"}],"author":"admin","twitter_card":"summary_large_image","twitter_misc":{"Escrito por":"admin","Tiempo de lectura":"1 minuto"},"schema":{"@context":"https:\/\/schema.org","@graph":[{"@type":"Article","@id":"https:\/\/volcanes.net\/?p=8286#article","isPartOf":{"@id":"https:\/\/volcanes.net\/?p=8286"},"author":{"name":"admin","@id":"https:\/\/volcanes.net\/#\/schema\/person\/4bf0f383940966a4abd53f5048c0e6b9"},"headline":"Contin\u00faan los trabajos de reparaci\u00f3n en la carretera Ozumba-Juchitepec","datePublished":"2020-09-08T17:30:31+00:00","mainEntityOfPage":{"@id":"https:\/\/volcanes.net\/?p=8286"},"wordCount":222,"commentCount":0,"publisher":{"@id":"https:\/\/volcanes.net\/#organization"},"image":{"@id":"https:\/\/volcanes.net\/?p=8286#primaryimage"},"thumbnailUrl":"https:\/\/volcanes.net\/wp-content\/uploads\/2020\/09\/c6ce1e54-d5f7-4817-aacb-299956d13545.jpg","keywords":["Ozumba"],"articleSection":["Municipales"],"inLanguage":"es","potentialAction":[{"@type":"CommentAction","name":"Comment","target":["https:\/\/volcanes.net\/?p=8286#respond"]}]},{"@type":"WebPage","@id":"https:\/\/volcanes.net\/?p=8286","url":"https:\/\/volcanes.net\/?p=8286","name":"Contin\u00faan los trabajos de reparaci\u00f3n en la carretera Ozumba-Juchitepec - Volcanes","isPartOf":{"@id":"https:\/\/volcanes.net\/#website"},"primaryImageOfPage":{"@id":"https:\/\/volcanes.net\/?p=8286#primaryimage"},"image":{"@id":"https:\/\/volcanes.net\/?p=8286#primaryimage"},"thumbnailUrl":"https:\/\/volcanes.net\/wp-content\/uploads\/2020\/09\/c6ce1e54-d5f7-4817-aacb-299956d13545.jpg","datePublished":"2020-09-08T17:30:31+00:00","breadcrumb":{"@id":"https:\/\/volcanes.net\/?p=8286#breadcrumb"},"inLanguage":"es","potentialAction":[{"@type":"ReadAction","target":["https:\/\/volcanes.net\/?p=8286"]}]},{"@type":"ImageObject","inLanguage":"es","@id":"https:\/\/volcanes.net\/?p=8286#primaryimage","url":"https:\/\/volcanes.net\/wp-content\/uploads\/2020\/09\/c6ce1e54-d5f7-4817-aacb-299956d13545.jpg","contentUrl":"https:\/\/volcanes.net\/wp-content\/uploads\/2020\/09\/c6ce1e54-d5f7-4817-aacb-299956d13545.jpg","width":552,"height":391},{"@type":"BreadcrumbList","@id":"https:\/\/volcanes.net\/?p=8286#breadcrumb","itemListElement":[{"@type":"ListItem","position":1,"name":"Portada","item":"https:\/\/volcanes.net\/"},{"@type":"ListItem","position":2,"name":"Contin\u00faan los trabajos de reparaci\u00f3n en la carretera Ozumba-Juchitepec"}]},{"@type":"WebSite","@id":"https:\/\/volcanes.net\/#website","url":"https:\/\/volcanes.net\/","name":"Volcanes.Net","description":"Periodismo Profesional","publisher":{"@id":"https:\/\/volcanes.net\/#organization"},"potentialAction":[{"@type":"SearchAction","target":{"@type":"EntryPoint","urlTemplate":"https:\/\/volcanes.net\/?s={search_term_string}"},"query-input":{"@type":"PropertyValueSpecification","valueRequired":true,"valueName":"search_term_string"}}],"inLanguage":"es"},{"@type":"Organization","@id":"https:\/\/volcanes.net\/#organization","name":"Grupo Volcanes","url":"https:\/\/volcanes.net\/","logo":{"@type":"ImageObject","inLanguage":"es","@id":"https:\/\/volcanes.net\/#\/schema\/logo\/image\/","url":"http:\/\/volcanes.net\/wp-content\/uploads\/2017\/12\/Avatar2.jpg","contentUrl":"http:\/\/volcanes.net\/wp-content\/uploads\/2017\/12\/Avatar2.jpg","width":378,"height":378,"caption":"Grupo Volcanes"},"image":{"@id":"https:\/\/volcanes.net\/#\/schema\/logo\/image\/"},"sameAs":["https:\/\/www.facebook.com\/volcanes.net\/"]},{"@type":"Person","@id":"https:\/\/volcanes.net\/#\/schema\/person\/4bf0f383940966a4abd53f5048c0e6b9","name":"admin","image":{"@type":"ImageObject","inLanguage":"es","@id":"https:\/\/volcanes.net\/#\/schema\/person\/image\/","url":"https:\/\/secure.gravatar.com\/avatar\/ca004e6cba8462b8cb7abc86e382930c?s=96&d=mm&r=g","contentUrl":"https:\/\/secure.gravatar.com\/avatar\/ca004e6cba8462b8cb7abc86e382930c?s=96&d=mm&r=g","caption":"admin"}}]}},"_links":{"self":[{"href":"https:\/\/volcanes.net\/index.php?rest_route=\/wp\/v2\/posts\/8286"}],"collection":[{"href":"https:\/\/volcanes.net\/index.php?rest_route=\/wp\/v2\/posts"}],"about":[{"href":"https:\/\/volcanes.net\/index.php?rest_route=\/wp\/v2\/types\/post"}],"author":[{"embeddable":true,"href":"https:\/\/volcanes.net\/index.php?rest_route=\/wp\/v2\/users\/1"}],"replies":[{"embeddable":true,"href":"https:\/\/volcanes.net\/index.php?rest_route=%2Fwp%2Fv2%2Fcomments&post=8286"}],"version-history":[{"count":1,"href":"https:\/\/volcanes.net\/index.php?rest_route=\/wp\/v2\/posts\/8286\/revisions"}],"predecessor-version":[{"id":8288,"href":"https:\/\/volcanes.net\/index.php?rest_route=\/wp\/v2\/posts\/8286\/revisions\/8288"}],"wp:featuredmedia":[{"embeddable":true,"href":"https:\/\/volcanes.net\/index.php?rest_route=\/wp\/v2\/media\/8287"}],"wp:attachment":[{"href":"https:\/\/volcanes.net\/index.php?rest_route=%2Fwp%2Fv2%2Fmedia&parent=8286"}],"wp:term":[{"taxonomy":"category","embeddable":true,"href":"https:\/\/volcanes.net\/index.php?rest_route=%2Fwp%2Fv2%2Fcategories&post=8286"},{"taxonomy":"post_tag","embeddable":true,"href":"https:\/\/volcanes.net\/index.php?rest_route=%2Fwp%2Fv2%2Ftags&post=8286"}],"curies":[{"name":"wp","href":"https:\/\/api.w.org\/{rel}","templated":true}]}}