{"id":8328,"date":"2020-09-10T16:47:22","date_gmt":"2020-09-10T22:47:22","guid":{"rendered":"http:\/\/volcanes.net\/?p=8328"},"modified":"2020-09-10T16:47:22","modified_gmt":"2020-09-10T22:47:22","slug":"plantan-500-arboles-en-las-areas-verdes-del-jardin-municipal-de-amecameca","status":"publish","type":"post","link":"https:\/\/volcanes.net\/?p=8328","title":{"rendered":"Plantan 500 \u00e1rboles en las \u00e1reas verdes del  jard\u00edn municipal de Amecameca"},"content":{"rendered":"<div style=\"margin-top: 0px; margin-bottom: 0px;\" class=\"sharethis-inline-share-buttons\" ><\/div><p>Amecameca de Ju\u00e1rez, Estado de M\u00e9xico.- Con el prop\u00f3sito de garantizar mayores beneficios ambientales para la poblaci\u00f3n de Amecameca, el Gobierno Municipal realiza la plantaci\u00f3n de 500 \u00e1rboles en el Jard\u00edn Municipal, como parte de los trabajos de reforestaci\u00f3n que se realizan en la localidad.<\/p>\n<p>La Direcci\u00f3n de Ecolog\u00eda y Desarrollo Agropecuario en coordinaci\u00f3n con la Direcci\u00f3n de Servicios Municipales, bajo las Normas T\u00e9cnicas Estatales Ambientales del Estado de M\u00e9xico y la aprobaci\u00f3n de Protecci\u00f3n Civil Municipal, tambi\u00e9n sustituyeron nueve \u00e1rboles trueno que se encontraban en un estado deteriorado y podr\u00edan ser causantes de accidentes a ni\u00f1os, j\u00f3venes y adultos que visiten pr\u00f3ximamente el jard\u00edn.<\/p>\n<p>\u201cLos arboles sustituidos, que fueron retirados en tu totalidad del Jard\u00edn Municipal, presentaban una estructura d\u00e9bil, con hongo o secos, y ten\u00edan una alta probabilidad de causar un accidente, por lo cual se consider\u00f3 sustituirlos por otros de la misma especie que puedan aportar mayor beneficio y seguridad a la poblaci\u00f3n y al ecosistema\u201d puntualiz\u00f3 Jos\u00e9 Sierra Flores, Director de Ecolog\u00eda y Desarrollo Agropecuario del municipio.<br \/>\nEl Funcionario afirm\u00f3 que la plantaci\u00f3n de 500 nuevos \u00e1rboles en el Jard\u00edn Municipal forma parte del trabajo integral que se realiza en distintos puntos de la localidad, ya que la reforestaci\u00f3n garantizar\u00e1 mejoras al medio ambiente.<\/p>\n<p>Explic\u00f3 tambi\u00e9n que al plantar \u00e1rboles no solo se garantiza la producci\u00f3n de oxigeno, sino que purifican el aire, fertilizan el suelo y previenen la erosi\u00f3n del mismo; adem\u00e1s ayudan al escurrimiento, captaci\u00f3n y filtrado de aguas pluviales, adem\u00e1s de que brindan un refugio natural a la fauna de la localidad y ayudan al ahorro energ\u00e9tico debido a que regulan el clima.<\/p>\n","protected":false},"excerpt":{"rendered":"<p>Amecameca de Ju\u00e1rez, Estado de M\u00e9xico.- Con el prop\u00f3sito de garantizar mayores beneficios ambientales para<\/p>\n","protected":false},"author":1,"featured_media":8329,"comment_status":"open","ping_status":"open","sticky":false,"template":"","format":"standard","meta":{"footnotes":""},"categories":[1],"tags":[7],"class_list":["post-8328","post","type-post","status-publish","format-standard","has-post-thumbnail","hentry","category-municipales","tag-amecameca"],"yoast_head":"<!-- This site is optimized with the Yoast SEO plugin v25.3 - https:\/\/yoast.com\/wordpress\/plugins\/seo\/ -->\n<title>Plantan 500 \u00e1rboles en las \u00e1reas verdes del jard\u00edn municipal de Amecameca - Volcanes<\/title>\n<meta name=\"robots\" content=\"index, follow, max-snippet:-1, max-image-preview:large, max-video-preview:-1\" \/>\n<link rel=\"canonical\" href=\"https:\/\/volcanes.net\/?p=8328\" \/>\n<meta property=\"og:locale\" content=\"es_MX\" \/>\n<meta property=\"og:type\" content=\"article\" \/>\n<meta property=\"og:title\" content=\"Plantan 500 \u00e1rboles en las \u00e1reas verdes del jard\u00edn municipal de Amecameca - Volcanes\" \/>\n<meta property=\"og:description\" content=\"Amecameca de Ju\u00e1rez, Estado de M\u00e9xico.- Con el prop\u00f3sito de garantizar mayores beneficios ambientales para\" \/>\n<meta property=\"og:url\" content=\"https:\/\/volcanes.net\/?p=8328\" \/>\n<meta property=\"og:site_name\" content=\"Volcanes\" \/>\n<meta property=\"article:publisher\" content=\"https:\/\/www.facebook.com\/volcanes.net\/\" \/>\n<meta property=\"article:published_time\" content=\"2020-09-10T22:47:22+00:00\" \/>\n<meta property=\"og:image\" content=\"https:\/\/volcanes.net\/wp-content\/uploads\/2020\/09\/IMG-20200910-WA0022.jpg\" \/>\n\t<meta property=\"og:image:width\" content=\"1117\" \/>\n\t<meta property=\"og:image:height\" content=\"590\" \/>\n\t<meta property=\"og:image:type\" content=\"image\/jpeg\" \/>\n<meta name=\"author\" content=\"admin\" \/>\n<meta name=\"twitter:card\" content=\"summary_large_image\" \/>\n<meta name=\"twitter:label1\" content=\"Escrito por\" \/>\n\t<meta name=\"twitter:data1\" content=\"admin\" \/>\n\t<meta name=\"twitter:label2\" content=\"Tiempo de lectura\" \/>\n\t<meta name=\"twitter:data2\" content=\"2 minutos\" \/>\n<script type=\"application\/ld+json\" class=\"yoast-schema-graph\">{\"@context\":\"https:\/\/schema.org\",\"@graph\":[{\"@type\":\"Article\",\"@id\":\"https:\/\/volcanes.net\/?p=8328#article\",\"isPartOf\":{\"@id\":\"https:\/\/volcanes.net\/?p=8328\"},\"author\":{\"name\":\"admin\",\"@id\":\"https:\/\/volcanes.net\/#\/schema\/person\/4bf0f383940966a4abd53f5048c0e6b9\"},\"headline\":\"Plantan 500 \u00e1rboles en las \u00e1reas verdes del jard\u00edn municipal de Amecameca\",\"datePublished\":\"2020-09-10T22:47:22+00:00\",\"mainEntityOfPage\":{\"@id\":\"https:\/\/volcanes.net\/?p=8328\"},\"wordCount\":317,\"commentCount\":0,\"publisher\":{\"@id\":\"https:\/\/volcanes.net\/#organization\"},\"image\":{\"@id\":\"https:\/\/volcanes.net\/?p=8328#primaryimage\"},\"thumbnailUrl\":\"https:\/\/volcanes.net\/wp-content\/uploads\/2020\/09\/IMG-20200910-WA0022.jpg\",\"keywords\":[\"Amecameca\"],\"articleSection\":[\"Municipales\"],\"inLanguage\":\"es\",\"potentialAction\":[{\"@type\":\"CommentAction\",\"name\":\"Comment\",\"target\":[\"https:\/\/volcanes.net\/?p=8328#respond\"]}]},{\"@type\":\"WebPage\",\"@id\":\"https:\/\/volcanes.net\/?p=8328\",\"url\":\"https:\/\/volcanes.net\/?p=8328\",\"name\":\"Plantan 500 \u00e1rboles en las \u00e1reas verdes del jard\u00edn municipal de Amecameca - Volcanes\",\"isPartOf\":{\"@id\":\"https:\/\/volcanes.net\/#website\"},\"primaryImageOfPage\":{\"@id\":\"https:\/\/volcanes.net\/?p=8328#primaryimage\"},\"image\":{\"@id\":\"https:\/\/volcanes.net\/?p=8328#primaryimage\"},\"thumbnailUrl\":\"https:\/\/volcanes.net\/wp-content\/uploads\/2020\/09\/IMG-20200910-WA0022.jpg\",\"datePublished\":\"2020-09-10T22:47:22+00:00\",\"breadcrumb\":{\"@id\":\"https:\/\/volcanes.net\/?p=8328#breadcrumb\"},\"inLanguage\":\"es\",\"potentialAction\":[{\"@type\":\"ReadAction\",\"target\":[\"https:\/\/volcanes.net\/?p=8328\"]}]},{\"@type\":\"ImageObject\",\"inLanguage\":\"es\",\"@id\":\"https:\/\/volcanes.net\/?p=8328#primaryimage\",\"url\":\"https:\/\/volcanes.net\/wp-content\/uploads\/2020\/09\/IMG-20200910-WA0022.jpg\",\"contentUrl\":\"https:\/\/volcanes.net\/wp-content\/uploads\/2020\/09\/IMG-20200910-WA0022.jpg\",\"width\":1117,\"height\":590},{\"@type\":\"BreadcrumbList\",\"@id\":\"https:\/\/volcanes.net\/?p=8328#breadcrumb\",\"itemListElement\":[{\"@type\":\"ListItem\",\"position\":1,\"name\":\"Portada\",\"item\":\"https:\/\/volcanes.net\/\"},{\"@type\":\"ListItem\",\"position\":2,\"name\":\"Plantan 500 \u00e1rboles en las \u00e1reas verdes del jard\u00edn municipal de Amecameca\"}]},{\"@type\":\"WebSite\",\"@id\":\"https:\/\/volcanes.net\/#website\",\"url\":\"https:\/\/volcanes.net\/\",\"name\":\"Volcanes.Net\",\"description\":\"Periodismo Profesional\",\"publisher\":{\"@id\":\"https:\/\/volcanes.net\/#organization\"},\"potentialAction\":[{\"@type\":\"SearchAction\",\"target\":{\"@type\":\"EntryPoint\",\"urlTemplate\":\"https:\/\/volcanes.net\/?s={search_term_string}\"},\"query-input\":{\"@type\":\"PropertyValueSpecification\",\"valueRequired\":true,\"valueName\":\"search_term_string\"}}],\"inLanguage\":\"es\"},{\"@type\":\"Organization\",\"@id\":\"https:\/\/volcanes.net\/#organization\",\"name\":\"Grupo Volcanes\",\"url\":\"https:\/\/volcanes.net\/\",\"logo\":{\"@type\":\"ImageObject\",\"inLanguage\":\"es\",\"@id\":\"https:\/\/volcanes.net\/#\/schema\/logo\/image\/\",\"url\":\"http:\/\/volcanes.net\/wp-content\/uploads\/2017\/12\/Avatar2.jpg\",\"contentUrl\":\"http:\/\/volcanes.net\/wp-content\/uploads\/2017\/12\/Avatar2.jpg\",\"width\":378,\"height\":378,\"caption\":\"Grupo Volcanes\"},\"image\":{\"@id\":\"https:\/\/volcanes.net\/#\/schema\/logo\/image\/\"},\"sameAs\":[\"https:\/\/www.facebook.com\/volcanes.net\/\"]},{\"@type\":\"Person\",\"@id\":\"https:\/\/volcanes.net\/#\/schema\/person\/4bf0f383940966a4abd53f5048c0e6b9\",\"name\":\"admin\",\"image\":{\"@type\":\"ImageObject\",\"inLanguage\":\"es\",\"@id\":\"https:\/\/volcanes.net\/#\/schema\/person\/image\/\",\"url\":\"https:\/\/secure.gravatar.com\/avatar\/ca004e6cba8462b8cb7abc86e382930c?s=96&d=mm&r=g\",\"contentUrl\":\"https:\/\/secure.gravatar.com\/avatar\/ca004e6cba8462b8cb7abc86e382930c?s=96&d=mm&r=g\",\"caption\":\"admin\"}}]}<\/script>\n<!-- \/ Yoast SEO plugin. -->","yoast_head_json":{"title":"Plantan 500 \u00e1rboles en las \u00e1reas verdes del jard\u00edn municipal de Amecameca - Volcanes","robots":{"index":"index","follow":"follow","max-snippet":"max-snippet:-1","max-image-preview":"max-image-preview:large","max-video-preview":"max-video-preview:-1"},"canonical":"https:\/\/volcanes.net\/?p=8328","og_locale":"es_MX","og_type":"article","og_title":"Plantan 500 \u00e1rboles en las \u00e1reas verdes del jard\u00edn municipal de Amecameca - Volcanes","og_description":"Amecameca de Ju\u00e1rez, Estado de M\u00e9xico.- Con el prop\u00f3sito de garantizar mayores beneficios ambientales para","og_url":"https:\/\/volcanes.net\/?p=8328","og_site_name":"Volcanes","article_publisher":"https:\/\/www.facebook.com\/volcanes.net\/","article_published_time":"2020-09-10T22:47:22+00:00","og_image":[{"width":1117,"height":590,"url":"https:\/\/volcanes.net\/wp-content\/uploads\/2020\/09\/IMG-20200910-WA0022.jpg","type":"image\/jpeg"}],"author":"admin","twitter_card":"summary_large_image","twitter_misc":{"Escrito por":"admin","Tiempo de lectura":"2 minutos"},"schema":{"@context":"https:\/\/schema.org","@graph":[{"@type":"Article","@id":"https:\/\/volcanes.net\/?p=8328#article","isPartOf":{"@id":"https:\/\/volcanes.net\/?p=8328"},"author":{"name":"admin","@id":"https:\/\/volcanes.net\/#\/schema\/person\/4bf0f383940966a4abd53f5048c0e6b9"},"headline":"Plantan 500 \u00e1rboles en las \u00e1reas verdes del jard\u00edn municipal de Amecameca","datePublished":"2020-09-10T22:47:22+00:00","mainEntityOfPage":{"@id":"https:\/\/volcanes.net\/?p=8328"},"wordCount":317,"commentCount":0,"publisher":{"@id":"https:\/\/volcanes.net\/#organization"},"image":{"@id":"https:\/\/volcanes.net\/?p=8328#primaryimage"},"thumbnailUrl":"https:\/\/volcanes.net\/wp-content\/uploads\/2020\/09\/IMG-20200910-WA0022.jpg","keywords":["Amecameca"],"articleSection":["Municipales"],"inLanguage":"es","potentialAction":[{"@type":"CommentAction","name":"Comment","target":["https:\/\/volcanes.net\/?p=8328#respond"]}]},{"@type":"WebPage","@id":"https:\/\/volcanes.net\/?p=8328","url":"https:\/\/volcanes.net\/?p=8328","name":"Plantan 500 \u00e1rboles en las \u00e1reas verdes del jard\u00edn municipal de Amecameca - Volcanes","isPartOf":{"@id":"https:\/\/volcanes.net\/#website"},"primaryImageOfPage":{"@id":"https:\/\/volcanes.net\/?p=8328#primaryimage"},"image":{"@id":"https:\/\/volcanes.net\/?p=8328#primaryimage"},"thumbnailUrl":"https:\/\/volcanes.net\/wp-content\/uploads\/2020\/09\/IMG-20200910-WA0022.jpg","datePublished":"2020-09-10T22:47:22+00:00","breadcrumb":{"@id":"https:\/\/volcanes.net\/?p=8328#breadcrumb"},"inLanguage":"es","potentialAction":[{"@type":"ReadAction","target":["https:\/\/volcanes.net\/?p=8328"]}]},{"@type":"ImageObject","inLanguage":"es","@id":"https:\/\/volcanes.net\/?p=8328#primaryimage","url":"https:\/\/volcanes.net\/wp-content\/uploads\/2020\/09\/IMG-20200910-WA0022.jpg","contentUrl":"https:\/\/volcanes.net\/wp-content\/uploads\/2020\/09\/IMG-20200910-WA0022.jpg","width":1117,"height":590},{"@type":"BreadcrumbList","@id":"https:\/\/volcanes.net\/?p=8328#breadcrumb","itemListElement":[{"@type":"ListItem","position":1,"name":"Portada","item":"https:\/\/volcanes.net\/"},{"@type":"ListItem","position":2,"name":"Plantan 500 \u00e1rboles en las \u00e1reas verdes del jard\u00edn municipal de Amecameca"}]},{"@type":"WebSite","@id":"https:\/\/volcanes.net\/#website","url":"https:\/\/volcanes.net\/","name":"Volcanes.Net","description":"Periodismo Profesional","publisher":{"@id":"https:\/\/volcanes.net\/#organization"},"potentialAction":[{"@type":"SearchAction","target":{"@type":"EntryPoint","urlTemplate":"https:\/\/volcanes.net\/?s={search_term_string}"},"query-input":{"@type":"PropertyValueSpecification","valueRequired":true,"valueName":"search_term_string"}}],"inLanguage":"es"},{"@type":"Organization","@id":"https:\/\/volcanes.net\/#organization","name":"Grupo Volcanes","url":"https:\/\/volcanes.net\/","logo":{"@type":"ImageObject","inLanguage":"es","@id":"https:\/\/volcanes.net\/#\/schema\/logo\/image\/","url":"http:\/\/volcanes.net\/wp-content\/uploads\/2017\/12\/Avatar2.jpg","contentUrl":"http:\/\/volcanes.net\/wp-content\/uploads\/2017\/12\/Avatar2.jpg","width":378,"height":378,"caption":"Grupo Volcanes"},"image":{"@id":"https:\/\/volcanes.net\/#\/schema\/logo\/image\/"},"sameAs":["https:\/\/www.facebook.com\/volcanes.net\/"]},{"@type":"Person","@id":"https:\/\/volcanes.net\/#\/schema\/person\/4bf0f383940966a4abd53f5048c0e6b9","name":"admin","image":{"@type":"ImageObject","inLanguage":"es","@id":"https:\/\/volcanes.net\/#\/schema\/person\/image\/","url":"https:\/\/secure.gravatar.com\/avatar\/ca004e6cba8462b8cb7abc86e382930c?s=96&d=mm&r=g","contentUrl":"https:\/\/secure.gravatar.com\/avatar\/ca004e6cba8462b8cb7abc86e382930c?s=96&d=mm&r=g","caption":"admin"}}]}},"_links":{"self":[{"href":"https:\/\/volcanes.net\/index.php?rest_route=\/wp\/v2\/posts\/8328"}],"collection":[{"href":"https:\/\/volcanes.net\/index.php?rest_route=\/wp\/v2\/posts"}],"about":[{"href":"https:\/\/volcanes.net\/index.php?rest_route=\/wp\/v2\/types\/post"}],"author":[{"embeddable":true,"href":"https:\/\/volcanes.net\/index.php?rest_route=\/wp\/v2\/users\/1"}],"replies":[{"embeddable":true,"href":"https:\/\/volcanes.net\/index.php?rest_route=%2Fwp%2Fv2%2Fcomments&post=8328"}],"version-history":[{"count":1,"href":"https:\/\/volcanes.net\/index.php?rest_route=\/wp\/v2\/posts\/8328\/revisions"}],"predecessor-version":[{"id":8330,"href":"https:\/\/volcanes.net\/index.php?rest_route=\/wp\/v2\/posts\/8328\/revisions\/8330"}],"wp:featuredmedia":[{"embeddable":true,"href":"https:\/\/volcanes.net\/index.php?rest_route=\/wp\/v2\/media\/8329"}],"wp:attachment":[{"href":"https:\/\/volcanes.net\/index.php?rest_route=%2Fwp%2Fv2%2Fmedia&parent=8328"}],"wp:term":[{"taxonomy":"category","embeddable":true,"href":"https:\/\/volcanes.net\/index.php?rest_route=%2Fwp%2Fv2%2Fcategories&post=8328"},{"taxonomy":"post_tag","embeddable":true,"href":"https:\/\/volcanes.net\/index.php?rest_route=%2Fwp%2Fv2%2Ftags&post=8328"}],"curies":[{"name":"wp","href":"https:\/\/api.w.org\/{rel}","templated":true}]}}