{"id":8331,"date":"2020-09-10T19:54:02","date_gmt":"2020-09-11T01:54:02","guid":{"rendered":"http:\/\/volcanes.net\/?p=8331"},"modified":"2020-09-10T19:54:02","modified_gmt":"2020-09-11T01:54:02","slug":"se-llevo-a-cabo-en-amecameca-encuentro-de-fortalecimiento-turistico","status":"publish","type":"post","link":"https:\/\/volcanes.net\/?p=8331","title":{"rendered":"Se llev\u00f3 a cabo en Amecameca encuentro de fortalecimiento tur\u00edstico"},"content":{"rendered":"<div style=\"margin-top: 0px; margin-bottom: 0px;\" class=\"sharethis-inline-share-buttons\" ><\/div><p>Amecameca, Estado de M\u00e9xico.-\u00a0 La tarde de este jueves 10 de septiembre se llev\u00f3 a cabo el &#8220;Encuentro de Fortalecimiento Tur\u00edstico&#8221;, en este municipio mexiquense encabezado por el edil Miguel \u00c1ngel Salom\u00f3n Cort\u00e9s y quien estuvo acompa\u00f1ado por \u00a0la Secretaria de Turismo del Estado de M\u00e9xico, Mtra. Evelyn Osornio Jim\u00e9nez.<\/p>\n<p>Ante ello, Rafael Eugenio Parrilla Arroyo, gerente general del Parque Ecotur\u00edstico Bosque Esmeralda quien coment\u00f3 en entrevista para este medio que se realiz\u00f3 una convocatoria en donde parques ecoturisticos, la industria gastronomic, restaurantera, hoteles y los artesanos quienes plasmaron sus necesidades adem\u00e1s de que sugieren una participaci\u00f3n por parte de la secretaria de turismo del estado de M\u00e9xico.<\/p>\n<p>Parrilla Arrollo, en esta ocasi\u00f3n represento a los parques ecoturisticos o parques tem\u00e1ticos, por lo que refiere que es importante una difusi\u00f3n en los principales canales de la Secretaria de Turismo se encuentren vinculados hacia la parte del oriente del Estado de M\u00e9xico, principalmente la regi\u00f3n de los volcanes.<\/p>\n<p>Sin embargo, reconoce que se necesita de un gran apoyo por parte del gobierno del estado y de la secretaria de turismo, ya que se espera impulsar la ruta de las luci\u00e9rnagas ya que este es un proyecto turistuco y el cual se puede disfrutar en julio y agosto ya que muchas personas acuden a visitar el municipio de Amecameca as\u00ed como la regi\u00f3n de los volcanes.<\/p>\n<p>Ademas de que la ruta de los volcanes y luci\u00e9rnagas est\u00e1n siendo una colaboraci\u00f3n directa con la doctora Zara Legu\u00e9is de la universidad de Boston , debido a que los datos de concentraci\u00f3n de estos lugares est\u00e1n a nivel global por lo que es de suma importancia cuidar estos ecosistemas y los cuales pueden ser da\u00f1ados por el turismo solo sino se trabajan de una manera ordenada<\/p>\n<p>https:\/\/www.facebook.com\/109414100442855\/posts\/362012125183050\/<\/p>\n","protected":false},"excerpt":{"rendered":"<p>Amecameca, Estado de M\u00e9xico.-\u00a0 La tarde de este jueves 10 de septiembre se llev\u00f3 a<\/p>\n","protected":false},"author":1,"featured_media":8332,"comment_status":"open","ping_status":"open","sticky":false,"template":"","format":"standard","meta":{"footnotes":""},"categories":[1],"tags":[7],"class_list":["post-8331","post","type-post","status-publish","format-standard","has-post-thumbnail","hentry","category-municipales","tag-amecameca"],"yoast_head":"<!-- This site is optimized with the Yoast SEO plugin v25.3 - https:\/\/yoast.com\/wordpress\/plugins\/seo\/ -->\n<title>Se llev\u00f3 a cabo en Amecameca encuentro de fortalecimiento tur\u00edstico - Volcanes<\/title>\n<meta name=\"robots\" content=\"index, follow, max-snippet:-1, max-image-preview:large, max-video-preview:-1\" \/>\n<link rel=\"canonical\" href=\"https:\/\/volcanes.net\/?p=8331\" \/>\n<meta property=\"og:locale\" content=\"es_MX\" \/>\n<meta property=\"og:type\" content=\"article\" \/>\n<meta property=\"og:title\" content=\"Se llev\u00f3 a cabo en Amecameca encuentro de fortalecimiento tur\u00edstico - Volcanes\" \/>\n<meta property=\"og:description\" content=\"Amecameca, Estado de M\u00e9xico.-\u00a0 La tarde de este jueves 10 de septiembre se llev\u00f3 a\" \/>\n<meta property=\"og:url\" content=\"https:\/\/volcanes.net\/?p=8331\" \/>\n<meta property=\"og:site_name\" content=\"Volcanes\" \/>\n<meta property=\"article:publisher\" content=\"https:\/\/www.facebook.com\/volcanes.net\/\" \/>\n<meta property=\"article:published_time\" content=\"2020-09-11T01:54:02+00:00\" \/>\n<meta property=\"og:image\" content=\"https:\/\/volcanes.net\/wp-content\/uploads\/2020\/09\/c879295c-0be3-4e98-a07b-849acc18263a.jpg\" \/>\n\t<meta property=\"og:image:width\" content=\"540\" \/>\n\t<meta property=\"og:image:height\" content=\"300\" \/>\n\t<meta property=\"og:image:type\" content=\"image\/jpeg\" \/>\n<meta name=\"author\" content=\"admin\" \/>\n<meta name=\"twitter:card\" content=\"summary_large_image\" \/>\n<meta name=\"twitter:label1\" content=\"Escrito por\" \/>\n\t<meta name=\"twitter:data1\" content=\"admin\" \/>\n\t<meta name=\"twitter:label2\" content=\"Tiempo de lectura\" \/>\n\t<meta name=\"twitter:data2\" content=\"2 minutos\" \/>\n<script type=\"application\/ld+json\" class=\"yoast-schema-graph\">{\"@context\":\"https:\/\/schema.org\",\"@graph\":[{\"@type\":\"Article\",\"@id\":\"https:\/\/volcanes.net\/?p=8331#article\",\"isPartOf\":{\"@id\":\"https:\/\/volcanes.net\/?p=8331\"},\"author\":{\"name\":\"admin\",\"@id\":\"https:\/\/volcanes.net\/#\/schema\/person\/4bf0f383940966a4abd53f5048c0e6b9\"},\"headline\":\"Se llev\u00f3 a cabo en Amecameca encuentro de fortalecimiento tur\u00edstico\",\"datePublished\":\"2020-09-11T01:54:02+00:00\",\"mainEntityOfPage\":{\"@id\":\"https:\/\/volcanes.net\/?p=8331\"},\"wordCount\":331,\"commentCount\":0,\"publisher\":{\"@id\":\"https:\/\/volcanes.net\/#organization\"},\"image\":{\"@id\":\"https:\/\/volcanes.net\/?p=8331#primaryimage\"},\"thumbnailUrl\":\"https:\/\/volcanes.net\/wp-content\/uploads\/2020\/09\/c879295c-0be3-4e98-a07b-849acc18263a.jpg\",\"keywords\":[\"Amecameca\"],\"articleSection\":[\"Municipales\"],\"inLanguage\":\"es\",\"potentialAction\":[{\"@type\":\"CommentAction\",\"name\":\"Comment\",\"target\":[\"https:\/\/volcanes.net\/?p=8331#respond\"]}]},{\"@type\":\"WebPage\",\"@id\":\"https:\/\/volcanes.net\/?p=8331\",\"url\":\"https:\/\/volcanes.net\/?p=8331\",\"name\":\"Se llev\u00f3 a cabo en Amecameca encuentro de fortalecimiento tur\u00edstico - Volcanes\",\"isPartOf\":{\"@id\":\"https:\/\/volcanes.net\/#website\"},\"primaryImageOfPage\":{\"@id\":\"https:\/\/volcanes.net\/?p=8331#primaryimage\"},\"image\":{\"@id\":\"https:\/\/volcanes.net\/?p=8331#primaryimage\"},\"thumbnailUrl\":\"https:\/\/volcanes.net\/wp-content\/uploads\/2020\/09\/c879295c-0be3-4e98-a07b-849acc18263a.jpg\",\"datePublished\":\"2020-09-11T01:54:02+00:00\",\"breadcrumb\":{\"@id\":\"https:\/\/volcanes.net\/?p=8331#breadcrumb\"},\"inLanguage\":\"es\",\"potentialAction\":[{\"@type\":\"ReadAction\",\"target\":[\"https:\/\/volcanes.net\/?p=8331\"]}]},{\"@type\":\"ImageObject\",\"inLanguage\":\"es\",\"@id\":\"https:\/\/volcanes.net\/?p=8331#primaryimage\",\"url\":\"https:\/\/volcanes.net\/wp-content\/uploads\/2020\/09\/c879295c-0be3-4e98-a07b-849acc18263a.jpg\",\"contentUrl\":\"https:\/\/volcanes.net\/wp-content\/uploads\/2020\/09\/c879295c-0be3-4e98-a07b-849acc18263a.jpg\",\"width\":540,\"height\":300},{\"@type\":\"BreadcrumbList\",\"@id\":\"https:\/\/volcanes.net\/?p=8331#breadcrumb\",\"itemListElement\":[{\"@type\":\"ListItem\",\"position\":1,\"name\":\"Portada\",\"item\":\"https:\/\/volcanes.net\/\"},{\"@type\":\"ListItem\",\"position\":2,\"name\":\"Se llev\u00f3 a cabo en Amecameca encuentro de fortalecimiento tur\u00edstico\"}]},{\"@type\":\"WebSite\",\"@id\":\"https:\/\/volcanes.net\/#website\",\"url\":\"https:\/\/volcanes.net\/\",\"name\":\"Volcanes.Net\",\"description\":\"Periodismo Profesional\",\"publisher\":{\"@id\":\"https:\/\/volcanes.net\/#organization\"},\"potentialAction\":[{\"@type\":\"SearchAction\",\"target\":{\"@type\":\"EntryPoint\",\"urlTemplate\":\"https:\/\/volcanes.net\/?s={search_term_string}\"},\"query-input\":{\"@type\":\"PropertyValueSpecification\",\"valueRequired\":true,\"valueName\":\"search_term_string\"}}],\"inLanguage\":\"es\"},{\"@type\":\"Organization\",\"@id\":\"https:\/\/volcanes.net\/#organization\",\"name\":\"Grupo Volcanes\",\"url\":\"https:\/\/volcanes.net\/\",\"logo\":{\"@type\":\"ImageObject\",\"inLanguage\":\"es\",\"@id\":\"https:\/\/volcanes.net\/#\/schema\/logo\/image\/\",\"url\":\"http:\/\/volcanes.net\/wp-content\/uploads\/2017\/12\/Avatar2.jpg\",\"contentUrl\":\"http:\/\/volcanes.net\/wp-content\/uploads\/2017\/12\/Avatar2.jpg\",\"width\":378,\"height\":378,\"caption\":\"Grupo Volcanes\"},\"image\":{\"@id\":\"https:\/\/volcanes.net\/#\/schema\/logo\/image\/\"},\"sameAs\":[\"https:\/\/www.facebook.com\/volcanes.net\/\"]},{\"@type\":\"Person\",\"@id\":\"https:\/\/volcanes.net\/#\/schema\/person\/4bf0f383940966a4abd53f5048c0e6b9\",\"name\":\"admin\",\"image\":{\"@type\":\"ImageObject\",\"inLanguage\":\"es\",\"@id\":\"https:\/\/volcanes.net\/#\/schema\/person\/image\/\",\"url\":\"https:\/\/secure.gravatar.com\/avatar\/ca004e6cba8462b8cb7abc86e382930c?s=96&d=mm&r=g\",\"contentUrl\":\"https:\/\/secure.gravatar.com\/avatar\/ca004e6cba8462b8cb7abc86e382930c?s=96&d=mm&r=g\",\"caption\":\"admin\"}}]}<\/script>\n<!-- \/ Yoast SEO plugin. -->","yoast_head_json":{"title":"Se llev\u00f3 a cabo en Amecameca encuentro de fortalecimiento tur\u00edstico - Volcanes","robots":{"index":"index","follow":"follow","max-snippet":"max-snippet:-1","max-image-preview":"max-image-preview:large","max-video-preview":"max-video-preview:-1"},"canonical":"https:\/\/volcanes.net\/?p=8331","og_locale":"es_MX","og_type":"article","og_title":"Se llev\u00f3 a cabo en Amecameca encuentro de fortalecimiento tur\u00edstico - Volcanes","og_description":"Amecameca, Estado de M\u00e9xico.-\u00a0 La tarde de este jueves 10 de septiembre se llev\u00f3 a","og_url":"https:\/\/volcanes.net\/?p=8331","og_site_name":"Volcanes","article_publisher":"https:\/\/www.facebook.com\/volcanes.net\/","article_published_time":"2020-09-11T01:54:02+00:00","og_image":[{"width":540,"height":300,"url":"https:\/\/volcanes.net\/wp-content\/uploads\/2020\/09\/c879295c-0be3-4e98-a07b-849acc18263a.jpg","type":"image\/jpeg"}],"author":"admin","twitter_card":"summary_large_image","twitter_misc":{"Escrito por":"admin","Tiempo de lectura":"2 minutos"},"schema":{"@context":"https:\/\/schema.org","@graph":[{"@type":"Article","@id":"https:\/\/volcanes.net\/?p=8331#article","isPartOf":{"@id":"https:\/\/volcanes.net\/?p=8331"},"author":{"name":"admin","@id":"https:\/\/volcanes.net\/#\/schema\/person\/4bf0f383940966a4abd53f5048c0e6b9"},"headline":"Se llev\u00f3 a cabo en Amecameca encuentro de fortalecimiento tur\u00edstico","datePublished":"2020-09-11T01:54:02+00:00","mainEntityOfPage":{"@id":"https:\/\/volcanes.net\/?p=8331"},"wordCount":331,"commentCount":0,"publisher":{"@id":"https:\/\/volcanes.net\/#organization"},"image":{"@id":"https:\/\/volcanes.net\/?p=8331#primaryimage"},"thumbnailUrl":"https:\/\/volcanes.net\/wp-content\/uploads\/2020\/09\/c879295c-0be3-4e98-a07b-849acc18263a.jpg","keywords":["Amecameca"],"articleSection":["Municipales"],"inLanguage":"es","potentialAction":[{"@type":"CommentAction","name":"Comment","target":["https:\/\/volcanes.net\/?p=8331#respond"]}]},{"@type":"WebPage","@id":"https:\/\/volcanes.net\/?p=8331","url":"https:\/\/volcanes.net\/?p=8331","name":"Se llev\u00f3 a cabo en Amecameca encuentro de fortalecimiento tur\u00edstico - Volcanes","isPartOf":{"@id":"https:\/\/volcanes.net\/#website"},"primaryImageOfPage":{"@id":"https:\/\/volcanes.net\/?p=8331#primaryimage"},"image":{"@id":"https:\/\/volcanes.net\/?p=8331#primaryimage"},"thumbnailUrl":"https:\/\/volcanes.net\/wp-content\/uploads\/2020\/09\/c879295c-0be3-4e98-a07b-849acc18263a.jpg","datePublished":"2020-09-11T01:54:02+00:00","breadcrumb":{"@id":"https:\/\/volcanes.net\/?p=8331#breadcrumb"},"inLanguage":"es","potentialAction":[{"@type":"ReadAction","target":["https:\/\/volcanes.net\/?p=8331"]}]},{"@type":"ImageObject","inLanguage":"es","@id":"https:\/\/volcanes.net\/?p=8331#primaryimage","url":"https:\/\/volcanes.net\/wp-content\/uploads\/2020\/09\/c879295c-0be3-4e98-a07b-849acc18263a.jpg","contentUrl":"https:\/\/volcanes.net\/wp-content\/uploads\/2020\/09\/c879295c-0be3-4e98-a07b-849acc18263a.jpg","width":540,"height":300},{"@type":"BreadcrumbList","@id":"https:\/\/volcanes.net\/?p=8331#breadcrumb","itemListElement":[{"@type":"ListItem","position":1,"name":"Portada","item":"https:\/\/volcanes.net\/"},{"@type":"ListItem","position":2,"name":"Se llev\u00f3 a cabo en Amecameca encuentro de fortalecimiento tur\u00edstico"}]},{"@type":"WebSite","@id":"https:\/\/volcanes.net\/#website","url":"https:\/\/volcanes.net\/","name":"Volcanes.Net","description":"Periodismo Profesional","publisher":{"@id":"https:\/\/volcanes.net\/#organization"},"potentialAction":[{"@type":"SearchAction","target":{"@type":"EntryPoint","urlTemplate":"https:\/\/volcanes.net\/?s={search_term_string}"},"query-input":{"@type":"PropertyValueSpecification","valueRequired":true,"valueName":"search_term_string"}}],"inLanguage":"es"},{"@type":"Organization","@id":"https:\/\/volcanes.net\/#organization","name":"Grupo Volcanes","url":"https:\/\/volcanes.net\/","logo":{"@type":"ImageObject","inLanguage":"es","@id":"https:\/\/volcanes.net\/#\/schema\/logo\/image\/","url":"http:\/\/volcanes.net\/wp-content\/uploads\/2017\/12\/Avatar2.jpg","contentUrl":"http:\/\/volcanes.net\/wp-content\/uploads\/2017\/12\/Avatar2.jpg","width":378,"height":378,"caption":"Grupo Volcanes"},"image":{"@id":"https:\/\/volcanes.net\/#\/schema\/logo\/image\/"},"sameAs":["https:\/\/www.facebook.com\/volcanes.net\/"]},{"@type":"Person","@id":"https:\/\/volcanes.net\/#\/schema\/person\/4bf0f383940966a4abd53f5048c0e6b9","name":"admin","image":{"@type":"ImageObject","inLanguage":"es","@id":"https:\/\/volcanes.net\/#\/schema\/person\/image\/","url":"https:\/\/secure.gravatar.com\/avatar\/ca004e6cba8462b8cb7abc86e382930c?s=96&d=mm&r=g","contentUrl":"https:\/\/secure.gravatar.com\/avatar\/ca004e6cba8462b8cb7abc86e382930c?s=96&d=mm&r=g","caption":"admin"}}]}},"_links":{"self":[{"href":"https:\/\/volcanes.net\/index.php?rest_route=\/wp\/v2\/posts\/8331"}],"collection":[{"href":"https:\/\/volcanes.net\/index.php?rest_route=\/wp\/v2\/posts"}],"about":[{"href":"https:\/\/volcanes.net\/index.php?rest_route=\/wp\/v2\/types\/post"}],"author":[{"embeddable":true,"href":"https:\/\/volcanes.net\/index.php?rest_route=\/wp\/v2\/users\/1"}],"replies":[{"embeddable":true,"href":"https:\/\/volcanes.net\/index.php?rest_route=%2Fwp%2Fv2%2Fcomments&post=8331"}],"version-history":[{"count":1,"href":"https:\/\/volcanes.net\/index.php?rest_route=\/wp\/v2\/posts\/8331\/revisions"}],"predecessor-version":[{"id":8333,"href":"https:\/\/volcanes.net\/index.php?rest_route=\/wp\/v2\/posts\/8331\/revisions\/8333"}],"wp:featuredmedia":[{"embeddable":true,"href":"https:\/\/volcanes.net\/index.php?rest_route=\/wp\/v2\/media\/8332"}],"wp:attachment":[{"href":"https:\/\/volcanes.net\/index.php?rest_route=%2Fwp%2Fv2%2Fmedia&parent=8331"}],"wp:term":[{"taxonomy":"category","embeddable":true,"href":"https:\/\/volcanes.net\/index.php?rest_route=%2Fwp%2Fv2%2Fcategories&post=8331"},{"taxonomy":"post_tag","embeddable":true,"href":"https:\/\/volcanes.net\/index.php?rest_route=%2Fwp%2Fv2%2Ftags&post=8331"}],"curies":[{"name":"wp","href":"https:\/\/api.w.org\/{rel}","templated":true}]}}