{"id":8336,"date":"2020-09-11T10:53:50","date_gmt":"2020-09-11T16:53:50","guid":{"rendered":"http:\/\/volcanes.net\/?p=8336"},"modified":"2020-09-11T10:53:50","modified_gmt":"2020-09-11T16:53:50","slug":"para-el-gobierno-de-amecameca-es-urgente-reactivar-la-economia-a-traves-del-turismo","status":"publish","type":"post","link":"https:\/\/volcanes.net\/?p=8336","title":{"rendered":"Para el gobierno de Amecameca es urgente reactivar la econom\u00eda a trav\u00e9s del turismo"},"content":{"rendered":"<div style=\"margin-top: 0px; margin-bottom: 0px;\" class=\"sharethis-inline-share-buttons\" ><\/div><p>Natalia Hern\u00e1ndez | Volcanes Multimedios<\/p>\n<p>Amecameca, Estado de M\u00e9xico.- Durante el \u201cEncuentro de Fortalecimiento Tur\u00edstico\u201d que se realizo la tarde de este jueves 10 de septiembre en la Hacienda Panoaya en este municipio mexiquense que preside Miguel \u00c1ngel Salom\u00f3n Cort\u00e9s quien estuvo acompa\u00f1ado de \u00a0la Secretaria de Turismo del Estado de M\u00e9xico, Mtra. Evelyn Osornio Jim\u00e9nez.<\/p>\n<p>En entrevista para este medio el edil Salom\u00f3n Cortes reconoce que ante el confinamiento por el virus de COVID-19 necesitan reactivar la econom\u00eda por medio del turismo, debido de que familias Amecamequenses viven a trav\u00e9s del turismo, por lo que fue importante la visita que realiz\u00f3 la secretaria de turismo del Estado de M\u00e9xico.<\/p>\n<p>&#8220;Esta administraci\u00f3n que tengo el honor de administrar, estamos comprometidos por reactivar la econom\u00eda a trav\u00e9s del turismo&#8221; dijo el edil.<\/p>\n<p>No obstante, Salom\u00f3n Cortes exhorta a los pobladores a continuar realizando las recomendaciones emitidas por la secretaria de salud;\u00a0 uso del cubrebocas, lavado constante de manos, utilizar gel antibacterial y respetar la sana distancian esto con el fin de prevenir contagios por COVID-19.<\/p>\n<p>https:\/\/www.facebook.com\/109414100442855\/posts\/362228211828108\/<\/p>\n","protected":false},"excerpt":{"rendered":"<p>Natalia Hern\u00e1ndez | Volcanes Multimedios Amecameca, Estado de M\u00e9xico.- Durante el \u201cEncuentro de Fortalecimiento Tur\u00edstico\u201d<\/p>\n","protected":false},"author":1,"featured_media":8337,"comment_status":"open","ping_status":"open","sticky":false,"template":"","format":"standard","meta":{"footnotes":""},"categories":[1],"tags":[7],"class_list":["post-8336","post","type-post","status-publish","format-standard","has-post-thumbnail","hentry","category-municipales","tag-amecameca"],"yoast_head":"<!-- This site is optimized with the Yoast SEO plugin v25.3 - https:\/\/yoast.com\/wordpress\/plugins\/seo\/ -->\n<title>Para el gobierno de Amecameca es urgente reactivar la econom\u00eda a trav\u00e9s del turismo - Volcanes<\/title>\n<meta name=\"robots\" content=\"index, follow, max-snippet:-1, max-image-preview:large, max-video-preview:-1\" \/>\n<link rel=\"canonical\" href=\"https:\/\/volcanes.net\/?p=8336\" \/>\n<meta property=\"og:locale\" content=\"es_MX\" \/>\n<meta property=\"og:type\" content=\"article\" \/>\n<meta property=\"og:title\" content=\"Para el gobierno de Amecameca es urgente reactivar la econom\u00eda a trav\u00e9s del turismo - Volcanes\" \/>\n<meta property=\"og:description\" content=\"Natalia Hern\u00e1ndez | Volcanes Multimedios Amecameca, Estado de M\u00e9xico.- Durante el \u201cEncuentro de Fortalecimiento Tur\u00edstico\u201d\" \/>\n<meta property=\"og:url\" content=\"https:\/\/volcanes.net\/?p=8336\" \/>\n<meta property=\"og:site_name\" content=\"Volcanes\" \/>\n<meta property=\"article:publisher\" content=\"https:\/\/www.facebook.com\/volcanes.net\/\" \/>\n<meta property=\"article:published_time\" content=\"2020-09-11T16:53:50+00:00\" \/>\n<meta property=\"og:image\" content=\"https:\/\/volcanes.net\/wp-content\/uploads\/2020\/09\/3d50c0ac-62dc-4c31-975e-6f72eddedf10.jpg\" \/>\n\t<meta property=\"og:image:width\" content=\"1280\" \/>\n\t<meta property=\"og:image:height\" content=\"720\" \/>\n\t<meta property=\"og:image:type\" content=\"image\/jpeg\" \/>\n<meta name=\"author\" content=\"admin\" \/>\n<meta name=\"twitter:card\" content=\"summary_large_image\" \/>\n<meta name=\"twitter:label1\" content=\"Escrito por\" \/>\n\t<meta name=\"twitter:data1\" content=\"admin\" \/>\n\t<meta name=\"twitter:label2\" content=\"Tiempo de lectura\" \/>\n\t<meta name=\"twitter:data2\" content=\"1 minuto\" \/>\n<script type=\"application\/ld+json\" class=\"yoast-schema-graph\">{\"@context\":\"https:\/\/schema.org\",\"@graph\":[{\"@type\":\"Article\",\"@id\":\"https:\/\/volcanes.net\/?p=8336#article\",\"isPartOf\":{\"@id\":\"https:\/\/volcanes.net\/?p=8336\"},\"author\":{\"name\":\"admin\",\"@id\":\"https:\/\/volcanes.net\/#\/schema\/person\/4bf0f383940966a4abd53f5048c0e6b9\"},\"headline\":\"Para el gobierno de Amecameca es urgente reactivar la econom\u00eda a trav\u00e9s del turismo\",\"datePublished\":\"2020-09-11T16:53:50+00:00\",\"mainEntityOfPage\":{\"@id\":\"https:\/\/volcanes.net\/?p=8336\"},\"wordCount\":210,\"commentCount\":0,\"publisher\":{\"@id\":\"https:\/\/volcanes.net\/#organization\"},\"image\":{\"@id\":\"https:\/\/volcanes.net\/?p=8336#primaryimage\"},\"thumbnailUrl\":\"https:\/\/volcanes.net\/wp-content\/uploads\/2020\/09\/3d50c0ac-62dc-4c31-975e-6f72eddedf10.jpg\",\"keywords\":[\"Amecameca\"],\"articleSection\":[\"Municipales\"],\"inLanguage\":\"es\",\"potentialAction\":[{\"@type\":\"CommentAction\",\"name\":\"Comment\",\"target\":[\"https:\/\/volcanes.net\/?p=8336#respond\"]}]},{\"@type\":\"WebPage\",\"@id\":\"https:\/\/volcanes.net\/?p=8336\",\"url\":\"https:\/\/volcanes.net\/?p=8336\",\"name\":\"Para el gobierno de Amecameca es urgente reactivar la econom\u00eda a trav\u00e9s del turismo - Volcanes\",\"isPartOf\":{\"@id\":\"https:\/\/volcanes.net\/#website\"},\"primaryImageOfPage\":{\"@id\":\"https:\/\/volcanes.net\/?p=8336#primaryimage\"},\"image\":{\"@id\":\"https:\/\/volcanes.net\/?p=8336#primaryimage\"},\"thumbnailUrl\":\"https:\/\/volcanes.net\/wp-content\/uploads\/2020\/09\/3d50c0ac-62dc-4c31-975e-6f72eddedf10.jpg\",\"datePublished\":\"2020-09-11T16:53:50+00:00\",\"breadcrumb\":{\"@id\":\"https:\/\/volcanes.net\/?p=8336#breadcrumb\"},\"inLanguage\":\"es\",\"potentialAction\":[{\"@type\":\"ReadAction\",\"target\":[\"https:\/\/volcanes.net\/?p=8336\"]}]},{\"@type\":\"ImageObject\",\"inLanguage\":\"es\",\"@id\":\"https:\/\/volcanes.net\/?p=8336#primaryimage\",\"url\":\"https:\/\/volcanes.net\/wp-content\/uploads\/2020\/09\/3d50c0ac-62dc-4c31-975e-6f72eddedf10.jpg\",\"contentUrl\":\"https:\/\/volcanes.net\/wp-content\/uploads\/2020\/09\/3d50c0ac-62dc-4c31-975e-6f72eddedf10.jpg\",\"width\":1280,\"height\":720},{\"@type\":\"BreadcrumbList\",\"@id\":\"https:\/\/volcanes.net\/?p=8336#breadcrumb\",\"itemListElement\":[{\"@type\":\"ListItem\",\"position\":1,\"name\":\"Portada\",\"item\":\"https:\/\/volcanes.net\/\"},{\"@type\":\"ListItem\",\"position\":2,\"name\":\"Para el gobierno de Amecameca es urgente reactivar la econom\u00eda a trav\u00e9s del turismo\"}]},{\"@type\":\"WebSite\",\"@id\":\"https:\/\/volcanes.net\/#website\",\"url\":\"https:\/\/volcanes.net\/\",\"name\":\"Volcanes.Net\",\"description\":\"Periodismo Profesional\",\"publisher\":{\"@id\":\"https:\/\/volcanes.net\/#organization\"},\"potentialAction\":[{\"@type\":\"SearchAction\",\"target\":{\"@type\":\"EntryPoint\",\"urlTemplate\":\"https:\/\/volcanes.net\/?s={search_term_string}\"},\"query-input\":{\"@type\":\"PropertyValueSpecification\",\"valueRequired\":true,\"valueName\":\"search_term_string\"}}],\"inLanguage\":\"es\"},{\"@type\":\"Organization\",\"@id\":\"https:\/\/volcanes.net\/#organization\",\"name\":\"Grupo Volcanes\",\"url\":\"https:\/\/volcanes.net\/\",\"logo\":{\"@type\":\"ImageObject\",\"inLanguage\":\"es\",\"@id\":\"https:\/\/volcanes.net\/#\/schema\/logo\/image\/\",\"url\":\"http:\/\/volcanes.net\/wp-content\/uploads\/2017\/12\/Avatar2.jpg\",\"contentUrl\":\"http:\/\/volcanes.net\/wp-content\/uploads\/2017\/12\/Avatar2.jpg\",\"width\":378,\"height\":378,\"caption\":\"Grupo Volcanes\"},\"image\":{\"@id\":\"https:\/\/volcanes.net\/#\/schema\/logo\/image\/\"},\"sameAs\":[\"https:\/\/www.facebook.com\/volcanes.net\/\"]},{\"@type\":\"Person\",\"@id\":\"https:\/\/volcanes.net\/#\/schema\/person\/4bf0f383940966a4abd53f5048c0e6b9\",\"name\":\"admin\",\"image\":{\"@type\":\"ImageObject\",\"inLanguage\":\"es\",\"@id\":\"https:\/\/volcanes.net\/#\/schema\/person\/image\/\",\"url\":\"https:\/\/secure.gravatar.com\/avatar\/ca004e6cba8462b8cb7abc86e382930c?s=96&d=mm&r=g\",\"contentUrl\":\"https:\/\/secure.gravatar.com\/avatar\/ca004e6cba8462b8cb7abc86e382930c?s=96&d=mm&r=g\",\"caption\":\"admin\"}}]}<\/script>\n<!-- \/ Yoast SEO plugin. -->","yoast_head_json":{"title":"Para el gobierno de Amecameca es urgente reactivar la econom\u00eda a trav\u00e9s del turismo - Volcanes","robots":{"index":"index","follow":"follow","max-snippet":"max-snippet:-1","max-image-preview":"max-image-preview:large","max-video-preview":"max-video-preview:-1"},"canonical":"https:\/\/volcanes.net\/?p=8336","og_locale":"es_MX","og_type":"article","og_title":"Para el gobierno de Amecameca es urgente reactivar la econom\u00eda a trav\u00e9s del turismo - Volcanes","og_description":"Natalia Hern\u00e1ndez | Volcanes Multimedios Amecameca, Estado de M\u00e9xico.- Durante el \u201cEncuentro de Fortalecimiento Tur\u00edstico\u201d","og_url":"https:\/\/volcanes.net\/?p=8336","og_site_name":"Volcanes","article_publisher":"https:\/\/www.facebook.com\/volcanes.net\/","article_published_time":"2020-09-11T16:53:50+00:00","og_image":[{"width":1280,"height":720,"url":"https:\/\/volcanes.net\/wp-content\/uploads\/2020\/09\/3d50c0ac-62dc-4c31-975e-6f72eddedf10.jpg","type":"image\/jpeg"}],"author":"admin","twitter_card":"summary_large_image","twitter_misc":{"Escrito por":"admin","Tiempo de lectura":"1 minuto"},"schema":{"@context":"https:\/\/schema.org","@graph":[{"@type":"Article","@id":"https:\/\/volcanes.net\/?p=8336#article","isPartOf":{"@id":"https:\/\/volcanes.net\/?p=8336"},"author":{"name":"admin","@id":"https:\/\/volcanes.net\/#\/schema\/person\/4bf0f383940966a4abd53f5048c0e6b9"},"headline":"Para el gobierno de Amecameca es urgente reactivar la econom\u00eda a trav\u00e9s del turismo","datePublished":"2020-09-11T16:53:50+00:00","mainEntityOfPage":{"@id":"https:\/\/volcanes.net\/?p=8336"},"wordCount":210,"commentCount":0,"publisher":{"@id":"https:\/\/volcanes.net\/#organization"},"image":{"@id":"https:\/\/volcanes.net\/?p=8336#primaryimage"},"thumbnailUrl":"https:\/\/volcanes.net\/wp-content\/uploads\/2020\/09\/3d50c0ac-62dc-4c31-975e-6f72eddedf10.jpg","keywords":["Amecameca"],"articleSection":["Municipales"],"inLanguage":"es","potentialAction":[{"@type":"CommentAction","name":"Comment","target":["https:\/\/volcanes.net\/?p=8336#respond"]}]},{"@type":"WebPage","@id":"https:\/\/volcanes.net\/?p=8336","url":"https:\/\/volcanes.net\/?p=8336","name":"Para el gobierno de Amecameca es urgente reactivar la econom\u00eda a trav\u00e9s del turismo - Volcanes","isPartOf":{"@id":"https:\/\/volcanes.net\/#website"},"primaryImageOfPage":{"@id":"https:\/\/volcanes.net\/?p=8336#primaryimage"},"image":{"@id":"https:\/\/volcanes.net\/?p=8336#primaryimage"},"thumbnailUrl":"https:\/\/volcanes.net\/wp-content\/uploads\/2020\/09\/3d50c0ac-62dc-4c31-975e-6f72eddedf10.jpg","datePublished":"2020-09-11T16:53:50+00:00","breadcrumb":{"@id":"https:\/\/volcanes.net\/?p=8336#breadcrumb"},"inLanguage":"es","potentialAction":[{"@type":"ReadAction","target":["https:\/\/volcanes.net\/?p=8336"]}]},{"@type":"ImageObject","inLanguage":"es","@id":"https:\/\/volcanes.net\/?p=8336#primaryimage","url":"https:\/\/volcanes.net\/wp-content\/uploads\/2020\/09\/3d50c0ac-62dc-4c31-975e-6f72eddedf10.jpg","contentUrl":"https:\/\/volcanes.net\/wp-content\/uploads\/2020\/09\/3d50c0ac-62dc-4c31-975e-6f72eddedf10.jpg","width":1280,"height":720},{"@type":"BreadcrumbList","@id":"https:\/\/volcanes.net\/?p=8336#breadcrumb","itemListElement":[{"@type":"ListItem","position":1,"name":"Portada","item":"https:\/\/volcanes.net\/"},{"@type":"ListItem","position":2,"name":"Para el gobierno de Amecameca es urgente reactivar la econom\u00eda a trav\u00e9s del turismo"}]},{"@type":"WebSite","@id":"https:\/\/volcanes.net\/#website","url":"https:\/\/volcanes.net\/","name":"Volcanes.Net","description":"Periodismo Profesional","publisher":{"@id":"https:\/\/volcanes.net\/#organization"},"potentialAction":[{"@type":"SearchAction","target":{"@type":"EntryPoint","urlTemplate":"https:\/\/volcanes.net\/?s={search_term_string}"},"query-input":{"@type":"PropertyValueSpecification","valueRequired":true,"valueName":"search_term_string"}}],"inLanguage":"es"},{"@type":"Organization","@id":"https:\/\/volcanes.net\/#organization","name":"Grupo Volcanes","url":"https:\/\/volcanes.net\/","logo":{"@type":"ImageObject","inLanguage":"es","@id":"https:\/\/volcanes.net\/#\/schema\/logo\/image\/","url":"http:\/\/volcanes.net\/wp-content\/uploads\/2017\/12\/Avatar2.jpg","contentUrl":"http:\/\/volcanes.net\/wp-content\/uploads\/2017\/12\/Avatar2.jpg","width":378,"height":378,"caption":"Grupo Volcanes"},"image":{"@id":"https:\/\/volcanes.net\/#\/schema\/logo\/image\/"},"sameAs":["https:\/\/www.facebook.com\/volcanes.net\/"]},{"@type":"Person","@id":"https:\/\/volcanes.net\/#\/schema\/person\/4bf0f383940966a4abd53f5048c0e6b9","name":"admin","image":{"@type":"ImageObject","inLanguage":"es","@id":"https:\/\/volcanes.net\/#\/schema\/person\/image\/","url":"https:\/\/secure.gravatar.com\/avatar\/ca004e6cba8462b8cb7abc86e382930c?s=96&d=mm&r=g","contentUrl":"https:\/\/secure.gravatar.com\/avatar\/ca004e6cba8462b8cb7abc86e382930c?s=96&d=mm&r=g","caption":"admin"}}]}},"_links":{"self":[{"href":"https:\/\/volcanes.net\/index.php?rest_route=\/wp\/v2\/posts\/8336"}],"collection":[{"href":"https:\/\/volcanes.net\/index.php?rest_route=\/wp\/v2\/posts"}],"about":[{"href":"https:\/\/volcanes.net\/index.php?rest_route=\/wp\/v2\/types\/post"}],"author":[{"embeddable":true,"href":"https:\/\/volcanes.net\/index.php?rest_route=\/wp\/v2\/users\/1"}],"replies":[{"embeddable":true,"href":"https:\/\/volcanes.net\/index.php?rest_route=%2Fwp%2Fv2%2Fcomments&post=8336"}],"version-history":[{"count":1,"href":"https:\/\/volcanes.net\/index.php?rest_route=\/wp\/v2\/posts\/8336\/revisions"}],"predecessor-version":[{"id":8338,"href":"https:\/\/volcanes.net\/index.php?rest_route=\/wp\/v2\/posts\/8336\/revisions\/8338"}],"wp:featuredmedia":[{"embeddable":true,"href":"https:\/\/volcanes.net\/index.php?rest_route=\/wp\/v2\/media\/8337"}],"wp:attachment":[{"href":"https:\/\/volcanes.net\/index.php?rest_route=%2Fwp%2Fv2%2Fmedia&parent=8336"}],"wp:term":[{"taxonomy":"category","embeddable":true,"href":"https:\/\/volcanes.net\/index.php?rest_route=%2Fwp%2Fv2%2Fcategories&post=8336"},{"taxonomy":"post_tag","embeddable":true,"href":"https:\/\/volcanes.net\/index.php?rest_route=%2Fwp%2Fv2%2Ftags&post=8336"}],"curies":[{"name":"wp","href":"https:\/\/api.w.org\/{rel}","templated":true}]}}