{"id":8436,"date":"2020-09-18T08:20:47","date_gmt":"2020-09-18T14:20:47","guid":{"rendered":"http:\/\/volcanes.net\/?p=8436"},"modified":"2020-09-18T08:20:47","modified_gmt":"2020-09-18T14:20:47","slug":"sujeto-es-sentenciado-a-47-anos-en-prision-por-homicidio-en-valle-de-chalco","status":"publish","type":"post","link":"https:\/\/volcanes.net\/?p=8436","title":{"rendered":"Sujeto es sentenciado a 47 a\u00f1os en prisi\u00f3n por homicidio en Valle de Chalco"},"content":{"rendered":"<div style=\"margin-top: 0px; margin-bottom: 0px;\" class=\"sharethis-inline-share-buttons\" ><\/div><p>Valle de Chalco, Estado de M\u00e9xico. -Con los elementos de prueba recabados y expuestos por el Agente del Ministerio P\u00fablico de la Fiscal\u00eda Especializada de Homicidio de la Zona Oriente de esta Fiscal\u00eda General de Justicia (FGJEM) un Juez dict\u00f3 esta condena para Velazco Ram\u00edrez, adem\u00e1s le fij\u00f3 multas de 143 mil 65 pesos y 193 mil 508 pesos como reparaci\u00f3n del da\u00f1o.<\/p>\n<p>Este individuo fue detenido el d\u00eda 9 de noviembre de 2018, al momento en que pretend\u00eda deshacerse del cuerpo de un hombre, en el municipio de Valle de Chalco.<\/p>\n<p>Elementos policiacos realizaban una movilizaci\u00f3n en la Avenida Las Torres, en los l\u00edmites urbanos de los municipios de Valle de Chalco y Chalco, y observaron a un sujeto que bajaba un cuerpo, de un veh\u00edculo de transporte p\u00fablico.<\/p>\n<p>Este sujeto al percatarse de la presencia policiaca tom\u00f3 el control de dicha unidad automotora e intent\u00f3 huir, por lo que luego de una persecuci\u00f3n fue asegurado en la Avenida Tezozomoc, en la colonia Am\u00e9ricas II. Dentro de este veh\u00edculo fueron encontradas diversas manchas hem\u00e1ticas.<\/p>\n<p>Omar Velazco Ram\u00edrez fue presentado ante el Agente del Ministerio P\u00fablico, quien integr\u00f3 la carpeta de investigaci\u00f3n respectiva por el delito de homicidio calificado. De acuerdo con la indagatoria iniciada se pudo establecer que el ahora sentenciado hab\u00eda asesinado a la v\u00edctima momentos antes de ser detenido, para lo cual lo degoll\u00f3 con un instrumento punzo cortante.<\/p>\n<p>El probable homicida fue ingresado al Penal de Chalco, donde qued\u00f3 a disposici\u00f3n de un Juez, quien previo proceso legal, le dict\u00f3 esta condena, aunado a que sus derechos civiles y pol\u00edticos quedaron suspendidos.<\/p>\n","protected":false},"excerpt":{"rendered":"<p>Valle de Chalco, Estado de M\u00e9xico. -Con los elementos de prueba recabados y expuestos por<\/p>\n","protected":false},"author":1,"featured_media":8437,"comment_status":"open","ping_status":"open","sticky":false,"template":"","format":"standard","meta":{"footnotes":""},"categories":[1],"tags":[5],"class_list":["post-8436","post","type-post","status-publish","format-standard","has-post-thumbnail","hentry","category-municipales","tag-valle-de-chalco"],"yoast_head":"<!-- This site is optimized with the Yoast SEO plugin v25.3 - https:\/\/yoast.com\/wordpress\/plugins\/seo\/ -->\n<title>Sujeto es sentenciado a 47 a\u00f1os en prisi\u00f3n por homicidio en Valle de Chalco - Volcanes<\/title>\n<meta name=\"robots\" content=\"index, follow, max-snippet:-1, max-image-preview:large, max-video-preview:-1\" \/>\n<link rel=\"canonical\" href=\"https:\/\/volcanes.net\/?p=8436\" \/>\n<meta property=\"og:locale\" content=\"es_MX\" \/>\n<meta property=\"og:type\" content=\"article\" \/>\n<meta property=\"og:title\" content=\"Sujeto es sentenciado a 47 a\u00f1os en prisi\u00f3n por homicidio en Valle de Chalco - Volcanes\" \/>\n<meta property=\"og:description\" content=\"Valle de Chalco, Estado de M\u00e9xico. -Con los elementos de prueba recabados y expuestos por\" \/>\n<meta property=\"og:url\" content=\"https:\/\/volcanes.net\/?p=8436\" \/>\n<meta property=\"og:site_name\" content=\"Volcanes\" \/>\n<meta property=\"article:publisher\" content=\"https:\/\/www.facebook.com\/volcanes.net\/\" \/>\n<meta property=\"article:published_time\" content=\"2020-09-18T14:20:47+00:00\" \/>\n<meta property=\"og:image\" content=\"https:\/\/volcanes.net\/wp-content\/uploads\/2020\/09\/20200918_091824.png\" \/>\n\t<meta property=\"og:image:width\" content=\"468\" \/>\n\t<meta property=\"og:image:height\" content=\"644\" \/>\n\t<meta property=\"og:image:type\" content=\"image\/png\" \/>\n<meta name=\"author\" content=\"admin\" \/>\n<meta name=\"twitter:card\" content=\"summary_large_image\" \/>\n<meta name=\"twitter:label1\" content=\"Escrito por\" \/>\n\t<meta name=\"twitter:data1\" content=\"admin\" \/>\n\t<meta name=\"twitter:label2\" content=\"Tiempo de lectura\" \/>\n\t<meta name=\"twitter:data2\" content=\"1 minuto\" \/>\n<script type=\"application\/ld+json\" class=\"yoast-schema-graph\">{\"@context\":\"https:\/\/schema.org\",\"@graph\":[{\"@type\":\"Article\",\"@id\":\"https:\/\/volcanes.net\/?p=8436#article\",\"isPartOf\":{\"@id\":\"https:\/\/volcanes.net\/?p=8436\"},\"author\":{\"name\":\"admin\",\"@id\":\"https:\/\/volcanes.net\/#\/schema\/person\/4bf0f383940966a4abd53f5048c0e6b9\"},\"headline\":\"Sujeto es sentenciado a 47 a\u00f1os en prisi\u00f3n por homicidio en Valle de Chalco\",\"datePublished\":\"2020-09-18T14:20:47+00:00\",\"mainEntityOfPage\":{\"@id\":\"https:\/\/volcanes.net\/?p=8436\"},\"wordCount\":300,\"commentCount\":0,\"publisher\":{\"@id\":\"https:\/\/volcanes.net\/#organization\"},\"image\":{\"@id\":\"https:\/\/volcanes.net\/?p=8436#primaryimage\"},\"thumbnailUrl\":\"https:\/\/volcanes.net\/wp-content\/uploads\/2020\/09\/20200918_091824.png\",\"keywords\":[\"Valle de Chalco\"],\"articleSection\":[\"Municipales\"],\"inLanguage\":\"es\",\"potentialAction\":[{\"@type\":\"CommentAction\",\"name\":\"Comment\",\"target\":[\"https:\/\/volcanes.net\/?p=8436#respond\"]}]},{\"@type\":\"WebPage\",\"@id\":\"https:\/\/volcanes.net\/?p=8436\",\"url\":\"https:\/\/volcanes.net\/?p=8436\",\"name\":\"Sujeto es sentenciado a 47 a\u00f1os en prisi\u00f3n por homicidio en Valle de Chalco - Volcanes\",\"isPartOf\":{\"@id\":\"https:\/\/volcanes.net\/#website\"},\"primaryImageOfPage\":{\"@id\":\"https:\/\/volcanes.net\/?p=8436#primaryimage\"},\"image\":{\"@id\":\"https:\/\/volcanes.net\/?p=8436#primaryimage\"},\"thumbnailUrl\":\"https:\/\/volcanes.net\/wp-content\/uploads\/2020\/09\/20200918_091824.png\",\"datePublished\":\"2020-09-18T14:20:47+00:00\",\"breadcrumb\":{\"@id\":\"https:\/\/volcanes.net\/?p=8436#breadcrumb\"},\"inLanguage\":\"es\",\"potentialAction\":[{\"@type\":\"ReadAction\",\"target\":[\"https:\/\/volcanes.net\/?p=8436\"]}]},{\"@type\":\"ImageObject\",\"inLanguage\":\"es\",\"@id\":\"https:\/\/volcanes.net\/?p=8436#primaryimage\",\"url\":\"https:\/\/volcanes.net\/wp-content\/uploads\/2020\/09\/20200918_091824.png\",\"contentUrl\":\"https:\/\/volcanes.net\/wp-content\/uploads\/2020\/09\/20200918_091824.png\",\"width\":468,\"height\":644},{\"@type\":\"BreadcrumbList\",\"@id\":\"https:\/\/volcanes.net\/?p=8436#breadcrumb\",\"itemListElement\":[{\"@type\":\"ListItem\",\"position\":1,\"name\":\"Portada\",\"item\":\"https:\/\/volcanes.net\/\"},{\"@type\":\"ListItem\",\"position\":2,\"name\":\"Sujeto es sentenciado a 47 a\u00f1os en prisi\u00f3n por homicidio en Valle de Chalco\"}]},{\"@type\":\"WebSite\",\"@id\":\"https:\/\/volcanes.net\/#website\",\"url\":\"https:\/\/volcanes.net\/\",\"name\":\"Volcanes.Net\",\"description\":\"Periodismo Profesional\",\"publisher\":{\"@id\":\"https:\/\/volcanes.net\/#organization\"},\"potentialAction\":[{\"@type\":\"SearchAction\",\"target\":{\"@type\":\"EntryPoint\",\"urlTemplate\":\"https:\/\/volcanes.net\/?s={search_term_string}\"},\"query-input\":{\"@type\":\"PropertyValueSpecification\",\"valueRequired\":true,\"valueName\":\"search_term_string\"}}],\"inLanguage\":\"es\"},{\"@type\":\"Organization\",\"@id\":\"https:\/\/volcanes.net\/#organization\",\"name\":\"Grupo Volcanes\",\"url\":\"https:\/\/volcanes.net\/\",\"logo\":{\"@type\":\"ImageObject\",\"inLanguage\":\"es\",\"@id\":\"https:\/\/volcanes.net\/#\/schema\/logo\/image\/\",\"url\":\"http:\/\/volcanes.net\/wp-content\/uploads\/2017\/12\/Avatar2.jpg\",\"contentUrl\":\"http:\/\/volcanes.net\/wp-content\/uploads\/2017\/12\/Avatar2.jpg\",\"width\":378,\"height\":378,\"caption\":\"Grupo Volcanes\"},\"image\":{\"@id\":\"https:\/\/volcanes.net\/#\/schema\/logo\/image\/\"},\"sameAs\":[\"https:\/\/www.facebook.com\/volcanes.net\/\"]},{\"@type\":\"Person\",\"@id\":\"https:\/\/volcanes.net\/#\/schema\/person\/4bf0f383940966a4abd53f5048c0e6b9\",\"name\":\"admin\",\"image\":{\"@type\":\"ImageObject\",\"inLanguage\":\"es\",\"@id\":\"https:\/\/volcanes.net\/#\/schema\/person\/image\/\",\"url\":\"https:\/\/secure.gravatar.com\/avatar\/ca004e6cba8462b8cb7abc86e382930c?s=96&d=mm&r=g\",\"contentUrl\":\"https:\/\/secure.gravatar.com\/avatar\/ca004e6cba8462b8cb7abc86e382930c?s=96&d=mm&r=g\",\"caption\":\"admin\"}}]}<\/script>\n<!-- \/ Yoast SEO plugin. -->","yoast_head_json":{"title":"Sujeto es sentenciado a 47 a\u00f1os en prisi\u00f3n por homicidio en Valle de Chalco - Volcanes","robots":{"index":"index","follow":"follow","max-snippet":"max-snippet:-1","max-image-preview":"max-image-preview:large","max-video-preview":"max-video-preview:-1"},"canonical":"https:\/\/volcanes.net\/?p=8436","og_locale":"es_MX","og_type":"article","og_title":"Sujeto es sentenciado a 47 a\u00f1os en prisi\u00f3n por homicidio en Valle de Chalco - Volcanes","og_description":"Valle de Chalco, Estado de M\u00e9xico. -Con los elementos de prueba recabados y expuestos por","og_url":"https:\/\/volcanes.net\/?p=8436","og_site_name":"Volcanes","article_publisher":"https:\/\/www.facebook.com\/volcanes.net\/","article_published_time":"2020-09-18T14:20:47+00:00","og_image":[{"width":468,"height":644,"url":"https:\/\/volcanes.net\/wp-content\/uploads\/2020\/09\/20200918_091824.png","type":"image\/png"}],"author":"admin","twitter_card":"summary_large_image","twitter_misc":{"Escrito por":"admin","Tiempo de lectura":"1 minuto"},"schema":{"@context":"https:\/\/schema.org","@graph":[{"@type":"Article","@id":"https:\/\/volcanes.net\/?p=8436#article","isPartOf":{"@id":"https:\/\/volcanes.net\/?p=8436"},"author":{"name":"admin","@id":"https:\/\/volcanes.net\/#\/schema\/person\/4bf0f383940966a4abd53f5048c0e6b9"},"headline":"Sujeto es sentenciado a 47 a\u00f1os en prisi\u00f3n por homicidio en Valle de Chalco","datePublished":"2020-09-18T14:20:47+00:00","mainEntityOfPage":{"@id":"https:\/\/volcanes.net\/?p=8436"},"wordCount":300,"commentCount":0,"publisher":{"@id":"https:\/\/volcanes.net\/#organization"},"image":{"@id":"https:\/\/volcanes.net\/?p=8436#primaryimage"},"thumbnailUrl":"https:\/\/volcanes.net\/wp-content\/uploads\/2020\/09\/20200918_091824.png","keywords":["Valle de Chalco"],"articleSection":["Municipales"],"inLanguage":"es","potentialAction":[{"@type":"CommentAction","name":"Comment","target":["https:\/\/volcanes.net\/?p=8436#respond"]}]},{"@type":"WebPage","@id":"https:\/\/volcanes.net\/?p=8436","url":"https:\/\/volcanes.net\/?p=8436","name":"Sujeto es sentenciado a 47 a\u00f1os en prisi\u00f3n por homicidio en Valle de Chalco - Volcanes","isPartOf":{"@id":"https:\/\/volcanes.net\/#website"},"primaryImageOfPage":{"@id":"https:\/\/volcanes.net\/?p=8436#primaryimage"},"image":{"@id":"https:\/\/volcanes.net\/?p=8436#primaryimage"},"thumbnailUrl":"https:\/\/volcanes.net\/wp-content\/uploads\/2020\/09\/20200918_091824.png","datePublished":"2020-09-18T14:20:47+00:00","breadcrumb":{"@id":"https:\/\/volcanes.net\/?p=8436#breadcrumb"},"inLanguage":"es","potentialAction":[{"@type":"ReadAction","target":["https:\/\/volcanes.net\/?p=8436"]}]},{"@type":"ImageObject","inLanguage":"es","@id":"https:\/\/volcanes.net\/?p=8436#primaryimage","url":"https:\/\/volcanes.net\/wp-content\/uploads\/2020\/09\/20200918_091824.png","contentUrl":"https:\/\/volcanes.net\/wp-content\/uploads\/2020\/09\/20200918_091824.png","width":468,"height":644},{"@type":"BreadcrumbList","@id":"https:\/\/volcanes.net\/?p=8436#breadcrumb","itemListElement":[{"@type":"ListItem","position":1,"name":"Portada","item":"https:\/\/volcanes.net\/"},{"@type":"ListItem","position":2,"name":"Sujeto es sentenciado a 47 a\u00f1os en prisi\u00f3n por homicidio en Valle de Chalco"}]},{"@type":"WebSite","@id":"https:\/\/volcanes.net\/#website","url":"https:\/\/volcanes.net\/","name":"Volcanes.Net","description":"Periodismo Profesional","publisher":{"@id":"https:\/\/volcanes.net\/#organization"},"potentialAction":[{"@type":"SearchAction","target":{"@type":"EntryPoint","urlTemplate":"https:\/\/volcanes.net\/?s={search_term_string}"},"query-input":{"@type":"PropertyValueSpecification","valueRequired":true,"valueName":"search_term_string"}}],"inLanguage":"es"},{"@type":"Organization","@id":"https:\/\/volcanes.net\/#organization","name":"Grupo Volcanes","url":"https:\/\/volcanes.net\/","logo":{"@type":"ImageObject","inLanguage":"es","@id":"https:\/\/volcanes.net\/#\/schema\/logo\/image\/","url":"http:\/\/volcanes.net\/wp-content\/uploads\/2017\/12\/Avatar2.jpg","contentUrl":"http:\/\/volcanes.net\/wp-content\/uploads\/2017\/12\/Avatar2.jpg","width":378,"height":378,"caption":"Grupo Volcanes"},"image":{"@id":"https:\/\/volcanes.net\/#\/schema\/logo\/image\/"},"sameAs":["https:\/\/www.facebook.com\/volcanes.net\/"]},{"@type":"Person","@id":"https:\/\/volcanes.net\/#\/schema\/person\/4bf0f383940966a4abd53f5048c0e6b9","name":"admin","image":{"@type":"ImageObject","inLanguage":"es","@id":"https:\/\/volcanes.net\/#\/schema\/person\/image\/","url":"https:\/\/secure.gravatar.com\/avatar\/ca004e6cba8462b8cb7abc86e382930c?s=96&d=mm&r=g","contentUrl":"https:\/\/secure.gravatar.com\/avatar\/ca004e6cba8462b8cb7abc86e382930c?s=96&d=mm&r=g","caption":"admin"}}]}},"_links":{"self":[{"href":"https:\/\/volcanes.net\/index.php?rest_route=\/wp\/v2\/posts\/8436"}],"collection":[{"href":"https:\/\/volcanes.net\/index.php?rest_route=\/wp\/v2\/posts"}],"about":[{"href":"https:\/\/volcanes.net\/index.php?rest_route=\/wp\/v2\/types\/post"}],"author":[{"embeddable":true,"href":"https:\/\/volcanes.net\/index.php?rest_route=\/wp\/v2\/users\/1"}],"replies":[{"embeddable":true,"href":"https:\/\/volcanes.net\/index.php?rest_route=%2Fwp%2Fv2%2Fcomments&post=8436"}],"version-history":[{"count":1,"href":"https:\/\/volcanes.net\/index.php?rest_route=\/wp\/v2\/posts\/8436\/revisions"}],"predecessor-version":[{"id":8438,"href":"https:\/\/volcanes.net\/index.php?rest_route=\/wp\/v2\/posts\/8436\/revisions\/8438"}],"wp:featuredmedia":[{"embeddable":true,"href":"https:\/\/volcanes.net\/index.php?rest_route=\/wp\/v2\/media\/8437"}],"wp:attachment":[{"href":"https:\/\/volcanes.net\/index.php?rest_route=%2Fwp%2Fv2%2Fmedia&parent=8436"}],"wp:term":[{"taxonomy":"category","embeddable":true,"href":"https:\/\/volcanes.net\/index.php?rest_route=%2Fwp%2Fv2%2Fcategories&post=8436"},{"taxonomy":"post_tag","embeddable":true,"href":"https:\/\/volcanes.net\/index.php?rest_route=%2Fwp%2Fv2%2Ftags&post=8436"}],"curies":[{"name":"wp","href":"https:\/\/api.w.org\/{rel}","templated":true}]}}