{"id":8454,"date":"2020-09-19T12:34:14","date_gmt":"2020-09-19T18:34:14","guid":{"rendered":"http:\/\/volcanes.net\/?p=8454"},"modified":"2020-09-19T12:34:14","modified_gmt":"2020-09-19T18:34:14","slug":"gobierno-de-atlautla-se-une-a-la-celebracion-del-septimo-aniversario-de-la-universidad-politecnica-de-atlautla","status":"publish","type":"post","link":"https:\/\/volcanes.net\/?p=8454","title":{"rendered":"Gobierno de Atlautla se une a la celebraci\u00f3n del s\u00e9ptimo aniversario de la Universidad Polit\u00e9cnica de Atlautla"},"content":{"rendered":"<div style=\"margin-top: 0px; margin-bottom: 0px;\" class=\"sharethis-inline-share-buttons\" ><\/div><p>Atlautla , Estado de M\u00e9xico. &#8211;\u00a0El alcalde del Hermenegildo Lozada Amaro, acompa\u00f1ado de la regidora de educaci\u00f3n Ceila Selem Toledano, asistieron a la Universidad Politecnica de Atlautla en el marco del s\u00e9ptimo aniversario de esta instituci\u00f3n educativa, reconociendo el esfuerzo y dedicaci\u00f3n de los estudiantes m\u00e1s destacados de las diferentes carreras el Alcade LozadaAmaro, hizo entrega de bicicletas a los mejores promedios.<\/p>\n<p>Por otra parte fue inaugurado el equipamiento del laboratorio pesado, de la carretera de ingenier\u00eda civil, Cortando el cord\u00f3n inaugural la rectora de la Universidad Polit\u00e9cnica de Atlautla, Elizabeth Torres Ramos acompa\u00f1ada de las autoridades municipales.<\/p>\n<p>En este s\u00e9ptimo aniversario la Universidad Polit\u00e9cnica de Atlautla, reafirma su crecimiento y liderazgo acad\u00e9mico en la regi\u00f3n de los volcanes, con una oferta educativa que satisface las necesidades de mano de obra calificada en la actualidad, garantizando a los alumnos egresados en contar una vacante laboral.<\/p>\n","protected":false},"excerpt":{"rendered":"<p>Atlautla , Estado de M\u00e9xico. &#8211;\u00a0El alcalde del Hermenegildo Lozada Amaro, acompa\u00f1ado de la regidora<\/p>\n","protected":false},"author":1,"featured_media":8455,"comment_status":"open","ping_status":"open","sticky":false,"template":"","format":"standard","meta":{"footnotes":""},"categories":[1],"tags":[80],"class_list":["post-8454","post","type-post","status-publish","format-standard","has-post-thumbnail","hentry","category-municipales","tag-atlautla"],"yoast_head":"<!-- This site is optimized with the Yoast SEO plugin v25.3 - https:\/\/yoast.com\/wordpress\/plugins\/seo\/ -->\n<title>Gobierno de Atlautla se une a la celebraci\u00f3n del s\u00e9ptimo aniversario de la Universidad Polit\u00e9cnica de Atlautla - Volcanes<\/title>\n<meta name=\"robots\" content=\"index, follow, max-snippet:-1, max-image-preview:large, max-video-preview:-1\" \/>\n<link rel=\"canonical\" href=\"https:\/\/volcanes.net\/?p=8454\" \/>\n<meta property=\"og:locale\" content=\"es_MX\" \/>\n<meta property=\"og:type\" content=\"article\" \/>\n<meta property=\"og:title\" content=\"Gobierno de Atlautla se une a la celebraci\u00f3n del s\u00e9ptimo aniversario de la Universidad Polit\u00e9cnica de Atlautla - Volcanes\" \/>\n<meta property=\"og:description\" content=\"Atlautla , Estado de M\u00e9xico. &#8211;\u00a0El alcalde del Hermenegildo Lozada Amaro, acompa\u00f1ado de la regidora\" \/>\n<meta property=\"og:url\" content=\"https:\/\/volcanes.net\/?p=8454\" \/>\n<meta property=\"og:site_name\" content=\"Volcanes\" \/>\n<meta property=\"article:publisher\" content=\"https:\/\/www.facebook.com\/volcanes.net\/\" \/>\n<meta property=\"article:published_time\" content=\"2020-09-19T18:34:14+00:00\" \/>\n<meta property=\"og:image\" content=\"https:\/\/volcanes.net\/wp-content\/uploads\/2020\/09\/FB_IMG_1600539856982.jpg\" \/>\n\t<meta property=\"og:image:width\" content=\"552\" \/>\n\t<meta property=\"og:image:height\" content=\"368\" \/>\n\t<meta property=\"og:image:type\" content=\"image\/jpeg\" \/>\n<meta name=\"author\" content=\"admin\" \/>\n<meta name=\"twitter:card\" content=\"summary_large_image\" \/>\n<meta name=\"twitter:label1\" content=\"Escrito por\" \/>\n\t<meta name=\"twitter:data1\" content=\"admin\" \/>\n\t<meta name=\"twitter:label2\" content=\"Tiempo de lectura\" \/>\n\t<meta name=\"twitter:data2\" content=\"1 minuto\" \/>\n<script type=\"application\/ld+json\" class=\"yoast-schema-graph\">{\"@context\":\"https:\/\/schema.org\",\"@graph\":[{\"@type\":\"Article\",\"@id\":\"https:\/\/volcanes.net\/?p=8454#article\",\"isPartOf\":{\"@id\":\"https:\/\/volcanes.net\/?p=8454\"},\"author\":{\"name\":\"admin\",\"@id\":\"https:\/\/volcanes.net\/#\/schema\/person\/4bf0f383940966a4abd53f5048c0e6b9\"},\"headline\":\"Gobierno de Atlautla se une a la celebraci\u00f3n del s\u00e9ptimo aniversario de la Universidad Polit\u00e9cnica de Atlautla\",\"datePublished\":\"2020-09-19T18:34:14+00:00\",\"mainEntityOfPage\":{\"@id\":\"https:\/\/volcanes.net\/?p=8454\"},\"wordCount\":180,\"commentCount\":0,\"publisher\":{\"@id\":\"https:\/\/volcanes.net\/#organization\"},\"image\":{\"@id\":\"https:\/\/volcanes.net\/?p=8454#primaryimage\"},\"thumbnailUrl\":\"https:\/\/volcanes.net\/wp-content\/uploads\/2020\/09\/FB_IMG_1600539856982.jpg\",\"keywords\":[\"Atlautla\"],\"articleSection\":[\"Municipales\"],\"inLanguage\":\"es\",\"potentialAction\":[{\"@type\":\"CommentAction\",\"name\":\"Comment\",\"target\":[\"https:\/\/volcanes.net\/?p=8454#respond\"]}]},{\"@type\":\"WebPage\",\"@id\":\"https:\/\/volcanes.net\/?p=8454\",\"url\":\"https:\/\/volcanes.net\/?p=8454\",\"name\":\"Gobierno de Atlautla se une a la celebraci\u00f3n del s\u00e9ptimo aniversario de la Universidad Polit\u00e9cnica de Atlautla - Volcanes\",\"isPartOf\":{\"@id\":\"https:\/\/volcanes.net\/#website\"},\"primaryImageOfPage\":{\"@id\":\"https:\/\/volcanes.net\/?p=8454#primaryimage\"},\"image\":{\"@id\":\"https:\/\/volcanes.net\/?p=8454#primaryimage\"},\"thumbnailUrl\":\"https:\/\/volcanes.net\/wp-content\/uploads\/2020\/09\/FB_IMG_1600539856982.jpg\",\"datePublished\":\"2020-09-19T18:34:14+00:00\",\"breadcrumb\":{\"@id\":\"https:\/\/volcanes.net\/?p=8454#breadcrumb\"},\"inLanguage\":\"es\",\"potentialAction\":[{\"@type\":\"ReadAction\",\"target\":[\"https:\/\/volcanes.net\/?p=8454\"]}]},{\"@type\":\"ImageObject\",\"inLanguage\":\"es\",\"@id\":\"https:\/\/volcanes.net\/?p=8454#primaryimage\",\"url\":\"https:\/\/volcanes.net\/wp-content\/uploads\/2020\/09\/FB_IMG_1600539856982.jpg\",\"contentUrl\":\"https:\/\/volcanes.net\/wp-content\/uploads\/2020\/09\/FB_IMG_1600539856982.jpg\",\"width\":552,\"height\":368},{\"@type\":\"BreadcrumbList\",\"@id\":\"https:\/\/volcanes.net\/?p=8454#breadcrumb\",\"itemListElement\":[{\"@type\":\"ListItem\",\"position\":1,\"name\":\"Portada\",\"item\":\"https:\/\/volcanes.net\/\"},{\"@type\":\"ListItem\",\"position\":2,\"name\":\"Gobierno de Atlautla se une a la celebraci\u00f3n del s\u00e9ptimo aniversario de la Universidad Polit\u00e9cnica de Atlautla\"}]},{\"@type\":\"WebSite\",\"@id\":\"https:\/\/volcanes.net\/#website\",\"url\":\"https:\/\/volcanes.net\/\",\"name\":\"Volcanes.Net\",\"description\":\"Periodismo Profesional\",\"publisher\":{\"@id\":\"https:\/\/volcanes.net\/#organization\"},\"potentialAction\":[{\"@type\":\"SearchAction\",\"target\":{\"@type\":\"EntryPoint\",\"urlTemplate\":\"https:\/\/volcanes.net\/?s={search_term_string}\"},\"query-input\":{\"@type\":\"PropertyValueSpecification\",\"valueRequired\":true,\"valueName\":\"search_term_string\"}}],\"inLanguage\":\"es\"},{\"@type\":\"Organization\",\"@id\":\"https:\/\/volcanes.net\/#organization\",\"name\":\"Grupo Volcanes\",\"url\":\"https:\/\/volcanes.net\/\",\"logo\":{\"@type\":\"ImageObject\",\"inLanguage\":\"es\",\"@id\":\"https:\/\/volcanes.net\/#\/schema\/logo\/image\/\",\"url\":\"http:\/\/volcanes.net\/wp-content\/uploads\/2017\/12\/Avatar2.jpg\",\"contentUrl\":\"http:\/\/volcanes.net\/wp-content\/uploads\/2017\/12\/Avatar2.jpg\",\"width\":378,\"height\":378,\"caption\":\"Grupo Volcanes\"},\"image\":{\"@id\":\"https:\/\/volcanes.net\/#\/schema\/logo\/image\/\"},\"sameAs\":[\"https:\/\/www.facebook.com\/volcanes.net\/\"]},{\"@type\":\"Person\",\"@id\":\"https:\/\/volcanes.net\/#\/schema\/person\/4bf0f383940966a4abd53f5048c0e6b9\",\"name\":\"admin\",\"image\":{\"@type\":\"ImageObject\",\"inLanguage\":\"es\",\"@id\":\"https:\/\/volcanes.net\/#\/schema\/person\/image\/\",\"url\":\"https:\/\/secure.gravatar.com\/avatar\/ca004e6cba8462b8cb7abc86e382930c?s=96&d=mm&r=g\",\"contentUrl\":\"https:\/\/secure.gravatar.com\/avatar\/ca004e6cba8462b8cb7abc86e382930c?s=96&d=mm&r=g\",\"caption\":\"admin\"}}]}<\/script>\n<!-- \/ Yoast SEO plugin. -->","yoast_head_json":{"title":"Gobierno de Atlautla se une a la celebraci\u00f3n del s\u00e9ptimo aniversario de la Universidad Polit\u00e9cnica de Atlautla - Volcanes","robots":{"index":"index","follow":"follow","max-snippet":"max-snippet:-1","max-image-preview":"max-image-preview:large","max-video-preview":"max-video-preview:-1"},"canonical":"https:\/\/volcanes.net\/?p=8454","og_locale":"es_MX","og_type":"article","og_title":"Gobierno de Atlautla se une a la celebraci\u00f3n del s\u00e9ptimo aniversario de la Universidad Polit\u00e9cnica de Atlautla - Volcanes","og_description":"Atlautla , Estado de M\u00e9xico. &#8211;\u00a0El alcalde del Hermenegildo Lozada Amaro, acompa\u00f1ado de la regidora","og_url":"https:\/\/volcanes.net\/?p=8454","og_site_name":"Volcanes","article_publisher":"https:\/\/www.facebook.com\/volcanes.net\/","article_published_time":"2020-09-19T18:34:14+00:00","og_image":[{"width":552,"height":368,"url":"https:\/\/volcanes.net\/wp-content\/uploads\/2020\/09\/FB_IMG_1600539856982.jpg","type":"image\/jpeg"}],"author":"admin","twitter_card":"summary_large_image","twitter_misc":{"Escrito por":"admin","Tiempo de lectura":"1 minuto"},"schema":{"@context":"https:\/\/schema.org","@graph":[{"@type":"Article","@id":"https:\/\/volcanes.net\/?p=8454#article","isPartOf":{"@id":"https:\/\/volcanes.net\/?p=8454"},"author":{"name":"admin","@id":"https:\/\/volcanes.net\/#\/schema\/person\/4bf0f383940966a4abd53f5048c0e6b9"},"headline":"Gobierno de Atlautla se une a la celebraci\u00f3n del s\u00e9ptimo aniversario de la Universidad Polit\u00e9cnica de Atlautla","datePublished":"2020-09-19T18:34:14+00:00","mainEntityOfPage":{"@id":"https:\/\/volcanes.net\/?p=8454"},"wordCount":180,"commentCount":0,"publisher":{"@id":"https:\/\/volcanes.net\/#organization"},"image":{"@id":"https:\/\/volcanes.net\/?p=8454#primaryimage"},"thumbnailUrl":"https:\/\/volcanes.net\/wp-content\/uploads\/2020\/09\/FB_IMG_1600539856982.jpg","keywords":["Atlautla"],"articleSection":["Municipales"],"inLanguage":"es","potentialAction":[{"@type":"CommentAction","name":"Comment","target":["https:\/\/volcanes.net\/?p=8454#respond"]}]},{"@type":"WebPage","@id":"https:\/\/volcanes.net\/?p=8454","url":"https:\/\/volcanes.net\/?p=8454","name":"Gobierno de Atlautla se une a la celebraci\u00f3n del s\u00e9ptimo aniversario de la Universidad Polit\u00e9cnica de Atlautla - Volcanes","isPartOf":{"@id":"https:\/\/volcanes.net\/#website"},"primaryImageOfPage":{"@id":"https:\/\/volcanes.net\/?p=8454#primaryimage"},"image":{"@id":"https:\/\/volcanes.net\/?p=8454#primaryimage"},"thumbnailUrl":"https:\/\/volcanes.net\/wp-content\/uploads\/2020\/09\/FB_IMG_1600539856982.jpg","datePublished":"2020-09-19T18:34:14+00:00","breadcrumb":{"@id":"https:\/\/volcanes.net\/?p=8454#breadcrumb"},"inLanguage":"es","potentialAction":[{"@type":"ReadAction","target":["https:\/\/volcanes.net\/?p=8454"]}]},{"@type":"ImageObject","inLanguage":"es","@id":"https:\/\/volcanes.net\/?p=8454#primaryimage","url":"https:\/\/volcanes.net\/wp-content\/uploads\/2020\/09\/FB_IMG_1600539856982.jpg","contentUrl":"https:\/\/volcanes.net\/wp-content\/uploads\/2020\/09\/FB_IMG_1600539856982.jpg","width":552,"height":368},{"@type":"BreadcrumbList","@id":"https:\/\/volcanes.net\/?p=8454#breadcrumb","itemListElement":[{"@type":"ListItem","position":1,"name":"Portada","item":"https:\/\/volcanes.net\/"},{"@type":"ListItem","position":2,"name":"Gobierno de Atlautla se une a la celebraci\u00f3n del s\u00e9ptimo aniversario de la Universidad Polit\u00e9cnica de Atlautla"}]},{"@type":"WebSite","@id":"https:\/\/volcanes.net\/#website","url":"https:\/\/volcanes.net\/","name":"Volcanes.Net","description":"Periodismo Profesional","publisher":{"@id":"https:\/\/volcanes.net\/#organization"},"potentialAction":[{"@type":"SearchAction","target":{"@type":"EntryPoint","urlTemplate":"https:\/\/volcanes.net\/?s={search_term_string}"},"query-input":{"@type":"PropertyValueSpecification","valueRequired":true,"valueName":"search_term_string"}}],"inLanguage":"es"},{"@type":"Organization","@id":"https:\/\/volcanes.net\/#organization","name":"Grupo Volcanes","url":"https:\/\/volcanes.net\/","logo":{"@type":"ImageObject","inLanguage":"es","@id":"https:\/\/volcanes.net\/#\/schema\/logo\/image\/","url":"http:\/\/volcanes.net\/wp-content\/uploads\/2017\/12\/Avatar2.jpg","contentUrl":"http:\/\/volcanes.net\/wp-content\/uploads\/2017\/12\/Avatar2.jpg","width":378,"height":378,"caption":"Grupo Volcanes"},"image":{"@id":"https:\/\/volcanes.net\/#\/schema\/logo\/image\/"},"sameAs":["https:\/\/www.facebook.com\/volcanes.net\/"]},{"@type":"Person","@id":"https:\/\/volcanes.net\/#\/schema\/person\/4bf0f383940966a4abd53f5048c0e6b9","name":"admin","image":{"@type":"ImageObject","inLanguage":"es","@id":"https:\/\/volcanes.net\/#\/schema\/person\/image\/","url":"https:\/\/secure.gravatar.com\/avatar\/ca004e6cba8462b8cb7abc86e382930c?s=96&d=mm&r=g","contentUrl":"https:\/\/secure.gravatar.com\/avatar\/ca004e6cba8462b8cb7abc86e382930c?s=96&d=mm&r=g","caption":"admin"}}]}},"_links":{"self":[{"href":"https:\/\/volcanes.net\/index.php?rest_route=\/wp\/v2\/posts\/8454"}],"collection":[{"href":"https:\/\/volcanes.net\/index.php?rest_route=\/wp\/v2\/posts"}],"about":[{"href":"https:\/\/volcanes.net\/index.php?rest_route=\/wp\/v2\/types\/post"}],"author":[{"embeddable":true,"href":"https:\/\/volcanes.net\/index.php?rest_route=\/wp\/v2\/users\/1"}],"replies":[{"embeddable":true,"href":"https:\/\/volcanes.net\/index.php?rest_route=%2Fwp%2Fv2%2Fcomments&post=8454"}],"version-history":[{"count":1,"href":"https:\/\/volcanes.net\/index.php?rest_route=\/wp\/v2\/posts\/8454\/revisions"}],"predecessor-version":[{"id":8456,"href":"https:\/\/volcanes.net\/index.php?rest_route=\/wp\/v2\/posts\/8454\/revisions\/8456"}],"wp:featuredmedia":[{"embeddable":true,"href":"https:\/\/volcanes.net\/index.php?rest_route=\/wp\/v2\/media\/8455"}],"wp:attachment":[{"href":"https:\/\/volcanes.net\/index.php?rest_route=%2Fwp%2Fv2%2Fmedia&parent=8454"}],"wp:term":[{"taxonomy":"category","embeddable":true,"href":"https:\/\/volcanes.net\/index.php?rest_route=%2Fwp%2Fv2%2Fcategories&post=8454"},{"taxonomy":"post_tag","embeddable":true,"href":"https:\/\/volcanes.net\/index.php?rest_route=%2Fwp%2Fv2%2Ftags&post=8454"}],"curies":[{"name":"wp","href":"https:\/\/api.w.org\/{rel}","templated":true}]}}