{"id":8457,"date":"2020-09-21T07:15:38","date_gmt":"2020-09-21T13:15:38","guid":{"rendered":"http:\/\/volcanes.net\/?p=8457"},"modified":"2020-09-21T07:15:38","modified_gmt":"2020-09-21T13:15:38","slug":"gem-rehabilita-mercado-alfredo-del-mazo-gonzalez-en-atlautla","status":"publish","type":"post","link":"https:\/\/volcanes.net\/?p=8457","title":{"rendered":"GEM rehabilita mercado &#8220;Alfredo del Mazo Gonz\u00e1lez &#8221; en Atlautla\u00a0"},"content":{"rendered":"<div style=\"margin-top: 0px; margin-bottom: 0px;\" class=\"sharethis-inline-share-buttons\" ><\/div><p>&nbsp;<\/p>\n<p>\u2022 Beneficia a locatarios y personas que acuden, de manera frecuente, a realizar sus compras.<br \/>\n\u2022 Reciben vendedores cursos de capacitaci\u00f3n para mejorar su desempe\u00f1o comercial y mantienen las medidas sanitarias para preservar su salud y la de los consumidores.<\/p>\n<p>Atlautla, Estado de M\u00e9xico.- Autoridades estatales realizaron la remodelaci\u00f3n del Mercado \u201cAlfredo Del Mazo Gonz\u00e1lez\u201d, que se ubica en este municipio, con lo cual se beneficia a locatarios y consumidores, adem\u00e1s de que se promueve la continuidad de las medidas sanitarias para evitar contagios por COVID-19.<\/p>\n<p>Los trabajos efectuados por el Gobierno del Estado de M\u00e9xico, a trav\u00e9s de la Secretar\u00eda de Desarrollo Econ\u00f3mico (Sedeco) y la Direcci\u00f3n General de Comercio, se centraron en cambio de pisos, adecuaci\u00f3n y pinta de fachadas e interiores, impermeabilizaci\u00f3n y, colocaci\u00f3n de campanas extractoras en \u00e1rea de comida.<\/p>\n<p>Es de referir que las labores realizadas en este mercado mejoran de manera notable el desempe\u00f1o de las actividades de 65 comerciantes y a cerca de 10 mil habitantes que acuden de manera frecuente a realizar sus compras.<\/p>\n<p>Aunado a ello, las y los locatarios recibieron de personal de la Sedeco, cursos de manejo de inventarios, contabilidad, administraci\u00f3n, digitalizaci\u00f3n, manejo de redes sociales, as\u00ed como de la importancia de continuar con las medidas sanitarias para asegurar la salud de los clientes.<\/p>\n<p>Al respecto, Isabel Gallegos, locataria dedicada a la venta de queso regional y comercial, precis\u00f3 que \u201ceste apoyo que nos dio el Gobierno del Estado de M\u00e9xico a trav\u00e9s de la remodelaci\u00f3n del mercado nos ayud\u00f3 bastante\u201d.<\/p>\n<p>\u201cSi ustedes, no s\u00e9 si ya lo observaron de la calle, tiene una gran presencia, se ve muy bien, tiene una gran representaci\u00f3n, aunque es peque\u00f1o, pero es agradable estar en \u00e9l\u201d, a\u00f1adi\u00f3, luego indicar que se siente a gusto con este espacio.<\/p>\n<p>En lo que va de la presente administraci\u00f3n, la Sedeco, a trav\u00e9s del Programa de Modernizaci\u00f3n del Comercio Tradicional, ha participado en el mejoramiento de la infraestructura b\u00e1sica de 11 mercados a lo largo del territorio mexiquense, beneficiando a 3 mil 289 locatarios y 12 mil productores de flor.<\/p>\n<p>Entre los mercados favorecidos con el mejoramiento de fachadas, techumbres, pisos, ba\u00f1os, instalaciones el\u00e9ctricas, hidr\u00e1ulicas y sanitarias est\u00e1n Xochiquetzal, de Tenancingo, el de Temascalcingo, Alfredo Del Mazo V\u00e9lez, el municipal de Ocoyoacac, dos de Toluca, el 16 de Septiembre y La Cruz Comalco.<\/p>\n<p>Adem\u00e1s del Alborada, de Jaltenco, el Mercado Filiberto G\u00f3mez, de Tenango del Valle, Tratados de Teoloyucan, en el municipio del mismo nombre, as\u00ed como el municipal de Tepotzotl\u00e1n, el Primero de Septiembre, en Ixtlahuaca y el Alfredo Del Mazo Gonz\u00e1lez, ubicado en Atlautla.<\/p>\n","protected":false},"excerpt":{"rendered":"<p>&nbsp; \u2022 Beneficia a locatarios y personas que acuden, de manera frecuente, a realizar sus<\/p>\n","protected":false},"author":1,"featured_media":8458,"comment_status":"open","ping_status":"open","sticky":false,"template":"","format":"standard","meta":{"footnotes":""},"categories":[1],"tags":[80],"class_list":["post-8457","post","type-post","status-publish","format-standard","has-post-thumbnail","hentry","category-municipales","tag-atlautla"],"yoast_head":"<!-- This site is optimized with the Yoast SEO plugin v25.3 - https:\/\/yoast.com\/wordpress\/plugins\/seo\/ -->\n<title>GEM rehabilita mercado &quot;Alfredo del Mazo Gonz\u00e1lez &quot; en Atlautla\u00a0 - Volcanes<\/title>\n<meta name=\"robots\" content=\"index, follow, max-snippet:-1, max-image-preview:large, max-video-preview:-1\" \/>\n<link rel=\"canonical\" href=\"https:\/\/volcanes.net\/?p=8457\" \/>\n<meta property=\"og:locale\" content=\"es_MX\" \/>\n<meta property=\"og:type\" content=\"article\" \/>\n<meta property=\"og:title\" content=\"GEM rehabilita mercado &quot;Alfredo del Mazo Gonz\u00e1lez &quot; en Atlautla\u00a0 - Volcanes\" \/>\n<meta property=\"og:description\" content=\"&nbsp; \u2022 Beneficia a locatarios y personas que acuden, de manera frecuente, a realizar sus\" \/>\n<meta property=\"og:url\" content=\"https:\/\/volcanes.net\/?p=8457\" \/>\n<meta property=\"og:site_name\" content=\"Volcanes\" \/>\n<meta property=\"article:publisher\" content=\"https:\/\/www.facebook.com\/volcanes.net\/\" \/>\n<meta property=\"article:published_time\" content=\"2020-09-21T13:15:38+00:00\" \/>\n<meta property=\"og:image\" content=\"https:\/\/volcanes.net\/wp-content\/uploads\/2020\/09\/images.jpeg\" \/>\n\t<meta property=\"og:image:width\" content=\"600\" \/>\n\t<meta property=\"og:image:height\" content=\"263\" \/>\n\t<meta property=\"og:image:type\" content=\"image\/jpeg\" \/>\n<meta name=\"author\" content=\"admin\" \/>\n<meta name=\"twitter:card\" content=\"summary_large_image\" \/>\n<meta name=\"twitter:label1\" content=\"Escrito por\" \/>\n\t<meta name=\"twitter:data1\" content=\"admin\" \/>\n\t<meta name=\"twitter:label2\" content=\"Tiempo de lectura\" \/>\n\t<meta name=\"twitter:data2\" content=\"2 minutos\" \/>\n<script type=\"application\/ld+json\" class=\"yoast-schema-graph\">{\"@context\":\"https:\/\/schema.org\",\"@graph\":[{\"@type\":\"Article\",\"@id\":\"https:\/\/volcanes.net\/?p=8457#article\",\"isPartOf\":{\"@id\":\"https:\/\/volcanes.net\/?p=8457\"},\"author\":{\"name\":\"admin\",\"@id\":\"https:\/\/volcanes.net\/#\/schema\/person\/4bf0f383940966a4abd53f5048c0e6b9\"},\"headline\":\"GEM rehabilita mercado &#8220;Alfredo del Mazo Gonz\u00e1lez &#8221; en Atlautla\u00a0\",\"datePublished\":\"2020-09-21T13:15:38+00:00\",\"mainEntityOfPage\":{\"@id\":\"https:\/\/volcanes.net\/?p=8457\"},\"wordCount\":469,\"commentCount\":0,\"publisher\":{\"@id\":\"https:\/\/volcanes.net\/#organization\"},\"image\":{\"@id\":\"https:\/\/volcanes.net\/?p=8457#primaryimage\"},\"thumbnailUrl\":\"https:\/\/volcanes.net\/wp-content\/uploads\/2020\/09\/images.jpeg\",\"keywords\":[\"Atlautla\"],\"articleSection\":[\"Municipales\"],\"inLanguage\":\"es\",\"potentialAction\":[{\"@type\":\"CommentAction\",\"name\":\"Comment\",\"target\":[\"https:\/\/volcanes.net\/?p=8457#respond\"]}]},{\"@type\":\"WebPage\",\"@id\":\"https:\/\/volcanes.net\/?p=8457\",\"url\":\"https:\/\/volcanes.net\/?p=8457\",\"name\":\"GEM rehabilita mercado \\\"Alfredo del Mazo Gonz\u00e1lez \\\" en Atlautla\u00a0 - Volcanes\",\"isPartOf\":{\"@id\":\"https:\/\/volcanes.net\/#website\"},\"primaryImageOfPage\":{\"@id\":\"https:\/\/volcanes.net\/?p=8457#primaryimage\"},\"image\":{\"@id\":\"https:\/\/volcanes.net\/?p=8457#primaryimage\"},\"thumbnailUrl\":\"https:\/\/volcanes.net\/wp-content\/uploads\/2020\/09\/images.jpeg\",\"datePublished\":\"2020-09-21T13:15:38+00:00\",\"breadcrumb\":{\"@id\":\"https:\/\/volcanes.net\/?p=8457#breadcrumb\"},\"inLanguage\":\"es\",\"potentialAction\":[{\"@type\":\"ReadAction\",\"target\":[\"https:\/\/volcanes.net\/?p=8457\"]}]},{\"@type\":\"ImageObject\",\"inLanguage\":\"es\",\"@id\":\"https:\/\/volcanes.net\/?p=8457#primaryimage\",\"url\":\"https:\/\/volcanes.net\/wp-content\/uploads\/2020\/09\/images.jpeg\",\"contentUrl\":\"https:\/\/volcanes.net\/wp-content\/uploads\/2020\/09\/images.jpeg\",\"width\":600,\"height\":263},{\"@type\":\"BreadcrumbList\",\"@id\":\"https:\/\/volcanes.net\/?p=8457#breadcrumb\",\"itemListElement\":[{\"@type\":\"ListItem\",\"position\":1,\"name\":\"Portada\",\"item\":\"https:\/\/volcanes.net\/\"},{\"@type\":\"ListItem\",\"position\":2,\"name\":\"GEM rehabilita mercado &#8220;Alfredo del Mazo Gonz\u00e1lez &#8221; en Atlautla\u00a0\"}]},{\"@type\":\"WebSite\",\"@id\":\"https:\/\/volcanes.net\/#website\",\"url\":\"https:\/\/volcanes.net\/\",\"name\":\"Volcanes.Net\",\"description\":\"Periodismo Profesional\",\"publisher\":{\"@id\":\"https:\/\/volcanes.net\/#organization\"},\"potentialAction\":[{\"@type\":\"SearchAction\",\"target\":{\"@type\":\"EntryPoint\",\"urlTemplate\":\"https:\/\/volcanes.net\/?s={search_term_string}\"},\"query-input\":{\"@type\":\"PropertyValueSpecification\",\"valueRequired\":true,\"valueName\":\"search_term_string\"}}],\"inLanguage\":\"es\"},{\"@type\":\"Organization\",\"@id\":\"https:\/\/volcanes.net\/#organization\",\"name\":\"Grupo Volcanes\",\"url\":\"https:\/\/volcanes.net\/\",\"logo\":{\"@type\":\"ImageObject\",\"inLanguage\":\"es\",\"@id\":\"https:\/\/volcanes.net\/#\/schema\/logo\/image\/\",\"url\":\"http:\/\/volcanes.net\/wp-content\/uploads\/2017\/12\/Avatar2.jpg\",\"contentUrl\":\"http:\/\/volcanes.net\/wp-content\/uploads\/2017\/12\/Avatar2.jpg\",\"width\":378,\"height\":378,\"caption\":\"Grupo Volcanes\"},\"image\":{\"@id\":\"https:\/\/volcanes.net\/#\/schema\/logo\/image\/\"},\"sameAs\":[\"https:\/\/www.facebook.com\/volcanes.net\/\"]},{\"@type\":\"Person\",\"@id\":\"https:\/\/volcanes.net\/#\/schema\/person\/4bf0f383940966a4abd53f5048c0e6b9\",\"name\":\"admin\",\"image\":{\"@type\":\"ImageObject\",\"inLanguage\":\"es\",\"@id\":\"https:\/\/volcanes.net\/#\/schema\/person\/image\/\",\"url\":\"https:\/\/secure.gravatar.com\/avatar\/ca004e6cba8462b8cb7abc86e382930c?s=96&d=mm&r=g\",\"contentUrl\":\"https:\/\/secure.gravatar.com\/avatar\/ca004e6cba8462b8cb7abc86e382930c?s=96&d=mm&r=g\",\"caption\":\"admin\"}}]}<\/script>\n<!-- \/ Yoast SEO plugin. -->","yoast_head_json":{"title":"GEM rehabilita mercado \"Alfredo del Mazo Gonz\u00e1lez \" en Atlautla\u00a0 - Volcanes","robots":{"index":"index","follow":"follow","max-snippet":"max-snippet:-1","max-image-preview":"max-image-preview:large","max-video-preview":"max-video-preview:-1"},"canonical":"https:\/\/volcanes.net\/?p=8457","og_locale":"es_MX","og_type":"article","og_title":"GEM rehabilita mercado \"Alfredo del Mazo Gonz\u00e1lez \" en Atlautla\u00a0 - Volcanes","og_description":"&nbsp; \u2022 Beneficia a locatarios y personas que acuden, de manera frecuente, a realizar sus","og_url":"https:\/\/volcanes.net\/?p=8457","og_site_name":"Volcanes","article_publisher":"https:\/\/www.facebook.com\/volcanes.net\/","article_published_time":"2020-09-21T13:15:38+00:00","og_image":[{"width":600,"height":263,"url":"https:\/\/volcanes.net\/wp-content\/uploads\/2020\/09\/images.jpeg","type":"image\/jpeg"}],"author":"admin","twitter_card":"summary_large_image","twitter_misc":{"Escrito por":"admin","Tiempo de lectura":"2 minutos"},"schema":{"@context":"https:\/\/schema.org","@graph":[{"@type":"Article","@id":"https:\/\/volcanes.net\/?p=8457#article","isPartOf":{"@id":"https:\/\/volcanes.net\/?p=8457"},"author":{"name":"admin","@id":"https:\/\/volcanes.net\/#\/schema\/person\/4bf0f383940966a4abd53f5048c0e6b9"},"headline":"GEM rehabilita mercado &#8220;Alfredo del Mazo Gonz\u00e1lez &#8221; en Atlautla\u00a0","datePublished":"2020-09-21T13:15:38+00:00","mainEntityOfPage":{"@id":"https:\/\/volcanes.net\/?p=8457"},"wordCount":469,"commentCount":0,"publisher":{"@id":"https:\/\/volcanes.net\/#organization"},"image":{"@id":"https:\/\/volcanes.net\/?p=8457#primaryimage"},"thumbnailUrl":"https:\/\/volcanes.net\/wp-content\/uploads\/2020\/09\/images.jpeg","keywords":["Atlautla"],"articleSection":["Municipales"],"inLanguage":"es","potentialAction":[{"@type":"CommentAction","name":"Comment","target":["https:\/\/volcanes.net\/?p=8457#respond"]}]},{"@type":"WebPage","@id":"https:\/\/volcanes.net\/?p=8457","url":"https:\/\/volcanes.net\/?p=8457","name":"GEM rehabilita mercado \"Alfredo del Mazo Gonz\u00e1lez \" en Atlautla\u00a0 - Volcanes","isPartOf":{"@id":"https:\/\/volcanes.net\/#website"},"primaryImageOfPage":{"@id":"https:\/\/volcanes.net\/?p=8457#primaryimage"},"image":{"@id":"https:\/\/volcanes.net\/?p=8457#primaryimage"},"thumbnailUrl":"https:\/\/volcanes.net\/wp-content\/uploads\/2020\/09\/images.jpeg","datePublished":"2020-09-21T13:15:38+00:00","breadcrumb":{"@id":"https:\/\/volcanes.net\/?p=8457#breadcrumb"},"inLanguage":"es","potentialAction":[{"@type":"ReadAction","target":["https:\/\/volcanes.net\/?p=8457"]}]},{"@type":"ImageObject","inLanguage":"es","@id":"https:\/\/volcanes.net\/?p=8457#primaryimage","url":"https:\/\/volcanes.net\/wp-content\/uploads\/2020\/09\/images.jpeg","contentUrl":"https:\/\/volcanes.net\/wp-content\/uploads\/2020\/09\/images.jpeg","width":600,"height":263},{"@type":"BreadcrumbList","@id":"https:\/\/volcanes.net\/?p=8457#breadcrumb","itemListElement":[{"@type":"ListItem","position":1,"name":"Portada","item":"https:\/\/volcanes.net\/"},{"@type":"ListItem","position":2,"name":"GEM rehabilita mercado &#8220;Alfredo del Mazo Gonz\u00e1lez &#8221; en Atlautla\u00a0"}]},{"@type":"WebSite","@id":"https:\/\/volcanes.net\/#website","url":"https:\/\/volcanes.net\/","name":"Volcanes.Net","description":"Periodismo Profesional","publisher":{"@id":"https:\/\/volcanes.net\/#organization"},"potentialAction":[{"@type":"SearchAction","target":{"@type":"EntryPoint","urlTemplate":"https:\/\/volcanes.net\/?s={search_term_string}"},"query-input":{"@type":"PropertyValueSpecification","valueRequired":true,"valueName":"search_term_string"}}],"inLanguage":"es"},{"@type":"Organization","@id":"https:\/\/volcanes.net\/#organization","name":"Grupo Volcanes","url":"https:\/\/volcanes.net\/","logo":{"@type":"ImageObject","inLanguage":"es","@id":"https:\/\/volcanes.net\/#\/schema\/logo\/image\/","url":"http:\/\/volcanes.net\/wp-content\/uploads\/2017\/12\/Avatar2.jpg","contentUrl":"http:\/\/volcanes.net\/wp-content\/uploads\/2017\/12\/Avatar2.jpg","width":378,"height":378,"caption":"Grupo Volcanes"},"image":{"@id":"https:\/\/volcanes.net\/#\/schema\/logo\/image\/"},"sameAs":["https:\/\/www.facebook.com\/volcanes.net\/"]},{"@type":"Person","@id":"https:\/\/volcanes.net\/#\/schema\/person\/4bf0f383940966a4abd53f5048c0e6b9","name":"admin","image":{"@type":"ImageObject","inLanguage":"es","@id":"https:\/\/volcanes.net\/#\/schema\/person\/image\/","url":"https:\/\/secure.gravatar.com\/avatar\/ca004e6cba8462b8cb7abc86e382930c?s=96&d=mm&r=g","contentUrl":"https:\/\/secure.gravatar.com\/avatar\/ca004e6cba8462b8cb7abc86e382930c?s=96&d=mm&r=g","caption":"admin"}}]}},"_links":{"self":[{"href":"https:\/\/volcanes.net\/index.php?rest_route=\/wp\/v2\/posts\/8457"}],"collection":[{"href":"https:\/\/volcanes.net\/index.php?rest_route=\/wp\/v2\/posts"}],"about":[{"href":"https:\/\/volcanes.net\/index.php?rest_route=\/wp\/v2\/types\/post"}],"author":[{"embeddable":true,"href":"https:\/\/volcanes.net\/index.php?rest_route=\/wp\/v2\/users\/1"}],"replies":[{"embeddable":true,"href":"https:\/\/volcanes.net\/index.php?rest_route=%2Fwp%2Fv2%2Fcomments&post=8457"}],"version-history":[{"count":1,"href":"https:\/\/volcanes.net\/index.php?rest_route=\/wp\/v2\/posts\/8457\/revisions"}],"predecessor-version":[{"id":8459,"href":"https:\/\/volcanes.net\/index.php?rest_route=\/wp\/v2\/posts\/8457\/revisions\/8459"}],"wp:featuredmedia":[{"embeddable":true,"href":"https:\/\/volcanes.net\/index.php?rest_route=\/wp\/v2\/media\/8458"}],"wp:attachment":[{"href":"https:\/\/volcanes.net\/index.php?rest_route=%2Fwp%2Fv2%2Fmedia&parent=8457"}],"wp:term":[{"taxonomy":"category","embeddable":true,"href":"https:\/\/volcanes.net\/index.php?rest_route=%2Fwp%2Fv2%2Fcategories&post=8457"},{"taxonomy":"post_tag","embeddable":true,"href":"https:\/\/volcanes.net\/index.php?rest_route=%2Fwp%2Fv2%2Ftags&post=8457"}],"curies":[{"name":"wp","href":"https:\/\/api.w.org\/{rel}","templated":true}]}}