{"id":846,"date":"2018-01-28T14:40:31","date_gmt":"2018-01-28T14:40:31","guid":{"rendered":"http:\/\/volcanes.net\/?p=846"},"modified":"2018-01-28T14:40:31","modified_gmt":"2018-01-28T14:40:31","slug":"proyecta-sep-alcanzar-evaluacion-de-un-millon-700-mil-maestros","status":"publish","type":"post","link":"https:\/\/volcanes.net\/?p=846","title":{"rendered":"Proyecta SEP alcanzar evaluaci\u00f3n de un mill\u00f3n 700 mil maestros"},"content":{"rendered":"<div style=\"margin-top: 0px; margin-bottom: 0px;\" class=\"sharethis-inline-share-buttons\" ><\/div><p>El titular de la Secretar\u00eda de Educaci\u00f3n P\u00fablica (SEP) federal, Otto Granados Rold\u00e1n, dijo que esperan cerrar la administraci\u00f3n federal con un mill\u00f3n 700 mil maestros evaluados en todos los niveles educativos en el pa\u00eds.<\/p>\n<p>As\u00ed lo destac\u00f3 al encabezar la entrega de Reconocimientos a la Calidad Educativa a directores de preparatorias y facultades de la Universidad Aut\u00f3noma de Nuevo Le\u00f3n (UANL), en su gira por la entidad.<\/p>\n<p>\u201cHasta diciembre del a\u00f1o pasado hab\u00edamos ya evaluado a pr\u00e1cticamente un mill\u00f3n 200 mil maestros en las distintas familias que tienen que ver con la evaluaci\u00f3n, el ingreso, la promoci\u00f3n, el reconocimiento o el desempe\u00f1o\u201d, se\u00f1al\u00f3<\/p>\n<p>Resalt\u00f3 que \u201ceste a\u00f1o nos hemos trazado una meta que nos permita, esperamos cumplirla cabalmente, el pr\u00f3ximo mes de diciembre, cerrar esta administraci\u00f3n con un mill\u00f3n 700 mil maestros participantes en estos procesos\u201d.<\/p>\n<p>Eso, subray\u00f3, en cualquier an\u00e1lisis comparativo, por lo menos de Am\u00e9rica Latina, no tiene precedentes, y M\u00e9xico lo ha logrado, destac\u00f3.<\/p>\n<p>Ha sido posible, continu\u00f3, \u201cen muy buena medida, principalmente por el esfuerzo que los propios maestros, ha hecho gradualmente de participar en un proceso relativamente in\u00e9dito en nuestro pa\u00eds\u201d.<\/p>\n<p>Se logr\u00f3 evaluar, apunt\u00f3, un sistema docente muy grande y complejo, en donde la reforma puso una especial semilla, un emprendimiento inicial que permit\u00eda hacer por vez primera en el pa\u00eds un proceso sistem\u00e1tico, organizado y vinculado de evaluaci\u00f3n de los maestros.<\/p>\n<p>Pero, por otro lado, indic\u00f3 Granados Rold\u00e1n, hay que decir que el partir de ese componente, tiene que ver como finalidad \u00faltima el que los logros de aprendizaje mejoren cada vez m\u00e1s.<\/p>\n<p>Sostuvo que \u201cese es un proceso largo, que va a tomar tiempo entre una y dos generaciones, no hay ning\u00fan pa\u00eds que lo haya hecho en menos tiempo.<\/p>\n<p>\u201cM\u00e9xico ha emprendido en esta administraci\u00f3n una reforma educativa, sin duda alguna, y lo digo con absoluto convencimiento, quiz\u00e1 la m\u00e1s importante que el pa\u00eds ha hecho desde los a\u00f1os 60\u2033, expres\u00f3.<\/p>\n<p>Consider\u00f3 que \u201cel \u00e9xito de esta reforma depender\u00e1 del efecto, de su constancia, de su tenacidad, de su disciplina, en la que M\u00e9xico siga aplic\u00e1ndola en los pr\u00f3ximos a\u00f1os\u201d.<\/p>\n<p>Ahora, manifest\u00f3 Granados Rold\u00e1n, los principales logros de la mejor\u00eda en el aprendizaje depender\u00e1n tambi\u00e9n en gran medida de los apoyos de los estados del pa\u00eds.<\/p>\n<p>Durante el evento, fueron entregados reconocimientos a 19 preparatorias de la UANL, por parte del Consejo para la Evaluaci\u00f3n de la Educaci\u00f3n Tipo Medio Superior (Copeems).<\/p>\n<p>Tambi\u00e9n se entregaron reconocimientos a 22 programas de nivel licenciatura, de nueve facultades de la universidad, por parte del Comit\u00e9 Interinstitucional para la Evaluaci\u00f3n de la Educaci\u00f3n Media Superior (Ciees).<\/p>\n<p>Previamente, el titular de la SEP inaugur\u00f3 el del Centro de Educaci\u00f3n Digital y Emprendimiento de la UANL, donde hizo un recorrido para conocer las instalaciones y su equipamiento de alta tecnolog\u00eda.<\/p>\n","protected":false},"excerpt":{"rendered":"<p>El titular de la Secretar\u00eda de Educaci\u00f3n P\u00fablica (SEP) federal, Otto Granados Rold\u00e1n, dijo que<\/p>\n","protected":false},"author":1,"featured_media":829,"comment_status":"open","ping_status":"open","sticky":false,"template":"","format":"standard","meta":{"footnotes":""},"categories":[1],"tags":[39],"class_list":["post-846","post","type-post","status-publish","format-standard","has-post-thumbnail","hentry","category-municipales","tag-sep"],"yoast_head":"<!-- This site is optimized with the Yoast SEO plugin v25.3 - https:\/\/yoast.com\/wordpress\/plugins\/seo\/ -->\n<title>Proyecta SEP alcanzar evaluaci\u00f3n de un mill\u00f3n 700 mil maestros - Volcanes<\/title>\n<meta name=\"robots\" content=\"index, follow, max-snippet:-1, max-image-preview:large, max-video-preview:-1\" \/>\n<link rel=\"canonical\" href=\"https:\/\/volcanes.net\/?p=846\" \/>\n<meta property=\"og:locale\" content=\"es_MX\" \/>\n<meta property=\"og:type\" content=\"article\" \/>\n<meta property=\"og:title\" content=\"Proyecta SEP alcanzar evaluaci\u00f3n de un mill\u00f3n 700 mil maestros - Volcanes\" \/>\n<meta property=\"og:description\" content=\"El titular de la Secretar\u00eda de Educaci\u00f3n P\u00fablica (SEP) federal, Otto Granados Rold\u00e1n, dijo que\" \/>\n<meta property=\"og:url\" content=\"https:\/\/volcanes.net\/?p=846\" \/>\n<meta property=\"og:site_name\" content=\"Volcanes\" \/>\n<meta property=\"article:publisher\" content=\"https:\/\/www.facebook.com\/volcanes.net\/\" \/>\n<meta property=\"article:published_time\" content=\"2018-01-28T14:40:31+00:00\" \/>\n<meta property=\"og:image\" content=\"https:\/\/volcanes.net\/wp-content\/uploads\/2018\/01\/otto2.jpg\" \/>\n\t<meta property=\"og:image:width\" content=\"400\" \/>\n\t<meta property=\"og:image:height\" content=\"200\" \/>\n\t<meta property=\"og:image:type\" content=\"image\/jpeg\" \/>\n<meta name=\"author\" content=\"admin\" \/>\n<meta name=\"twitter:card\" content=\"summary_large_image\" \/>\n<meta name=\"twitter:label1\" content=\"Escrito por\" \/>\n\t<meta name=\"twitter:data1\" content=\"admin\" \/>\n\t<meta name=\"twitter:label2\" content=\"Tiempo de lectura\" \/>\n\t<meta name=\"twitter:data2\" content=\"3 minutos\" \/>\n<script type=\"application\/ld+json\" class=\"yoast-schema-graph\">{\"@context\":\"https:\/\/schema.org\",\"@graph\":[{\"@type\":\"Article\",\"@id\":\"https:\/\/volcanes.net\/?p=846#article\",\"isPartOf\":{\"@id\":\"https:\/\/volcanes.net\/?p=846\"},\"author\":{\"name\":\"admin\",\"@id\":\"https:\/\/volcanes.net\/#\/schema\/person\/4bf0f383940966a4abd53f5048c0e6b9\"},\"headline\":\"Proyecta SEP alcanzar evaluaci\u00f3n de un mill\u00f3n 700 mil maestros\",\"datePublished\":\"2018-01-28T14:40:31+00:00\",\"mainEntityOfPage\":{\"@id\":\"https:\/\/volcanes.net\/?p=846\"},\"wordCount\":524,\"commentCount\":0,\"publisher\":{\"@id\":\"https:\/\/volcanes.net\/#organization\"},\"image\":{\"@id\":\"https:\/\/volcanes.net\/?p=846#primaryimage\"},\"thumbnailUrl\":\"https:\/\/volcanes.net\/wp-content\/uploads\/2018\/01\/otto2.jpg\",\"keywords\":[\"SEP\"],\"articleSection\":[\"Municipales\"],\"inLanguage\":\"es\",\"potentialAction\":[{\"@type\":\"CommentAction\",\"name\":\"Comment\",\"target\":[\"https:\/\/volcanes.net\/?p=846#respond\"]}]},{\"@type\":\"WebPage\",\"@id\":\"https:\/\/volcanes.net\/?p=846\",\"url\":\"https:\/\/volcanes.net\/?p=846\",\"name\":\"Proyecta SEP alcanzar evaluaci\u00f3n de un mill\u00f3n 700 mil maestros - Volcanes\",\"isPartOf\":{\"@id\":\"https:\/\/volcanes.net\/#website\"},\"primaryImageOfPage\":{\"@id\":\"https:\/\/volcanes.net\/?p=846#primaryimage\"},\"image\":{\"@id\":\"https:\/\/volcanes.net\/?p=846#primaryimage\"},\"thumbnailUrl\":\"https:\/\/volcanes.net\/wp-content\/uploads\/2018\/01\/otto2.jpg\",\"datePublished\":\"2018-01-28T14:40:31+00:00\",\"breadcrumb\":{\"@id\":\"https:\/\/volcanes.net\/?p=846#breadcrumb\"},\"inLanguage\":\"es\",\"potentialAction\":[{\"@type\":\"ReadAction\",\"target\":[\"https:\/\/volcanes.net\/?p=846\"]}]},{\"@type\":\"ImageObject\",\"inLanguage\":\"es\",\"@id\":\"https:\/\/volcanes.net\/?p=846#primaryimage\",\"url\":\"https:\/\/volcanes.net\/wp-content\/uploads\/2018\/01\/otto2.jpg\",\"contentUrl\":\"https:\/\/volcanes.net\/wp-content\/uploads\/2018\/01\/otto2.jpg\",\"width\":400,\"height\":200},{\"@type\":\"BreadcrumbList\",\"@id\":\"https:\/\/volcanes.net\/?p=846#breadcrumb\",\"itemListElement\":[{\"@type\":\"ListItem\",\"position\":1,\"name\":\"Portada\",\"item\":\"https:\/\/volcanes.net\/\"},{\"@type\":\"ListItem\",\"position\":2,\"name\":\"Proyecta SEP alcanzar evaluaci\u00f3n de un mill\u00f3n 700 mil maestros\"}]},{\"@type\":\"WebSite\",\"@id\":\"https:\/\/volcanes.net\/#website\",\"url\":\"https:\/\/volcanes.net\/\",\"name\":\"Volcanes.Net\",\"description\":\"Periodismo Profesional\",\"publisher\":{\"@id\":\"https:\/\/volcanes.net\/#organization\"},\"potentialAction\":[{\"@type\":\"SearchAction\",\"target\":{\"@type\":\"EntryPoint\",\"urlTemplate\":\"https:\/\/volcanes.net\/?s={search_term_string}\"},\"query-input\":{\"@type\":\"PropertyValueSpecification\",\"valueRequired\":true,\"valueName\":\"search_term_string\"}}],\"inLanguage\":\"es\"},{\"@type\":\"Organization\",\"@id\":\"https:\/\/volcanes.net\/#organization\",\"name\":\"Grupo Volcanes\",\"url\":\"https:\/\/volcanes.net\/\",\"logo\":{\"@type\":\"ImageObject\",\"inLanguage\":\"es\",\"@id\":\"https:\/\/volcanes.net\/#\/schema\/logo\/image\/\",\"url\":\"http:\/\/volcanes.net\/wp-content\/uploads\/2017\/12\/Avatar2.jpg\",\"contentUrl\":\"http:\/\/volcanes.net\/wp-content\/uploads\/2017\/12\/Avatar2.jpg\",\"width\":378,\"height\":378,\"caption\":\"Grupo Volcanes\"},\"image\":{\"@id\":\"https:\/\/volcanes.net\/#\/schema\/logo\/image\/\"},\"sameAs\":[\"https:\/\/www.facebook.com\/volcanes.net\/\"]},{\"@type\":\"Person\",\"@id\":\"https:\/\/volcanes.net\/#\/schema\/person\/4bf0f383940966a4abd53f5048c0e6b9\",\"name\":\"admin\",\"image\":{\"@type\":\"ImageObject\",\"inLanguage\":\"es\",\"@id\":\"https:\/\/volcanes.net\/#\/schema\/person\/image\/\",\"url\":\"https:\/\/secure.gravatar.com\/avatar\/ca004e6cba8462b8cb7abc86e382930c?s=96&d=mm&r=g\",\"contentUrl\":\"https:\/\/secure.gravatar.com\/avatar\/ca004e6cba8462b8cb7abc86e382930c?s=96&d=mm&r=g\",\"caption\":\"admin\"}}]}<\/script>\n<!-- \/ Yoast SEO plugin. -->","yoast_head_json":{"title":"Proyecta SEP alcanzar evaluaci\u00f3n de un mill\u00f3n 700 mil maestros - Volcanes","robots":{"index":"index","follow":"follow","max-snippet":"max-snippet:-1","max-image-preview":"max-image-preview:large","max-video-preview":"max-video-preview:-1"},"canonical":"https:\/\/volcanes.net\/?p=846","og_locale":"es_MX","og_type":"article","og_title":"Proyecta SEP alcanzar evaluaci\u00f3n de un mill\u00f3n 700 mil maestros - Volcanes","og_description":"El titular de la Secretar\u00eda de Educaci\u00f3n P\u00fablica (SEP) federal, Otto Granados Rold\u00e1n, dijo que","og_url":"https:\/\/volcanes.net\/?p=846","og_site_name":"Volcanes","article_publisher":"https:\/\/www.facebook.com\/volcanes.net\/","article_published_time":"2018-01-28T14:40:31+00:00","og_image":[{"width":400,"height":200,"url":"https:\/\/volcanes.net\/wp-content\/uploads\/2018\/01\/otto2.jpg","type":"image\/jpeg"}],"author":"admin","twitter_card":"summary_large_image","twitter_misc":{"Escrito por":"admin","Tiempo de lectura":"3 minutos"},"schema":{"@context":"https:\/\/schema.org","@graph":[{"@type":"Article","@id":"https:\/\/volcanes.net\/?p=846#article","isPartOf":{"@id":"https:\/\/volcanes.net\/?p=846"},"author":{"name":"admin","@id":"https:\/\/volcanes.net\/#\/schema\/person\/4bf0f383940966a4abd53f5048c0e6b9"},"headline":"Proyecta SEP alcanzar evaluaci\u00f3n de un mill\u00f3n 700 mil maestros","datePublished":"2018-01-28T14:40:31+00:00","mainEntityOfPage":{"@id":"https:\/\/volcanes.net\/?p=846"},"wordCount":524,"commentCount":0,"publisher":{"@id":"https:\/\/volcanes.net\/#organization"},"image":{"@id":"https:\/\/volcanes.net\/?p=846#primaryimage"},"thumbnailUrl":"https:\/\/volcanes.net\/wp-content\/uploads\/2018\/01\/otto2.jpg","keywords":["SEP"],"articleSection":["Municipales"],"inLanguage":"es","potentialAction":[{"@type":"CommentAction","name":"Comment","target":["https:\/\/volcanes.net\/?p=846#respond"]}]},{"@type":"WebPage","@id":"https:\/\/volcanes.net\/?p=846","url":"https:\/\/volcanes.net\/?p=846","name":"Proyecta SEP alcanzar evaluaci\u00f3n de un mill\u00f3n 700 mil maestros - Volcanes","isPartOf":{"@id":"https:\/\/volcanes.net\/#website"},"primaryImageOfPage":{"@id":"https:\/\/volcanes.net\/?p=846#primaryimage"},"image":{"@id":"https:\/\/volcanes.net\/?p=846#primaryimage"},"thumbnailUrl":"https:\/\/volcanes.net\/wp-content\/uploads\/2018\/01\/otto2.jpg","datePublished":"2018-01-28T14:40:31+00:00","breadcrumb":{"@id":"https:\/\/volcanes.net\/?p=846#breadcrumb"},"inLanguage":"es","potentialAction":[{"@type":"ReadAction","target":["https:\/\/volcanes.net\/?p=846"]}]},{"@type":"ImageObject","inLanguage":"es","@id":"https:\/\/volcanes.net\/?p=846#primaryimage","url":"https:\/\/volcanes.net\/wp-content\/uploads\/2018\/01\/otto2.jpg","contentUrl":"https:\/\/volcanes.net\/wp-content\/uploads\/2018\/01\/otto2.jpg","width":400,"height":200},{"@type":"BreadcrumbList","@id":"https:\/\/volcanes.net\/?p=846#breadcrumb","itemListElement":[{"@type":"ListItem","position":1,"name":"Portada","item":"https:\/\/volcanes.net\/"},{"@type":"ListItem","position":2,"name":"Proyecta SEP alcanzar evaluaci\u00f3n de un mill\u00f3n 700 mil maestros"}]},{"@type":"WebSite","@id":"https:\/\/volcanes.net\/#website","url":"https:\/\/volcanes.net\/","name":"Volcanes.Net","description":"Periodismo Profesional","publisher":{"@id":"https:\/\/volcanes.net\/#organization"},"potentialAction":[{"@type":"SearchAction","target":{"@type":"EntryPoint","urlTemplate":"https:\/\/volcanes.net\/?s={search_term_string}"},"query-input":{"@type":"PropertyValueSpecification","valueRequired":true,"valueName":"search_term_string"}}],"inLanguage":"es"},{"@type":"Organization","@id":"https:\/\/volcanes.net\/#organization","name":"Grupo Volcanes","url":"https:\/\/volcanes.net\/","logo":{"@type":"ImageObject","inLanguage":"es","@id":"https:\/\/volcanes.net\/#\/schema\/logo\/image\/","url":"http:\/\/volcanes.net\/wp-content\/uploads\/2017\/12\/Avatar2.jpg","contentUrl":"http:\/\/volcanes.net\/wp-content\/uploads\/2017\/12\/Avatar2.jpg","width":378,"height":378,"caption":"Grupo Volcanes"},"image":{"@id":"https:\/\/volcanes.net\/#\/schema\/logo\/image\/"},"sameAs":["https:\/\/www.facebook.com\/volcanes.net\/"]},{"@type":"Person","@id":"https:\/\/volcanes.net\/#\/schema\/person\/4bf0f383940966a4abd53f5048c0e6b9","name":"admin","image":{"@type":"ImageObject","inLanguage":"es","@id":"https:\/\/volcanes.net\/#\/schema\/person\/image\/","url":"https:\/\/secure.gravatar.com\/avatar\/ca004e6cba8462b8cb7abc86e382930c?s=96&d=mm&r=g","contentUrl":"https:\/\/secure.gravatar.com\/avatar\/ca004e6cba8462b8cb7abc86e382930c?s=96&d=mm&r=g","caption":"admin"}}]}},"_links":{"self":[{"href":"https:\/\/volcanes.net\/index.php?rest_route=\/wp\/v2\/posts\/846"}],"collection":[{"href":"https:\/\/volcanes.net\/index.php?rest_route=\/wp\/v2\/posts"}],"about":[{"href":"https:\/\/volcanes.net\/index.php?rest_route=\/wp\/v2\/types\/post"}],"author":[{"embeddable":true,"href":"https:\/\/volcanes.net\/index.php?rest_route=\/wp\/v2\/users\/1"}],"replies":[{"embeddable":true,"href":"https:\/\/volcanes.net\/index.php?rest_route=%2Fwp%2Fv2%2Fcomments&post=846"}],"version-history":[{"count":1,"href":"https:\/\/volcanes.net\/index.php?rest_route=\/wp\/v2\/posts\/846\/revisions"}],"predecessor-version":[{"id":847,"href":"https:\/\/volcanes.net\/index.php?rest_route=\/wp\/v2\/posts\/846\/revisions\/847"}],"wp:featuredmedia":[{"embeddable":true,"href":"https:\/\/volcanes.net\/index.php?rest_route=\/wp\/v2\/media\/829"}],"wp:attachment":[{"href":"https:\/\/volcanes.net\/index.php?rest_route=%2Fwp%2Fv2%2Fmedia&parent=846"}],"wp:term":[{"taxonomy":"category","embeddable":true,"href":"https:\/\/volcanes.net\/index.php?rest_route=%2Fwp%2Fv2%2Fcategories&post=846"},{"taxonomy":"post_tag","embeddable":true,"href":"https:\/\/volcanes.net\/index.php?rest_route=%2Fwp%2Fv2%2Ftags&post=846"}],"curies":[{"name":"wp","href":"https:\/\/api.w.org\/{rel}","templated":true}]}}