{"id":8468,"date":"2020-09-21T11:35:33","date_gmt":"2020-09-21T17:35:33","guid":{"rendered":"http:\/\/volcanes.net\/?p=8468"},"modified":"2020-09-21T20:41:21","modified_gmt":"2020-09-22T02:41:21","slug":"uris-de-tenango-del-aire-contara-con-instalaciones-de-primer-nivel","status":"publish","type":"post","link":"https:\/\/volcanes.net\/?p=8468","title":{"rendered":"URIS de Tenango del Aire contar\u00e1 con instalaciones de primer nivel"},"content":{"rendered":"<div style=\"margin-top: 0px; margin-bottom: 0px;\" class=\"sharethis-inline-share-buttons\" ><\/div><p>Natalia Hern\u00e1ndez | Volcanes Televisi\u00f3n<\/p>\n<p>Tenango del Aire, Estado de M\u00e9xico.- En entrevista para este medio la presidenta honoraria del Sistema Municipal DIF, Johanna Fern\u00e1ndez S\u00e1nchez, coment\u00f3 que la Unidad de Rehabilitaci\u00f3n e Integraci\u00f3n Social  de Tenango del Aire ser\u00e1 de primer nivel, adem\u00e1s de que este centro de atenci\u00f3n beneficiar\u00e1 a los habitantes del municipio en el desarrollo de atenci\u00f3n a la salud, ya que este moderno inmueble cuenta con \u00e1reas verdes, deportivas y usos m\u00faltiples.<\/p>\n<p>Cabe mencionar que a principios de este mes de septiembre el Presidente Municipal, Roberto Avila Ventura y la Presidenta Honoraria de DIF Tenango del Aire la Lic. Johana Fern\u00e1ndez S\u00e1nchez, estuvieron acompa\u00f1ados de  la licenciada Silvia Fern\u00e1ndez que es la Directora de atenci\u00f3n a la discapacidad del Estado de M\u00e9xico, quien  realiz\u00f3 la entrega de obra de la nueva Unidad de Rehabilitaci\u00f3n e Integraci\u00f3n Social (URIS), acci\u00f3n que fue plateada desde inicios de campa\u00f1a de Avila Ventura, debido a que consideraron que el municipio requer\u00eda de un espacio para atender a personas con alguna discapacidad y de igual forma ayudarlos a tener una pronta recuperaci\u00f3n.<\/p>\n<p>Fernandez S\u00e1nchez, coment\u00f3 que este trabajo no se hubiera logrado sin el apoyo del edil, quien subsidi\u00f3 el proyecto que beneficiar\u00e1 a muchas personas del municipio, no obstante adelant\u00f3 que se espera que para el mes de febrero de 2021 el centro ya estar\u00e1 en operaci\u00f3n.<\/p>\n<p>Por otra parte, tambi\u00e9n agradece el apoyo que les brindo el gobernador Alfredo del Mazo Maza ya que \u00e9l brind\u00f3 el apoyo para la gesti\u00f3n de este proyecto adem\u00e1s de que continuar\u00e1 apoyando esta obra con parte del equipamiento.<\/p>\n<p>https:\/\/www.facebook.com\/109414100442855\/posts\/367740511276878\/<\/p>\n","protected":false},"excerpt":{"rendered":"<p>Natalia Hern\u00e1ndez | Volcanes Televisi\u00f3n Tenango del Aire, Estado de M\u00e9xico.- En entrevista para este<\/p>\n","protected":false},"author":1,"featured_media":8469,"comment_status":"open","ping_status":"open","sticky":false,"template":"","format":"standard","meta":{"footnotes":""},"categories":[1],"tags":[17],"class_list":["post-8468","post","type-post","status-publish","format-standard","has-post-thumbnail","hentry","category-municipales","tag-tenango-del-aire"],"yoast_head":"<!-- This site is optimized with the Yoast SEO plugin v25.3 - https:\/\/yoast.com\/wordpress\/plugins\/seo\/ -->\n<title>URIS de Tenango del Aire contar\u00e1 con instalaciones de primer nivel - Volcanes<\/title>\n<meta name=\"robots\" content=\"index, follow, max-snippet:-1, max-image-preview:large, max-video-preview:-1\" \/>\n<link rel=\"canonical\" href=\"https:\/\/volcanes.net\/?p=8468\" \/>\n<meta property=\"og:locale\" content=\"es_MX\" \/>\n<meta property=\"og:type\" content=\"article\" \/>\n<meta property=\"og:title\" content=\"URIS de Tenango del Aire contar\u00e1 con instalaciones de primer nivel - Volcanes\" \/>\n<meta property=\"og:description\" content=\"Natalia Hern\u00e1ndez | Volcanes Televisi\u00f3n Tenango del Aire, Estado de M\u00e9xico.- En entrevista para este\" \/>\n<meta property=\"og:url\" content=\"https:\/\/volcanes.net\/?p=8468\" \/>\n<meta property=\"og:site_name\" content=\"Volcanes\" \/>\n<meta property=\"article:publisher\" content=\"https:\/\/www.facebook.com\/volcanes.net\/\" \/>\n<meta property=\"article:published_time\" content=\"2020-09-21T17:35:33+00:00\" \/>\n<meta property=\"article:modified_time\" content=\"2020-09-22T02:41:21+00:00\" \/>\n<meta property=\"og:image\" content=\"https:\/\/volcanes.net\/wp-content\/uploads\/2020\/09\/b805cbe8-23e1-4a75-969a-39e550eda262.jpg\" \/>\n\t<meta property=\"og:image:width\" content=\"552\" \/>\n\t<meta property=\"og:image:height\" content=\"368\" \/>\n\t<meta property=\"og:image:type\" content=\"image\/jpeg\" \/>\n<meta name=\"author\" content=\"admin\" \/>\n<meta name=\"twitter:card\" content=\"summary_large_image\" \/>\n<meta name=\"twitter:label1\" content=\"Escrito por\" \/>\n\t<meta name=\"twitter:data1\" content=\"admin\" \/>\n\t<meta name=\"twitter:label2\" content=\"Tiempo de lectura\" \/>\n\t<meta name=\"twitter:data2\" content=\"1 minuto\" \/>\n<script type=\"application\/ld+json\" class=\"yoast-schema-graph\">{\"@context\":\"https:\/\/schema.org\",\"@graph\":[{\"@type\":\"Article\",\"@id\":\"https:\/\/volcanes.net\/?p=8468#article\",\"isPartOf\":{\"@id\":\"https:\/\/volcanes.net\/?p=8468\"},\"author\":{\"name\":\"admin\",\"@id\":\"https:\/\/volcanes.net\/#\/schema\/person\/4bf0f383940966a4abd53f5048c0e6b9\"},\"headline\":\"URIS de Tenango del Aire contar\u00e1 con instalaciones de primer nivel\",\"datePublished\":\"2020-09-21T17:35:33+00:00\",\"dateModified\":\"2020-09-22T02:41:21+00:00\",\"mainEntityOfPage\":{\"@id\":\"https:\/\/volcanes.net\/?p=8468\"},\"wordCount\":310,\"commentCount\":0,\"publisher\":{\"@id\":\"https:\/\/volcanes.net\/#organization\"},\"image\":{\"@id\":\"https:\/\/volcanes.net\/?p=8468#primaryimage\"},\"thumbnailUrl\":\"https:\/\/volcanes.net\/wp-content\/uploads\/2020\/09\/b805cbe8-23e1-4a75-969a-39e550eda262.jpg\",\"keywords\":[\"Tenango del Aire\"],\"articleSection\":[\"Municipales\"],\"inLanguage\":\"es\",\"potentialAction\":[{\"@type\":\"CommentAction\",\"name\":\"Comment\",\"target\":[\"https:\/\/volcanes.net\/?p=8468#respond\"]}]},{\"@type\":\"WebPage\",\"@id\":\"https:\/\/volcanes.net\/?p=8468\",\"url\":\"https:\/\/volcanes.net\/?p=8468\",\"name\":\"URIS de Tenango del Aire contar\u00e1 con instalaciones de primer nivel - Volcanes\",\"isPartOf\":{\"@id\":\"https:\/\/volcanes.net\/#website\"},\"primaryImageOfPage\":{\"@id\":\"https:\/\/volcanes.net\/?p=8468#primaryimage\"},\"image\":{\"@id\":\"https:\/\/volcanes.net\/?p=8468#primaryimage\"},\"thumbnailUrl\":\"https:\/\/volcanes.net\/wp-content\/uploads\/2020\/09\/b805cbe8-23e1-4a75-969a-39e550eda262.jpg\",\"datePublished\":\"2020-09-21T17:35:33+00:00\",\"dateModified\":\"2020-09-22T02:41:21+00:00\",\"breadcrumb\":{\"@id\":\"https:\/\/volcanes.net\/?p=8468#breadcrumb\"},\"inLanguage\":\"es\",\"potentialAction\":[{\"@type\":\"ReadAction\",\"target\":[\"https:\/\/volcanes.net\/?p=8468\"]}]},{\"@type\":\"ImageObject\",\"inLanguage\":\"es\",\"@id\":\"https:\/\/volcanes.net\/?p=8468#primaryimage\",\"url\":\"https:\/\/volcanes.net\/wp-content\/uploads\/2020\/09\/b805cbe8-23e1-4a75-969a-39e550eda262.jpg\",\"contentUrl\":\"https:\/\/volcanes.net\/wp-content\/uploads\/2020\/09\/b805cbe8-23e1-4a75-969a-39e550eda262.jpg\",\"width\":552,\"height\":368},{\"@type\":\"BreadcrumbList\",\"@id\":\"https:\/\/volcanes.net\/?p=8468#breadcrumb\",\"itemListElement\":[{\"@type\":\"ListItem\",\"position\":1,\"name\":\"Portada\",\"item\":\"https:\/\/volcanes.net\/\"},{\"@type\":\"ListItem\",\"position\":2,\"name\":\"URIS de Tenango del Aire contar\u00e1 con instalaciones de primer nivel\"}]},{\"@type\":\"WebSite\",\"@id\":\"https:\/\/volcanes.net\/#website\",\"url\":\"https:\/\/volcanes.net\/\",\"name\":\"Volcanes.Net\",\"description\":\"Periodismo Profesional\",\"publisher\":{\"@id\":\"https:\/\/volcanes.net\/#organization\"},\"potentialAction\":[{\"@type\":\"SearchAction\",\"target\":{\"@type\":\"EntryPoint\",\"urlTemplate\":\"https:\/\/volcanes.net\/?s={search_term_string}\"},\"query-input\":{\"@type\":\"PropertyValueSpecification\",\"valueRequired\":true,\"valueName\":\"search_term_string\"}}],\"inLanguage\":\"es\"},{\"@type\":\"Organization\",\"@id\":\"https:\/\/volcanes.net\/#organization\",\"name\":\"Grupo Volcanes\",\"url\":\"https:\/\/volcanes.net\/\",\"logo\":{\"@type\":\"ImageObject\",\"inLanguage\":\"es\",\"@id\":\"https:\/\/volcanes.net\/#\/schema\/logo\/image\/\",\"url\":\"http:\/\/volcanes.net\/wp-content\/uploads\/2017\/12\/Avatar2.jpg\",\"contentUrl\":\"http:\/\/volcanes.net\/wp-content\/uploads\/2017\/12\/Avatar2.jpg\",\"width\":378,\"height\":378,\"caption\":\"Grupo Volcanes\"},\"image\":{\"@id\":\"https:\/\/volcanes.net\/#\/schema\/logo\/image\/\"},\"sameAs\":[\"https:\/\/www.facebook.com\/volcanes.net\/\"]},{\"@type\":\"Person\",\"@id\":\"https:\/\/volcanes.net\/#\/schema\/person\/4bf0f383940966a4abd53f5048c0e6b9\",\"name\":\"admin\",\"image\":{\"@type\":\"ImageObject\",\"inLanguage\":\"es\",\"@id\":\"https:\/\/volcanes.net\/#\/schema\/person\/image\/\",\"url\":\"https:\/\/secure.gravatar.com\/avatar\/ca004e6cba8462b8cb7abc86e382930c?s=96&d=mm&r=g\",\"contentUrl\":\"https:\/\/secure.gravatar.com\/avatar\/ca004e6cba8462b8cb7abc86e382930c?s=96&d=mm&r=g\",\"caption\":\"admin\"}}]}<\/script>\n<!-- \/ Yoast SEO plugin. -->","yoast_head_json":{"title":"URIS de Tenango del Aire contar\u00e1 con instalaciones de primer nivel - Volcanes","robots":{"index":"index","follow":"follow","max-snippet":"max-snippet:-1","max-image-preview":"max-image-preview:large","max-video-preview":"max-video-preview:-1"},"canonical":"https:\/\/volcanes.net\/?p=8468","og_locale":"es_MX","og_type":"article","og_title":"URIS de Tenango del Aire contar\u00e1 con instalaciones de primer nivel - Volcanes","og_description":"Natalia Hern\u00e1ndez | Volcanes Televisi\u00f3n Tenango del Aire, Estado de M\u00e9xico.- En entrevista para este","og_url":"https:\/\/volcanes.net\/?p=8468","og_site_name":"Volcanes","article_publisher":"https:\/\/www.facebook.com\/volcanes.net\/","article_published_time":"2020-09-21T17:35:33+00:00","article_modified_time":"2020-09-22T02:41:21+00:00","og_image":[{"width":552,"height":368,"url":"https:\/\/volcanes.net\/wp-content\/uploads\/2020\/09\/b805cbe8-23e1-4a75-969a-39e550eda262.jpg","type":"image\/jpeg"}],"author":"admin","twitter_card":"summary_large_image","twitter_misc":{"Escrito por":"admin","Tiempo de lectura":"1 minuto"},"schema":{"@context":"https:\/\/schema.org","@graph":[{"@type":"Article","@id":"https:\/\/volcanes.net\/?p=8468#article","isPartOf":{"@id":"https:\/\/volcanes.net\/?p=8468"},"author":{"name":"admin","@id":"https:\/\/volcanes.net\/#\/schema\/person\/4bf0f383940966a4abd53f5048c0e6b9"},"headline":"URIS de Tenango del Aire contar\u00e1 con instalaciones de primer nivel","datePublished":"2020-09-21T17:35:33+00:00","dateModified":"2020-09-22T02:41:21+00:00","mainEntityOfPage":{"@id":"https:\/\/volcanes.net\/?p=8468"},"wordCount":310,"commentCount":0,"publisher":{"@id":"https:\/\/volcanes.net\/#organization"},"image":{"@id":"https:\/\/volcanes.net\/?p=8468#primaryimage"},"thumbnailUrl":"https:\/\/volcanes.net\/wp-content\/uploads\/2020\/09\/b805cbe8-23e1-4a75-969a-39e550eda262.jpg","keywords":["Tenango del Aire"],"articleSection":["Municipales"],"inLanguage":"es","potentialAction":[{"@type":"CommentAction","name":"Comment","target":["https:\/\/volcanes.net\/?p=8468#respond"]}]},{"@type":"WebPage","@id":"https:\/\/volcanes.net\/?p=8468","url":"https:\/\/volcanes.net\/?p=8468","name":"URIS de Tenango del Aire contar\u00e1 con instalaciones de primer nivel - Volcanes","isPartOf":{"@id":"https:\/\/volcanes.net\/#website"},"primaryImageOfPage":{"@id":"https:\/\/volcanes.net\/?p=8468#primaryimage"},"image":{"@id":"https:\/\/volcanes.net\/?p=8468#primaryimage"},"thumbnailUrl":"https:\/\/volcanes.net\/wp-content\/uploads\/2020\/09\/b805cbe8-23e1-4a75-969a-39e550eda262.jpg","datePublished":"2020-09-21T17:35:33+00:00","dateModified":"2020-09-22T02:41:21+00:00","breadcrumb":{"@id":"https:\/\/volcanes.net\/?p=8468#breadcrumb"},"inLanguage":"es","potentialAction":[{"@type":"ReadAction","target":["https:\/\/volcanes.net\/?p=8468"]}]},{"@type":"ImageObject","inLanguage":"es","@id":"https:\/\/volcanes.net\/?p=8468#primaryimage","url":"https:\/\/volcanes.net\/wp-content\/uploads\/2020\/09\/b805cbe8-23e1-4a75-969a-39e550eda262.jpg","contentUrl":"https:\/\/volcanes.net\/wp-content\/uploads\/2020\/09\/b805cbe8-23e1-4a75-969a-39e550eda262.jpg","width":552,"height":368},{"@type":"BreadcrumbList","@id":"https:\/\/volcanes.net\/?p=8468#breadcrumb","itemListElement":[{"@type":"ListItem","position":1,"name":"Portada","item":"https:\/\/volcanes.net\/"},{"@type":"ListItem","position":2,"name":"URIS de Tenango del Aire contar\u00e1 con instalaciones de primer nivel"}]},{"@type":"WebSite","@id":"https:\/\/volcanes.net\/#website","url":"https:\/\/volcanes.net\/","name":"Volcanes.Net","description":"Periodismo Profesional","publisher":{"@id":"https:\/\/volcanes.net\/#organization"},"potentialAction":[{"@type":"SearchAction","target":{"@type":"EntryPoint","urlTemplate":"https:\/\/volcanes.net\/?s={search_term_string}"},"query-input":{"@type":"PropertyValueSpecification","valueRequired":true,"valueName":"search_term_string"}}],"inLanguage":"es"},{"@type":"Organization","@id":"https:\/\/volcanes.net\/#organization","name":"Grupo Volcanes","url":"https:\/\/volcanes.net\/","logo":{"@type":"ImageObject","inLanguage":"es","@id":"https:\/\/volcanes.net\/#\/schema\/logo\/image\/","url":"http:\/\/volcanes.net\/wp-content\/uploads\/2017\/12\/Avatar2.jpg","contentUrl":"http:\/\/volcanes.net\/wp-content\/uploads\/2017\/12\/Avatar2.jpg","width":378,"height":378,"caption":"Grupo Volcanes"},"image":{"@id":"https:\/\/volcanes.net\/#\/schema\/logo\/image\/"},"sameAs":["https:\/\/www.facebook.com\/volcanes.net\/"]},{"@type":"Person","@id":"https:\/\/volcanes.net\/#\/schema\/person\/4bf0f383940966a4abd53f5048c0e6b9","name":"admin","image":{"@type":"ImageObject","inLanguage":"es","@id":"https:\/\/volcanes.net\/#\/schema\/person\/image\/","url":"https:\/\/secure.gravatar.com\/avatar\/ca004e6cba8462b8cb7abc86e382930c?s=96&d=mm&r=g","contentUrl":"https:\/\/secure.gravatar.com\/avatar\/ca004e6cba8462b8cb7abc86e382930c?s=96&d=mm&r=g","caption":"admin"}}]}},"_links":{"self":[{"href":"https:\/\/volcanes.net\/index.php?rest_route=\/wp\/v2\/posts\/8468"}],"collection":[{"href":"https:\/\/volcanes.net\/index.php?rest_route=\/wp\/v2\/posts"}],"about":[{"href":"https:\/\/volcanes.net\/index.php?rest_route=\/wp\/v2\/types\/post"}],"author":[{"embeddable":true,"href":"https:\/\/volcanes.net\/index.php?rest_route=\/wp\/v2\/users\/1"}],"replies":[{"embeddable":true,"href":"https:\/\/volcanes.net\/index.php?rest_route=%2Fwp%2Fv2%2Fcomments&post=8468"}],"version-history":[{"count":4,"href":"https:\/\/volcanes.net\/index.php?rest_route=\/wp\/v2\/posts\/8468\/revisions"}],"predecessor-version":[{"id":8487,"href":"https:\/\/volcanes.net\/index.php?rest_route=\/wp\/v2\/posts\/8468\/revisions\/8487"}],"wp:featuredmedia":[{"embeddable":true,"href":"https:\/\/volcanes.net\/index.php?rest_route=\/wp\/v2\/media\/8469"}],"wp:attachment":[{"href":"https:\/\/volcanes.net\/index.php?rest_route=%2Fwp%2Fv2%2Fmedia&parent=8468"}],"wp:term":[{"taxonomy":"category","embeddable":true,"href":"https:\/\/volcanes.net\/index.php?rest_route=%2Fwp%2Fv2%2Fcategories&post=8468"},{"taxonomy":"post_tag","embeddable":true,"href":"https:\/\/volcanes.net\/index.php?rest_route=%2Fwp%2Fv2%2Ftags&post=8468"}],"curies":[{"name":"wp","href":"https:\/\/api.w.org\/{rel}","templated":true}]}}