{"id":8472,"date":"2020-09-21T11:40:14","date_gmt":"2020-09-21T17:40:14","guid":{"rendered":"http:\/\/volcanes.net\/?p=8472"},"modified":"2020-09-21T20:37:19","modified_gmt":"2020-09-22T02:37:19","slug":"realizan-semana-nacional-de-proteccion-civil-en-ixtapaluca","status":"publish","type":"post","link":"https:\/\/volcanes.net\/?p=8472","title":{"rendered":"Realizan semana Nacional de Protecci\u00f3n Civil en Ixtapaluca"},"content":{"rendered":"<div style=\"margin-top: 0px; margin-bottom: 0px;\" class=\"sharethis-inline-share-buttons\" ><\/div><p>Ixtapaluca, Estado de M\u00e9xico.- Informar a la gente qu\u00e9 es y c\u00f3mo funciona la protecci\u00f3n civil fue uno de los objetivos para orientar a todas las personas durante la Semana Nacional de Protecci\u00f3n Civil, con actividades que tambi\u00e9n se llevaron a cabo a trav\u00e9s de redes sociales.<\/p>\n<p>Al respecto, Jos\u00e9 Juan Serrano Remigio, coordinador de Protecci\u00f3n Civil y Bomberos Ixtapaluca, dijo que durante toda la semana anterior y en diferentes puntos del municipio se le explic\u00f3 a la ciudadan\u00eda sobre c\u00f3mo actuar en casos de emergencia y desastres naturales.<\/p>\n<p>Mencion\u00f3 que como lo marca el tri\u00e1ngulo-logotipo de protecci\u00f3n civil, en esta tarea deben participar en primer lugar la ciudadan\u00eda, el gobierno y esta coordinaci\u00f3n. A trav\u00e9s de pl\u00e1ticas y cursos se informa a la gente qu\u00e9 hacer en caso de un temblor, incendio, el manejo de los tanques de gas y primeros auxilios y as\u00ed disminuir los niveles de riesgo en la poblaci\u00f3n.<\/p>\n<p>Explic\u00f3 que debido a la pandemia estas acciones se llevaron a cabo a trav\u00e9s de las redes sociales para evitar aglomeraciones y en los m\u00f3dulos entregaron tr\u00edpticos informativos en diferentes temas y donde encontrar\u00e1n tambi\u00e9n los tel\u00e9fonos para cualquier caso de emergencia, sobre todo en lo relacionado a la pandemia.<\/p>\n<p>En este municipio se trabaja conjuntamente Protecci\u00f3n Civil y Bomberos por eso se tienen los planes necesarios para emergencias mayores para atender la pandemia, volc\u00e1n Popocat\u00e9petl, inundaciones y situaciones de sismo.<\/p>\n<p>Cabe destacar que en esta coordinaci\u00f3n los elementos est\u00e1n capacitados y en v\u00edas de la certificaci\u00f3n; ser\u00e1n 20 elementos los que en breve reciban este documento que se han ganado a pulso porque la actitud, entusiasmo y capacidad que hay en esta coordinaci\u00f3n es para atender cualquier emergencia que requiera la ciudadan\u00eda.<\/p>\n","protected":false},"excerpt":{"rendered":"<p>Ixtapaluca, Estado de M\u00e9xico.- Informar a la gente qu\u00e9 es y c\u00f3mo funciona la protecci\u00f3n<\/p>\n","protected":false},"author":1,"featured_media":8473,"comment_status":"open","ping_status":"open","sticky":false,"template":"","format":"standard","meta":{"footnotes":""},"categories":[1],"tags":[6],"class_list":["post-8472","post","type-post","status-publish","format-standard","has-post-thumbnail","hentry","category-municipales","tag-ixtapaluca"],"yoast_head":"<!-- This site is optimized with the Yoast SEO plugin v25.3 - https:\/\/yoast.com\/wordpress\/plugins\/seo\/ -->\n<title>Realizan semana Nacional de Protecci\u00f3n Civil en Ixtapaluca - Volcanes<\/title>\n<meta name=\"robots\" content=\"index, follow, max-snippet:-1, max-image-preview:large, max-video-preview:-1\" \/>\n<link rel=\"canonical\" href=\"https:\/\/volcanes.net\/?p=8472\" \/>\n<meta property=\"og:locale\" content=\"es_MX\" \/>\n<meta property=\"og:type\" content=\"article\" \/>\n<meta property=\"og:title\" content=\"Realizan semana Nacional de Protecci\u00f3n Civil en Ixtapaluca - Volcanes\" \/>\n<meta property=\"og:description\" content=\"Ixtapaluca, Estado de M\u00e9xico.- Informar a la gente qu\u00e9 es y c\u00f3mo funciona la protecci\u00f3n\" \/>\n<meta property=\"og:url\" content=\"https:\/\/volcanes.net\/?p=8472\" \/>\n<meta property=\"og:site_name\" content=\"Volcanes\" \/>\n<meta property=\"article:publisher\" content=\"https:\/\/www.facebook.com\/volcanes.net\/\" \/>\n<meta property=\"article:published_time\" content=\"2020-09-21T17:40:14+00:00\" \/>\n<meta property=\"article:modified_time\" content=\"2020-09-22T02:37:19+00:00\" \/>\n<meta property=\"og:image\" content=\"https:\/\/volcanes.net\/wp-content\/uploads\/2020\/09\/ef85aad8-7715-4f90-a31a-41e74c7e5a0b.jpg\" \/>\n\t<meta property=\"og:image:width\" content=\"552\" \/>\n\t<meta property=\"og:image:height\" content=\"414\" \/>\n\t<meta property=\"og:image:type\" content=\"image\/jpeg\" \/>\n<meta name=\"author\" content=\"admin\" \/>\n<meta name=\"twitter:card\" content=\"summary_large_image\" \/>\n<meta name=\"twitter:label1\" content=\"Escrito por\" \/>\n\t<meta name=\"twitter:data1\" content=\"admin\" \/>\n\t<meta name=\"twitter:label2\" content=\"Tiempo de lectura\" \/>\n\t<meta name=\"twitter:data2\" content=\"2 minutos\" \/>\n<script type=\"application\/ld+json\" class=\"yoast-schema-graph\">{\"@context\":\"https:\/\/schema.org\",\"@graph\":[{\"@type\":\"Article\",\"@id\":\"https:\/\/volcanes.net\/?p=8472#article\",\"isPartOf\":{\"@id\":\"https:\/\/volcanes.net\/?p=8472\"},\"author\":{\"name\":\"admin\",\"@id\":\"https:\/\/volcanes.net\/#\/schema\/person\/4bf0f383940966a4abd53f5048c0e6b9\"},\"headline\":\"Realizan semana Nacional de Protecci\u00f3n Civil en Ixtapaluca\",\"datePublished\":\"2020-09-21T17:40:14+00:00\",\"dateModified\":\"2020-09-22T02:37:19+00:00\",\"mainEntityOfPage\":{\"@id\":\"https:\/\/volcanes.net\/?p=8472\"},\"wordCount\":327,\"commentCount\":0,\"publisher\":{\"@id\":\"https:\/\/volcanes.net\/#organization\"},\"image\":{\"@id\":\"https:\/\/volcanes.net\/?p=8472#primaryimage\"},\"thumbnailUrl\":\"https:\/\/volcanes.net\/wp-content\/uploads\/2020\/09\/ef85aad8-7715-4f90-a31a-41e74c7e5a0b.jpg\",\"keywords\":[\"Ixtapaluca\"],\"articleSection\":[\"Municipales\"],\"inLanguage\":\"es\",\"potentialAction\":[{\"@type\":\"CommentAction\",\"name\":\"Comment\",\"target\":[\"https:\/\/volcanes.net\/?p=8472#respond\"]}]},{\"@type\":\"WebPage\",\"@id\":\"https:\/\/volcanes.net\/?p=8472\",\"url\":\"https:\/\/volcanes.net\/?p=8472\",\"name\":\"Realizan semana Nacional de Protecci\u00f3n Civil en Ixtapaluca - Volcanes\",\"isPartOf\":{\"@id\":\"https:\/\/volcanes.net\/#website\"},\"primaryImageOfPage\":{\"@id\":\"https:\/\/volcanes.net\/?p=8472#primaryimage\"},\"image\":{\"@id\":\"https:\/\/volcanes.net\/?p=8472#primaryimage\"},\"thumbnailUrl\":\"https:\/\/volcanes.net\/wp-content\/uploads\/2020\/09\/ef85aad8-7715-4f90-a31a-41e74c7e5a0b.jpg\",\"datePublished\":\"2020-09-21T17:40:14+00:00\",\"dateModified\":\"2020-09-22T02:37:19+00:00\",\"breadcrumb\":{\"@id\":\"https:\/\/volcanes.net\/?p=8472#breadcrumb\"},\"inLanguage\":\"es\",\"potentialAction\":[{\"@type\":\"ReadAction\",\"target\":[\"https:\/\/volcanes.net\/?p=8472\"]}]},{\"@type\":\"ImageObject\",\"inLanguage\":\"es\",\"@id\":\"https:\/\/volcanes.net\/?p=8472#primaryimage\",\"url\":\"https:\/\/volcanes.net\/wp-content\/uploads\/2020\/09\/ef85aad8-7715-4f90-a31a-41e74c7e5a0b.jpg\",\"contentUrl\":\"https:\/\/volcanes.net\/wp-content\/uploads\/2020\/09\/ef85aad8-7715-4f90-a31a-41e74c7e5a0b.jpg\",\"width\":552,\"height\":414},{\"@type\":\"BreadcrumbList\",\"@id\":\"https:\/\/volcanes.net\/?p=8472#breadcrumb\",\"itemListElement\":[{\"@type\":\"ListItem\",\"position\":1,\"name\":\"Portada\",\"item\":\"https:\/\/volcanes.net\/\"},{\"@type\":\"ListItem\",\"position\":2,\"name\":\"Realizan semana Nacional de Protecci\u00f3n Civil en Ixtapaluca\"}]},{\"@type\":\"WebSite\",\"@id\":\"https:\/\/volcanes.net\/#website\",\"url\":\"https:\/\/volcanes.net\/\",\"name\":\"Volcanes.Net\",\"description\":\"Periodismo Profesional\",\"publisher\":{\"@id\":\"https:\/\/volcanes.net\/#organization\"},\"potentialAction\":[{\"@type\":\"SearchAction\",\"target\":{\"@type\":\"EntryPoint\",\"urlTemplate\":\"https:\/\/volcanes.net\/?s={search_term_string}\"},\"query-input\":{\"@type\":\"PropertyValueSpecification\",\"valueRequired\":true,\"valueName\":\"search_term_string\"}}],\"inLanguage\":\"es\"},{\"@type\":\"Organization\",\"@id\":\"https:\/\/volcanes.net\/#organization\",\"name\":\"Grupo Volcanes\",\"url\":\"https:\/\/volcanes.net\/\",\"logo\":{\"@type\":\"ImageObject\",\"inLanguage\":\"es\",\"@id\":\"https:\/\/volcanes.net\/#\/schema\/logo\/image\/\",\"url\":\"http:\/\/volcanes.net\/wp-content\/uploads\/2017\/12\/Avatar2.jpg\",\"contentUrl\":\"http:\/\/volcanes.net\/wp-content\/uploads\/2017\/12\/Avatar2.jpg\",\"width\":378,\"height\":378,\"caption\":\"Grupo Volcanes\"},\"image\":{\"@id\":\"https:\/\/volcanes.net\/#\/schema\/logo\/image\/\"},\"sameAs\":[\"https:\/\/www.facebook.com\/volcanes.net\/\"]},{\"@type\":\"Person\",\"@id\":\"https:\/\/volcanes.net\/#\/schema\/person\/4bf0f383940966a4abd53f5048c0e6b9\",\"name\":\"admin\",\"image\":{\"@type\":\"ImageObject\",\"inLanguage\":\"es\",\"@id\":\"https:\/\/volcanes.net\/#\/schema\/person\/image\/\",\"url\":\"https:\/\/secure.gravatar.com\/avatar\/ca004e6cba8462b8cb7abc86e382930c?s=96&d=mm&r=g\",\"contentUrl\":\"https:\/\/secure.gravatar.com\/avatar\/ca004e6cba8462b8cb7abc86e382930c?s=96&d=mm&r=g\",\"caption\":\"admin\"}}]}<\/script>\n<!-- \/ Yoast SEO plugin. -->","yoast_head_json":{"title":"Realizan semana Nacional de Protecci\u00f3n Civil en Ixtapaluca - Volcanes","robots":{"index":"index","follow":"follow","max-snippet":"max-snippet:-1","max-image-preview":"max-image-preview:large","max-video-preview":"max-video-preview:-1"},"canonical":"https:\/\/volcanes.net\/?p=8472","og_locale":"es_MX","og_type":"article","og_title":"Realizan semana Nacional de Protecci\u00f3n Civil en Ixtapaluca - Volcanes","og_description":"Ixtapaluca, Estado de M\u00e9xico.- Informar a la gente qu\u00e9 es y c\u00f3mo funciona la protecci\u00f3n","og_url":"https:\/\/volcanes.net\/?p=8472","og_site_name":"Volcanes","article_publisher":"https:\/\/www.facebook.com\/volcanes.net\/","article_published_time":"2020-09-21T17:40:14+00:00","article_modified_time":"2020-09-22T02:37:19+00:00","og_image":[{"width":552,"height":414,"url":"https:\/\/volcanes.net\/wp-content\/uploads\/2020\/09\/ef85aad8-7715-4f90-a31a-41e74c7e5a0b.jpg","type":"image\/jpeg"}],"author":"admin","twitter_card":"summary_large_image","twitter_misc":{"Escrito por":"admin","Tiempo de lectura":"2 minutos"},"schema":{"@context":"https:\/\/schema.org","@graph":[{"@type":"Article","@id":"https:\/\/volcanes.net\/?p=8472#article","isPartOf":{"@id":"https:\/\/volcanes.net\/?p=8472"},"author":{"name":"admin","@id":"https:\/\/volcanes.net\/#\/schema\/person\/4bf0f383940966a4abd53f5048c0e6b9"},"headline":"Realizan semana Nacional de Protecci\u00f3n Civil en Ixtapaluca","datePublished":"2020-09-21T17:40:14+00:00","dateModified":"2020-09-22T02:37:19+00:00","mainEntityOfPage":{"@id":"https:\/\/volcanes.net\/?p=8472"},"wordCount":327,"commentCount":0,"publisher":{"@id":"https:\/\/volcanes.net\/#organization"},"image":{"@id":"https:\/\/volcanes.net\/?p=8472#primaryimage"},"thumbnailUrl":"https:\/\/volcanes.net\/wp-content\/uploads\/2020\/09\/ef85aad8-7715-4f90-a31a-41e74c7e5a0b.jpg","keywords":["Ixtapaluca"],"articleSection":["Municipales"],"inLanguage":"es","potentialAction":[{"@type":"CommentAction","name":"Comment","target":["https:\/\/volcanes.net\/?p=8472#respond"]}]},{"@type":"WebPage","@id":"https:\/\/volcanes.net\/?p=8472","url":"https:\/\/volcanes.net\/?p=8472","name":"Realizan semana Nacional de Protecci\u00f3n Civil en Ixtapaluca - Volcanes","isPartOf":{"@id":"https:\/\/volcanes.net\/#website"},"primaryImageOfPage":{"@id":"https:\/\/volcanes.net\/?p=8472#primaryimage"},"image":{"@id":"https:\/\/volcanes.net\/?p=8472#primaryimage"},"thumbnailUrl":"https:\/\/volcanes.net\/wp-content\/uploads\/2020\/09\/ef85aad8-7715-4f90-a31a-41e74c7e5a0b.jpg","datePublished":"2020-09-21T17:40:14+00:00","dateModified":"2020-09-22T02:37:19+00:00","breadcrumb":{"@id":"https:\/\/volcanes.net\/?p=8472#breadcrumb"},"inLanguage":"es","potentialAction":[{"@type":"ReadAction","target":["https:\/\/volcanes.net\/?p=8472"]}]},{"@type":"ImageObject","inLanguage":"es","@id":"https:\/\/volcanes.net\/?p=8472#primaryimage","url":"https:\/\/volcanes.net\/wp-content\/uploads\/2020\/09\/ef85aad8-7715-4f90-a31a-41e74c7e5a0b.jpg","contentUrl":"https:\/\/volcanes.net\/wp-content\/uploads\/2020\/09\/ef85aad8-7715-4f90-a31a-41e74c7e5a0b.jpg","width":552,"height":414},{"@type":"BreadcrumbList","@id":"https:\/\/volcanes.net\/?p=8472#breadcrumb","itemListElement":[{"@type":"ListItem","position":1,"name":"Portada","item":"https:\/\/volcanes.net\/"},{"@type":"ListItem","position":2,"name":"Realizan semana Nacional de Protecci\u00f3n Civil en Ixtapaluca"}]},{"@type":"WebSite","@id":"https:\/\/volcanes.net\/#website","url":"https:\/\/volcanes.net\/","name":"Volcanes.Net","description":"Periodismo Profesional","publisher":{"@id":"https:\/\/volcanes.net\/#organization"},"potentialAction":[{"@type":"SearchAction","target":{"@type":"EntryPoint","urlTemplate":"https:\/\/volcanes.net\/?s={search_term_string}"},"query-input":{"@type":"PropertyValueSpecification","valueRequired":true,"valueName":"search_term_string"}}],"inLanguage":"es"},{"@type":"Organization","@id":"https:\/\/volcanes.net\/#organization","name":"Grupo Volcanes","url":"https:\/\/volcanes.net\/","logo":{"@type":"ImageObject","inLanguage":"es","@id":"https:\/\/volcanes.net\/#\/schema\/logo\/image\/","url":"http:\/\/volcanes.net\/wp-content\/uploads\/2017\/12\/Avatar2.jpg","contentUrl":"http:\/\/volcanes.net\/wp-content\/uploads\/2017\/12\/Avatar2.jpg","width":378,"height":378,"caption":"Grupo Volcanes"},"image":{"@id":"https:\/\/volcanes.net\/#\/schema\/logo\/image\/"},"sameAs":["https:\/\/www.facebook.com\/volcanes.net\/"]},{"@type":"Person","@id":"https:\/\/volcanes.net\/#\/schema\/person\/4bf0f383940966a4abd53f5048c0e6b9","name":"admin","image":{"@type":"ImageObject","inLanguage":"es","@id":"https:\/\/volcanes.net\/#\/schema\/person\/image\/","url":"https:\/\/secure.gravatar.com\/avatar\/ca004e6cba8462b8cb7abc86e382930c?s=96&d=mm&r=g","contentUrl":"https:\/\/secure.gravatar.com\/avatar\/ca004e6cba8462b8cb7abc86e382930c?s=96&d=mm&r=g","caption":"admin"}}]}},"_links":{"self":[{"href":"https:\/\/volcanes.net\/index.php?rest_route=\/wp\/v2\/posts\/8472"}],"collection":[{"href":"https:\/\/volcanes.net\/index.php?rest_route=\/wp\/v2\/posts"}],"about":[{"href":"https:\/\/volcanes.net\/index.php?rest_route=\/wp\/v2\/types\/post"}],"author":[{"embeddable":true,"href":"https:\/\/volcanes.net\/index.php?rest_route=\/wp\/v2\/users\/1"}],"replies":[{"embeddable":true,"href":"https:\/\/volcanes.net\/index.php?rest_route=%2Fwp%2Fv2%2Fcomments&post=8472"}],"version-history":[{"count":2,"href":"https:\/\/volcanes.net\/index.php?rest_route=\/wp\/v2\/posts\/8472\/revisions"}],"predecessor-version":[{"id":8486,"href":"https:\/\/volcanes.net\/index.php?rest_route=\/wp\/v2\/posts\/8472\/revisions\/8486"}],"wp:featuredmedia":[{"embeddable":true,"href":"https:\/\/volcanes.net\/index.php?rest_route=\/wp\/v2\/media\/8473"}],"wp:attachment":[{"href":"https:\/\/volcanes.net\/index.php?rest_route=%2Fwp%2Fv2%2Fmedia&parent=8472"}],"wp:term":[{"taxonomy":"category","embeddable":true,"href":"https:\/\/volcanes.net\/index.php?rest_route=%2Fwp%2Fv2%2Fcategories&post=8472"},{"taxonomy":"post_tag","embeddable":true,"href":"https:\/\/volcanes.net\/index.php?rest_route=%2Fwp%2Fv2%2Ftags&post=8472"}],"curies":[{"name":"wp","href":"https:\/\/api.w.org\/{rel}","templated":true}]}}