{"id":8475,"date":"2020-09-21T12:01:52","date_gmt":"2020-09-21T18:01:52","guid":{"rendered":"http:\/\/volcanes.net\/?p=8475"},"modified":"2020-09-21T20:34:52","modified_gmt":"2020-09-22T02:34:52","slug":"gobierno-municipal-de-atlautla-suspende-fiesta-patronal-por-covid-19","status":"publish","type":"post","link":"https:\/\/volcanes.net\/?p=8475","title":{"rendered":"Gobierno municipal de Atlautla suspende fiesta patronal por COVID-19"},"content":{"rendered":"<div style=\"margin-top: 0px; margin-bottom: 0px;\" class=\"sharethis-inline-share-buttons\" ><\/div><p>Atlautla, Estado de M\u00e9xico.- A causa de la alerta sanitaria por el virus COVID-19, el gobierno de este municipio mexiquense que preside Hermenegildo Lozada Amaro determin\u00f3 en acuerdo con el cabildo la suspensi\u00f3n de festejos patronales, los cuales se llevar\u00edan a cabo este 29 de septiembre.<\/p>\n<p>Esto con la finalidad de evitar aglomeraci\u00f3n de personas y prevenir posibles contagios de este virus, por lo que por medio de las cuentas oficiales de esta administraci\u00f3n 2019-2020 se inform\u00f3 a la poblaci\u00f3n la suspensi\u00f3n de la fiesta patronal de San Miguel Arc\u00e1ngel.<\/p>\n<p>Cabe mencionar que todav\u00eda continuamos en sem\u00e1foro de alerta sanitaria en color naranja, por lo que no estamos en condiciones de realizar eventos masivos, por lo que las autoridades exhortan a la poblaci\u00f3n en no bajar la guardia y continuar con las medidas sanitarias recomendadas por la Secretaria de Salud; uso obligatorio de cubrebocas, utilizar gel antibacterial, lavado constante de manos y respetar la sana distancia.<\/p>\n","protected":false},"excerpt":{"rendered":"<p>Atlautla, Estado de M\u00e9xico.- A causa de la alerta sanitaria por el virus COVID-19, el<\/p>\n","protected":false},"author":1,"featured_media":8476,"comment_status":"open","ping_status":"open","sticky":false,"template":"","format":"standard","meta":{"footnotes":""},"categories":[1],"tags":[80],"class_list":["post-8475","post","type-post","status-publish","format-standard","has-post-thumbnail","hentry","category-municipales","tag-atlautla"],"yoast_head":"<!-- This site is optimized with the Yoast SEO plugin v25.3 - https:\/\/yoast.com\/wordpress\/plugins\/seo\/ -->\n<title>Gobierno municipal de Atlautla suspende fiesta patronal por COVID-19 - Volcanes<\/title>\n<meta name=\"robots\" content=\"index, follow, max-snippet:-1, max-image-preview:large, max-video-preview:-1\" \/>\n<link rel=\"canonical\" href=\"https:\/\/volcanes.net\/?p=8475\" \/>\n<meta property=\"og:locale\" content=\"es_MX\" \/>\n<meta property=\"og:type\" content=\"article\" \/>\n<meta property=\"og:title\" content=\"Gobierno municipal de Atlautla suspende fiesta patronal por COVID-19 - Volcanes\" \/>\n<meta property=\"og:description\" content=\"Atlautla, Estado de M\u00e9xico.- A causa de la alerta sanitaria por el virus COVID-19, el\" \/>\n<meta property=\"og:url\" content=\"https:\/\/volcanes.net\/?p=8475\" \/>\n<meta property=\"og:site_name\" content=\"Volcanes\" \/>\n<meta property=\"article:publisher\" content=\"https:\/\/www.facebook.com\/volcanes.net\/\" \/>\n<meta property=\"article:published_time\" content=\"2020-09-21T18:01:52+00:00\" \/>\n<meta property=\"article:modified_time\" content=\"2020-09-22T02:34:52+00:00\" \/>\n<meta property=\"og:image\" content=\"https:\/\/volcanes.net\/wp-content\/uploads\/2020\/09\/66496266-c337-4d1a-9eeb-e768d30a5bc9.jpg\" \/>\n\t<meta property=\"og:image:width\" content=\"552\" \/>\n\t<meta property=\"og:image:height\" content=\"442\" \/>\n\t<meta property=\"og:image:type\" content=\"image\/jpeg\" \/>\n<meta name=\"author\" content=\"admin\" \/>\n<meta name=\"twitter:card\" content=\"summary_large_image\" \/>\n<meta name=\"twitter:label1\" content=\"Escrito por\" \/>\n\t<meta name=\"twitter:data1\" content=\"admin\" \/>\n\t<meta name=\"twitter:label2\" content=\"Tiempo de lectura\" \/>\n\t<meta name=\"twitter:data2\" content=\"1 minuto\" \/>\n<script type=\"application\/ld+json\" class=\"yoast-schema-graph\">{\"@context\":\"https:\/\/schema.org\",\"@graph\":[{\"@type\":\"Article\",\"@id\":\"https:\/\/volcanes.net\/?p=8475#article\",\"isPartOf\":{\"@id\":\"https:\/\/volcanes.net\/?p=8475\"},\"author\":{\"name\":\"admin\",\"@id\":\"https:\/\/volcanes.net\/#\/schema\/person\/4bf0f383940966a4abd53f5048c0e6b9\"},\"headline\":\"Gobierno municipal de Atlautla suspende fiesta patronal por COVID-19\",\"datePublished\":\"2020-09-21T18:01:52+00:00\",\"dateModified\":\"2020-09-22T02:34:52+00:00\",\"mainEntityOfPage\":{\"@id\":\"https:\/\/volcanes.net\/?p=8475\"},\"wordCount\":176,\"commentCount\":0,\"publisher\":{\"@id\":\"https:\/\/volcanes.net\/#organization\"},\"image\":{\"@id\":\"https:\/\/volcanes.net\/?p=8475#primaryimage\"},\"thumbnailUrl\":\"https:\/\/volcanes.net\/wp-content\/uploads\/2020\/09\/66496266-c337-4d1a-9eeb-e768d30a5bc9.jpg\",\"keywords\":[\"Atlautla\"],\"articleSection\":[\"Municipales\"],\"inLanguage\":\"es\",\"potentialAction\":[{\"@type\":\"CommentAction\",\"name\":\"Comment\",\"target\":[\"https:\/\/volcanes.net\/?p=8475#respond\"]}]},{\"@type\":\"WebPage\",\"@id\":\"https:\/\/volcanes.net\/?p=8475\",\"url\":\"https:\/\/volcanes.net\/?p=8475\",\"name\":\"Gobierno municipal de Atlautla suspende fiesta patronal por COVID-19 - Volcanes\",\"isPartOf\":{\"@id\":\"https:\/\/volcanes.net\/#website\"},\"primaryImageOfPage\":{\"@id\":\"https:\/\/volcanes.net\/?p=8475#primaryimage\"},\"image\":{\"@id\":\"https:\/\/volcanes.net\/?p=8475#primaryimage\"},\"thumbnailUrl\":\"https:\/\/volcanes.net\/wp-content\/uploads\/2020\/09\/66496266-c337-4d1a-9eeb-e768d30a5bc9.jpg\",\"datePublished\":\"2020-09-21T18:01:52+00:00\",\"dateModified\":\"2020-09-22T02:34:52+00:00\",\"breadcrumb\":{\"@id\":\"https:\/\/volcanes.net\/?p=8475#breadcrumb\"},\"inLanguage\":\"es\",\"potentialAction\":[{\"@type\":\"ReadAction\",\"target\":[\"https:\/\/volcanes.net\/?p=8475\"]}]},{\"@type\":\"ImageObject\",\"inLanguage\":\"es\",\"@id\":\"https:\/\/volcanes.net\/?p=8475#primaryimage\",\"url\":\"https:\/\/volcanes.net\/wp-content\/uploads\/2020\/09\/66496266-c337-4d1a-9eeb-e768d30a5bc9.jpg\",\"contentUrl\":\"https:\/\/volcanes.net\/wp-content\/uploads\/2020\/09\/66496266-c337-4d1a-9eeb-e768d30a5bc9.jpg\",\"width\":552,\"height\":442},{\"@type\":\"BreadcrumbList\",\"@id\":\"https:\/\/volcanes.net\/?p=8475#breadcrumb\",\"itemListElement\":[{\"@type\":\"ListItem\",\"position\":1,\"name\":\"Portada\",\"item\":\"https:\/\/volcanes.net\/\"},{\"@type\":\"ListItem\",\"position\":2,\"name\":\"Gobierno municipal de Atlautla suspende fiesta patronal por COVID-19\"}]},{\"@type\":\"WebSite\",\"@id\":\"https:\/\/volcanes.net\/#website\",\"url\":\"https:\/\/volcanes.net\/\",\"name\":\"Volcanes.Net\",\"description\":\"Periodismo Profesional\",\"publisher\":{\"@id\":\"https:\/\/volcanes.net\/#organization\"},\"potentialAction\":[{\"@type\":\"SearchAction\",\"target\":{\"@type\":\"EntryPoint\",\"urlTemplate\":\"https:\/\/volcanes.net\/?s={search_term_string}\"},\"query-input\":{\"@type\":\"PropertyValueSpecification\",\"valueRequired\":true,\"valueName\":\"search_term_string\"}}],\"inLanguage\":\"es\"},{\"@type\":\"Organization\",\"@id\":\"https:\/\/volcanes.net\/#organization\",\"name\":\"Grupo Volcanes\",\"url\":\"https:\/\/volcanes.net\/\",\"logo\":{\"@type\":\"ImageObject\",\"inLanguage\":\"es\",\"@id\":\"https:\/\/volcanes.net\/#\/schema\/logo\/image\/\",\"url\":\"http:\/\/volcanes.net\/wp-content\/uploads\/2017\/12\/Avatar2.jpg\",\"contentUrl\":\"http:\/\/volcanes.net\/wp-content\/uploads\/2017\/12\/Avatar2.jpg\",\"width\":378,\"height\":378,\"caption\":\"Grupo Volcanes\"},\"image\":{\"@id\":\"https:\/\/volcanes.net\/#\/schema\/logo\/image\/\"},\"sameAs\":[\"https:\/\/www.facebook.com\/volcanes.net\/\"]},{\"@type\":\"Person\",\"@id\":\"https:\/\/volcanes.net\/#\/schema\/person\/4bf0f383940966a4abd53f5048c0e6b9\",\"name\":\"admin\",\"image\":{\"@type\":\"ImageObject\",\"inLanguage\":\"es\",\"@id\":\"https:\/\/volcanes.net\/#\/schema\/person\/image\/\",\"url\":\"https:\/\/secure.gravatar.com\/avatar\/ca004e6cba8462b8cb7abc86e382930c?s=96&d=mm&r=g\",\"contentUrl\":\"https:\/\/secure.gravatar.com\/avatar\/ca004e6cba8462b8cb7abc86e382930c?s=96&d=mm&r=g\",\"caption\":\"admin\"}}]}<\/script>\n<!-- \/ Yoast SEO plugin. -->","yoast_head_json":{"title":"Gobierno municipal de Atlautla suspende fiesta patronal por COVID-19 - Volcanes","robots":{"index":"index","follow":"follow","max-snippet":"max-snippet:-1","max-image-preview":"max-image-preview:large","max-video-preview":"max-video-preview:-1"},"canonical":"https:\/\/volcanes.net\/?p=8475","og_locale":"es_MX","og_type":"article","og_title":"Gobierno municipal de Atlautla suspende fiesta patronal por COVID-19 - Volcanes","og_description":"Atlautla, Estado de M\u00e9xico.- A causa de la alerta sanitaria por el virus COVID-19, el","og_url":"https:\/\/volcanes.net\/?p=8475","og_site_name":"Volcanes","article_publisher":"https:\/\/www.facebook.com\/volcanes.net\/","article_published_time":"2020-09-21T18:01:52+00:00","article_modified_time":"2020-09-22T02:34:52+00:00","og_image":[{"width":552,"height":442,"url":"https:\/\/volcanes.net\/wp-content\/uploads\/2020\/09\/66496266-c337-4d1a-9eeb-e768d30a5bc9.jpg","type":"image\/jpeg"}],"author":"admin","twitter_card":"summary_large_image","twitter_misc":{"Escrito por":"admin","Tiempo de lectura":"1 minuto"},"schema":{"@context":"https:\/\/schema.org","@graph":[{"@type":"Article","@id":"https:\/\/volcanes.net\/?p=8475#article","isPartOf":{"@id":"https:\/\/volcanes.net\/?p=8475"},"author":{"name":"admin","@id":"https:\/\/volcanes.net\/#\/schema\/person\/4bf0f383940966a4abd53f5048c0e6b9"},"headline":"Gobierno municipal de Atlautla suspende fiesta patronal por COVID-19","datePublished":"2020-09-21T18:01:52+00:00","dateModified":"2020-09-22T02:34:52+00:00","mainEntityOfPage":{"@id":"https:\/\/volcanes.net\/?p=8475"},"wordCount":176,"commentCount":0,"publisher":{"@id":"https:\/\/volcanes.net\/#organization"},"image":{"@id":"https:\/\/volcanes.net\/?p=8475#primaryimage"},"thumbnailUrl":"https:\/\/volcanes.net\/wp-content\/uploads\/2020\/09\/66496266-c337-4d1a-9eeb-e768d30a5bc9.jpg","keywords":["Atlautla"],"articleSection":["Municipales"],"inLanguage":"es","potentialAction":[{"@type":"CommentAction","name":"Comment","target":["https:\/\/volcanes.net\/?p=8475#respond"]}]},{"@type":"WebPage","@id":"https:\/\/volcanes.net\/?p=8475","url":"https:\/\/volcanes.net\/?p=8475","name":"Gobierno municipal de Atlautla suspende fiesta patronal por COVID-19 - Volcanes","isPartOf":{"@id":"https:\/\/volcanes.net\/#website"},"primaryImageOfPage":{"@id":"https:\/\/volcanes.net\/?p=8475#primaryimage"},"image":{"@id":"https:\/\/volcanes.net\/?p=8475#primaryimage"},"thumbnailUrl":"https:\/\/volcanes.net\/wp-content\/uploads\/2020\/09\/66496266-c337-4d1a-9eeb-e768d30a5bc9.jpg","datePublished":"2020-09-21T18:01:52+00:00","dateModified":"2020-09-22T02:34:52+00:00","breadcrumb":{"@id":"https:\/\/volcanes.net\/?p=8475#breadcrumb"},"inLanguage":"es","potentialAction":[{"@type":"ReadAction","target":["https:\/\/volcanes.net\/?p=8475"]}]},{"@type":"ImageObject","inLanguage":"es","@id":"https:\/\/volcanes.net\/?p=8475#primaryimage","url":"https:\/\/volcanes.net\/wp-content\/uploads\/2020\/09\/66496266-c337-4d1a-9eeb-e768d30a5bc9.jpg","contentUrl":"https:\/\/volcanes.net\/wp-content\/uploads\/2020\/09\/66496266-c337-4d1a-9eeb-e768d30a5bc9.jpg","width":552,"height":442},{"@type":"BreadcrumbList","@id":"https:\/\/volcanes.net\/?p=8475#breadcrumb","itemListElement":[{"@type":"ListItem","position":1,"name":"Portada","item":"https:\/\/volcanes.net\/"},{"@type":"ListItem","position":2,"name":"Gobierno municipal de Atlautla suspende fiesta patronal por COVID-19"}]},{"@type":"WebSite","@id":"https:\/\/volcanes.net\/#website","url":"https:\/\/volcanes.net\/","name":"Volcanes.Net","description":"Periodismo Profesional","publisher":{"@id":"https:\/\/volcanes.net\/#organization"},"potentialAction":[{"@type":"SearchAction","target":{"@type":"EntryPoint","urlTemplate":"https:\/\/volcanes.net\/?s={search_term_string}"},"query-input":{"@type":"PropertyValueSpecification","valueRequired":true,"valueName":"search_term_string"}}],"inLanguage":"es"},{"@type":"Organization","@id":"https:\/\/volcanes.net\/#organization","name":"Grupo Volcanes","url":"https:\/\/volcanes.net\/","logo":{"@type":"ImageObject","inLanguage":"es","@id":"https:\/\/volcanes.net\/#\/schema\/logo\/image\/","url":"http:\/\/volcanes.net\/wp-content\/uploads\/2017\/12\/Avatar2.jpg","contentUrl":"http:\/\/volcanes.net\/wp-content\/uploads\/2017\/12\/Avatar2.jpg","width":378,"height":378,"caption":"Grupo Volcanes"},"image":{"@id":"https:\/\/volcanes.net\/#\/schema\/logo\/image\/"},"sameAs":["https:\/\/www.facebook.com\/volcanes.net\/"]},{"@type":"Person","@id":"https:\/\/volcanes.net\/#\/schema\/person\/4bf0f383940966a4abd53f5048c0e6b9","name":"admin","image":{"@type":"ImageObject","inLanguage":"es","@id":"https:\/\/volcanes.net\/#\/schema\/person\/image\/","url":"https:\/\/secure.gravatar.com\/avatar\/ca004e6cba8462b8cb7abc86e382930c?s=96&d=mm&r=g","contentUrl":"https:\/\/secure.gravatar.com\/avatar\/ca004e6cba8462b8cb7abc86e382930c?s=96&d=mm&r=g","caption":"admin"}}]}},"_links":{"self":[{"href":"https:\/\/volcanes.net\/index.php?rest_route=\/wp\/v2\/posts\/8475"}],"collection":[{"href":"https:\/\/volcanes.net\/index.php?rest_route=\/wp\/v2\/posts"}],"about":[{"href":"https:\/\/volcanes.net\/index.php?rest_route=\/wp\/v2\/types\/post"}],"author":[{"embeddable":true,"href":"https:\/\/volcanes.net\/index.php?rest_route=\/wp\/v2\/users\/1"}],"replies":[{"embeddable":true,"href":"https:\/\/volcanes.net\/index.php?rest_route=%2Fwp%2Fv2%2Fcomments&post=8475"}],"version-history":[{"count":2,"href":"https:\/\/volcanes.net\/index.php?rest_route=\/wp\/v2\/posts\/8475\/revisions"}],"predecessor-version":[{"id":8485,"href":"https:\/\/volcanes.net\/index.php?rest_route=\/wp\/v2\/posts\/8475\/revisions\/8485"}],"wp:featuredmedia":[{"embeddable":true,"href":"https:\/\/volcanes.net\/index.php?rest_route=\/wp\/v2\/media\/8476"}],"wp:attachment":[{"href":"https:\/\/volcanes.net\/index.php?rest_route=%2Fwp%2Fv2%2Fmedia&parent=8475"}],"wp:term":[{"taxonomy":"category","embeddable":true,"href":"https:\/\/volcanes.net\/index.php?rest_route=%2Fwp%2Fv2%2Fcategories&post=8475"},{"taxonomy":"post_tag","embeddable":true,"href":"https:\/\/volcanes.net\/index.php?rest_route=%2Fwp%2Fv2%2Ftags&post=8475"}],"curies":[{"name":"wp","href":"https:\/\/api.w.org\/{rel}","templated":true}]}}