{"id":848,"date":"2018-01-28T14:43:28","date_gmt":"2018-01-28T14:43:28","guid":{"rendered":"http:\/\/volcanes.net\/?p=848"},"modified":"2018-01-28T14:43:28","modified_gmt":"2018-01-28T14:43:28","slug":"donan-botas-de-frida-y-su-entrenador-al-museo-del-calzado","status":"publish","type":"post","link":"https:\/\/volcanes.net\/?p=848","title":{"rendered":"Donan botas de Frida y su entrenador al Museo del Calzado"},"content":{"rendered":"<div style=\"margin-top: 0px; margin-bottom: 0px;\" class=\"sharethis-inline-share-buttons\" ><\/div><p>La perra rescatista Frida, qui\u00e9n en septiembre pasado se convirti\u00f3 en un s\u00edmbolo de solidaridad y orgullo por su participaci\u00f3n en los rescates tras los sismos, don\u00f3 este viernes al Museo de Calzado El Borcegui las botas especiales que ha utilizado.<\/p>\n<p>La Secretar\u00eda de Marina Armada de M\u00e9xico (Semar) tambi\u00e9n entreg\u00f3 a este recinto, \u00fanico en su tipo en Latinoam\u00e9rica, las botas de\u00a0 Israel Arauz Salinas, manejador que ha acampa\u00f1ado a la perrita en m\u00e1s de tres a\u00f1os.<\/p>\n<p>El capit\u00e1n de Fragata, Israel Monterde Cervantes,\u00a0en representaci\u00f3n de la secretar\u00eda, destac\u00f3 que es un orgullo que estas piezas formen parte del museo.<\/p>\n<p>Previo a la entrega de las botas, destac\u00f3 que Frida y su manejador representan el arduo trabajo que llevan a cabo los cientos de binomios caninos de la Secretar\u00eda de Marina.<\/p>\n<p>Los zapatos que el p\u00fablico ya puede apreciar en el Museo del Calzado, son los que Frida port\u00f3 durante las tareas de rescate luego de los sismos del a\u00f1o pasado, as\u00ed como en Ecuador, Hait\u00ed, Guatemala, entre muchos otros lugares.<\/p>\n<p>A su vez, Teresa Ballina de Villamayor, presidenta del Museo del Calzado, indic\u00f3 que son las primeras piezas que pertenecen a un animal albergadas en este recinto.<\/p>\n<p>Resalt\u00f3 que Frida y su entrenador son un orgullo para todos los mexicanos, por lo que tener los zapatos del binomio canino es un honor.<\/p>\n<p>A su llegada y a lo largo de la entrega, ni\u00f1os y adultos no dejaron de aplaudir y gritar \u201cFrida te amamos\u201d, \u201cGracias\u201d, \u201cEres toda una h\u00e9roe \u201c.<\/p>\n<p>Al acto tambi\u00e9n asistieron familiares de militares, quienes dijeron sentirse orgullosos de que sus parientes formen parte de las Fuerzas Armadas y al t\u00e9rmino de la presentaci\u00f3n, el p\u00fablico aprovech\u00f3 la oportunidad para saludar y tomarse fotograf\u00edas con la perra rescatistas y su manejador.<\/p>\n<p>Frida es una perra de raza labrador de nueve a\u00f1os de edad y forma parte al selecto grupo del Equipo de B\u00fasqueda y Rescate en Estructuras Colapsadas.<\/p>\n<p>A lo largo de su vida operativa, tiene una total de 53 localizaciones de personas, entre ellas 12 han sido con vida.<\/p>\n<p>Las botas est\u00e1n hechas a la medida de las patas de Frida para que se ajusten de manera correcta y no le molesten al caminar; la suela es de material muy resistente y flexible, ya que la protege las patas y le permite la flexibilidad necesaria para poder caminar.<\/p>\n<p>Adem\u00e1s, el calzado de Frida es antiderrapante en superficies lisas como m\u00e1rmol o mosaico y son aislantes el\u00e9ctricas que evitan que al tener contacto con agua o cables con energ\u00eda el\u00e9ctrica pueda sufrir una descarga.<\/p>\n","protected":false},"excerpt":{"rendered":"<p>La perra rescatista Frida, qui\u00e9n en septiembre pasado se convirti\u00f3 en un s\u00edmbolo de solidaridad<\/p>\n","protected":false},"author":1,"featured_media":830,"comment_status":"open","ping_status":"open","sticky":false,"template":"","format":"standard","meta":{"footnotes":""},"categories":[1],"tags":[96],"class_list":["post-848","post","type-post","status-publish","format-standard","has-post-thumbnail","hentry","category-municipales","tag-semar"],"yoast_head":"<!-- This site is optimized with the Yoast SEO plugin v25.3 - https:\/\/yoast.com\/wordpress\/plugins\/seo\/ -->\n<title>Donan botas de Frida y su entrenador al Museo del Calzado - Volcanes<\/title>\n<meta name=\"robots\" content=\"index, follow, max-snippet:-1, max-image-preview:large, max-video-preview:-1\" \/>\n<link rel=\"canonical\" href=\"https:\/\/volcanes.net\/?p=848\" \/>\n<meta property=\"og:locale\" content=\"es_MX\" \/>\n<meta property=\"og:type\" content=\"article\" \/>\n<meta property=\"og:title\" content=\"Donan botas de Frida y su entrenador al Museo del Calzado - Volcanes\" \/>\n<meta property=\"og:description\" content=\"La perra rescatista Frida, qui\u00e9n en septiembre pasado se convirti\u00f3 en un s\u00edmbolo de solidaridad\" \/>\n<meta property=\"og:url\" content=\"https:\/\/volcanes.net\/?p=848\" \/>\n<meta property=\"og:site_name\" content=\"Volcanes\" \/>\n<meta property=\"article:publisher\" content=\"https:\/\/www.facebook.com\/volcanes.net\/\" \/>\n<meta property=\"article:published_time\" content=\"2018-01-28T14:43:28+00:00\" \/>\n<meta property=\"og:image\" content=\"https:\/\/volcanes.net\/wp-content\/uploads\/2018\/01\/frida.jpg\" \/>\n\t<meta property=\"og:image:width\" content=\"400\" \/>\n\t<meta property=\"og:image:height\" content=\"200\" \/>\n\t<meta property=\"og:image:type\" content=\"image\/jpeg\" \/>\n<meta name=\"author\" content=\"admin\" \/>\n<meta name=\"twitter:card\" content=\"summary_large_image\" \/>\n<meta name=\"twitter:label1\" content=\"Escrito por\" \/>\n\t<meta name=\"twitter:data1\" content=\"admin\" \/>\n\t<meta name=\"twitter:label2\" content=\"Tiempo de lectura\" \/>\n\t<meta name=\"twitter:data2\" content=\"2 minutos\" \/>\n<script type=\"application\/ld+json\" class=\"yoast-schema-graph\">{\"@context\":\"https:\/\/schema.org\",\"@graph\":[{\"@type\":\"Article\",\"@id\":\"https:\/\/volcanes.net\/?p=848#article\",\"isPartOf\":{\"@id\":\"https:\/\/volcanes.net\/?p=848\"},\"author\":{\"name\":\"admin\",\"@id\":\"https:\/\/volcanes.net\/#\/schema\/person\/4bf0f383940966a4abd53f5048c0e6b9\"},\"headline\":\"Donan botas de Frida y su entrenador al Museo del Calzado\",\"datePublished\":\"2018-01-28T14:43:28+00:00\",\"mainEntityOfPage\":{\"@id\":\"https:\/\/volcanes.net\/?p=848\"},\"wordCount\":469,\"commentCount\":0,\"publisher\":{\"@id\":\"https:\/\/volcanes.net\/#organization\"},\"image\":{\"@id\":\"https:\/\/volcanes.net\/?p=848#primaryimage\"},\"thumbnailUrl\":\"https:\/\/volcanes.net\/wp-content\/uploads\/2018\/01\/frida.jpg\",\"keywords\":[\"SEMAR\"],\"articleSection\":[\"Municipales\"],\"inLanguage\":\"es\",\"potentialAction\":[{\"@type\":\"CommentAction\",\"name\":\"Comment\",\"target\":[\"https:\/\/volcanes.net\/?p=848#respond\"]}]},{\"@type\":\"WebPage\",\"@id\":\"https:\/\/volcanes.net\/?p=848\",\"url\":\"https:\/\/volcanes.net\/?p=848\",\"name\":\"Donan botas de Frida y su entrenador al Museo del Calzado - Volcanes\",\"isPartOf\":{\"@id\":\"https:\/\/volcanes.net\/#website\"},\"primaryImageOfPage\":{\"@id\":\"https:\/\/volcanes.net\/?p=848#primaryimage\"},\"image\":{\"@id\":\"https:\/\/volcanes.net\/?p=848#primaryimage\"},\"thumbnailUrl\":\"https:\/\/volcanes.net\/wp-content\/uploads\/2018\/01\/frida.jpg\",\"datePublished\":\"2018-01-28T14:43:28+00:00\",\"breadcrumb\":{\"@id\":\"https:\/\/volcanes.net\/?p=848#breadcrumb\"},\"inLanguage\":\"es\",\"potentialAction\":[{\"@type\":\"ReadAction\",\"target\":[\"https:\/\/volcanes.net\/?p=848\"]}]},{\"@type\":\"ImageObject\",\"inLanguage\":\"es\",\"@id\":\"https:\/\/volcanes.net\/?p=848#primaryimage\",\"url\":\"https:\/\/volcanes.net\/wp-content\/uploads\/2018\/01\/frida.jpg\",\"contentUrl\":\"https:\/\/volcanes.net\/wp-content\/uploads\/2018\/01\/frida.jpg\",\"width\":400,\"height\":200},{\"@type\":\"BreadcrumbList\",\"@id\":\"https:\/\/volcanes.net\/?p=848#breadcrumb\",\"itemListElement\":[{\"@type\":\"ListItem\",\"position\":1,\"name\":\"Portada\",\"item\":\"https:\/\/volcanes.net\/\"},{\"@type\":\"ListItem\",\"position\":2,\"name\":\"Donan botas de Frida y su entrenador al Museo del Calzado\"}]},{\"@type\":\"WebSite\",\"@id\":\"https:\/\/volcanes.net\/#website\",\"url\":\"https:\/\/volcanes.net\/\",\"name\":\"Volcanes.Net\",\"description\":\"Periodismo Profesional\",\"publisher\":{\"@id\":\"https:\/\/volcanes.net\/#organization\"},\"potentialAction\":[{\"@type\":\"SearchAction\",\"target\":{\"@type\":\"EntryPoint\",\"urlTemplate\":\"https:\/\/volcanes.net\/?s={search_term_string}\"},\"query-input\":{\"@type\":\"PropertyValueSpecification\",\"valueRequired\":true,\"valueName\":\"search_term_string\"}}],\"inLanguage\":\"es\"},{\"@type\":\"Organization\",\"@id\":\"https:\/\/volcanes.net\/#organization\",\"name\":\"Grupo Volcanes\",\"url\":\"https:\/\/volcanes.net\/\",\"logo\":{\"@type\":\"ImageObject\",\"inLanguage\":\"es\",\"@id\":\"https:\/\/volcanes.net\/#\/schema\/logo\/image\/\",\"url\":\"http:\/\/volcanes.net\/wp-content\/uploads\/2017\/12\/Avatar2.jpg\",\"contentUrl\":\"http:\/\/volcanes.net\/wp-content\/uploads\/2017\/12\/Avatar2.jpg\",\"width\":378,\"height\":378,\"caption\":\"Grupo Volcanes\"},\"image\":{\"@id\":\"https:\/\/volcanes.net\/#\/schema\/logo\/image\/\"},\"sameAs\":[\"https:\/\/www.facebook.com\/volcanes.net\/\"]},{\"@type\":\"Person\",\"@id\":\"https:\/\/volcanes.net\/#\/schema\/person\/4bf0f383940966a4abd53f5048c0e6b9\",\"name\":\"admin\",\"image\":{\"@type\":\"ImageObject\",\"inLanguage\":\"es\",\"@id\":\"https:\/\/volcanes.net\/#\/schema\/person\/image\/\",\"url\":\"https:\/\/secure.gravatar.com\/avatar\/ca004e6cba8462b8cb7abc86e382930c?s=96&d=mm&r=g\",\"contentUrl\":\"https:\/\/secure.gravatar.com\/avatar\/ca004e6cba8462b8cb7abc86e382930c?s=96&d=mm&r=g\",\"caption\":\"admin\"}}]}<\/script>\n<!-- \/ Yoast SEO plugin. -->","yoast_head_json":{"title":"Donan botas de Frida y su entrenador al Museo del Calzado - Volcanes","robots":{"index":"index","follow":"follow","max-snippet":"max-snippet:-1","max-image-preview":"max-image-preview:large","max-video-preview":"max-video-preview:-1"},"canonical":"https:\/\/volcanes.net\/?p=848","og_locale":"es_MX","og_type":"article","og_title":"Donan botas de Frida y su entrenador al Museo del Calzado - Volcanes","og_description":"La perra rescatista Frida, qui\u00e9n en septiembre pasado se convirti\u00f3 en un s\u00edmbolo de solidaridad","og_url":"https:\/\/volcanes.net\/?p=848","og_site_name":"Volcanes","article_publisher":"https:\/\/www.facebook.com\/volcanes.net\/","article_published_time":"2018-01-28T14:43:28+00:00","og_image":[{"width":400,"height":200,"url":"https:\/\/volcanes.net\/wp-content\/uploads\/2018\/01\/frida.jpg","type":"image\/jpeg"}],"author":"admin","twitter_card":"summary_large_image","twitter_misc":{"Escrito por":"admin","Tiempo de lectura":"2 minutos"},"schema":{"@context":"https:\/\/schema.org","@graph":[{"@type":"Article","@id":"https:\/\/volcanes.net\/?p=848#article","isPartOf":{"@id":"https:\/\/volcanes.net\/?p=848"},"author":{"name":"admin","@id":"https:\/\/volcanes.net\/#\/schema\/person\/4bf0f383940966a4abd53f5048c0e6b9"},"headline":"Donan botas de Frida y su entrenador al Museo del Calzado","datePublished":"2018-01-28T14:43:28+00:00","mainEntityOfPage":{"@id":"https:\/\/volcanes.net\/?p=848"},"wordCount":469,"commentCount":0,"publisher":{"@id":"https:\/\/volcanes.net\/#organization"},"image":{"@id":"https:\/\/volcanes.net\/?p=848#primaryimage"},"thumbnailUrl":"https:\/\/volcanes.net\/wp-content\/uploads\/2018\/01\/frida.jpg","keywords":["SEMAR"],"articleSection":["Municipales"],"inLanguage":"es","potentialAction":[{"@type":"CommentAction","name":"Comment","target":["https:\/\/volcanes.net\/?p=848#respond"]}]},{"@type":"WebPage","@id":"https:\/\/volcanes.net\/?p=848","url":"https:\/\/volcanes.net\/?p=848","name":"Donan botas de Frida y su entrenador al Museo del Calzado - Volcanes","isPartOf":{"@id":"https:\/\/volcanes.net\/#website"},"primaryImageOfPage":{"@id":"https:\/\/volcanes.net\/?p=848#primaryimage"},"image":{"@id":"https:\/\/volcanes.net\/?p=848#primaryimage"},"thumbnailUrl":"https:\/\/volcanes.net\/wp-content\/uploads\/2018\/01\/frida.jpg","datePublished":"2018-01-28T14:43:28+00:00","breadcrumb":{"@id":"https:\/\/volcanes.net\/?p=848#breadcrumb"},"inLanguage":"es","potentialAction":[{"@type":"ReadAction","target":["https:\/\/volcanes.net\/?p=848"]}]},{"@type":"ImageObject","inLanguage":"es","@id":"https:\/\/volcanes.net\/?p=848#primaryimage","url":"https:\/\/volcanes.net\/wp-content\/uploads\/2018\/01\/frida.jpg","contentUrl":"https:\/\/volcanes.net\/wp-content\/uploads\/2018\/01\/frida.jpg","width":400,"height":200},{"@type":"BreadcrumbList","@id":"https:\/\/volcanes.net\/?p=848#breadcrumb","itemListElement":[{"@type":"ListItem","position":1,"name":"Portada","item":"https:\/\/volcanes.net\/"},{"@type":"ListItem","position":2,"name":"Donan botas de Frida y su entrenador al Museo del Calzado"}]},{"@type":"WebSite","@id":"https:\/\/volcanes.net\/#website","url":"https:\/\/volcanes.net\/","name":"Volcanes.Net","description":"Periodismo Profesional","publisher":{"@id":"https:\/\/volcanes.net\/#organization"},"potentialAction":[{"@type":"SearchAction","target":{"@type":"EntryPoint","urlTemplate":"https:\/\/volcanes.net\/?s={search_term_string}"},"query-input":{"@type":"PropertyValueSpecification","valueRequired":true,"valueName":"search_term_string"}}],"inLanguage":"es"},{"@type":"Organization","@id":"https:\/\/volcanes.net\/#organization","name":"Grupo Volcanes","url":"https:\/\/volcanes.net\/","logo":{"@type":"ImageObject","inLanguage":"es","@id":"https:\/\/volcanes.net\/#\/schema\/logo\/image\/","url":"http:\/\/volcanes.net\/wp-content\/uploads\/2017\/12\/Avatar2.jpg","contentUrl":"http:\/\/volcanes.net\/wp-content\/uploads\/2017\/12\/Avatar2.jpg","width":378,"height":378,"caption":"Grupo Volcanes"},"image":{"@id":"https:\/\/volcanes.net\/#\/schema\/logo\/image\/"},"sameAs":["https:\/\/www.facebook.com\/volcanes.net\/"]},{"@type":"Person","@id":"https:\/\/volcanes.net\/#\/schema\/person\/4bf0f383940966a4abd53f5048c0e6b9","name":"admin","image":{"@type":"ImageObject","inLanguage":"es","@id":"https:\/\/volcanes.net\/#\/schema\/person\/image\/","url":"https:\/\/secure.gravatar.com\/avatar\/ca004e6cba8462b8cb7abc86e382930c?s=96&d=mm&r=g","contentUrl":"https:\/\/secure.gravatar.com\/avatar\/ca004e6cba8462b8cb7abc86e382930c?s=96&d=mm&r=g","caption":"admin"}}]}},"_links":{"self":[{"href":"https:\/\/volcanes.net\/index.php?rest_route=\/wp\/v2\/posts\/848"}],"collection":[{"href":"https:\/\/volcanes.net\/index.php?rest_route=\/wp\/v2\/posts"}],"about":[{"href":"https:\/\/volcanes.net\/index.php?rest_route=\/wp\/v2\/types\/post"}],"author":[{"embeddable":true,"href":"https:\/\/volcanes.net\/index.php?rest_route=\/wp\/v2\/users\/1"}],"replies":[{"embeddable":true,"href":"https:\/\/volcanes.net\/index.php?rest_route=%2Fwp%2Fv2%2Fcomments&post=848"}],"version-history":[{"count":1,"href":"https:\/\/volcanes.net\/index.php?rest_route=\/wp\/v2\/posts\/848\/revisions"}],"predecessor-version":[{"id":849,"href":"https:\/\/volcanes.net\/index.php?rest_route=\/wp\/v2\/posts\/848\/revisions\/849"}],"wp:featuredmedia":[{"embeddable":true,"href":"https:\/\/volcanes.net\/index.php?rest_route=\/wp\/v2\/media\/830"}],"wp:attachment":[{"href":"https:\/\/volcanes.net\/index.php?rest_route=%2Fwp%2Fv2%2Fmedia&parent=848"}],"wp:term":[{"taxonomy":"category","embeddable":true,"href":"https:\/\/volcanes.net\/index.php?rest_route=%2Fwp%2Fv2%2Fcategories&post=848"},{"taxonomy":"post_tag","embeddable":true,"href":"https:\/\/volcanes.net\/index.php?rest_route=%2Fwp%2Fv2%2Ftags&post=848"}],"curies":[{"name":"wp","href":"https:\/\/api.w.org\/{rel}","templated":true}]}}