{"id":8488,"date":"2020-09-22T12:16:47","date_gmt":"2020-09-22T18:16:47","guid":{"rendered":"http:\/\/volcanes.net\/?p=8488"},"modified":"2020-09-22T15:41:37","modified_gmt":"2020-09-22T21:41:37","slug":"instalan-lavamanos-en-temamatla","status":"publish","type":"post","link":"https:\/\/volcanes.net\/?p=8488","title":{"rendered":"Instalan lavamanos en Temamatla"},"content":{"rendered":"<div style=\"margin-top: 0px; margin-bottom: 0px;\" class=\"sharethis-inline-share-buttons\" ><\/div><p>Temamatla, Estado de M\u00e9xico.- Para fortalecer medidas preventivas ante el COVID-19 el Gobierno del Estado de M\u00e9xico a trav\u00e9s de la Secretaria de Obra P\u00fablica y la CAEM en coordinaci\u00f3n con la Administraci\u00f3n P\u00fablica Municipal de Temamatla encabezada por Juan Mart\u00edn Orozpe P\u00e9rez realizaron\u00a0 la instalaci\u00f3n de lavamanos como parte de la estrategia de reforzamiento de\u00a0 prevenci\u00f3n y contenci\u00f3n del virus.<\/p>\n<p>Dichos lavamanos se encuentra ubicado frente a la iglesia de San Juan Bautista, recuerda lavarte constantemente las manos dentro y fuera de tu casa. Es de referir que la instalaci\u00f3n de los lavamanos\u00a0 se logra gracias al compromiso y la coordinaci\u00f3n de esfuerzos de las dependencias, adem\u00e1s del compromiso del edil con los pobladores, quien trabaja en beneficio de ellos.<\/p>\n<p>Cabe mencionar que desde que inici\u00f3 el confinamiento por el virus, la autoridades municipales contin\u00faan trabajando para prevenir la propagaci\u00f3n de los contagios, por lo que implementaron campa\u00f1as de difusi\u00f3n para mantener informados a los pobladores, adem\u00e1s de que contin\u00faan exhortando a que no bajen la guardia.<\/p>\n<p>Con esta acci\u00f3n se espera que los habitantes cada que pasen por este lugar donde fueron instalados los lavamos los utilicen as\u00ed como de fomentar el lavado de manos constante. Ante ello, el edil exhorta a la poblaci\u00f3n a continuar implementando las medidas sanitarias, uso obligatorio de cubrebocas, gel antibacterial y respetar la sana distancia, no olvidemos que aun nos encontramos en sem\u00e1foro naranja.<\/p>\n","protected":false},"excerpt":{"rendered":"<p>Temamatla, Estado de M\u00e9xico.- Para fortalecer medidas preventivas ante el COVID-19 el Gobierno del Estado<\/p>\n","protected":false},"author":1,"featured_media":8489,"comment_status":"open","ping_status":"open","sticky":false,"template":"","format":"standard","meta":{"footnotes":""},"categories":[1],"tags":[236],"class_list":["post-8488","post","type-post","status-publish","format-standard","has-post-thumbnail","hentry","category-municipales","tag-temamatla"],"yoast_head":"<!-- This site is optimized with the Yoast SEO plugin v25.3 - https:\/\/yoast.com\/wordpress\/plugins\/seo\/ -->\n<title>Instalan lavamanos en Temamatla - Volcanes<\/title>\n<meta name=\"robots\" content=\"index, follow, max-snippet:-1, max-image-preview:large, max-video-preview:-1\" \/>\n<link rel=\"canonical\" href=\"https:\/\/volcanes.net\/?p=8488\" \/>\n<meta property=\"og:locale\" content=\"es_MX\" \/>\n<meta property=\"og:type\" content=\"article\" \/>\n<meta property=\"og:title\" content=\"Instalan lavamanos en Temamatla - Volcanes\" \/>\n<meta property=\"og:description\" content=\"Temamatla, Estado de M\u00e9xico.- Para fortalecer medidas preventivas ante el COVID-19 el Gobierno del Estado\" \/>\n<meta property=\"og:url\" content=\"https:\/\/volcanes.net\/?p=8488\" \/>\n<meta property=\"og:site_name\" content=\"Volcanes\" \/>\n<meta property=\"article:publisher\" content=\"https:\/\/www.facebook.com\/volcanes.net\/\" \/>\n<meta property=\"article:published_time\" content=\"2020-09-22T18:16:47+00:00\" \/>\n<meta property=\"article:modified_time\" content=\"2020-09-22T21:41:37+00:00\" \/>\n<meta property=\"og:image\" content=\"https:\/\/volcanes.net\/wp-content\/uploads\/2020\/09\/a53c2042-c012-43eb-8245-0c821a8f614f.jpg\" \/>\n\t<meta property=\"og:image:width\" content=\"552\" \/>\n\t<meta property=\"og:image:height\" content=\"367\" \/>\n\t<meta property=\"og:image:type\" content=\"image\/jpeg\" \/>\n<meta name=\"author\" content=\"admin\" \/>\n<meta name=\"twitter:card\" content=\"summary_large_image\" \/>\n<meta name=\"twitter:label1\" content=\"Escrito por\" \/>\n\t<meta name=\"twitter:data1\" content=\"admin\" \/>\n\t<meta name=\"twitter:label2\" content=\"Tiempo de lectura\" \/>\n\t<meta name=\"twitter:data2\" content=\"1 minuto\" \/>\n<script type=\"application\/ld+json\" class=\"yoast-schema-graph\">{\"@context\":\"https:\/\/schema.org\",\"@graph\":[{\"@type\":\"Article\",\"@id\":\"https:\/\/volcanes.net\/?p=8488#article\",\"isPartOf\":{\"@id\":\"https:\/\/volcanes.net\/?p=8488\"},\"author\":{\"name\":\"admin\",\"@id\":\"https:\/\/volcanes.net\/#\/schema\/person\/4bf0f383940966a4abd53f5048c0e6b9\"},\"headline\":\"Instalan lavamanos en Temamatla\",\"datePublished\":\"2020-09-22T18:16:47+00:00\",\"dateModified\":\"2020-09-22T21:41:37+00:00\",\"mainEntityOfPage\":{\"@id\":\"https:\/\/volcanes.net\/?p=8488\"},\"wordCount\":261,\"commentCount\":0,\"publisher\":{\"@id\":\"https:\/\/volcanes.net\/#organization\"},\"image\":{\"@id\":\"https:\/\/volcanes.net\/?p=8488#primaryimage\"},\"thumbnailUrl\":\"https:\/\/volcanes.net\/wp-content\/uploads\/2020\/09\/a53c2042-c012-43eb-8245-0c821a8f614f.jpg\",\"keywords\":[\"Temamatla\"],\"articleSection\":[\"Municipales\"],\"inLanguage\":\"es\",\"potentialAction\":[{\"@type\":\"CommentAction\",\"name\":\"Comment\",\"target\":[\"https:\/\/volcanes.net\/?p=8488#respond\"]}]},{\"@type\":\"WebPage\",\"@id\":\"https:\/\/volcanes.net\/?p=8488\",\"url\":\"https:\/\/volcanes.net\/?p=8488\",\"name\":\"Instalan lavamanos en Temamatla - Volcanes\",\"isPartOf\":{\"@id\":\"https:\/\/volcanes.net\/#website\"},\"primaryImageOfPage\":{\"@id\":\"https:\/\/volcanes.net\/?p=8488#primaryimage\"},\"image\":{\"@id\":\"https:\/\/volcanes.net\/?p=8488#primaryimage\"},\"thumbnailUrl\":\"https:\/\/volcanes.net\/wp-content\/uploads\/2020\/09\/a53c2042-c012-43eb-8245-0c821a8f614f.jpg\",\"datePublished\":\"2020-09-22T18:16:47+00:00\",\"dateModified\":\"2020-09-22T21:41:37+00:00\",\"breadcrumb\":{\"@id\":\"https:\/\/volcanes.net\/?p=8488#breadcrumb\"},\"inLanguage\":\"es\",\"potentialAction\":[{\"@type\":\"ReadAction\",\"target\":[\"https:\/\/volcanes.net\/?p=8488\"]}]},{\"@type\":\"ImageObject\",\"inLanguage\":\"es\",\"@id\":\"https:\/\/volcanes.net\/?p=8488#primaryimage\",\"url\":\"https:\/\/volcanes.net\/wp-content\/uploads\/2020\/09\/a53c2042-c012-43eb-8245-0c821a8f614f.jpg\",\"contentUrl\":\"https:\/\/volcanes.net\/wp-content\/uploads\/2020\/09\/a53c2042-c012-43eb-8245-0c821a8f614f.jpg\",\"width\":552,\"height\":367},{\"@type\":\"BreadcrumbList\",\"@id\":\"https:\/\/volcanes.net\/?p=8488#breadcrumb\",\"itemListElement\":[{\"@type\":\"ListItem\",\"position\":1,\"name\":\"Portada\",\"item\":\"https:\/\/volcanes.net\/\"},{\"@type\":\"ListItem\",\"position\":2,\"name\":\"Instalan lavamanos en Temamatla\"}]},{\"@type\":\"WebSite\",\"@id\":\"https:\/\/volcanes.net\/#website\",\"url\":\"https:\/\/volcanes.net\/\",\"name\":\"Volcanes.Net\",\"description\":\"Periodismo Profesional\",\"publisher\":{\"@id\":\"https:\/\/volcanes.net\/#organization\"},\"potentialAction\":[{\"@type\":\"SearchAction\",\"target\":{\"@type\":\"EntryPoint\",\"urlTemplate\":\"https:\/\/volcanes.net\/?s={search_term_string}\"},\"query-input\":{\"@type\":\"PropertyValueSpecification\",\"valueRequired\":true,\"valueName\":\"search_term_string\"}}],\"inLanguage\":\"es\"},{\"@type\":\"Organization\",\"@id\":\"https:\/\/volcanes.net\/#organization\",\"name\":\"Grupo Volcanes\",\"url\":\"https:\/\/volcanes.net\/\",\"logo\":{\"@type\":\"ImageObject\",\"inLanguage\":\"es\",\"@id\":\"https:\/\/volcanes.net\/#\/schema\/logo\/image\/\",\"url\":\"http:\/\/volcanes.net\/wp-content\/uploads\/2017\/12\/Avatar2.jpg\",\"contentUrl\":\"http:\/\/volcanes.net\/wp-content\/uploads\/2017\/12\/Avatar2.jpg\",\"width\":378,\"height\":378,\"caption\":\"Grupo Volcanes\"},\"image\":{\"@id\":\"https:\/\/volcanes.net\/#\/schema\/logo\/image\/\"},\"sameAs\":[\"https:\/\/www.facebook.com\/volcanes.net\/\"]},{\"@type\":\"Person\",\"@id\":\"https:\/\/volcanes.net\/#\/schema\/person\/4bf0f383940966a4abd53f5048c0e6b9\",\"name\":\"admin\",\"image\":{\"@type\":\"ImageObject\",\"inLanguage\":\"es\",\"@id\":\"https:\/\/volcanes.net\/#\/schema\/person\/image\/\",\"url\":\"https:\/\/secure.gravatar.com\/avatar\/ca004e6cba8462b8cb7abc86e382930c?s=96&d=mm&r=g\",\"contentUrl\":\"https:\/\/secure.gravatar.com\/avatar\/ca004e6cba8462b8cb7abc86e382930c?s=96&d=mm&r=g\",\"caption\":\"admin\"}}]}<\/script>\n<!-- \/ Yoast SEO plugin. -->","yoast_head_json":{"title":"Instalan lavamanos en Temamatla - Volcanes","robots":{"index":"index","follow":"follow","max-snippet":"max-snippet:-1","max-image-preview":"max-image-preview:large","max-video-preview":"max-video-preview:-1"},"canonical":"https:\/\/volcanes.net\/?p=8488","og_locale":"es_MX","og_type":"article","og_title":"Instalan lavamanos en Temamatla - Volcanes","og_description":"Temamatla, Estado de M\u00e9xico.- Para fortalecer medidas preventivas ante el COVID-19 el Gobierno del Estado","og_url":"https:\/\/volcanes.net\/?p=8488","og_site_name":"Volcanes","article_publisher":"https:\/\/www.facebook.com\/volcanes.net\/","article_published_time":"2020-09-22T18:16:47+00:00","article_modified_time":"2020-09-22T21:41:37+00:00","og_image":[{"width":552,"height":367,"url":"https:\/\/volcanes.net\/wp-content\/uploads\/2020\/09\/a53c2042-c012-43eb-8245-0c821a8f614f.jpg","type":"image\/jpeg"}],"author":"admin","twitter_card":"summary_large_image","twitter_misc":{"Escrito por":"admin","Tiempo de lectura":"1 minuto"},"schema":{"@context":"https:\/\/schema.org","@graph":[{"@type":"Article","@id":"https:\/\/volcanes.net\/?p=8488#article","isPartOf":{"@id":"https:\/\/volcanes.net\/?p=8488"},"author":{"name":"admin","@id":"https:\/\/volcanes.net\/#\/schema\/person\/4bf0f383940966a4abd53f5048c0e6b9"},"headline":"Instalan lavamanos en Temamatla","datePublished":"2020-09-22T18:16:47+00:00","dateModified":"2020-09-22T21:41:37+00:00","mainEntityOfPage":{"@id":"https:\/\/volcanes.net\/?p=8488"},"wordCount":261,"commentCount":0,"publisher":{"@id":"https:\/\/volcanes.net\/#organization"},"image":{"@id":"https:\/\/volcanes.net\/?p=8488#primaryimage"},"thumbnailUrl":"https:\/\/volcanes.net\/wp-content\/uploads\/2020\/09\/a53c2042-c012-43eb-8245-0c821a8f614f.jpg","keywords":["Temamatla"],"articleSection":["Municipales"],"inLanguage":"es","potentialAction":[{"@type":"CommentAction","name":"Comment","target":["https:\/\/volcanes.net\/?p=8488#respond"]}]},{"@type":"WebPage","@id":"https:\/\/volcanes.net\/?p=8488","url":"https:\/\/volcanes.net\/?p=8488","name":"Instalan lavamanos en Temamatla - Volcanes","isPartOf":{"@id":"https:\/\/volcanes.net\/#website"},"primaryImageOfPage":{"@id":"https:\/\/volcanes.net\/?p=8488#primaryimage"},"image":{"@id":"https:\/\/volcanes.net\/?p=8488#primaryimage"},"thumbnailUrl":"https:\/\/volcanes.net\/wp-content\/uploads\/2020\/09\/a53c2042-c012-43eb-8245-0c821a8f614f.jpg","datePublished":"2020-09-22T18:16:47+00:00","dateModified":"2020-09-22T21:41:37+00:00","breadcrumb":{"@id":"https:\/\/volcanes.net\/?p=8488#breadcrumb"},"inLanguage":"es","potentialAction":[{"@type":"ReadAction","target":["https:\/\/volcanes.net\/?p=8488"]}]},{"@type":"ImageObject","inLanguage":"es","@id":"https:\/\/volcanes.net\/?p=8488#primaryimage","url":"https:\/\/volcanes.net\/wp-content\/uploads\/2020\/09\/a53c2042-c012-43eb-8245-0c821a8f614f.jpg","contentUrl":"https:\/\/volcanes.net\/wp-content\/uploads\/2020\/09\/a53c2042-c012-43eb-8245-0c821a8f614f.jpg","width":552,"height":367},{"@type":"BreadcrumbList","@id":"https:\/\/volcanes.net\/?p=8488#breadcrumb","itemListElement":[{"@type":"ListItem","position":1,"name":"Portada","item":"https:\/\/volcanes.net\/"},{"@type":"ListItem","position":2,"name":"Instalan lavamanos en Temamatla"}]},{"@type":"WebSite","@id":"https:\/\/volcanes.net\/#website","url":"https:\/\/volcanes.net\/","name":"Volcanes.Net","description":"Periodismo Profesional","publisher":{"@id":"https:\/\/volcanes.net\/#organization"},"potentialAction":[{"@type":"SearchAction","target":{"@type":"EntryPoint","urlTemplate":"https:\/\/volcanes.net\/?s={search_term_string}"},"query-input":{"@type":"PropertyValueSpecification","valueRequired":true,"valueName":"search_term_string"}}],"inLanguage":"es"},{"@type":"Organization","@id":"https:\/\/volcanes.net\/#organization","name":"Grupo Volcanes","url":"https:\/\/volcanes.net\/","logo":{"@type":"ImageObject","inLanguage":"es","@id":"https:\/\/volcanes.net\/#\/schema\/logo\/image\/","url":"http:\/\/volcanes.net\/wp-content\/uploads\/2017\/12\/Avatar2.jpg","contentUrl":"http:\/\/volcanes.net\/wp-content\/uploads\/2017\/12\/Avatar2.jpg","width":378,"height":378,"caption":"Grupo Volcanes"},"image":{"@id":"https:\/\/volcanes.net\/#\/schema\/logo\/image\/"},"sameAs":["https:\/\/www.facebook.com\/volcanes.net\/"]},{"@type":"Person","@id":"https:\/\/volcanes.net\/#\/schema\/person\/4bf0f383940966a4abd53f5048c0e6b9","name":"admin","image":{"@type":"ImageObject","inLanguage":"es","@id":"https:\/\/volcanes.net\/#\/schema\/person\/image\/","url":"https:\/\/secure.gravatar.com\/avatar\/ca004e6cba8462b8cb7abc86e382930c?s=96&d=mm&r=g","contentUrl":"https:\/\/secure.gravatar.com\/avatar\/ca004e6cba8462b8cb7abc86e382930c?s=96&d=mm&r=g","caption":"admin"}}]}},"_links":{"self":[{"href":"https:\/\/volcanes.net\/index.php?rest_route=\/wp\/v2\/posts\/8488"}],"collection":[{"href":"https:\/\/volcanes.net\/index.php?rest_route=\/wp\/v2\/posts"}],"about":[{"href":"https:\/\/volcanes.net\/index.php?rest_route=\/wp\/v2\/types\/post"}],"author":[{"embeddable":true,"href":"https:\/\/volcanes.net\/index.php?rest_route=\/wp\/v2\/users\/1"}],"replies":[{"embeddable":true,"href":"https:\/\/volcanes.net\/index.php?rest_route=%2Fwp%2Fv2%2Fcomments&post=8488"}],"version-history":[{"count":2,"href":"https:\/\/volcanes.net\/index.php?rest_route=\/wp\/v2\/posts\/8488\/revisions"}],"predecessor-version":[{"id":8499,"href":"https:\/\/volcanes.net\/index.php?rest_route=\/wp\/v2\/posts\/8488\/revisions\/8499"}],"wp:featuredmedia":[{"embeddable":true,"href":"https:\/\/volcanes.net\/index.php?rest_route=\/wp\/v2\/media\/8489"}],"wp:attachment":[{"href":"https:\/\/volcanes.net\/index.php?rest_route=%2Fwp%2Fv2%2Fmedia&parent=8488"}],"wp:term":[{"taxonomy":"category","embeddable":true,"href":"https:\/\/volcanes.net\/index.php?rest_route=%2Fwp%2Fv2%2Fcategories&post=8488"},{"taxonomy":"post_tag","embeddable":true,"href":"https:\/\/volcanes.net\/index.php?rest_route=%2Fwp%2Fv2%2Ftags&post=8488"}],"curies":[{"name":"wp","href":"https:\/\/api.w.org\/{rel}","templated":true}]}}