{"id":8491,"date":"2020-09-22T12:21:25","date_gmt":"2020-09-22T18:21:25","guid":{"rendered":"http:\/\/volcanes.net\/?p=8491"},"modified":"2020-09-22T15:37:42","modified_gmt":"2020-09-22T21:37:42","slug":"detienen-a-sujeto-presuntamente-por-violar-a-una-mujer-con-discapacidad-en-tlalmanalco","status":"publish","type":"post","link":"https:\/\/volcanes.net\/?p=8491","title":{"rendered":"Detienen a sujeto presuntamente por violar a una mujer con discapacidad en Tlalmanalco"},"content":{"rendered":"<div style=\"margin-top: 0px; margin-bottom: 0px;\" class=\"sharethis-inline-share-buttons\" ><\/div><p>Tlalmanalco, Estado de M\u00e9xico.- Elementos de la Fiscal\u00eda Regional de Amecameca de la Fiscal\u00eda General de Justicia del Estado de M\u00e9xico detuvieron a un sujeto identificado como Carlos Fabi\u00e1n \u201cN\u201d, quien es investigado por su probable participaci\u00f3n en la violaci\u00f3n de su pareja sentimental, una mujer de 37 a\u00f1os, quien sufre discapacidad motriz.<\/p>\n<p>De acuerdo con las autoridades, la agresi\u00f3n sexual se registr\u00f3 el pasado 14 de septiembre, cuando ambos se encontraban en su domicilio en la colonia San Rafael, en dicho municipio mexiquense, pero en alg\u00fan momento este sujeto la habr\u00eda violado, aprovechando la discapacidad que padece la mujer.<\/p>\n<p>La v\u00edctima denunci\u00f3 los hechos ante esta situaci\u00f3n por lo que fue integrada una carpeta de investigaci\u00f3n respectiva, en tanto que elementos de la fiscal\u00eda estatal llevaron a cabo un operativo que permiti\u00f3 la detenci\u00f3n del probable part\u00edcipe.<\/p>\n<p>Este sujeto habr\u00eda ofrecido dinero a los servidores p\u00fablicos a cambio de no ser detenido, no obstante, fue presentado ante el agente del ministerio p\u00fablico, posteriormente fue remitido con un juez en el Centro Penitenciario y de Reinserci\u00f3n Social de Chalco, en donde se determinara su situaci\u00f3n legal.<\/p>\n<p>Cabe mencionar que al detenido se le debe considerar inocente hasta que se le dicte una sentencia condenatoria en su contra.<\/p>\n","protected":false},"excerpt":{"rendered":"<p>Tlalmanalco, Estado de M\u00e9xico.- Elementos de la Fiscal\u00eda Regional de Amecameca de la Fiscal\u00eda General<\/p>\n","protected":false},"author":1,"featured_media":8496,"comment_status":"open","ping_status":"open","sticky":false,"template":"","format":"standard","meta":{"footnotes":""},"categories":[1],"tags":[],"class_list":["post-8491","post","type-post","status-publish","format-standard","has-post-thumbnail","hentry","category-municipales"],"yoast_head":"<!-- This site is optimized with the Yoast SEO plugin v25.3 - https:\/\/yoast.com\/wordpress\/plugins\/seo\/ -->\n<title>Detienen a sujeto presuntamente por violar a una mujer con discapacidad en Tlalmanalco - Volcanes<\/title>\n<meta name=\"robots\" content=\"index, follow, max-snippet:-1, max-image-preview:large, max-video-preview:-1\" \/>\n<link rel=\"canonical\" href=\"https:\/\/volcanes.net\/?p=8491\" \/>\n<meta property=\"og:locale\" content=\"es_MX\" \/>\n<meta property=\"og:type\" content=\"article\" \/>\n<meta property=\"og:title\" content=\"Detienen a sujeto presuntamente por violar a una mujer con discapacidad en Tlalmanalco - Volcanes\" \/>\n<meta property=\"og:description\" content=\"Tlalmanalco, Estado de M\u00e9xico.- Elementos de la Fiscal\u00eda Regional de Amecameca de la Fiscal\u00eda General\" \/>\n<meta property=\"og:url\" content=\"https:\/\/volcanes.net\/?p=8491\" \/>\n<meta property=\"og:site_name\" content=\"Volcanes\" \/>\n<meta property=\"article:publisher\" content=\"https:\/\/www.facebook.com\/volcanes.net\/\" \/>\n<meta property=\"article:published_time\" content=\"2020-09-22T18:21:25+00:00\" \/>\n<meta property=\"article:modified_time\" content=\"2020-09-22T21:37:42+00:00\" \/>\n<meta property=\"og:image\" content=\"https:\/\/volcanes.net\/wp-content\/uploads\/2020\/09\/FB_IMG_1600798448209.jpg\" \/>\n\t<meta property=\"og:image:width\" content=\"500\" \/>\n\t<meta property=\"og:image:height\" content=\"685\" \/>\n\t<meta property=\"og:image:type\" content=\"image\/jpeg\" \/>\n<meta name=\"author\" content=\"admin\" \/>\n<meta name=\"twitter:card\" content=\"summary_large_image\" \/>\n<meta name=\"twitter:label1\" content=\"Escrito por\" \/>\n\t<meta name=\"twitter:data1\" content=\"admin\" \/>\n\t<meta name=\"twitter:label2\" content=\"Tiempo de lectura\" \/>\n\t<meta name=\"twitter:data2\" content=\"1 minuto\" \/>\n<script type=\"application\/ld+json\" class=\"yoast-schema-graph\">{\"@context\":\"https:\/\/schema.org\",\"@graph\":[{\"@type\":\"Article\",\"@id\":\"https:\/\/volcanes.net\/?p=8491#article\",\"isPartOf\":{\"@id\":\"https:\/\/volcanes.net\/?p=8491\"},\"author\":{\"name\":\"admin\",\"@id\":\"https:\/\/volcanes.net\/#\/schema\/person\/4bf0f383940966a4abd53f5048c0e6b9\"},\"headline\":\"Detienen a sujeto presuntamente por violar a una mujer con discapacidad en Tlalmanalco\",\"datePublished\":\"2020-09-22T18:21:25+00:00\",\"dateModified\":\"2020-09-22T21:37:42+00:00\",\"mainEntityOfPage\":{\"@id\":\"https:\/\/volcanes.net\/?p=8491\"},\"wordCount\":241,\"commentCount\":0,\"publisher\":{\"@id\":\"https:\/\/volcanes.net\/#organization\"},\"image\":{\"@id\":\"https:\/\/volcanes.net\/?p=8491#primaryimage\"},\"thumbnailUrl\":\"https:\/\/volcanes.net\/wp-content\/uploads\/2020\/09\/FB_IMG_1600798448209.jpg\",\"articleSection\":[\"Municipales\"],\"inLanguage\":\"es\",\"potentialAction\":[{\"@type\":\"CommentAction\",\"name\":\"Comment\",\"target\":[\"https:\/\/volcanes.net\/?p=8491#respond\"]}]},{\"@type\":\"WebPage\",\"@id\":\"https:\/\/volcanes.net\/?p=8491\",\"url\":\"https:\/\/volcanes.net\/?p=8491\",\"name\":\"Detienen a sujeto presuntamente por violar a una mujer con discapacidad en Tlalmanalco - Volcanes\",\"isPartOf\":{\"@id\":\"https:\/\/volcanes.net\/#website\"},\"primaryImageOfPage\":{\"@id\":\"https:\/\/volcanes.net\/?p=8491#primaryimage\"},\"image\":{\"@id\":\"https:\/\/volcanes.net\/?p=8491#primaryimage\"},\"thumbnailUrl\":\"https:\/\/volcanes.net\/wp-content\/uploads\/2020\/09\/FB_IMG_1600798448209.jpg\",\"datePublished\":\"2020-09-22T18:21:25+00:00\",\"dateModified\":\"2020-09-22T21:37:42+00:00\",\"breadcrumb\":{\"@id\":\"https:\/\/volcanes.net\/?p=8491#breadcrumb\"},\"inLanguage\":\"es\",\"potentialAction\":[{\"@type\":\"ReadAction\",\"target\":[\"https:\/\/volcanes.net\/?p=8491\"]}]},{\"@type\":\"ImageObject\",\"inLanguage\":\"es\",\"@id\":\"https:\/\/volcanes.net\/?p=8491#primaryimage\",\"url\":\"https:\/\/volcanes.net\/wp-content\/uploads\/2020\/09\/FB_IMG_1600798448209.jpg\",\"contentUrl\":\"https:\/\/volcanes.net\/wp-content\/uploads\/2020\/09\/FB_IMG_1600798448209.jpg\",\"width\":500,\"height\":685},{\"@type\":\"BreadcrumbList\",\"@id\":\"https:\/\/volcanes.net\/?p=8491#breadcrumb\",\"itemListElement\":[{\"@type\":\"ListItem\",\"position\":1,\"name\":\"Portada\",\"item\":\"https:\/\/volcanes.net\/\"},{\"@type\":\"ListItem\",\"position\":2,\"name\":\"Detienen a sujeto presuntamente por violar a una mujer con discapacidad en Tlalmanalco\"}]},{\"@type\":\"WebSite\",\"@id\":\"https:\/\/volcanes.net\/#website\",\"url\":\"https:\/\/volcanes.net\/\",\"name\":\"Volcanes.Net\",\"description\":\"Periodismo Profesional\",\"publisher\":{\"@id\":\"https:\/\/volcanes.net\/#organization\"},\"potentialAction\":[{\"@type\":\"SearchAction\",\"target\":{\"@type\":\"EntryPoint\",\"urlTemplate\":\"https:\/\/volcanes.net\/?s={search_term_string}\"},\"query-input\":{\"@type\":\"PropertyValueSpecification\",\"valueRequired\":true,\"valueName\":\"search_term_string\"}}],\"inLanguage\":\"es\"},{\"@type\":\"Organization\",\"@id\":\"https:\/\/volcanes.net\/#organization\",\"name\":\"Grupo Volcanes\",\"url\":\"https:\/\/volcanes.net\/\",\"logo\":{\"@type\":\"ImageObject\",\"inLanguage\":\"es\",\"@id\":\"https:\/\/volcanes.net\/#\/schema\/logo\/image\/\",\"url\":\"http:\/\/volcanes.net\/wp-content\/uploads\/2017\/12\/Avatar2.jpg\",\"contentUrl\":\"http:\/\/volcanes.net\/wp-content\/uploads\/2017\/12\/Avatar2.jpg\",\"width\":378,\"height\":378,\"caption\":\"Grupo Volcanes\"},\"image\":{\"@id\":\"https:\/\/volcanes.net\/#\/schema\/logo\/image\/\"},\"sameAs\":[\"https:\/\/www.facebook.com\/volcanes.net\/\"]},{\"@type\":\"Person\",\"@id\":\"https:\/\/volcanes.net\/#\/schema\/person\/4bf0f383940966a4abd53f5048c0e6b9\",\"name\":\"admin\",\"image\":{\"@type\":\"ImageObject\",\"inLanguage\":\"es\",\"@id\":\"https:\/\/volcanes.net\/#\/schema\/person\/image\/\",\"url\":\"https:\/\/secure.gravatar.com\/avatar\/ca004e6cba8462b8cb7abc86e382930c?s=96&d=mm&r=g\",\"contentUrl\":\"https:\/\/secure.gravatar.com\/avatar\/ca004e6cba8462b8cb7abc86e382930c?s=96&d=mm&r=g\",\"caption\":\"admin\"}}]}<\/script>\n<!-- \/ Yoast SEO plugin. -->","yoast_head_json":{"title":"Detienen a sujeto presuntamente por violar a una mujer con discapacidad en Tlalmanalco - Volcanes","robots":{"index":"index","follow":"follow","max-snippet":"max-snippet:-1","max-image-preview":"max-image-preview:large","max-video-preview":"max-video-preview:-1"},"canonical":"https:\/\/volcanes.net\/?p=8491","og_locale":"es_MX","og_type":"article","og_title":"Detienen a sujeto presuntamente por violar a una mujer con discapacidad en Tlalmanalco - Volcanes","og_description":"Tlalmanalco, Estado de M\u00e9xico.- Elementos de la Fiscal\u00eda Regional de Amecameca de la Fiscal\u00eda General","og_url":"https:\/\/volcanes.net\/?p=8491","og_site_name":"Volcanes","article_publisher":"https:\/\/www.facebook.com\/volcanes.net\/","article_published_time":"2020-09-22T18:21:25+00:00","article_modified_time":"2020-09-22T21:37:42+00:00","og_image":[{"width":500,"height":685,"url":"https:\/\/volcanes.net\/wp-content\/uploads\/2020\/09\/FB_IMG_1600798448209.jpg","type":"image\/jpeg"}],"author":"admin","twitter_card":"summary_large_image","twitter_misc":{"Escrito por":"admin","Tiempo de lectura":"1 minuto"},"schema":{"@context":"https:\/\/schema.org","@graph":[{"@type":"Article","@id":"https:\/\/volcanes.net\/?p=8491#article","isPartOf":{"@id":"https:\/\/volcanes.net\/?p=8491"},"author":{"name":"admin","@id":"https:\/\/volcanes.net\/#\/schema\/person\/4bf0f383940966a4abd53f5048c0e6b9"},"headline":"Detienen a sujeto presuntamente por violar a una mujer con discapacidad en Tlalmanalco","datePublished":"2020-09-22T18:21:25+00:00","dateModified":"2020-09-22T21:37:42+00:00","mainEntityOfPage":{"@id":"https:\/\/volcanes.net\/?p=8491"},"wordCount":241,"commentCount":0,"publisher":{"@id":"https:\/\/volcanes.net\/#organization"},"image":{"@id":"https:\/\/volcanes.net\/?p=8491#primaryimage"},"thumbnailUrl":"https:\/\/volcanes.net\/wp-content\/uploads\/2020\/09\/FB_IMG_1600798448209.jpg","articleSection":["Municipales"],"inLanguage":"es","potentialAction":[{"@type":"CommentAction","name":"Comment","target":["https:\/\/volcanes.net\/?p=8491#respond"]}]},{"@type":"WebPage","@id":"https:\/\/volcanes.net\/?p=8491","url":"https:\/\/volcanes.net\/?p=8491","name":"Detienen a sujeto presuntamente por violar a una mujer con discapacidad en Tlalmanalco - Volcanes","isPartOf":{"@id":"https:\/\/volcanes.net\/#website"},"primaryImageOfPage":{"@id":"https:\/\/volcanes.net\/?p=8491#primaryimage"},"image":{"@id":"https:\/\/volcanes.net\/?p=8491#primaryimage"},"thumbnailUrl":"https:\/\/volcanes.net\/wp-content\/uploads\/2020\/09\/FB_IMG_1600798448209.jpg","datePublished":"2020-09-22T18:21:25+00:00","dateModified":"2020-09-22T21:37:42+00:00","breadcrumb":{"@id":"https:\/\/volcanes.net\/?p=8491#breadcrumb"},"inLanguage":"es","potentialAction":[{"@type":"ReadAction","target":["https:\/\/volcanes.net\/?p=8491"]}]},{"@type":"ImageObject","inLanguage":"es","@id":"https:\/\/volcanes.net\/?p=8491#primaryimage","url":"https:\/\/volcanes.net\/wp-content\/uploads\/2020\/09\/FB_IMG_1600798448209.jpg","contentUrl":"https:\/\/volcanes.net\/wp-content\/uploads\/2020\/09\/FB_IMG_1600798448209.jpg","width":500,"height":685},{"@type":"BreadcrumbList","@id":"https:\/\/volcanes.net\/?p=8491#breadcrumb","itemListElement":[{"@type":"ListItem","position":1,"name":"Portada","item":"https:\/\/volcanes.net\/"},{"@type":"ListItem","position":2,"name":"Detienen a sujeto presuntamente por violar a una mujer con discapacidad en Tlalmanalco"}]},{"@type":"WebSite","@id":"https:\/\/volcanes.net\/#website","url":"https:\/\/volcanes.net\/","name":"Volcanes.Net","description":"Periodismo Profesional","publisher":{"@id":"https:\/\/volcanes.net\/#organization"},"potentialAction":[{"@type":"SearchAction","target":{"@type":"EntryPoint","urlTemplate":"https:\/\/volcanes.net\/?s={search_term_string}"},"query-input":{"@type":"PropertyValueSpecification","valueRequired":true,"valueName":"search_term_string"}}],"inLanguage":"es"},{"@type":"Organization","@id":"https:\/\/volcanes.net\/#organization","name":"Grupo Volcanes","url":"https:\/\/volcanes.net\/","logo":{"@type":"ImageObject","inLanguage":"es","@id":"https:\/\/volcanes.net\/#\/schema\/logo\/image\/","url":"http:\/\/volcanes.net\/wp-content\/uploads\/2017\/12\/Avatar2.jpg","contentUrl":"http:\/\/volcanes.net\/wp-content\/uploads\/2017\/12\/Avatar2.jpg","width":378,"height":378,"caption":"Grupo Volcanes"},"image":{"@id":"https:\/\/volcanes.net\/#\/schema\/logo\/image\/"},"sameAs":["https:\/\/www.facebook.com\/volcanes.net\/"]},{"@type":"Person","@id":"https:\/\/volcanes.net\/#\/schema\/person\/4bf0f383940966a4abd53f5048c0e6b9","name":"admin","image":{"@type":"ImageObject","inLanguage":"es","@id":"https:\/\/volcanes.net\/#\/schema\/person\/image\/","url":"https:\/\/secure.gravatar.com\/avatar\/ca004e6cba8462b8cb7abc86e382930c?s=96&d=mm&r=g","contentUrl":"https:\/\/secure.gravatar.com\/avatar\/ca004e6cba8462b8cb7abc86e382930c?s=96&d=mm&r=g","caption":"admin"}}]}},"_links":{"self":[{"href":"https:\/\/volcanes.net\/index.php?rest_route=\/wp\/v2\/posts\/8491"}],"collection":[{"href":"https:\/\/volcanes.net\/index.php?rest_route=\/wp\/v2\/posts"}],"about":[{"href":"https:\/\/volcanes.net\/index.php?rest_route=\/wp\/v2\/types\/post"}],"author":[{"embeddable":true,"href":"https:\/\/volcanes.net\/index.php?rest_route=\/wp\/v2\/users\/1"}],"replies":[{"embeddable":true,"href":"https:\/\/volcanes.net\/index.php?rest_route=%2Fwp%2Fv2%2Fcomments&post=8491"}],"version-history":[{"count":3,"href":"https:\/\/volcanes.net\/index.php?rest_route=\/wp\/v2\/posts\/8491\/revisions"}],"predecessor-version":[{"id":8498,"href":"https:\/\/volcanes.net\/index.php?rest_route=\/wp\/v2\/posts\/8491\/revisions\/8498"}],"wp:featuredmedia":[{"embeddable":true,"href":"https:\/\/volcanes.net\/index.php?rest_route=\/wp\/v2\/media\/8496"}],"wp:attachment":[{"href":"https:\/\/volcanes.net\/index.php?rest_route=%2Fwp%2Fv2%2Fmedia&parent=8491"}],"wp:term":[{"taxonomy":"category","embeddable":true,"href":"https:\/\/volcanes.net\/index.php?rest_route=%2Fwp%2Fv2%2Fcategories&post=8491"},{"taxonomy":"post_tag","embeddable":true,"href":"https:\/\/volcanes.net\/index.php?rest_route=%2Fwp%2Fv2%2Ftags&post=8491"}],"curies":[{"name":"wp","href":"https:\/\/api.w.org\/{rel}","templated":true}]}}