{"id":8523,"date":"2020-09-24T07:45:36","date_gmt":"2020-09-24T13:45:36","guid":{"rendered":"http:\/\/volcanes.net\/?p=8523"},"modified":"2020-09-24T15:33:34","modified_gmt":"2020-09-24T21:33:34","slug":"mujer-da-a-luz-en-una-unidad-de-transporte-publico-en-ixtapaluca","status":"publish","type":"post","link":"https:\/\/volcanes.net\/?p=8523","title":{"rendered":"Mujer da a luz en una unidad de transporte p\u00fablico en Ixtapaluca"},"content":{"rendered":"<div style=\"margin-top: 0px; margin-bottom: 0px;\" class=\"sharethis-inline-share-buttons\" ><\/div><p>Ixtapaluca, Estado de M\u00e9xico.- En una unidad de transporte p\u00fablico que circulaba por la colonia Melchor Ocampo, en Ixtapaluca una mujer de 22 a\u00f1os dio a luz a un var\u00f3n.<\/p>\n<p class=\"has-text-align-justify\">De acuerdo con datos de la direcci\u00f3n de Seguridad Ciudadana de este municipio, la ma\u00f1ana de este mi\u00e9rcoles Sandra Ju\u00e1rez acompa\u00f1ada de su madre abord\u00f3 una camioneta d\u00f3nde comenz\u00f3 a sentir los dolores de parto, por lo que sus familiares solicitaron el apoyo de param\u00e9dicos de esta localidad, quienes auxiliaron a la joven.<\/p>\n<p>Madre e hijo fueron trasladados al Hospital Pedro L\u00f3pez, donde se reportan estables.<\/p>\n","protected":false},"excerpt":{"rendered":"<p>Ixtapaluca, Estado de M\u00e9xico.- En una unidad de transporte p\u00fablico que circulaba por la colonia<\/p>\n","protected":false},"author":1,"featured_media":8524,"comment_status":"open","ping_status":"open","sticky":false,"template":"","format":"standard","meta":{"footnotes":""},"categories":[1],"tags":[6],"class_list":["post-8523","post","type-post","status-publish","format-standard","has-post-thumbnail","hentry","category-municipales","tag-ixtapaluca"],"yoast_head":"<!-- This site is optimized with the Yoast SEO plugin v25.3 - https:\/\/yoast.com\/wordpress\/plugins\/seo\/ -->\n<title>Mujer da a luz en una unidad de transporte p\u00fablico en Ixtapaluca - Volcanes<\/title>\n<meta name=\"robots\" content=\"index, follow, max-snippet:-1, max-image-preview:large, max-video-preview:-1\" \/>\n<link rel=\"canonical\" href=\"https:\/\/volcanes.net\/?p=8523\" \/>\n<meta property=\"og:locale\" content=\"es_MX\" \/>\n<meta property=\"og:type\" content=\"article\" \/>\n<meta property=\"og:title\" content=\"Mujer da a luz en una unidad de transporte p\u00fablico en Ixtapaluca - Volcanes\" \/>\n<meta property=\"og:description\" content=\"Ixtapaluca, Estado de M\u00e9xico.- En una unidad de transporte p\u00fablico que circulaba por la colonia\" \/>\n<meta property=\"og:url\" content=\"https:\/\/volcanes.net\/?p=8523\" \/>\n<meta property=\"og:site_name\" content=\"Volcanes\" \/>\n<meta property=\"article:publisher\" content=\"https:\/\/www.facebook.com\/volcanes.net\/\" \/>\n<meta property=\"article:published_time\" content=\"2020-09-24T13:45:36+00:00\" \/>\n<meta property=\"article:modified_time\" content=\"2020-09-24T21:33:34+00:00\" \/>\n<meta property=\"og:image\" content=\"https:\/\/volcanes.net\/wp-content\/uploads\/2020\/09\/WhatsApp-Image-2020-09-23-at-15.17.39-1.jpeg\" \/>\n\t<meta property=\"og:image:width\" content=\"1280\" \/>\n\t<meta property=\"og:image:height\" content=\"960\" \/>\n\t<meta property=\"og:image:type\" content=\"image\/jpeg\" \/>\n<meta name=\"author\" content=\"admin\" \/>\n<meta name=\"twitter:card\" content=\"summary_large_image\" \/>\n<meta name=\"twitter:label1\" content=\"Escrito por\" \/>\n\t<meta name=\"twitter:data1\" content=\"admin\" \/>\n\t<meta name=\"twitter:label2\" content=\"Tiempo de lectura\" \/>\n\t<meta name=\"twitter:data2\" content=\"1 minuto\" \/>\n<script type=\"application\/ld+json\" class=\"yoast-schema-graph\">{\"@context\":\"https:\/\/schema.org\",\"@graph\":[{\"@type\":\"Article\",\"@id\":\"https:\/\/volcanes.net\/?p=8523#article\",\"isPartOf\":{\"@id\":\"https:\/\/volcanes.net\/?p=8523\"},\"author\":{\"name\":\"admin\",\"@id\":\"https:\/\/volcanes.net\/#\/schema\/person\/4bf0f383940966a4abd53f5048c0e6b9\"},\"headline\":\"Mujer da a luz en una unidad de transporte p\u00fablico en Ixtapaluca\",\"datePublished\":\"2020-09-24T13:45:36+00:00\",\"dateModified\":\"2020-09-24T21:33:34+00:00\",\"mainEntityOfPage\":{\"@id\":\"https:\/\/volcanes.net\/?p=8523\"},\"wordCount\":121,\"commentCount\":0,\"publisher\":{\"@id\":\"https:\/\/volcanes.net\/#organization\"},\"image\":{\"@id\":\"https:\/\/volcanes.net\/?p=8523#primaryimage\"},\"thumbnailUrl\":\"https:\/\/volcanes.net\/wp-content\/uploads\/2020\/09\/WhatsApp-Image-2020-09-23-at-15.17.39-1.jpeg\",\"keywords\":[\"Ixtapaluca\"],\"articleSection\":[\"Municipales\"],\"inLanguage\":\"es\",\"potentialAction\":[{\"@type\":\"CommentAction\",\"name\":\"Comment\",\"target\":[\"https:\/\/volcanes.net\/?p=8523#respond\"]}]},{\"@type\":\"WebPage\",\"@id\":\"https:\/\/volcanes.net\/?p=8523\",\"url\":\"https:\/\/volcanes.net\/?p=8523\",\"name\":\"Mujer da a luz en una unidad de transporte p\u00fablico en Ixtapaluca - Volcanes\",\"isPartOf\":{\"@id\":\"https:\/\/volcanes.net\/#website\"},\"primaryImageOfPage\":{\"@id\":\"https:\/\/volcanes.net\/?p=8523#primaryimage\"},\"image\":{\"@id\":\"https:\/\/volcanes.net\/?p=8523#primaryimage\"},\"thumbnailUrl\":\"https:\/\/volcanes.net\/wp-content\/uploads\/2020\/09\/WhatsApp-Image-2020-09-23-at-15.17.39-1.jpeg\",\"datePublished\":\"2020-09-24T13:45:36+00:00\",\"dateModified\":\"2020-09-24T21:33:34+00:00\",\"breadcrumb\":{\"@id\":\"https:\/\/volcanes.net\/?p=8523#breadcrumb\"},\"inLanguage\":\"es\",\"potentialAction\":[{\"@type\":\"ReadAction\",\"target\":[\"https:\/\/volcanes.net\/?p=8523\"]}]},{\"@type\":\"ImageObject\",\"inLanguage\":\"es\",\"@id\":\"https:\/\/volcanes.net\/?p=8523#primaryimage\",\"url\":\"https:\/\/volcanes.net\/wp-content\/uploads\/2020\/09\/WhatsApp-Image-2020-09-23-at-15.17.39-1.jpeg\",\"contentUrl\":\"https:\/\/volcanes.net\/wp-content\/uploads\/2020\/09\/WhatsApp-Image-2020-09-23-at-15.17.39-1.jpeg\",\"width\":1280,\"height\":960},{\"@type\":\"BreadcrumbList\",\"@id\":\"https:\/\/volcanes.net\/?p=8523#breadcrumb\",\"itemListElement\":[{\"@type\":\"ListItem\",\"position\":1,\"name\":\"Portada\",\"item\":\"https:\/\/volcanes.net\/\"},{\"@type\":\"ListItem\",\"position\":2,\"name\":\"Mujer da a luz en una unidad de transporte p\u00fablico en Ixtapaluca\"}]},{\"@type\":\"WebSite\",\"@id\":\"https:\/\/volcanes.net\/#website\",\"url\":\"https:\/\/volcanes.net\/\",\"name\":\"Volcanes.Net\",\"description\":\"Periodismo Profesional\",\"publisher\":{\"@id\":\"https:\/\/volcanes.net\/#organization\"},\"potentialAction\":[{\"@type\":\"SearchAction\",\"target\":{\"@type\":\"EntryPoint\",\"urlTemplate\":\"https:\/\/volcanes.net\/?s={search_term_string}\"},\"query-input\":{\"@type\":\"PropertyValueSpecification\",\"valueRequired\":true,\"valueName\":\"search_term_string\"}}],\"inLanguage\":\"es\"},{\"@type\":\"Organization\",\"@id\":\"https:\/\/volcanes.net\/#organization\",\"name\":\"Grupo Volcanes\",\"url\":\"https:\/\/volcanes.net\/\",\"logo\":{\"@type\":\"ImageObject\",\"inLanguage\":\"es\",\"@id\":\"https:\/\/volcanes.net\/#\/schema\/logo\/image\/\",\"url\":\"http:\/\/volcanes.net\/wp-content\/uploads\/2017\/12\/Avatar2.jpg\",\"contentUrl\":\"http:\/\/volcanes.net\/wp-content\/uploads\/2017\/12\/Avatar2.jpg\",\"width\":378,\"height\":378,\"caption\":\"Grupo Volcanes\"},\"image\":{\"@id\":\"https:\/\/volcanes.net\/#\/schema\/logo\/image\/\"},\"sameAs\":[\"https:\/\/www.facebook.com\/volcanes.net\/\"]},{\"@type\":\"Person\",\"@id\":\"https:\/\/volcanes.net\/#\/schema\/person\/4bf0f383940966a4abd53f5048c0e6b9\",\"name\":\"admin\",\"image\":{\"@type\":\"ImageObject\",\"inLanguage\":\"es\",\"@id\":\"https:\/\/volcanes.net\/#\/schema\/person\/image\/\",\"url\":\"https:\/\/secure.gravatar.com\/avatar\/ca004e6cba8462b8cb7abc86e382930c?s=96&d=mm&r=g\",\"contentUrl\":\"https:\/\/secure.gravatar.com\/avatar\/ca004e6cba8462b8cb7abc86e382930c?s=96&d=mm&r=g\",\"caption\":\"admin\"}}]}<\/script>\n<!-- \/ Yoast SEO plugin. -->","yoast_head_json":{"title":"Mujer da a luz en una unidad de transporte p\u00fablico en Ixtapaluca - Volcanes","robots":{"index":"index","follow":"follow","max-snippet":"max-snippet:-1","max-image-preview":"max-image-preview:large","max-video-preview":"max-video-preview:-1"},"canonical":"https:\/\/volcanes.net\/?p=8523","og_locale":"es_MX","og_type":"article","og_title":"Mujer da a luz en una unidad de transporte p\u00fablico en Ixtapaluca - Volcanes","og_description":"Ixtapaluca, Estado de M\u00e9xico.- En una unidad de transporte p\u00fablico que circulaba por la colonia","og_url":"https:\/\/volcanes.net\/?p=8523","og_site_name":"Volcanes","article_publisher":"https:\/\/www.facebook.com\/volcanes.net\/","article_published_time":"2020-09-24T13:45:36+00:00","article_modified_time":"2020-09-24T21:33:34+00:00","og_image":[{"width":1280,"height":960,"url":"https:\/\/volcanes.net\/wp-content\/uploads\/2020\/09\/WhatsApp-Image-2020-09-23-at-15.17.39-1.jpeg","type":"image\/jpeg"}],"author":"admin","twitter_card":"summary_large_image","twitter_misc":{"Escrito por":"admin","Tiempo de lectura":"1 minuto"},"schema":{"@context":"https:\/\/schema.org","@graph":[{"@type":"Article","@id":"https:\/\/volcanes.net\/?p=8523#article","isPartOf":{"@id":"https:\/\/volcanes.net\/?p=8523"},"author":{"name":"admin","@id":"https:\/\/volcanes.net\/#\/schema\/person\/4bf0f383940966a4abd53f5048c0e6b9"},"headline":"Mujer da a luz en una unidad de transporte p\u00fablico en Ixtapaluca","datePublished":"2020-09-24T13:45:36+00:00","dateModified":"2020-09-24T21:33:34+00:00","mainEntityOfPage":{"@id":"https:\/\/volcanes.net\/?p=8523"},"wordCount":121,"commentCount":0,"publisher":{"@id":"https:\/\/volcanes.net\/#organization"},"image":{"@id":"https:\/\/volcanes.net\/?p=8523#primaryimage"},"thumbnailUrl":"https:\/\/volcanes.net\/wp-content\/uploads\/2020\/09\/WhatsApp-Image-2020-09-23-at-15.17.39-1.jpeg","keywords":["Ixtapaluca"],"articleSection":["Municipales"],"inLanguage":"es","potentialAction":[{"@type":"CommentAction","name":"Comment","target":["https:\/\/volcanes.net\/?p=8523#respond"]}]},{"@type":"WebPage","@id":"https:\/\/volcanes.net\/?p=8523","url":"https:\/\/volcanes.net\/?p=8523","name":"Mujer da a luz en una unidad de transporte p\u00fablico en Ixtapaluca - Volcanes","isPartOf":{"@id":"https:\/\/volcanes.net\/#website"},"primaryImageOfPage":{"@id":"https:\/\/volcanes.net\/?p=8523#primaryimage"},"image":{"@id":"https:\/\/volcanes.net\/?p=8523#primaryimage"},"thumbnailUrl":"https:\/\/volcanes.net\/wp-content\/uploads\/2020\/09\/WhatsApp-Image-2020-09-23-at-15.17.39-1.jpeg","datePublished":"2020-09-24T13:45:36+00:00","dateModified":"2020-09-24T21:33:34+00:00","breadcrumb":{"@id":"https:\/\/volcanes.net\/?p=8523#breadcrumb"},"inLanguage":"es","potentialAction":[{"@type":"ReadAction","target":["https:\/\/volcanes.net\/?p=8523"]}]},{"@type":"ImageObject","inLanguage":"es","@id":"https:\/\/volcanes.net\/?p=8523#primaryimage","url":"https:\/\/volcanes.net\/wp-content\/uploads\/2020\/09\/WhatsApp-Image-2020-09-23-at-15.17.39-1.jpeg","contentUrl":"https:\/\/volcanes.net\/wp-content\/uploads\/2020\/09\/WhatsApp-Image-2020-09-23-at-15.17.39-1.jpeg","width":1280,"height":960},{"@type":"BreadcrumbList","@id":"https:\/\/volcanes.net\/?p=8523#breadcrumb","itemListElement":[{"@type":"ListItem","position":1,"name":"Portada","item":"https:\/\/volcanes.net\/"},{"@type":"ListItem","position":2,"name":"Mujer da a luz en una unidad de transporte p\u00fablico en Ixtapaluca"}]},{"@type":"WebSite","@id":"https:\/\/volcanes.net\/#website","url":"https:\/\/volcanes.net\/","name":"Volcanes.Net","description":"Periodismo Profesional","publisher":{"@id":"https:\/\/volcanes.net\/#organization"},"potentialAction":[{"@type":"SearchAction","target":{"@type":"EntryPoint","urlTemplate":"https:\/\/volcanes.net\/?s={search_term_string}"},"query-input":{"@type":"PropertyValueSpecification","valueRequired":true,"valueName":"search_term_string"}}],"inLanguage":"es"},{"@type":"Organization","@id":"https:\/\/volcanes.net\/#organization","name":"Grupo Volcanes","url":"https:\/\/volcanes.net\/","logo":{"@type":"ImageObject","inLanguage":"es","@id":"https:\/\/volcanes.net\/#\/schema\/logo\/image\/","url":"http:\/\/volcanes.net\/wp-content\/uploads\/2017\/12\/Avatar2.jpg","contentUrl":"http:\/\/volcanes.net\/wp-content\/uploads\/2017\/12\/Avatar2.jpg","width":378,"height":378,"caption":"Grupo Volcanes"},"image":{"@id":"https:\/\/volcanes.net\/#\/schema\/logo\/image\/"},"sameAs":["https:\/\/www.facebook.com\/volcanes.net\/"]},{"@type":"Person","@id":"https:\/\/volcanes.net\/#\/schema\/person\/4bf0f383940966a4abd53f5048c0e6b9","name":"admin","image":{"@type":"ImageObject","inLanguage":"es","@id":"https:\/\/volcanes.net\/#\/schema\/person\/image\/","url":"https:\/\/secure.gravatar.com\/avatar\/ca004e6cba8462b8cb7abc86e382930c?s=96&d=mm&r=g","contentUrl":"https:\/\/secure.gravatar.com\/avatar\/ca004e6cba8462b8cb7abc86e382930c?s=96&d=mm&r=g","caption":"admin"}}]}},"_links":{"self":[{"href":"https:\/\/volcanes.net\/index.php?rest_route=\/wp\/v2\/posts\/8523"}],"collection":[{"href":"https:\/\/volcanes.net\/index.php?rest_route=\/wp\/v2\/posts"}],"about":[{"href":"https:\/\/volcanes.net\/index.php?rest_route=\/wp\/v2\/types\/post"}],"author":[{"embeddable":true,"href":"https:\/\/volcanes.net\/index.php?rest_route=\/wp\/v2\/users\/1"}],"replies":[{"embeddable":true,"href":"https:\/\/volcanes.net\/index.php?rest_route=%2Fwp%2Fv2%2Fcomments&post=8523"}],"version-history":[{"count":2,"href":"https:\/\/volcanes.net\/index.php?rest_route=\/wp\/v2\/posts\/8523\/revisions"}],"predecessor-version":[{"id":8553,"href":"https:\/\/volcanes.net\/index.php?rest_route=\/wp\/v2\/posts\/8523\/revisions\/8553"}],"wp:featuredmedia":[{"embeddable":true,"href":"https:\/\/volcanes.net\/index.php?rest_route=\/wp\/v2\/media\/8524"}],"wp:attachment":[{"href":"https:\/\/volcanes.net\/index.php?rest_route=%2Fwp%2Fv2%2Fmedia&parent=8523"}],"wp:term":[{"taxonomy":"category","embeddable":true,"href":"https:\/\/volcanes.net\/index.php?rest_route=%2Fwp%2Fv2%2Fcategories&post=8523"},{"taxonomy":"post_tag","embeddable":true,"href":"https:\/\/volcanes.net\/index.php?rest_route=%2Fwp%2Fv2%2Ftags&post=8523"}],"curies":[{"name":"wp","href":"https:\/\/api.w.org\/{rel}","templated":true}]}}