{"id":8535,"date":"2020-09-24T10:50:03","date_gmt":"2020-09-24T16:50:03","guid":{"rendered":"http:\/\/volcanes.net\/?p=8535"},"modified":"2020-09-24T16:26:48","modified_gmt":"2020-09-24T22:26:48","slug":"pvem-realiza-gira-de-trabajo-en-la-zona-volcanes","status":"publish","type":"post","link":"https:\/\/volcanes.net\/?p=8535","title":{"rendered":"PVEM realiza gira de trabajo en la Zona Volcanes"},"content":{"rendered":"<div style=\"margin-top: 0px; margin-bottom: 0px;\" class=\"sharethis-inline-share-buttons\" ><\/div><p>Natalia Hern\u00e1ndez | Volcanes Multimedios<\/p>\n<p>Este mi\u00e9rcoles 23 de septiembre Pepe Couttolenc, Diputado y Secretario General del PVEM del Estado de M\u00e9xico realiz\u00f3 una gira de trabajo en la Zona Volcanes, en donde refrend\u00f3 su compromiso y su apoyo.<\/p>\n<p>En donde coment\u00f3 que su partido ha quitado la afiliaci\u00f3n de los malos gobiernos que pidieron votos a trav\u00e9s del partido verde, adem\u00e1s de que recalc\u00f3, que hasta el momento han cumplido gran parte de sus compromiso y que no se han olvidado de los personas que les han brindado el apoyo.<\/p>\n<p>Por lo que contin\u00faan saliendo a las calles refrendando su compromiso e informando a la ciudadan\u00eda que est\u00e1n para servirles, ya que los pol\u00edticos \u00fanicamente se acuerdan de las personas que los apoyaron cuando est\u00e1n en campa\u00f1a, sin embargo,\u00a0 Pepe Couttolenc considera que se debe de trabajar 24\/7, por lo que ellos se estar\u00e1n comprometiendo y haciendo el PVEM.<\/p>\n<p>Couttolenc, menciona que la educaci\u00f3n es la base de todo desarrollo y que de nada sirve que existan programas existenciales si las personas se quedan en el mismo escalaf\u00f3n, por lo que la \u00fanica manera de salir adelante es a trav\u00e9s de mejores decisiones y eso tienen que ver con el estudio, acci\u00f3n que el PVEM acercara a todos los mexiquenses.<\/p>\n<p>https:\/\/www.facebook.com\/109414100442855\/posts\/372540954130167\/<\/p>\n","protected":false},"excerpt":{"rendered":"<p>Natalia Hern\u00e1ndez | Volcanes Multimedios Este mi\u00e9rcoles 23 de septiembre Pepe Couttolenc, Diputado y Secretario<\/p>\n","protected":false},"author":1,"featured_media":8536,"comment_status":"open","ping_status":"open","sticky":false,"template":"","format":"standard","meta":{"footnotes":""},"categories":[1],"tags":[206],"class_list":["post-8535","post","type-post","status-publish","format-standard","has-post-thumbnail","hentry","category-municipales","tag-zona-volcanes"],"yoast_head":"<!-- This site is optimized with the Yoast SEO plugin v25.3 - https:\/\/yoast.com\/wordpress\/plugins\/seo\/ -->\n<title>PVEM realiza gira de trabajo en la Zona Volcanes - Volcanes<\/title>\n<meta name=\"robots\" content=\"index, follow, max-snippet:-1, max-image-preview:large, max-video-preview:-1\" \/>\n<link rel=\"canonical\" href=\"https:\/\/volcanes.net\/?p=8535\" \/>\n<meta property=\"og:locale\" content=\"es_MX\" \/>\n<meta property=\"og:type\" content=\"article\" \/>\n<meta property=\"og:title\" content=\"PVEM realiza gira de trabajo en la Zona Volcanes - Volcanes\" \/>\n<meta property=\"og:description\" content=\"Natalia Hern\u00e1ndez | Volcanes Multimedios Este mi\u00e9rcoles 23 de septiembre Pepe Couttolenc, Diputado y Secretario\" \/>\n<meta property=\"og:url\" content=\"https:\/\/volcanes.net\/?p=8535\" \/>\n<meta property=\"og:site_name\" content=\"Volcanes\" \/>\n<meta property=\"article:publisher\" content=\"https:\/\/www.facebook.com\/volcanes.net\/\" \/>\n<meta property=\"article:published_time\" content=\"2020-09-24T16:50:03+00:00\" \/>\n<meta property=\"article:modified_time\" content=\"2020-09-24T22:26:48+00:00\" \/>\n<meta property=\"og:image\" content=\"https:\/\/volcanes.net\/wp-content\/uploads\/2020\/09\/547b1594-918f-499f-9351-2ba17787551b.jpg\" \/>\n\t<meta property=\"og:image:width\" content=\"552\" \/>\n\t<meta property=\"og:image:height\" content=\"368\" \/>\n\t<meta property=\"og:image:type\" content=\"image\/jpeg\" \/>\n<meta name=\"author\" content=\"admin\" \/>\n<meta name=\"twitter:card\" content=\"summary_large_image\" \/>\n<meta name=\"twitter:label1\" content=\"Escrito por\" \/>\n\t<meta name=\"twitter:data1\" content=\"admin\" \/>\n\t<meta name=\"twitter:label2\" content=\"Tiempo de lectura\" \/>\n\t<meta name=\"twitter:data2\" content=\"1 minuto\" \/>\n<script type=\"application\/ld+json\" class=\"yoast-schema-graph\">{\"@context\":\"https:\/\/schema.org\",\"@graph\":[{\"@type\":\"Article\",\"@id\":\"https:\/\/volcanes.net\/?p=8535#article\",\"isPartOf\":{\"@id\":\"https:\/\/volcanes.net\/?p=8535\"},\"author\":{\"name\":\"admin\",\"@id\":\"https:\/\/volcanes.net\/#\/schema\/person\/4bf0f383940966a4abd53f5048c0e6b9\"},\"headline\":\"PVEM realiza gira de trabajo en la Zona Volcanes\",\"datePublished\":\"2020-09-24T16:50:03+00:00\",\"dateModified\":\"2020-09-24T22:26:48+00:00\",\"mainEntityOfPage\":{\"@id\":\"https:\/\/volcanes.net\/?p=8535\"},\"wordCount\":239,\"commentCount\":0,\"publisher\":{\"@id\":\"https:\/\/volcanes.net\/#organization\"},\"image\":{\"@id\":\"https:\/\/volcanes.net\/?p=8535#primaryimage\"},\"thumbnailUrl\":\"https:\/\/volcanes.net\/wp-content\/uploads\/2020\/09\/547b1594-918f-499f-9351-2ba17787551b.jpg\",\"keywords\":[\"zona volcanes\"],\"articleSection\":[\"Municipales\"],\"inLanguage\":\"es\",\"potentialAction\":[{\"@type\":\"CommentAction\",\"name\":\"Comment\",\"target\":[\"https:\/\/volcanes.net\/?p=8535#respond\"]}]},{\"@type\":\"WebPage\",\"@id\":\"https:\/\/volcanes.net\/?p=8535\",\"url\":\"https:\/\/volcanes.net\/?p=8535\",\"name\":\"PVEM realiza gira de trabajo en la Zona Volcanes - Volcanes\",\"isPartOf\":{\"@id\":\"https:\/\/volcanes.net\/#website\"},\"primaryImageOfPage\":{\"@id\":\"https:\/\/volcanes.net\/?p=8535#primaryimage\"},\"image\":{\"@id\":\"https:\/\/volcanes.net\/?p=8535#primaryimage\"},\"thumbnailUrl\":\"https:\/\/volcanes.net\/wp-content\/uploads\/2020\/09\/547b1594-918f-499f-9351-2ba17787551b.jpg\",\"datePublished\":\"2020-09-24T16:50:03+00:00\",\"dateModified\":\"2020-09-24T22:26:48+00:00\",\"breadcrumb\":{\"@id\":\"https:\/\/volcanes.net\/?p=8535#breadcrumb\"},\"inLanguage\":\"es\",\"potentialAction\":[{\"@type\":\"ReadAction\",\"target\":[\"https:\/\/volcanes.net\/?p=8535\"]}]},{\"@type\":\"ImageObject\",\"inLanguage\":\"es\",\"@id\":\"https:\/\/volcanes.net\/?p=8535#primaryimage\",\"url\":\"https:\/\/volcanes.net\/wp-content\/uploads\/2020\/09\/547b1594-918f-499f-9351-2ba17787551b.jpg\",\"contentUrl\":\"https:\/\/volcanes.net\/wp-content\/uploads\/2020\/09\/547b1594-918f-499f-9351-2ba17787551b.jpg\",\"width\":552,\"height\":368},{\"@type\":\"BreadcrumbList\",\"@id\":\"https:\/\/volcanes.net\/?p=8535#breadcrumb\",\"itemListElement\":[{\"@type\":\"ListItem\",\"position\":1,\"name\":\"Portada\",\"item\":\"https:\/\/volcanes.net\/\"},{\"@type\":\"ListItem\",\"position\":2,\"name\":\"PVEM realiza gira de trabajo en la Zona Volcanes\"}]},{\"@type\":\"WebSite\",\"@id\":\"https:\/\/volcanes.net\/#website\",\"url\":\"https:\/\/volcanes.net\/\",\"name\":\"Volcanes.Net\",\"description\":\"Periodismo Profesional\",\"publisher\":{\"@id\":\"https:\/\/volcanes.net\/#organization\"},\"potentialAction\":[{\"@type\":\"SearchAction\",\"target\":{\"@type\":\"EntryPoint\",\"urlTemplate\":\"https:\/\/volcanes.net\/?s={search_term_string}\"},\"query-input\":{\"@type\":\"PropertyValueSpecification\",\"valueRequired\":true,\"valueName\":\"search_term_string\"}}],\"inLanguage\":\"es\"},{\"@type\":\"Organization\",\"@id\":\"https:\/\/volcanes.net\/#organization\",\"name\":\"Grupo Volcanes\",\"url\":\"https:\/\/volcanes.net\/\",\"logo\":{\"@type\":\"ImageObject\",\"inLanguage\":\"es\",\"@id\":\"https:\/\/volcanes.net\/#\/schema\/logo\/image\/\",\"url\":\"http:\/\/volcanes.net\/wp-content\/uploads\/2017\/12\/Avatar2.jpg\",\"contentUrl\":\"http:\/\/volcanes.net\/wp-content\/uploads\/2017\/12\/Avatar2.jpg\",\"width\":378,\"height\":378,\"caption\":\"Grupo Volcanes\"},\"image\":{\"@id\":\"https:\/\/volcanes.net\/#\/schema\/logo\/image\/\"},\"sameAs\":[\"https:\/\/www.facebook.com\/volcanes.net\/\"]},{\"@type\":\"Person\",\"@id\":\"https:\/\/volcanes.net\/#\/schema\/person\/4bf0f383940966a4abd53f5048c0e6b9\",\"name\":\"admin\",\"image\":{\"@type\":\"ImageObject\",\"inLanguage\":\"es\",\"@id\":\"https:\/\/volcanes.net\/#\/schema\/person\/image\/\",\"url\":\"https:\/\/secure.gravatar.com\/avatar\/ca004e6cba8462b8cb7abc86e382930c?s=96&d=mm&r=g\",\"contentUrl\":\"https:\/\/secure.gravatar.com\/avatar\/ca004e6cba8462b8cb7abc86e382930c?s=96&d=mm&r=g\",\"caption\":\"admin\"}}]}<\/script>\n<!-- \/ Yoast SEO plugin. -->","yoast_head_json":{"title":"PVEM realiza gira de trabajo en la Zona Volcanes - Volcanes","robots":{"index":"index","follow":"follow","max-snippet":"max-snippet:-1","max-image-preview":"max-image-preview:large","max-video-preview":"max-video-preview:-1"},"canonical":"https:\/\/volcanes.net\/?p=8535","og_locale":"es_MX","og_type":"article","og_title":"PVEM realiza gira de trabajo en la Zona Volcanes - Volcanes","og_description":"Natalia Hern\u00e1ndez | Volcanes Multimedios Este mi\u00e9rcoles 23 de septiembre Pepe Couttolenc, Diputado y Secretario","og_url":"https:\/\/volcanes.net\/?p=8535","og_site_name":"Volcanes","article_publisher":"https:\/\/www.facebook.com\/volcanes.net\/","article_published_time":"2020-09-24T16:50:03+00:00","article_modified_time":"2020-09-24T22:26:48+00:00","og_image":[{"width":552,"height":368,"url":"https:\/\/volcanes.net\/wp-content\/uploads\/2020\/09\/547b1594-918f-499f-9351-2ba17787551b.jpg","type":"image\/jpeg"}],"author":"admin","twitter_card":"summary_large_image","twitter_misc":{"Escrito por":"admin","Tiempo de lectura":"1 minuto"},"schema":{"@context":"https:\/\/schema.org","@graph":[{"@type":"Article","@id":"https:\/\/volcanes.net\/?p=8535#article","isPartOf":{"@id":"https:\/\/volcanes.net\/?p=8535"},"author":{"name":"admin","@id":"https:\/\/volcanes.net\/#\/schema\/person\/4bf0f383940966a4abd53f5048c0e6b9"},"headline":"PVEM realiza gira de trabajo en la Zona Volcanes","datePublished":"2020-09-24T16:50:03+00:00","dateModified":"2020-09-24T22:26:48+00:00","mainEntityOfPage":{"@id":"https:\/\/volcanes.net\/?p=8535"},"wordCount":239,"commentCount":0,"publisher":{"@id":"https:\/\/volcanes.net\/#organization"},"image":{"@id":"https:\/\/volcanes.net\/?p=8535#primaryimage"},"thumbnailUrl":"https:\/\/volcanes.net\/wp-content\/uploads\/2020\/09\/547b1594-918f-499f-9351-2ba17787551b.jpg","keywords":["zona volcanes"],"articleSection":["Municipales"],"inLanguage":"es","potentialAction":[{"@type":"CommentAction","name":"Comment","target":["https:\/\/volcanes.net\/?p=8535#respond"]}]},{"@type":"WebPage","@id":"https:\/\/volcanes.net\/?p=8535","url":"https:\/\/volcanes.net\/?p=8535","name":"PVEM realiza gira de trabajo en la Zona Volcanes - Volcanes","isPartOf":{"@id":"https:\/\/volcanes.net\/#website"},"primaryImageOfPage":{"@id":"https:\/\/volcanes.net\/?p=8535#primaryimage"},"image":{"@id":"https:\/\/volcanes.net\/?p=8535#primaryimage"},"thumbnailUrl":"https:\/\/volcanes.net\/wp-content\/uploads\/2020\/09\/547b1594-918f-499f-9351-2ba17787551b.jpg","datePublished":"2020-09-24T16:50:03+00:00","dateModified":"2020-09-24T22:26:48+00:00","breadcrumb":{"@id":"https:\/\/volcanes.net\/?p=8535#breadcrumb"},"inLanguage":"es","potentialAction":[{"@type":"ReadAction","target":["https:\/\/volcanes.net\/?p=8535"]}]},{"@type":"ImageObject","inLanguage":"es","@id":"https:\/\/volcanes.net\/?p=8535#primaryimage","url":"https:\/\/volcanes.net\/wp-content\/uploads\/2020\/09\/547b1594-918f-499f-9351-2ba17787551b.jpg","contentUrl":"https:\/\/volcanes.net\/wp-content\/uploads\/2020\/09\/547b1594-918f-499f-9351-2ba17787551b.jpg","width":552,"height":368},{"@type":"BreadcrumbList","@id":"https:\/\/volcanes.net\/?p=8535#breadcrumb","itemListElement":[{"@type":"ListItem","position":1,"name":"Portada","item":"https:\/\/volcanes.net\/"},{"@type":"ListItem","position":2,"name":"PVEM realiza gira de trabajo en la Zona Volcanes"}]},{"@type":"WebSite","@id":"https:\/\/volcanes.net\/#website","url":"https:\/\/volcanes.net\/","name":"Volcanes.Net","description":"Periodismo Profesional","publisher":{"@id":"https:\/\/volcanes.net\/#organization"},"potentialAction":[{"@type":"SearchAction","target":{"@type":"EntryPoint","urlTemplate":"https:\/\/volcanes.net\/?s={search_term_string}"},"query-input":{"@type":"PropertyValueSpecification","valueRequired":true,"valueName":"search_term_string"}}],"inLanguage":"es"},{"@type":"Organization","@id":"https:\/\/volcanes.net\/#organization","name":"Grupo Volcanes","url":"https:\/\/volcanes.net\/","logo":{"@type":"ImageObject","inLanguage":"es","@id":"https:\/\/volcanes.net\/#\/schema\/logo\/image\/","url":"http:\/\/volcanes.net\/wp-content\/uploads\/2017\/12\/Avatar2.jpg","contentUrl":"http:\/\/volcanes.net\/wp-content\/uploads\/2017\/12\/Avatar2.jpg","width":378,"height":378,"caption":"Grupo Volcanes"},"image":{"@id":"https:\/\/volcanes.net\/#\/schema\/logo\/image\/"},"sameAs":["https:\/\/www.facebook.com\/volcanes.net\/"]},{"@type":"Person","@id":"https:\/\/volcanes.net\/#\/schema\/person\/4bf0f383940966a4abd53f5048c0e6b9","name":"admin","image":{"@type":"ImageObject","inLanguage":"es","@id":"https:\/\/volcanes.net\/#\/schema\/person\/image\/","url":"https:\/\/secure.gravatar.com\/avatar\/ca004e6cba8462b8cb7abc86e382930c?s=96&d=mm&r=g","contentUrl":"https:\/\/secure.gravatar.com\/avatar\/ca004e6cba8462b8cb7abc86e382930c?s=96&d=mm&r=g","caption":"admin"}}]}},"_links":{"self":[{"href":"https:\/\/volcanes.net\/index.php?rest_route=\/wp\/v2\/posts\/8535"}],"collection":[{"href":"https:\/\/volcanes.net\/index.php?rest_route=\/wp\/v2\/posts"}],"about":[{"href":"https:\/\/volcanes.net\/index.php?rest_route=\/wp\/v2\/types\/post"}],"author":[{"embeddable":true,"href":"https:\/\/volcanes.net\/index.php?rest_route=\/wp\/v2\/users\/1"}],"replies":[{"embeddable":true,"href":"https:\/\/volcanes.net\/index.php?rest_route=%2Fwp%2Fv2%2Fcomments&post=8535"}],"version-history":[{"count":3,"href":"https:\/\/volcanes.net\/index.php?rest_route=\/wp\/v2\/posts\/8535\/revisions"}],"predecessor-version":[{"id":8561,"href":"https:\/\/volcanes.net\/index.php?rest_route=\/wp\/v2\/posts\/8535\/revisions\/8561"}],"wp:featuredmedia":[{"embeddable":true,"href":"https:\/\/volcanes.net\/index.php?rest_route=\/wp\/v2\/media\/8536"}],"wp:attachment":[{"href":"https:\/\/volcanes.net\/index.php?rest_route=%2Fwp%2Fv2%2Fmedia&parent=8535"}],"wp:term":[{"taxonomy":"category","embeddable":true,"href":"https:\/\/volcanes.net\/index.php?rest_route=%2Fwp%2Fv2%2Fcategories&post=8535"},{"taxonomy":"post_tag","embeddable":true,"href":"https:\/\/volcanes.net\/index.php?rest_route=%2Fwp%2Fv2%2Ftags&post=8535"}],"curies":[{"name":"wp","href":"https:\/\/api.w.org\/{rel}","templated":true}]}}