{"id":8577,"date":"2020-09-26T13:45:06","date_gmt":"2020-09-26T19:45:06","guid":{"rendered":"http:\/\/volcanes.net\/?p=8577"},"modified":"2020-09-26T13:45:06","modified_gmt":"2020-09-26T19:45:06","slug":"continua-la-busqueda-de-turista-que-se-extravio-en-las-faldas-del-popocatepetl","status":"publish","type":"post","link":"https:\/\/volcanes.net\/?p=8577","title":{"rendered":"Contin\u00faa la b\u00fasqueda de turista que se extravi\u00f3 en las faldas del Popocat\u00e9petl"},"content":{"rendered":"<div style=\"margin-top: 0px; margin-bottom: 0px;\" class=\"sharethis-inline-share-buttons\" ><\/div><p>Natalia Hern\u00e1ndez | Volcanes Multimedios<\/p>\n<p>Atlautla, Estado de M\u00e9xico.- Luego de que se emitiera la alerta de b\u00fasqueda de Davis Rudy Rangel L\u00f3pez de 31 a\u00f1os de edad, quien se encuentra extraviado desde el pasado 20 de septiembre tras acudir a un retiro espiritual en la zona boscosa de esta comunidad, su familia y autoridades contin\u00faan con la b\u00fasqueda.<\/p>\n<div id=\"content\" class=\"site-content\">\n<div id=\"primary\" class=\"content-area\">\n<p>Ante ello, el edil Hermenegildo Losada Amaro informa que, ante elementos de la Direcci\u00f3n de Seguridad P\u00fablica y personal de la Coordinaci\u00f3n de Protecci\u00f3n Civil, apoyados por personal de Protecci\u00f3n Civil del Gobierno el Estado de M\u00e9xico y Seguridad P\u00fablica Estatal, elementos de la Cruz Roja y un binomio canino, trabajan en coordinaci\u00f3n para la localizaci\u00f3n de Rangel L\u00f3pez.<\/p>\n<article id=\"post-21158\" class=\"post-21158 post type-post status-publish format-standard has-post-thumbnail hentry category-municipales tag-atlautla\">\n<div class=\"entry-content-wrap\">\n<div class=\"entry-content\">\n<div class=\"pf-content\">\n<p>Cabe mencionar que Davis Rudy Rangel L\u00f3pez sufre de sus facultades mentales y esquizofrenia, por lo que sus familiares temen por su seguridad.<\/p>\n<p>El edil, exhorta a la poblaci\u00f3n a que si llegar\u00e1n a encontrar a Davis que se comuniquen lo antes posible con las autoridades, por el momento continuar\u00e1n con la b\u00fasqueda hasta lograr su localizaci\u00f3n.<\/p>\n<p>Aqu\u00ed la entrevista con el edil Hermenegildo Losada Amaro<\/p>\n<p>https:\/\/www.facebook.com\/109414100442855\/posts\/374805163903746\/<\/p>\n<p>&nbsp;<\/p>\n<\/div>\n<\/div>\n<\/div>\n<\/article>\n<p>&nbsp;<\/p>\n<\/div>\n<\/div>\n","protected":false},"excerpt":{"rendered":"<p>Natalia Hern\u00e1ndez | Volcanes Multimedios Atlautla, Estado de M\u00e9xico.- Luego de que se emitiera la<\/p>\n","protected":false},"author":1,"featured_media":8514,"comment_status":"open","ping_status":"open","sticky":false,"template":"","format":"standard","meta":{"footnotes":""},"categories":[1],"tags":[80],"class_list":["post-8577","post","type-post","status-publish","format-standard","has-post-thumbnail","hentry","category-municipales","tag-atlautla"],"yoast_head":"<!-- This site is optimized with the Yoast SEO plugin v25.3 - https:\/\/yoast.com\/wordpress\/plugins\/seo\/ -->\n<title>Contin\u00faa la b\u00fasqueda de turista que se extravi\u00f3 en las faldas del Popocat\u00e9petl - Volcanes<\/title>\n<meta name=\"robots\" content=\"index, follow, max-snippet:-1, max-image-preview:large, max-video-preview:-1\" \/>\n<link rel=\"canonical\" href=\"https:\/\/volcanes.net\/?p=8577\" \/>\n<meta property=\"og:locale\" content=\"es_MX\" \/>\n<meta property=\"og:type\" content=\"article\" \/>\n<meta property=\"og:title\" content=\"Contin\u00faa la b\u00fasqueda de turista que se extravi\u00f3 en las faldas del Popocat\u00e9petl - Volcanes\" \/>\n<meta property=\"og:description\" content=\"Natalia Hern\u00e1ndez | Volcanes Multimedios Atlautla, Estado de M\u00e9xico.- Luego de que se emitiera la\" \/>\n<meta property=\"og:url\" content=\"https:\/\/volcanes.net\/?p=8577\" \/>\n<meta property=\"og:site_name\" content=\"Volcanes\" \/>\n<meta property=\"article:publisher\" content=\"https:\/\/www.facebook.com\/volcanes.net\/\" \/>\n<meta property=\"article:published_time\" content=\"2020-09-26T19:45:06+00:00\" \/>\n<meta property=\"og:image\" content=\"https:\/\/volcanes.net\/wp-content\/uploads\/2020\/09\/238dc1fc-e499-49e9-8360-c4fbfa7d23dd.jpg\" \/>\n\t<meta property=\"og:image:width\" content=\"540\" \/>\n\t<meta property=\"og:image:height\" content=\"389\" \/>\n\t<meta property=\"og:image:type\" content=\"image\/jpeg\" \/>\n<meta name=\"author\" content=\"admin\" \/>\n<meta name=\"twitter:card\" content=\"summary_large_image\" \/>\n<meta name=\"twitter:label1\" content=\"Escrito por\" \/>\n\t<meta name=\"twitter:data1\" content=\"admin\" \/>\n\t<meta name=\"twitter:label2\" content=\"Tiempo de lectura\" \/>\n\t<meta name=\"twitter:data2\" content=\"1 minuto\" \/>\n<script type=\"application\/ld+json\" class=\"yoast-schema-graph\">{\"@context\":\"https:\/\/schema.org\",\"@graph\":[{\"@type\":\"Article\",\"@id\":\"https:\/\/volcanes.net\/?p=8577#article\",\"isPartOf\":{\"@id\":\"https:\/\/volcanes.net\/?p=8577\"},\"author\":{\"name\":\"admin\",\"@id\":\"https:\/\/volcanes.net\/#\/schema\/person\/4bf0f383940966a4abd53f5048c0e6b9\"},\"headline\":\"Contin\u00faa la b\u00fasqueda de turista que se extravi\u00f3 en las faldas del Popocat\u00e9petl\",\"datePublished\":\"2020-09-26T19:45:06+00:00\",\"mainEntityOfPage\":{\"@id\":\"https:\/\/volcanes.net\/?p=8577\"},\"wordCount\":228,\"commentCount\":0,\"publisher\":{\"@id\":\"https:\/\/volcanes.net\/#organization\"},\"image\":{\"@id\":\"https:\/\/volcanes.net\/?p=8577#primaryimage\"},\"thumbnailUrl\":\"https:\/\/volcanes.net\/wp-content\/uploads\/2020\/09\/238dc1fc-e499-49e9-8360-c4fbfa7d23dd.jpg\",\"keywords\":[\"Atlautla\"],\"articleSection\":[\"Municipales\"],\"inLanguage\":\"es\",\"potentialAction\":[{\"@type\":\"CommentAction\",\"name\":\"Comment\",\"target\":[\"https:\/\/volcanes.net\/?p=8577#respond\"]}]},{\"@type\":\"WebPage\",\"@id\":\"https:\/\/volcanes.net\/?p=8577\",\"url\":\"https:\/\/volcanes.net\/?p=8577\",\"name\":\"Contin\u00faa la b\u00fasqueda de turista que se extravi\u00f3 en las faldas del Popocat\u00e9petl - Volcanes\",\"isPartOf\":{\"@id\":\"https:\/\/volcanes.net\/#website\"},\"primaryImageOfPage\":{\"@id\":\"https:\/\/volcanes.net\/?p=8577#primaryimage\"},\"image\":{\"@id\":\"https:\/\/volcanes.net\/?p=8577#primaryimage\"},\"thumbnailUrl\":\"https:\/\/volcanes.net\/wp-content\/uploads\/2020\/09\/238dc1fc-e499-49e9-8360-c4fbfa7d23dd.jpg\",\"datePublished\":\"2020-09-26T19:45:06+00:00\",\"breadcrumb\":{\"@id\":\"https:\/\/volcanes.net\/?p=8577#breadcrumb\"},\"inLanguage\":\"es\",\"potentialAction\":[{\"@type\":\"ReadAction\",\"target\":[\"https:\/\/volcanes.net\/?p=8577\"]}]},{\"@type\":\"ImageObject\",\"inLanguage\":\"es\",\"@id\":\"https:\/\/volcanes.net\/?p=8577#primaryimage\",\"url\":\"https:\/\/volcanes.net\/wp-content\/uploads\/2020\/09\/238dc1fc-e499-49e9-8360-c4fbfa7d23dd.jpg\",\"contentUrl\":\"https:\/\/volcanes.net\/wp-content\/uploads\/2020\/09\/238dc1fc-e499-49e9-8360-c4fbfa7d23dd.jpg\",\"width\":540,\"height\":389},{\"@type\":\"BreadcrumbList\",\"@id\":\"https:\/\/volcanes.net\/?p=8577#breadcrumb\",\"itemListElement\":[{\"@type\":\"ListItem\",\"position\":1,\"name\":\"Portada\",\"item\":\"https:\/\/volcanes.net\/\"},{\"@type\":\"ListItem\",\"position\":2,\"name\":\"Contin\u00faa la b\u00fasqueda de turista que se extravi\u00f3 en las faldas del Popocat\u00e9petl\"}]},{\"@type\":\"WebSite\",\"@id\":\"https:\/\/volcanes.net\/#website\",\"url\":\"https:\/\/volcanes.net\/\",\"name\":\"Volcanes.Net\",\"description\":\"Periodismo Profesional\",\"publisher\":{\"@id\":\"https:\/\/volcanes.net\/#organization\"},\"potentialAction\":[{\"@type\":\"SearchAction\",\"target\":{\"@type\":\"EntryPoint\",\"urlTemplate\":\"https:\/\/volcanes.net\/?s={search_term_string}\"},\"query-input\":{\"@type\":\"PropertyValueSpecification\",\"valueRequired\":true,\"valueName\":\"search_term_string\"}}],\"inLanguage\":\"es\"},{\"@type\":\"Organization\",\"@id\":\"https:\/\/volcanes.net\/#organization\",\"name\":\"Grupo Volcanes\",\"url\":\"https:\/\/volcanes.net\/\",\"logo\":{\"@type\":\"ImageObject\",\"inLanguage\":\"es\",\"@id\":\"https:\/\/volcanes.net\/#\/schema\/logo\/image\/\",\"url\":\"http:\/\/volcanes.net\/wp-content\/uploads\/2017\/12\/Avatar2.jpg\",\"contentUrl\":\"http:\/\/volcanes.net\/wp-content\/uploads\/2017\/12\/Avatar2.jpg\",\"width\":378,\"height\":378,\"caption\":\"Grupo Volcanes\"},\"image\":{\"@id\":\"https:\/\/volcanes.net\/#\/schema\/logo\/image\/\"},\"sameAs\":[\"https:\/\/www.facebook.com\/volcanes.net\/\"]},{\"@type\":\"Person\",\"@id\":\"https:\/\/volcanes.net\/#\/schema\/person\/4bf0f383940966a4abd53f5048c0e6b9\",\"name\":\"admin\",\"image\":{\"@type\":\"ImageObject\",\"inLanguage\":\"es\",\"@id\":\"https:\/\/volcanes.net\/#\/schema\/person\/image\/\",\"url\":\"https:\/\/secure.gravatar.com\/avatar\/ca004e6cba8462b8cb7abc86e382930c?s=96&d=mm&r=g\",\"contentUrl\":\"https:\/\/secure.gravatar.com\/avatar\/ca004e6cba8462b8cb7abc86e382930c?s=96&d=mm&r=g\",\"caption\":\"admin\"}}]}<\/script>\n<!-- \/ Yoast SEO plugin. -->","yoast_head_json":{"title":"Contin\u00faa la b\u00fasqueda de turista que se extravi\u00f3 en las faldas del Popocat\u00e9petl - Volcanes","robots":{"index":"index","follow":"follow","max-snippet":"max-snippet:-1","max-image-preview":"max-image-preview:large","max-video-preview":"max-video-preview:-1"},"canonical":"https:\/\/volcanes.net\/?p=8577","og_locale":"es_MX","og_type":"article","og_title":"Contin\u00faa la b\u00fasqueda de turista que se extravi\u00f3 en las faldas del Popocat\u00e9petl - Volcanes","og_description":"Natalia Hern\u00e1ndez | Volcanes Multimedios Atlautla, Estado de M\u00e9xico.- Luego de que se emitiera la","og_url":"https:\/\/volcanes.net\/?p=8577","og_site_name":"Volcanes","article_publisher":"https:\/\/www.facebook.com\/volcanes.net\/","article_published_time":"2020-09-26T19:45:06+00:00","og_image":[{"width":540,"height":389,"url":"https:\/\/volcanes.net\/wp-content\/uploads\/2020\/09\/238dc1fc-e499-49e9-8360-c4fbfa7d23dd.jpg","type":"image\/jpeg"}],"author":"admin","twitter_card":"summary_large_image","twitter_misc":{"Escrito por":"admin","Tiempo de lectura":"1 minuto"},"schema":{"@context":"https:\/\/schema.org","@graph":[{"@type":"Article","@id":"https:\/\/volcanes.net\/?p=8577#article","isPartOf":{"@id":"https:\/\/volcanes.net\/?p=8577"},"author":{"name":"admin","@id":"https:\/\/volcanes.net\/#\/schema\/person\/4bf0f383940966a4abd53f5048c0e6b9"},"headline":"Contin\u00faa la b\u00fasqueda de turista que se extravi\u00f3 en las faldas del Popocat\u00e9petl","datePublished":"2020-09-26T19:45:06+00:00","mainEntityOfPage":{"@id":"https:\/\/volcanes.net\/?p=8577"},"wordCount":228,"commentCount":0,"publisher":{"@id":"https:\/\/volcanes.net\/#organization"},"image":{"@id":"https:\/\/volcanes.net\/?p=8577#primaryimage"},"thumbnailUrl":"https:\/\/volcanes.net\/wp-content\/uploads\/2020\/09\/238dc1fc-e499-49e9-8360-c4fbfa7d23dd.jpg","keywords":["Atlautla"],"articleSection":["Municipales"],"inLanguage":"es","potentialAction":[{"@type":"CommentAction","name":"Comment","target":["https:\/\/volcanes.net\/?p=8577#respond"]}]},{"@type":"WebPage","@id":"https:\/\/volcanes.net\/?p=8577","url":"https:\/\/volcanes.net\/?p=8577","name":"Contin\u00faa la b\u00fasqueda de turista que se extravi\u00f3 en las faldas del Popocat\u00e9petl - Volcanes","isPartOf":{"@id":"https:\/\/volcanes.net\/#website"},"primaryImageOfPage":{"@id":"https:\/\/volcanes.net\/?p=8577#primaryimage"},"image":{"@id":"https:\/\/volcanes.net\/?p=8577#primaryimage"},"thumbnailUrl":"https:\/\/volcanes.net\/wp-content\/uploads\/2020\/09\/238dc1fc-e499-49e9-8360-c4fbfa7d23dd.jpg","datePublished":"2020-09-26T19:45:06+00:00","breadcrumb":{"@id":"https:\/\/volcanes.net\/?p=8577#breadcrumb"},"inLanguage":"es","potentialAction":[{"@type":"ReadAction","target":["https:\/\/volcanes.net\/?p=8577"]}]},{"@type":"ImageObject","inLanguage":"es","@id":"https:\/\/volcanes.net\/?p=8577#primaryimage","url":"https:\/\/volcanes.net\/wp-content\/uploads\/2020\/09\/238dc1fc-e499-49e9-8360-c4fbfa7d23dd.jpg","contentUrl":"https:\/\/volcanes.net\/wp-content\/uploads\/2020\/09\/238dc1fc-e499-49e9-8360-c4fbfa7d23dd.jpg","width":540,"height":389},{"@type":"BreadcrumbList","@id":"https:\/\/volcanes.net\/?p=8577#breadcrumb","itemListElement":[{"@type":"ListItem","position":1,"name":"Portada","item":"https:\/\/volcanes.net\/"},{"@type":"ListItem","position":2,"name":"Contin\u00faa la b\u00fasqueda de turista que se extravi\u00f3 en las faldas del Popocat\u00e9petl"}]},{"@type":"WebSite","@id":"https:\/\/volcanes.net\/#website","url":"https:\/\/volcanes.net\/","name":"Volcanes.Net","description":"Periodismo Profesional","publisher":{"@id":"https:\/\/volcanes.net\/#organization"},"potentialAction":[{"@type":"SearchAction","target":{"@type":"EntryPoint","urlTemplate":"https:\/\/volcanes.net\/?s={search_term_string}"},"query-input":{"@type":"PropertyValueSpecification","valueRequired":true,"valueName":"search_term_string"}}],"inLanguage":"es"},{"@type":"Organization","@id":"https:\/\/volcanes.net\/#organization","name":"Grupo Volcanes","url":"https:\/\/volcanes.net\/","logo":{"@type":"ImageObject","inLanguage":"es","@id":"https:\/\/volcanes.net\/#\/schema\/logo\/image\/","url":"http:\/\/volcanes.net\/wp-content\/uploads\/2017\/12\/Avatar2.jpg","contentUrl":"http:\/\/volcanes.net\/wp-content\/uploads\/2017\/12\/Avatar2.jpg","width":378,"height":378,"caption":"Grupo Volcanes"},"image":{"@id":"https:\/\/volcanes.net\/#\/schema\/logo\/image\/"},"sameAs":["https:\/\/www.facebook.com\/volcanes.net\/"]},{"@type":"Person","@id":"https:\/\/volcanes.net\/#\/schema\/person\/4bf0f383940966a4abd53f5048c0e6b9","name":"admin","image":{"@type":"ImageObject","inLanguage":"es","@id":"https:\/\/volcanes.net\/#\/schema\/person\/image\/","url":"https:\/\/secure.gravatar.com\/avatar\/ca004e6cba8462b8cb7abc86e382930c?s=96&d=mm&r=g","contentUrl":"https:\/\/secure.gravatar.com\/avatar\/ca004e6cba8462b8cb7abc86e382930c?s=96&d=mm&r=g","caption":"admin"}}]}},"_links":{"self":[{"href":"https:\/\/volcanes.net\/index.php?rest_route=\/wp\/v2\/posts\/8577"}],"collection":[{"href":"https:\/\/volcanes.net\/index.php?rest_route=\/wp\/v2\/posts"}],"about":[{"href":"https:\/\/volcanes.net\/index.php?rest_route=\/wp\/v2\/types\/post"}],"author":[{"embeddable":true,"href":"https:\/\/volcanes.net\/index.php?rest_route=\/wp\/v2\/users\/1"}],"replies":[{"embeddable":true,"href":"https:\/\/volcanes.net\/index.php?rest_route=%2Fwp%2Fv2%2Fcomments&post=8577"}],"version-history":[{"count":1,"href":"https:\/\/volcanes.net\/index.php?rest_route=\/wp\/v2\/posts\/8577\/revisions"}],"predecessor-version":[{"id":8578,"href":"https:\/\/volcanes.net\/index.php?rest_route=\/wp\/v2\/posts\/8577\/revisions\/8578"}],"wp:featuredmedia":[{"embeddable":true,"href":"https:\/\/volcanes.net\/index.php?rest_route=\/wp\/v2\/media\/8514"}],"wp:attachment":[{"href":"https:\/\/volcanes.net\/index.php?rest_route=%2Fwp%2Fv2%2Fmedia&parent=8577"}],"wp:term":[{"taxonomy":"category","embeddable":true,"href":"https:\/\/volcanes.net\/index.php?rest_route=%2Fwp%2Fv2%2Fcategories&post=8577"},{"taxonomy":"post_tag","embeddable":true,"href":"https:\/\/volcanes.net\/index.php?rest_route=%2Fwp%2Fv2%2Ftags&post=8577"}],"curies":[{"name":"wp","href":"https:\/\/api.w.org\/{rel}","templated":true}]}}