{"id":8639,"date":"2020-10-01T08:42:56","date_gmt":"2020-10-01T14:42:56","guid":{"rendered":"http:\/\/volcanes.net\/?p=8639"},"modified":"2020-10-01T11:16:10","modified_gmt":"2020-10-01T17:16:10","slug":"hombre-en-situacion-de-calle-en-tepetlixpa-es-regresado-a-su-nucleo-familiar","status":"publish","type":"post","link":"https:\/\/volcanes.net\/?p=8639","title":{"rendered":"Hombre en situaci\u00f3n de calle en Tepetlixpa es regresado a su n\u00facleo familiar"},"content":{"rendered":"<div style=\"margin-top: 0px; margin-bottom: 0px;\" class=\"sharethis-inline-share-buttons\" ><\/div><p>Tepetlixpa, Estado de M\u00e9xico.- Luego de que autoridades de este municipio mexiquense, que preside el t\u00e9cnico agropecuario Armando Mel\u00e9ndez Soriano, hace algunas semanas recibieron una denuncia ciudadana, donde informaban de una persona que se encontraba en situaci\u00f3n de calle.<\/p>\n<p>Por lo que se dieron a la tarea de trabajar de manera coordinada en la localizaci\u00f3n de sus familiares.<\/p>\n<p>Acci\u00f3n que permiti\u00f3 que la noche de este mi\u00e9rcoles 30 de septiembre, el hombre en situaci\u00f3n de calle quien fue identificado como el Se\u00f1or Aurelio se ha reencontrado con su familia, quienes lo llevar\u00e1n a su domicilio, en el Municipio de Chimalhuac\u00e1n.<\/p>\n<p>Cabe mencionar que durante el reconocimiento y entrega de esta persona estuvieron presentes el Comisario Heriberto Ram\u00edrez de la Rosa, Director de Seguridad P\u00fablica Municipal, as\u00ed como personal de Protecci\u00f3n Civil y del Sistema Municipal DIF, Lic. Josefina Casta\u00f1eda Rubio y Lic. Bogar L\u00f3pez Avaroa.<\/p>\n","protected":false},"excerpt":{"rendered":"<p>Tepetlixpa, Estado de M\u00e9xico.- Luego de que autoridades de este municipio mexiquense, que preside el<\/p>\n","protected":false},"author":1,"featured_media":8642,"comment_status":"open","ping_status":"open","sticky":false,"template":"","format":"standard","meta":{"footnotes":""},"categories":[1],"tags":[16],"class_list":["post-8639","post","type-post","status-publish","format-standard","has-post-thumbnail","hentry","category-municipales","tag-tepetlixpa"],"yoast_head":"<!-- This site is optimized with the Yoast SEO plugin v25.3 - https:\/\/yoast.com\/wordpress\/plugins\/seo\/ -->\n<title>Hombre en situaci\u00f3n de calle en Tepetlixpa es regresado a su n\u00facleo familiar - Volcanes<\/title>\n<meta name=\"robots\" content=\"index, follow, max-snippet:-1, max-image-preview:large, max-video-preview:-1\" \/>\n<link rel=\"canonical\" href=\"https:\/\/volcanes.net\/?p=8639\" \/>\n<meta property=\"og:locale\" content=\"es_MX\" \/>\n<meta property=\"og:type\" content=\"article\" \/>\n<meta property=\"og:title\" content=\"Hombre en situaci\u00f3n de calle en Tepetlixpa es regresado a su n\u00facleo familiar - Volcanes\" \/>\n<meta property=\"og:description\" content=\"Tepetlixpa, Estado de M\u00e9xico.- Luego de que autoridades de este municipio mexiquense, que preside el\" \/>\n<meta property=\"og:url\" content=\"https:\/\/volcanes.net\/?p=8639\" \/>\n<meta property=\"og:site_name\" content=\"Volcanes\" \/>\n<meta property=\"article:publisher\" content=\"https:\/\/www.facebook.com\/volcanes.net\/\" \/>\n<meta property=\"article:published_time\" content=\"2020-10-01T14:42:56+00:00\" \/>\n<meta property=\"article:modified_time\" content=\"2020-10-01T17:16:10+00:00\" \/>\n<meta property=\"og:image\" content=\"https:\/\/volcanes.net\/wp-content\/uploads\/2020\/10\/FB_IMG_1601560208645-1.jpg\" \/>\n\t<meta property=\"og:image:width\" content=\"552\" \/>\n\t<meta property=\"og:image:height\" content=\"414\" \/>\n\t<meta property=\"og:image:type\" content=\"image\/jpeg\" \/>\n<meta name=\"author\" content=\"admin\" \/>\n<meta name=\"twitter:card\" content=\"summary_large_image\" \/>\n<meta name=\"twitter:label1\" content=\"Escrito por\" \/>\n\t<meta name=\"twitter:data1\" content=\"admin\" \/>\n\t<meta name=\"twitter:label2\" content=\"Tiempo de lectura\" \/>\n\t<meta name=\"twitter:data2\" content=\"1 minuto\" \/>\n<script type=\"application\/ld+json\" class=\"yoast-schema-graph\">{\"@context\":\"https:\/\/schema.org\",\"@graph\":[{\"@type\":\"Article\",\"@id\":\"https:\/\/volcanes.net\/?p=8639#article\",\"isPartOf\":{\"@id\":\"https:\/\/volcanes.net\/?p=8639\"},\"author\":{\"name\":\"admin\",\"@id\":\"https:\/\/volcanes.net\/#\/schema\/person\/4bf0f383940966a4abd53f5048c0e6b9\"},\"headline\":\"Hombre en situaci\u00f3n de calle en Tepetlixpa es regresado a su n\u00facleo familiar\",\"datePublished\":\"2020-10-01T14:42:56+00:00\",\"dateModified\":\"2020-10-01T17:16:10+00:00\",\"mainEntityOfPage\":{\"@id\":\"https:\/\/volcanes.net\/?p=8639\"},\"wordCount\":176,\"commentCount\":0,\"publisher\":{\"@id\":\"https:\/\/volcanes.net\/#organization\"},\"image\":{\"@id\":\"https:\/\/volcanes.net\/?p=8639#primaryimage\"},\"thumbnailUrl\":\"https:\/\/volcanes.net\/wp-content\/uploads\/2020\/10\/FB_IMG_1601560208645-1.jpg\",\"keywords\":[\"Tepetlixpa\"],\"articleSection\":[\"Municipales\"],\"inLanguage\":\"es\",\"potentialAction\":[{\"@type\":\"CommentAction\",\"name\":\"Comment\",\"target\":[\"https:\/\/volcanes.net\/?p=8639#respond\"]}]},{\"@type\":\"WebPage\",\"@id\":\"https:\/\/volcanes.net\/?p=8639\",\"url\":\"https:\/\/volcanes.net\/?p=8639\",\"name\":\"Hombre en situaci\u00f3n de calle en Tepetlixpa es regresado a su n\u00facleo familiar - Volcanes\",\"isPartOf\":{\"@id\":\"https:\/\/volcanes.net\/#website\"},\"primaryImageOfPage\":{\"@id\":\"https:\/\/volcanes.net\/?p=8639#primaryimage\"},\"image\":{\"@id\":\"https:\/\/volcanes.net\/?p=8639#primaryimage\"},\"thumbnailUrl\":\"https:\/\/volcanes.net\/wp-content\/uploads\/2020\/10\/FB_IMG_1601560208645-1.jpg\",\"datePublished\":\"2020-10-01T14:42:56+00:00\",\"dateModified\":\"2020-10-01T17:16:10+00:00\",\"breadcrumb\":{\"@id\":\"https:\/\/volcanes.net\/?p=8639#breadcrumb\"},\"inLanguage\":\"es\",\"potentialAction\":[{\"@type\":\"ReadAction\",\"target\":[\"https:\/\/volcanes.net\/?p=8639\"]}]},{\"@type\":\"ImageObject\",\"inLanguage\":\"es\",\"@id\":\"https:\/\/volcanes.net\/?p=8639#primaryimage\",\"url\":\"https:\/\/volcanes.net\/wp-content\/uploads\/2020\/10\/FB_IMG_1601560208645-1.jpg\",\"contentUrl\":\"https:\/\/volcanes.net\/wp-content\/uploads\/2020\/10\/FB_IMG_1601560208645-1.jpg\",\"width\":552,\"height\":414},{\"@type\":\"BreadcrumbList\",\"@id\":\"https:\/\/volcanes.net\/?p=8639#breadcrumb\",\"itemListElement\":[{\"@type\":\"ListItem\",\"position\":1,\"name\":\"Portada\",\"item\":\"https:\/\/volcanes.net\/\"},{\"@type\":\"ListItem\",\"position\":2,\"name\":\"Hombre en situaci\u00f3n de calle en Tepetlixpa es regresado a su n\u00facleo familiar\"}]},{\"@type\":\"WebSite\",\"@id\":\"https:\/\/volcanes.net\/#website\",\"url\":\"https:\/\/volcanes.net\/\",\"name\":\"Volcanes.Net\",\"description\":\"Periodismo Profesional\",\"publisher\":{\"@id\":\"https:\/\/volcanes.net\/#organization\"},\"potentialAction\":[{\"@type\":\"SearchAction\",\"target\":{\"@type\":\"EntryPoint\",\"urlTemplate\":\"https:\/\/volcanes.net\/?s={search_term_string}\"},\"query-input\":{\"@type\":\"PropertyValueSpecification\",\"valueRequired\":true,\"valueName\":\"search_term_string\"}}],\"inLanguage\":\"es\"},{\"@type\":\"Organization\",\"@id\":\"https:\/\/volcanes.net\/#organization\",\"name\":\"Grupo Volcanes\",\"url\":\"https:\/\/volcanes.net\/\",\"logo\":{\"@type\":\"ImageObject\",\"inLanguage\":\"es\",\"@id\":\"https:\/\/volcanes.net\/#\/schema\/logo\/image\/\",\"url\":\"http:\/\/volcanes.net\/wp-content\/uploads\/2017\/12\/Avatar2.jpg\",\"contentUrl\":\"http:\/\/volcanes.net\/wp-content\/uploads\/2017\/12\/Avatar2.jpg\",\"width\":378,\"height\":378,\"caption\":\"Grupo Volcanes\"},\"image\":{\"@id\":\"https:\/\/volcanes.net\/#\/schema\/logo\/image\/\"},\"sameAs\":[\"https:\/\/www.facebook.com\/volcanes.net\/\"]},{\"@type\":\"Person\",\"@id\":\"https:\/\/volcanes.net\/#\/schema\/person\/4bf0f383940966a4abd53f5048c0e6b9\",\"name\":\"admin\",\"image\":{\"@type\":\"ImageObject\",\"inLanguage\":\"es\",\"@id\":\"https:\/\/volcanes.net\/#\/schema\/person\/image\/\",\"url\":\"https:\/\/secure.gravatar.com\/avatar\/ca004e6cba8462b8cb7abc86e382930c?s=96&d=mm&r=g\",\"contentUrl\":\"https:\/\/secure.gravatar.com\/avatar\/ca004e6cba8462b8cb7abc86e382930c?s=96&d=mm&r=g\",\"caption\":\"admin\"}}]}<\/script>\n<!-- \/ Yoast SEO plugin. -->","yoast_head_json":{"title":"Hombre en situaci\u00f3n de calle en Tepetlixpa es regresado a su n\u00facleo familiar - Volcanes","robots":{"index":"index","follow":"follow","max-snippet":"max-snippet:-1","max-image-preview":"max-image-preview:large","max-video-preview":"max-video-preview:-1"},"canonical":"https:\/\/volcanes.net\/?p=8639","og_locale":"es_MX","og_type":"article","og_title":"Hombre en situaci\u00f3n de calle en Tepetlixpa es regresado a su n\u00facleo familiar - Volcanes","og_description":"Tepetlixpa, Estado de M\u00e9xico.- Luego de que autoridades de este municipio mexiquense, que preside el","og_url":"https:\/\/volcanes.net\/?p=8639","og_site_name":"Volcanes","article_publisher":"https:\/\/www.facebook.com\/volcanes.net\/","article_published_time":"2020-10-01T14:42:56+00:00","article_modified_time":"2020-10-01T17:16:10+00:00","og_image":[{"width":552,"height":414,"url":"https:\/\/volcanes.net\/wp-content\/uploads\/2020\/10\/FB_IMG_1601560208645-1.jpg","type":"image\/jpeg"}],"author":"admin","twitter_card":"summary_large_image","twitter_misc":{"Escrito por":"admin","Tiempo de lectura":"1 minuto"},"schema":{"@context":"https:\/\/schema.org","@graph":[{"@type":"Article","@id":"https:\/\/volcanes.net\/?p=8639#article","isPartOf":{"@id":"https:\/\/volcanes.net\/?p=8639"},"author":{"name":"admin","@id":"https:\/\/volcanes.net\/#\/schema\/person\/4bf0f383940966a4abd53f5048c0e6b9"},"headline":"Hombre en situaci\u00f3n de calle en Tepetlixpa es regresado a su n\u00facleo familiar","datePublished":"2020-10-01T14:42:56+00:00","dateModified":"2020-10-01T17:16:10+00:00","mainEntityOfPage":{"@id":"https:\/\/volcanes.net\/?p=8639"},"wordCount":176,"commentCount":0,"publisher":{"@id":"https:\/\/volcanes.net\/#organization"},"image":{"@id":"https:\/\/volcanes.net\/?p=8639#primaryimage"},"thumbnailUrl":"https:\/\/volcanes.net\/wp-content\/uploads\/2020\/10\/FB_IMG_1601560208645-1.jpg","keywords":["Tepetlixpa"],"articleSection":["Municipales"],"inLanguage":"es","potentialAction":[{"@type":"CommentAction","name":"Comment","target":["https:\/\/volcanes.net\/?p=8639#respond"]}]},{"@type":"WebPage","@id":"https:\/\/volcanes.net\/?p=8639","url":"https:\/\/volcanes.net\/?p=8639","name":"Hombre en situaci\u00f3n de calle en Tepetlixpa es regresado a su n\u00facleo familiar - Volcanes","isPartOf":{"@id":"https:\/\/volcanes.net\/#website"},"primaryImageOfPage":{"@id":"https:\/\/volcanes.net\/?p=8639#primaryimage"},"image":{"@id":"https:\/\/volcanes.net\/?p=8639#primaryimage"},"thumbnailUrl":"https:\/\/volcanes.net\/wp-content\/uploads\/2020\/10\/FB_IMG_1601560208645-1.jpg","datePublished":"2020-10-01T14:42:56+00:00","dateModified":"2020-10-01T17:16:10+00:00","breadcrumb":{"@id":"https:\/\/volcanes.net\/?p=8639#breadcrumb"},"inLanguage":"es","potentialAction":[{"@type":"ReadAction","target":["https:\/\/volcanes.net\/?p=8639"]}]},{"@type":"ImageObject","inLanguage":"es","@id":"https:\/\/volcanes.net\/?p=8639#primaryimage","url":"https:\/\/volcanes.net\/wp-content\/uploads\/2020\/10\/FB_IMG_1601560208645-1.jpg","contentUrl":"https:\/\/volcanes.net\/wp-content\/uploads\/2020\/10\/FB_IMG_1601560208645-1.jpg","width":552,"height":414},{"@type":"BreadcrumbList","@id":"https:\/\/volcanes.net\/?p=8639#breadcrumb","itemListElement":[{"@type":"ListItem","position":1,"name":"Portada","item":"https:\/\/volcanes.net\/"},{"@type":"ListItem","position":2,"name":"Hombre en situaci\u00f3n de calle en Tepetlixpa es regresado a su n\u00facleo familiar"}]},{"@type":"WebSite","@id":"https:\/\/volcanes.net\/#website","url":"https:\/\/volcanes.net\/","name":"Volcanes.Net","description":"Periodismo Profesional","publisher":{"@id":"https:\/\/volcanes.net\/#organization"},"potentialAction":[{"@type":"SearchAction","target":{"@type":"EntryPoint","urlTemplate":"https:\/\/volcanes.net\/?s={search_term_string}"},"query-input":{"@type":"PropertyValueSpecification","valueRequired":true,"valueName":"search_term_string"}}],"inLanguage":"es"},{"@type":"Organization","@id":"https:\/\/volcanes.net\/#organization","name":"Grupo Volcanes","url":"https:\/\/volcanes.net\/","logo":{"@type":"ImageObject","inLanguage":"es","@id":"https:\/\/volcanes.net\/#\/schema\/logo\/image\/","url":"http:\/\/volcanes.net\/wp-content\/uploads\/2017\/12\/Avatar2.jpg","contentUrl":"http:\/\/volcanes.net\/wp-content\/uploads\/2017\/12\/Avatar2.jpg","width":378,"height":378,"caption":"Grupo Volcanes"},"image":{"@id":"https:\/\/volcanes.net\/#\/schema\/logo\/image\/"},"sameAs":["https:\/\/www.facebook.com\/volcanes.net\/"]},{"@type":"Person","@id":"https:\/\/volcanes.net\/#\/schema\/person\/4bf0f383940966a4abd53f5048c0e6b9","name":"admin","image":{"@type":"ImageObject","inLanguage":"es","@id":"https:\/\/volcanes.net\/#\/schema\/person\/image\/","url":"https:\/\/secure.gravatar.com\/avatar\/ca004e6cba8462b8cb7abc86e382930c?s=96&d=mm&r=g","contentUrl":"https:\/\/secure.gravatar.com\/avatar\/ca004e6cba8462b8cb7abc86e382930c?s=96&d=mm&r=g","caption":"admin"}}]}},"_links":{"self":[{"href":"https:\/\/volcanes.net\/index.php?rest_route=\/wp\/v2\/posts\/8639"}],"collection":[{"href":"https:\/\/volcanes.net\/index.php?rest_route=\/wp\/v2\/posts"}],"about":[{"href":"https:\/\/volcanes.net\/index.php?rest_route=\/wp\/v2\/types\/post"}],"author":[{"embeddable":true,"href":"https:\/\/volcanes.net\/index.php?rest_route=\/wp\/v2\/users\/1"}],"replies":[{"embeddable":true,"href":"https:\/\/volcanes.net\/index.php?rest_route=%2Fwp%2Fv2%2Fcomments&post=8639"}],"version-history":[{"count":3,"href":"https:\/\/volcanes.net\/index.php?rest_route=\/wp\/v2\/posts\/8639\/revisions"}],"predecessor-version":[{"id":8650,"href":"https:\/\/volcanes.net\/index.php?rest_route=\/wp\/v2\/posts\/8639\/revisions\/8650"}],"wp:featuredmedia":[{"embeddable":true,"href":"https:\/\/volcanes.net\/index.php?rest_route=\/wp\/v2\/media\/8642"}],"wp:attachment":[{"href":"https:\/\/volcanes.net\/index.php?rest_route=%2Fwp%2Fv2%2Fmedia&parent=8639"}],"wp:term":[{"taxonomy":"category","embeddable":true,"href":"https:\/\/volcanes.net\/index.php?rest_route=%2Fwp%2Fv2%2Fcategories&post=8639"},{"taxonomy":"post_tag","embeddable":true,"href":"https:\/\/volcanes.net\/index.php?rest_route=%2Fwp%2Fv2%2Ftags&post=8639"}],"curies":[{"name":"wp","href":"https:\/\/api.w.org\/{rel}","templated":true}]}}