{"id":8645,"date":"2020-10-01T12:00:28","date_gmt":"2020-10-01T18:00:28","guid":{"rendered":"http:\/\/volcanes.net\/?p=8645"},"modified":"2020-10-01T14:59:53","modified_gmt":"2020-10-01T20:59:53","slug":"mas-de-30-obras-se-proyectan-en-amecameca-a-pesar-de-la-pandemia","status":"publish","type":"post","link":"https:\/\/volcanes.net\/?p=8645","title":{"rendered":"M\u00e1s de 30 obras se proyectan en Amecameca a pesar de la pandemia"},"content":{"rendered":"<div style=\"margin-top: 0px; margin-bottom: 0px;\" class=\"sharethis-inline-share-buttons\" ><\/div><p>Natalia Her\u00e1ndez | Volcanes Multimedios<\/p>\n<p>Amecameca, Estado de M\u00e9xico.- El alcalde Miguel \u00c1ngel Salom\u00f3n Cort\u00e9s anunci\u00f3 la inversi\u00f3n de m\u00e1s de 45 millones de pesos para la realizaci\u00f3n de 30 obras p\u00fablicas, en diferentes puntos del municipio las cuales beneficiar\u00e1n a los habitantes de este municipio.<\/p>\n<p>Sin embargo, pese a la contingencia sanitaria por COVID-19, el edil dio inicio a la construcci\u00f3n de un puente que beneficiar\u00e1 a la poblaci\u00f3n de Santiago Cuauhtenco, que por ah\u00ed transita, ya que se comprometi\u00f3 con la comunidad en realizar esta obra, debido a que durante muchas generaciones este lugar ha estado en malas condiciones, adem\u00e1s de que por las lluvias se hace un r\u00edo.<\/p>\n<p>Dicho camino conecta con la comunidad de Santiago Cuauhtenco con la comunidad del Ejido y la cual es transitada por muchas personas, y debido a que esta administraci\u00f3n se encuentra comprometida con la seguridad de los pobladores, se ven en la necesidad de realizar obras las cuales les permita mejorar la calidad de vida de los Amecamequenses.<\/p>\n<p>Ante ello, el edil coment\u00f3 que se espera que esta obra sea entregada el 15 de diciembre para que los pobladores ya no tengas dificultades de transitar por el lugar.<\/p>\n<p>https:\/\/www.facebook.com\/109414100442855\/posts\/378434603540802\/<\/p>\n","protected":false},"excerpt":{"rendered":"<p>Natalia Her\u00e1ndez | Volcanes Multimedios Amecameca, Estado de M\u00e9xico.- El alcalde Miguel \u00c1ngel Salom\u00f3n Cort\u00e9s<\/p>\n","protected":false},"author":1,"featured_media":8651,"comment_status":"open","ping_status":"open","sticky":false,"template":"","format":"standard","meta":{"footnotes":""},"categories":[1],"tags":[7],"class_list":["post-8645","post","type-post","status-publish","format-standard","has-post-thumbnail","hentry","category-municipales","tag-amecameca"],"yoast_head":"<!-- This site is optimized with the Yoast SEO plugin v25.3 - https:\/\/yoast.com\/wordpress\/plugins\/seo\/ -->\n<title>M\u00e1s de 30 obras se proyectan en Amecameca a pesar de la pandemia - Volcanes<\/title>\n<meta name=\"robots\" content=\"index, follow, max-snippet:-1, max-image-preview:large, max-video-preview:-1\" \/>\n<link rel=\"canonical\" href=\"https:\/\/volcanes.net\/?p=8645\" \/>\n<meta property=\"og:locale\" content=\"es_MX\" \/>\n<meta property=\"og:type\" content=\"article\" \/>\n<meta property=\"og:title\" content=\"M\u00e1s de 30 obras se proyectan en Amecameca a pesar de la pandemia - Volcanes\" \/>\n<meta property=\"og:description\" content=\"Natalia Her\u00e1ndez | Volcanes Multimedios Amecameca, Estado de M\u00e9xico.- El alcalde Miguel \u00c1ngel Salom\u00f3n Cort\u00e9s\" \/>\n<meta property=\"og:url\" content=\"https:\/\/volcanes.net\/?p=8645\" \/>\n<meta property=\"og:site_name\" content=\"Volcanes\" \/>\n<meta property=\"article:publisher\" content=\"https:\/\/www.facebook.com\/volcanes.net\/\" \/>\n<meta property=\"article:published_time\" content=\"2020-10-01T18:00:28+00:00\" \/>\n<meta property=\"article:modified_time\" content=\"2020-10-01T20:59:53+00:00\" \/>\n<meta property=\"og:image\" content=\"https:\/\/volcanes.net\/wp-content\/uploads\/2020\/10\/09ceee89-4f2b-495d-b47c-9cdc7a7469b4.jpg\" \/>\n\t<meta property=\"og:image:width\" content=\"540\" \/>\n\t<meta property=\"og:image:height\" content=\"306\" \/>\n\t<meta property=\"og:image:type\" content=\"image\/jpeg\" \/>\n<meta name=\"author\" content=\"admin\" \/>\n<meta name=\"twitter:card\" content=\"summary_large_image\" \/>\n<meta name=\"twitter:label1\" content=\"Escrito por\" \/>\n\t<meta name=\"twitter:data1\" content=\"admin\" \/>\n\t<meta name=\"twitter:label2\" content=\"Tiempo de lectura\" \/>\n\t<meta name=\"twitter:data2\" content=\"1 minuto\" \/>\n<script type=\"application\/ld+json\" class=\"yoast-schema-graph\">{\"@context\":\"https:\/\/schema.org\",\"@graph\":[{\"@type\":\"Article\",\"@id\":\"https:\/\/volcanes.net\/?p=8645#article\",\"isPartOf\":{\"@id\":\"https:\/\/volcanes.net\/?p=8645\"},\"author\":{\"name\":\"admin\",\"@id\":\"https:\/\/volcanes.net\/#\/schema\/person\/4bf0f383940966a4abd53f5048c0e6b9\"},\"headline\":\"M\u00e1s de 30 obras se proyectan en Amecameca a pesar de la pandemia\",\"datePublished\":\"2020-10-01T18:00:28+00:00\",\"dateModified\":\"2020-10-01T20:59:53+00:00\",\"mainEntityOfPage\":{\"@id\":\"https:\/\/volcanes.net\/?p=8645\"},\"wordCount\":227,\"commentCount\":0,\"publisher\":{\"@id\":\"https:\/\/volcanes.net\/#organization\"},\"image\":{\"@id\":\"https:\/\/volcanes.net\/?p=8645#primaryimage\"},\"thumbnailUrl\":\"https:\/\/volcanes.net\/wp-content\/uploads\/2020\/10\/09ceee89-4f2b-495d-b47c-9cdc7a7469b4.jpg\",\"keywords\":[\"Amecameca\"],\"articleSection\":[\"Municipales\"],\"inLanguage\":\"es\",\"potentialAction\":[{\"@type\":\"CommentAction\",\"name\":\"Comment\",\"target\":[\"https:\/\/volcanes.net\/?p=8645#respond\"]}]},{\"@type\":\"WebPage\",\"@id\":\"https:\/\/volcanes.net\/?p=8645\",\"url\":\"https:\/\/volcanes.net\/?p=8645\",\"name\":\"M\u00e1s de 30 obras se proyectan en Amecameca a pesar de la pandemia - Volcanes\",\"isPartOf\":{\"@id\":\"https:\/\/volcanes.net\/#website\"},\"primaryImageOfPage\":{\"@id\":\"https:\/\/volcanes.net\/?p=8645#primaryimage\"},\"image\":{\"@id\":\"https:\/\/volcanes.net\/?p=8645#primaryimage\"},\"thumbnailUrl\":\"https:\/\/volcanes.net\/wp-content\/uploads\/2020\/10\/09ceee89-4f2b-495d-b47c-9cdc7a7469b4.jpg\",\"datePublished\":\"2020-10-01T18:00:28+00:00\",\"dateModified\":\"2020-10-01T20:59:53+00:00\",\"breadcrumb\":{\"@id\":\"https:\/\/volcanes.net\/?p=8645#breadcrumb\"},\"inLanguage\":\"es\",\"potentialAction\":[{\"@type\":\"ReadAction\",\"target\":[\"https:\/\/volcanes.net\/?p=8645\"]}]},{\"@type\":\"ImageObject\",\"inLanguage\":\"es\",\"@id\":\"https:\/\/volcanes.net\/?p=8645#primaryimage\",\"url\":\"https:\/\/volcanes.net\/wp-content\/uploads\/2020\/10\/09ceee89-4f2b-495d-b47c-9cdc7a7469b4.jpg\",\"contentUrl\":\"https:\/\/volcanes.net\/wp-content\/uploads\/2020\/10\/09ceee89-4f2b-495d-b47c-9cdc7a7469b4.jpg\",\"width\":540,\"height\":306},{\"@type\":\"BreadcrumbList\",\"@id\":\"https:\/\/volcanes.net\/?p=8645#breadcrumb\",\"itemListElement\":[{\"@type\":\"ListItem\",\"position\":1,\"name\":\"Portada\",\"item\":\"https:\/\/volcanes.net\/\"},{\"@type\":\"ListItem\",\"position\":2,\"name\":\"M\u00e1s de 30 obras se proyectan en Amecameca a pesar de la pandemia\"}]},{\"@type\":\"WebSite\",\"@id\":\"https:\/\/volcanes.net\/#website\",\"url\":\"https:\/\/volcanes.net\/\",\"name\":\"Volcanes.Net\",\"description\":\"Periodismo Profesional\",\"publisher\":{\"@id\":\"https:\/\/volcanes.net\/#organization\"},\"potentialAction\":[{\"@type\":\"SearchAction\",\"target\":{\"@type\":\"EntryPoint\",\"urlTemplate\":\"https:\/\/volcanes.net\/?s={search_term_string}\"},\"query-input\":{\"@type\":\"PropertyValueSpecification\",\"valueRequired\":true,\"valueName\":\"search_term_string\"}}],\"inLanguage\":\"es\"},{\"@type\":\"Organization\",\"@id\":\"https:\/\/volcanes.net\/#organization\",\"name\":\"Grupo Volcanes\",\"url\":\"https:\/\/volcanes.net\/\",\"logo\":{\"@type\":\"ImageObject\",\"inLanguage\":\"es\",\"@id\":\"https:\/\/volcanes.net\/#\/schema\/logo\/image\/\",\"url\":\"http:\/\/volcanes.net\/wp-content\/uploads\/2017\/12\/Avatar2.jpg\",\"contentUrl\":\"http:\/\/volcanes.net\/wp-content\/uploads\/2017\/12\/Avatar2.jpg\",\"width\":378,\"height\":378,\"caption\":\"Grupo Volcanes\"},\"image\":{\"@id\":\"https:\/\/volcanes.net\/#\/schema\/logo\/image\/\"},\"sameAs\":[\"https:\/\/www.facebook.com\/volcanes.net\/\"]},{\"@type\":\"Person\",\"@id\":\"https:\/\/volcanes.net\/#\/schema\/person\/4bf0f383940966a4abd53f5048c0e6b9\",\"name\":\"admin\",\"image\":{\"@type\":\"ImageObject\",\"inLanguage\":\"es\",\"@id\":\"https:\/\/volcanes.net\/#\/schema\/person\/image\/\",\"url\":\"https:\/\/secure.gravatar.com\/avatar\/ca004e6cba8462b8cb7abc86e382930c?s=96&d=mm&r=g\",\"contentUrl\":\"https:\/\/secure.gravatar.com\/avatar\/ca004e6cba8462b8cb7abc86e382930c?s=96&d=mm&r=g\",\"caption\":\"admin\"}}]}<\/script>\n<!-- \/ Yoast SEO plugin. -->","yoast_head_json":{"title":"M\u00e1s de 30 obras se proyectan en Amecameca a pesar de la pandemia - Volcanes","robots":{"index":"index","follow":"follow","max-snippet":"max-snippet:-1","max-image-preview":"max-image-preview:large","max-video-preview":"max-video-preview:-1"},"canonical":"https:\/\/volcanes.net\/?p=8645","og_locale":"es_MX","og_type":"article","og_title":"M\u00e1s de 30 obras se proyectan en Amecameca a pesar de la pandemia - Volcanes","og_description":"Natalia Her\u00e1ndez | Volcanes Multimedios Amecameca, Estado de M\u00e9xico.- El alcalde Miguel \u00c1ngel Salom\u00f3n Cort\u00e9s","og_url":"https:\/\/volcanes.net\/?p=8645","og_site_name":"Volcanes","article_publisher":"https:\/\/www.facebook.com\/volcanes.net\/","article_published_time":"2020-10-01T18:00:28+00:00","article_modified_time":"2020-10-01T20:59:53+00:00","og_image":[{"width":540,"height":306,"url":"https:\/\/volcanes.net\/wp-content\/uploads\/2020\/10\/09ceee89-4f2b-495d-b47c-9cdc7a7469b4.jpg","type":"image\/jpeg"}],"author":"admin","twitter_card":"summary_large_image","twitter_misc":{"Escrito por":"admin","Tiempo de lectura":"1 minuto"},"schema":{"@context":"https:\/\/schema.org","@graph":[{"@type":"Article","@id":"https:\/\/volcanes.net\/?p=8645#article","isPartOf":{"@id":"https:\/\/volcanes.net\/?p=8645"},"author":{"name":"admin","@id":"https:\/\/volcanes.net\/#\/schema\/person\/4bf0f383940966a4abd53f5048c0e6b9"},"headline":"M\u00e1s de 30 obras se proyectan en Amecameca a pesar de la pandemia","datePublished":"2020-10-01T18:00:28+00:00","dateModified":"2020-10-01T20:59:53+00:00","mainEntityOfPage":{"@id":"https:\/\/volcanes.net\/?p=8645"},"wordCount":227,"commentCount":0,"publisher":{"@id":"https:\/\/volcanes.net\/#organization"},"image":{"@id":"https:\/\/volcanes.net\/?p=8645#primaryimage"},"thumbnailUrl":"https:\/\/volcanes.net\/wp-content\/uploads\/2020\/10\/09ceee89-4f2b-495d-b47c-9cdc7a7469b4.jpg","keywords":["Amecameca"],"articleSection":["Municipales"],"inLanguage":"es","potentialAction":[{"@type":"CommentAction","name":"Comment","target":["https:\/\/volcanes.net\/?p=8645#respond"]}]},{"@type":"WebPage","@id":"https:\/\/volcanes.net\/?p=8645","url":"https:\/\/volcanes.net\/?p=8645","name":"M\u00e1s de 30 obras se proyectan en Amecameca a pesar de la pandemia - Volcanes","isPartOf":{"@id":"https:\/\/volcanes.net\/#website"},"primaryImageOfPage":{"@id":"https:\/\/volcanes.net\/?p=8645#primaryimage"},"image":{"@id":"https:\/\/volcanes.net\/?p=8645#primaryimage"},"thumbnailUrl":"https:\/\/volcanes.net\/wp-content\/uploads\/2020\/10\/09ceee89-4f2b-495d-b47c-9cdc7a7469b4.jpg","datePublished":"2020-10-01T18:00:28+00:00","dateModified":"2020-10-01T20:59:53+00:00","breadcrumb":{"@id":"https:\/\/volcanes.net\/?p=8645#breadcrumb"},"inLanguage":"es","potentialAction":[{"@type":"ReadAction","target":["https:\/\/volcanes.net\/?p=8645"]}]},{"@type":"ImageObject","inLanguage":"es","@id":"https:\/\/volcanes.net\/?p=8645#primaryimage","url":"https:\/\/volcanes.net\/wp-content\/uploads\/2020\/10\/09ceee89-4f2b-495d-b47c-9cdc7a7469b4.jpg","contentUrl":"https:\/\/volcanes.net\/wp-content\/uploads\/2020\/10\/09ceee89-4f2b-495d-b47c-9cdc7a7469b4.jpg","width":540,"height":306},{"@type":"BreadcrumbList","@id":"https:\/\/volcanes.net\/?p=8645#breadcrumb","itemListElement":[{"@type":"ListItem","position":1,"name":"Portada","item":"https:\/\/volcanes.net\/"},{"@type":"ListItem","position":2,"name":"M\u00e1s de 30 obras se proyectan en Amecameca a pesar de la pandemia"}]},{"@type":"WebSite","@id":"https:\/\/volcanes.net\/#website","url":"https:\/\/volcanes.net\/","name":"Volcanes.Net","description":"Periodismo Profesional","publisher":{"@id":"https:\/\/volcanes.net\/#organization"},"potentialAction":[{"@type":"SearchAction","target":{"@type":"EntryPoint","urlTemplate":"https:\/\/volcanes.net\/?s={search_term_string}"},"query-input":{"@type":"PropertyValueSpecification","valueRequired":true,"valueName":"search_term_string"}}],"inLanguage":"es"},{"@type":"Organization","@id":"https:\/\/volcanes.net\/#organization","name":"Grupo Volcanes","url":"https:\/\/volcanes.net\/","logo":{"@type":"ImageObject","inLanguage":"es","@id":"https:\/\/volcanes.net\/#\/schema\/logo\/image\/","url":"http:\/\/volcanes.net\/wp-content\/uploads\/2017\/12\/Avatar2.jpg","contentUrl":"http:\/\/volcanes.net\/wp-content\/uploads\/2017\/12\/Avatar2.jpg","width":378,"height":378,"caption":"Grupo Volcanes"},"image":{"@id":"https:\/\/volcanes.net\/#\/schema\/logo\/image\/"},"sameAs":["https:\/\/www.facebook.com\/volcanes.net\/"]},{"@type":"Person","@id":"https:\/\/volcanes.net\/#\/schema\/person\/4bf0f383940966a4abd53f5048c0e6b9","name":"admin","image":{"@type":"ImageObject","inLanguage":"es","@id":"https:\/\/volcanes.net\/#\/schema\/person\/image\/","url":"https:\/\/secure.gravatar.com\/avatar\/ca004e6cba8462b8cb7abc86e382930c?s=96&d=mm&r=g","contentUrl":"https:\/\/secure.gravatar.com\/avatar\/ca004e6cba8462b8cb7abc86e382930c?s=96&d=mm&r=g","caption":"admin"}}]}},"_links":{"self":[{"href":"https:\/\/volcanes.net\/index.php?rest_route=\/wp\/v2\/posts\/8645"}],"collection":[{"href":"https:\/\/volcanes.net\/index.php?rest_route=\/wp\/v2\/posts"}],"about":[{"href":"https:\/\/volcanes.net\/index.php?rest_route=\/wp\/v2\/types\/post"}],"author":[{"embeddable":true,"href":"https:\/\/volcanes.net\/index.php?rest_route=\/wp\/v2\/users\/1"}],"replies":[{"embeddable":true,"href":"https:\/\/volcanes.net\/index.php?rest_route=%2Fwp%2Fv2%2Fcomments&post=8645"}],"version-history":[{"count":4,"href":"https:\/\/volcanes.net\/index.php?rest_route=\/wp\/v2\/posts\/8645\/revisions"}],"predecessor-version":[{"id":8660,"href":"https:\/\/volcanes.net\/index.php?rest_route=\/wp\/v2\/posts\/8645\/revisions\/8660"}],"wp:featuredmedia":[{"embeddable":true,"href":"https:\/\/volcanes.net\/index.php?rest_route=\/wp\/v2\/media\/8651"}],"wp:attachment":[{"href":"https:\/\/volcanes.net\/index.php?rest_route=%2Fwp%2Fv2%2Fmedia&parent=8645"}],"wp:term":[{"taxonomy":"category","embeddable":true,"href":"https:\/\/volcanes.net\/index.php?rest_route=%2Fwp%2Fv2%2Fcategories&post=8645"},{"taxonomy":"post_tag","embeddable":true,"href":"https:\/\/volcanes.net\/index.php?rest_route=%2Fwp%2Fv2%2Ftags&post=8645"}],"curies":[{"name":"wp","href":"https:\/\/api.w.org\/{rel}","templated":true}]}}