{"id":865,"date":"2018-01-29T21:01:41","date_gmt":"2018-01-29T21:01:41","guid":{"rendered":"http:\/\/volcanes.net\/?p=865"},"modified":"2018-01-29T21:41:08","modified_gmt":"2018-01-29T21:41:08","slug":"armando-melendez-representara-al-partido-verde-en-tepetlixpa","status":"publish","type":"post","link":"https:\/\/volcanes.net\/?p=865","title":{"rendered":"Armando Mel\u00e9ndez representar\u00e1 al Partido Verde en Tepetlixpa"},"content":{"rendered":"<div style=\"margin-top: 0px; margin-bottom: 0px;\" class=\"sharethis-inline-share-buttons\" ><\/div><p>En entrevista con Abraham Carre\u00f3n Guillen,\u00a0Coordinador del distrito XXVIII del Partido Verde Ecologista de M\u00e9xico. dio a conocer que en Tepetlixpa se mantienen dialogos con Armando Mel\u00e9ndez para que pueda convertirse en el candidato de este partido en el municipio de Tepetlixpa.<\/p>\n<p><img loading=\"lazy\" decoding=\"async\" class=\"wp-image-866 alignleft\" src=\"http:\/\/volcanes.net\/wp-content\/uploads\/2018\/01\/WhatsApp-Image-2018-01-29-at-13.04.48-300x251.jpeg\" alt=\"\" width=\"213\" height=\"178\" srcset=\"https:\/\/volcanes.net\/wp-content\/uploads\/2018\/01\/WhatsApp-Image-2018-01-29-at-13.04.48-300x251.jpeg 300w, https:\/\/volcanes.net\/wp-content\/uploads\/2018\/01\/WhatsApp-Image-2018-01-29-at-13.04.48.jpeg 402w\" sizes=\"(max-width: 213px) 100vw, 213px\" \/><\/p>\n<p>Adelant\u00f3 que en el caso de Amecameca esta semana se estar\u00e1 definiendo la candidatura en Amecameca, inform\u00f3 que los aspirantes es son Carlos Alberto Calvo as\u00ed como Miguel \u00c1ngel Salom\u00f3n.<\/p>\n<p>Dijo que el PVEM\u00a0busca definir un perfil ciudadano , que tenga un proyecto eficiente para combatir los problemas que existen en el distrito 28 y que\u00a0los objetivos son la inclusi\u00f3n de actores pol\u00edticos, con planillas compuestas de la demanda ciudadana.<\/p>\n<p>Finalmente dio a conocer que el partido verde contin\u00faa en pl\u00e1ticas con los diferentes actores pol\u00edticos que integrar\u00e1n las planillas para contender por las alcaldias, as\u00ed como la diputaci\u00f3n local por el distrito XXVIII con sede en Amecameca.<\/p>\n","protected":false},"excerpt":{"rendered":"<p>En entrevista con Abraham Carre\u00f3n Guillen,\u00a0Coordinador del distrito XXVIII del Partido Verde Ecologista de M\u00e9xico.<\/p>\n","protected":false},"author":1,"featured_media":866,"comment_status":"open","ping_status":"open","sticky":false,"template":"","format":"standard","meta":{"footnotes":""},"categories":[1],"tags":[],"class_list":["post-865","post","type-post","status-publish","format-standard","has-post-thumbnail","hentry","category-municipales"],"yoast_head":"<!-- This site is optimized with the Yoast SEO plugin v25.3 - https:\/\/yoast.com\/wordpress\/plugins\/seo\/ -->\n<title>Armando Mel\u00e9ndez representar\u00e1 al Partido Verde en Tepetlixpa - Volcanes<\/title>\n<meta name=\"robots\" content=\"index, follow, max-snippet:-1, max-image-preview:large, max-video-preview:-1\" \/>\n<link rel=\"canonical\" href=\"https:\/\/volcanes.net\/?p=865\" \/>\n<meta property=\"og:locale\" content=\"es_MX\" \/>\n<meta property=\"og:type\" content=\"article\" \/>\n<meta property=\"og:title\" content=\"Armando Mel\u00e9ndez representar\u00e1 al Partido Verde en Tepetlixpa - Volcanes\" \/>\n<meta property=\"og:description\" content=\"En entrevista con Abraham Carre\u00f3n Guillen,\u00a0Coordinador del distrito XXVIII del Partido Verde Ecologista de M\u00e9xico.\" \/>\n<meta property=\"og:url\" content=\"https:\/\/volcanes.net\/?p=865\" \/>\n<meta property=\"og:site_name\" content=\"Volcanes\" \/>\n<meta property=\"article:publisher\" content=\"https:\/\/www.facebook.com\/volcanes.net\/\" \/>\n<meta property=\"article:published_time\" content=\"2018-01-29T21:01:41+00:00\" \/>\n<meta property=\"article:modified_time\" content=\"2018-01-29T21:41:08+00:00\" \/>\n<meta property=\"og:image\" content=\"https:\/\/volcanes.net\/wp-content\/uploads\/2018\/01\/WhatsApp-Image-2018-01-29-at-13.04.48.jpeg\" \/>\n\t<meta property=\"og:image:width\" content=\"402\" \/>\n\t<meta property=\"og:image:height\" content=\"336\" \/>\n\t<meta property=\"og:image:type\" content=\"image\/jpeg\" \/>\n<meta name=\"author\" content=\"admin\" \/>\n<meta name=\"twitter:card\" content=\"summary_large_image\" \/>\n<meta name=\"twitter:label1\" content=\"Escrito por\" \/>\n\t<meta name=\"twitter:data1\" content=\"admin\" \/>\n\t<meta name=\"twitter:label2\" content=\"Tiempo de lectura\" \/>\n\t<meta name=\"twitter:data2\" content=\"1 minuto\" \/>\n<script type=\"application\/ld+json\" class=\"yoast-schema-graph\">{\"@context\":\"https:\/\/schema.org\",\"@graph\":[{\"@type\":\"Article\",\"@id\":\"https:\/\/volcanes.net\/?p=865#article\",\"isPartOf\":{\"@id\":\"https:\/\/volcanes.net\/?p=865\"},\"author\":{\"name\":\"admin\",\"@id\":\"https:\/\/volcanes.net\/#\/schema\/person\/4bf0f383940966a4abd53f5048c0e6b9\"},\"headline\":\"Armando Mel\u00e9ndez representar\u00e1 al Partido Verde en Tepetlixpa\",\"datePublished\":\"2018-01-29T21:01:41+00:00\",\"dateModified\":\"2018-01-29T21:41:08+00:00\",\"mainEntityOfPage\":{\"@id\":\"https:\/\/volcanes.net\/?p=865\"},\"wordCount\":171,\"commentCount\":0,\"publisher\":{\"@id\":\"https:\/\/volcanes.net\/#organization\"},\"image\":{\"@id\":\"https:\/\/volcanes.net\/?p=865#primaryimage\"},\"thumbnailUrl\":\"https:\/\/volcanes.net\/wp-content\/uploads\/2018\/01\/WhatsApp-Image-2018-01-29-at-13.04.48.jpeg\",\"articleSection\":[\"Municipales\"],\"inLanguage\":\"es\",\"potentialAction\":[{\"@type\":\"CommentAction\",\"name\":\"Comment\",\"target\":[\"https:\/\/volcanes.net\/?p=865#respond\"]}]},{\"@type\":\"WebPage\",\"@id\":\"https:\/\/volcanes.net\/?p=865\",\"url\":\"https:\/\/volcanes.net\/?p=865\",\"name\":\"Armando Mel\u00e9ndez representar\u00e1 al Partido Verde en Tepetlixpa - Volcanes\",\"isPartOf\":{\"@id\":\"https:\/\/volcanes.net\/#website\"},\"primaryImageOfPage\":{\"@id\":\"https:\/\/volcanes.net\/?p=865#primaryimage\"},\"image\":{\"@id\":\"https:\/\/volcanes.net\/?p=865#primaryimage\"},\"thumbnailUrl\":\"https:\/\/volcanes.net\/wp-content\/uploads\/2018\/01\/WhatsApp-Image-2018-01-29-at-13.04.48.jpeg\",\"datePublished\":\"2018-01-29T21:01:41+00:00\",\"dateModified\":\"2018-01-29T21:41:08+00:00\",\"breadcrumb\":{\"@id\":\"https:\/\/volcanes.net\/?p=865#breadcrumb\"},\"inLanguage\":\"es\",\"potentialAction\":[{\"@type\":\"ReadAction\",\"target\":[\"https:\/\/volcanes.net\/?p=865\"]}]},{\"@type\":\"ImageObject\",\"inLanguage\":\"es\",\"@id\":\"https:\/\/volcanes.net\/?p=865#primaryimage\",\"url\":\"https:\/\/volcanes.net\/wp-content\/uploads\/2018\/01\/WhatsApp-Image-2018-01-29-at-13.04.48.jpeg\",\"contentUrl\":\"https:\/\/volcanes.net\/wp-content\/uploads\/2018\/01\/WhatsApp-Image-2018-01-29-at-13.04.48.jpeg\",\"width\":402,\"height\":336},{\"@type\":\"BreadcrumbList\",\"@id\":\"https:\/\/volcanes.net\/?p=865#breadcrumb\",\"itemListElement\":[{\"@type\":\"ListItem\",\"position\":1,\"name\":\"Portada\",\"item\":\"https:\/\/volcanes.net\/\"},{\"@type\":\"ListItem\",\"position\":2,\"name\":\"Armando Mel\u00e9ndez representar\u00e1 al Partido Verde en Tepetlixpa\"}]},{\"@type\":\"WebSite\",\"@id\":\"https:\/\/volcanes.net\/#website\",\"url\":\"https:\/\/volcanes.net\/\",\"name\":\"Volcanes.Net\",\"description\":\"Periodismo Profesional\",\"publisher\":{\"@id\":\"https:\/\/volcanes.net\/#organization\"},\"potentialAction\":[{\"@type\":\"SearchAction\",\"target\":{\"@type\":\"EntryPoint\",\"urlTemplate\":\"https:\/\/volcanes.net\/?s={search_term_string}\"},\"query-input\":{\"@type\":\"PropertyValueSpecification\",\"valueRequired\":true,\"valueName\":\"search_term_string\"}}],\"inLanguage\":\"es\"},{\"@type\":\"Organization\",\"@id\":\"https:\/\/volcanes.net\/#organization\",\"name\":\"Grupo Volcanes\",\"url\":\"https:\/\/volcanes.net\/\",\"logo\":{\"@type\":\"ImageObject\",\"inLanguage\":\"es\",\"@id\":\"https:\/\/volcanes.net\/#\/schema\/logo\/image\/\",\"url\":\"http:\/\/volcanes.net\/wp-content\/uploads\/2017\/12\/Avatar2.jpg\",\"contentUrl\":\"http:\/\/volcanes.net\/wp-content\/uploads\/2017\/12\/Avatar2.jpg\",\"width\":378,\"height\":378,\"caption\":\"Grupo Volcanes\"},\"image\":{\"@id\":\"https:\/\/volcanes.net\/#\/schema\/logo\/image\/\"},\"sameAs\":[\"https:\/\/www.facebook.com\/volcanes.net\/\"]},{\"@type\":\"Person\",\"@id\":\"https:\/\/volcanes.net\/#\/schema\/person\/4bf0f383940966a4abd53f5048c0e6b9\",\"name\":\"admin\",\"image\":{\"@type\":\"ImageObject\",\"inLanguage\":\"es\",\"@id\":\"https:\/\/volcanes.net\/#\/schema\/person\/image\/\",\"url\":\"https:\/\/secure.gravatar.com\/avatar\/ca004e6cba8462b8cb7abc86e382930c?s=96&d=mm&r=g\",\"contentUrl\":\"https:\/\/secure.gravatar.com\/avatar\/ca004e6cba8462b8cb7abc86e382930c?s=96&d=mm&r=g\",\"caption\":\"admin\"}}]}<\/script>\n<!-- \/ Yoast SEO plugin. -->","yoast_head_json":{"title":"Armando Mel\u00e9ndez representar\u00e1 al Partido Verde en Tepetlixpa - Volcanes","robots":{"index":"index","follow":"follow","max-snippet":"max-snippet:-1","max-image-preview":"max-image-preview:large","max-video-preview":"max-video-preview:-1"},"canonical":"https:\/\/volcanes.net\/?p=865","og_locale":"es_MX","og_type":"article","og_title":"Armando Mel\u00e9ndez representar\u00e1 al Partido Verde en Tepetlixpa - Volcanes","og_description":"En entrevista con Abraham Carre\u00f3n Guillen,\u00a0Coordinador del distrito XXVIII del Partido Verde Ecologista de M\u00e9xico.","og_url":"https:\/\/volcanes.net\/?p=865","og_site_name":"Volcanes","article_publisher":"https:\/\/www.facebook.com\/volcanes.net\/","article_published_time":"2018-01-29T21:01:41+00:00","article_modified_time":"2018-01-29T21:41:08+00:00","og_image":[{"width":402,"height":336,"url":"https:\/\/volcanes.net\/wp-content\/uploads\/2018\/01\/WhatsApp-Image-2018-01-29-at-13.04.48.jpeg","type":"image\/jpeg"}],"author":"admin","twitter_card":"summary_large_image","twitter_misc":{"Escrito por":"admin","Tiempo de lectura":"1 minuto"},"schema":{"@context":"https:\/\/schema.org","@graph":[{"@type":"Article","@id":"https:\/\/volcanes.net\/?p=865#article","isPartOf":{"@id":"https:\/\/volcanes.net\/?p=865"},"author":{"name":"admin","@id":"https:\/\/volcanes.net\/#\/schema\/person\/4bf0f383940966a4abd53f5048c0e6b9"},"headline":"Armando Mel\u00e9ndez representar\u00e1 al Partido Verde en Tepetlixpa","datePublished":"2018-01-29T21:01:41+00:00","dateModified":"2018-01-29T21:41:08+00:00","mainEntityOfPage":{"@id":"https:\/\/volcanes.net\/?p=865"},"wordCount":171,"commentCount":0,"publisher":{"@id":"https:\/\/volcanes.net\/#organization"},"image":{"@id":"https:\/\/volcanes.net\/?p=865#primaryimage"},"thumbnailUrl":"https:\/\/volcanes.net\/wp-content\/uploads\/2018\/01\/WhatsApp-Image-2018-01-29-at-13.04.48.jpeg","articleSection":["Municipales"],"inLanguage":"es","potentialAction":[{"@type":"CommentAction","name":"Comment","target":["https:\/\/volcanes.net\/?p=865#respond"]}]},{"@type":"WebPage","@id":"https:\/\/volcanes.net\/?p=865","url":"https:\/\/volcanes.net\/?p=865","name":"Armando Mel\u00e9ndez representar\u00e1 al Partido Verde en Tepetlixpa - Volcanes","isPartOf":{"@id":"https:\/\/volcanes.net\/#website"},"primaryImageOfPage":{"@id":"https:\/\/volcanes.net\/?p=865#primaryimage"},"image":{"@id":"https:\/\/volcanes.net\/?p=865#primaryimage"},"thumbnailUrl":"https:\/\/volcanes.net\/wp-content\/uploads\/2018\/01\/WhatsApp-Image-2018-01-29-at-13.04.48.jpeg","datePublished":"2018-01-29T21:01:41+00:00","dateModified":"2018-01-29T21:41:08+00:00","breadcrumb":{"@id":"https:\/\/volcanes.net\/?p=865#breadcrumb"},"inLanguage":"es","potentialAction":[{"@type":"ReadAction","target":["https:\/\/volcanes.net\/?p=865"]}]},{"@type":"ImageObject","inLanguage":"es","@id":"https:\/\/volcanes.net\/?p=865#primaryimage","url":"https:\/\/volcanes.net\/wp-content\/uploads\/2018\/01\/WhatsApp-Image-2018-01-29-at-13.04.48.jpeg","contentUrl":"https:\/\/volcanes.net\/wp-content\/uploads\/2018\/01\/WhatsApp-Image-2018-01-29-at-13.04.48.jpeg","width":402,"height":336},{"@type":"BreadcrumbList","@id":"https:\/\/volcanes.net\/?p=865#breadcrumb","itemListElement":[{"@type":"ListItem","position":1,"name":"Portada","item":"https:\/\/volcanes.net\/"},{"@type":"ListItem","position":2,"name":"Armando Mel\u00e9ndez representar\u00e1 al Partido Verde en Tepetlixpa"}]},{"@type":"WebSite","@id":"https:\/\/volcanes.net\/#website","url":"https:\/\/volcanes.net\/","name":"Volcanes.Net","description":"Periodismo Profesional","publisher":{"@id":"https:\/\/volcanes.net\/#organization"},"potentialAction":[{"@type":"SearchAction","target":{"@type":"EntryPoint","urlTemplate":"https:\/\/volcanes.net\/?s={search_term_string}"},"query-input":{"@type":"PropertyValueSpecification","valueRequired":true,"valueName":"search_term_string"}}],"inLanguage":"es"},{"@type":"Organization","@id":"https:\/\/volcanes.net\/#organization","name":"Grupo Volcanes","url":"https:\/\/volcanes.net\/","logo":{"@type":"ImageObject","inLanguage":"es","@id":"https:\/\/volcanes.net\/#\/schema\/logo\/image\/","url":"http:\/\/volcanes.net\/wp-content\/uploads\/2017\/12\/Avatar2.jpg","contentUrl":"http:\/\/volcanes.net\/wp-content\/uploads\/2017\/12\/Avatar2.jpg","width":378,"height":378,"caption":"Grupo Volcanes"},"image":{"@id":"https:\/\/volcanes.net\/#\/schema\/logo\/image\/"},"sameAs":["https:\/\/www.facebook.com\/volcanes.net\/"]},{"@type":"Person","@id":"https:\/\/volcanes.net\/#\/schema\/person\/4bf0f383940966a4abd53f5048c0e6b9","name":"admin","image":{"@type":"ImageObject","inLanguage":"es","@id":"https:\/\/volcanes.net\/#\/schema\/person\/image\/","url":"https:\/\/secure.gravatar.com\/avatar\/ca004e6cba8462b8cb7abc86e382930c?s=96&d=mm&r=g","contentUrl":"https:\/\/secure.gravatar.com\/avatar\/ca004e6cba8462b8cb7abc86e382930c?s=96&d=mm&r=g","caption":"admin"}}]}},"_links":{"self":[{"href":"https:\/\/volcanes.net\/index.php?rest_route=\/wp\/v2\/posts\/865"}],"collection":[{"href":"https:\/\/volcanes.net\/index.php?rest_route=\/wp\/v2\/posts"}],"about":[{"href":"https:\/\/volcanes.net\/index.php?rest_route=\/wp\/v2\/types\/post"}],"author":[{"embeddable":true,"href":"https:\/\/volcanes.net\/index.php?rest_route=\/wp\/v2\/users\/1"}],"replies":[{"embeddable":true,"href":"https:\/\/volcanes.net\/index.php?rest_route=%2Fwp%2Fv2%2Fcomments&post=865"}],"version-history":[{"count":3,"href":"https:\/\/volcanes.net\/index.php?rest_route=\/wp\/v2\/posts\/865\/revisions"}],"predecessor-version":[{"id":875,"href":"https:\/\/volcanes.net\/index.php?rest_route=\/wp\/v2\/posts\/865\/revisions\/875"}],"wp:featuredmedia":[{"embeddable":true,"href":"https:\/\/volcanes.net\/index.php?rest_route=\/wp\/v2\/media\/866"}],"wp:attachment":[{"href":"https:\/\/volcanes.net\/index.php?rest_route=%2Fwp%2Fv2%2Fmedia&parent=865"}],"wp:term":[{"taxonomy":"category","embeddable":true,"href":"https:\/\/volcanes.net\/index.php?rest_route=%2Fwp%2Fv2%2Fcategories&post=865"},{"taxonomy":"post_tag","embeddable":true,"href":"https:\/\/volcanes.net\/index.php?rest_route=%2Fwp%2Fv2%2Ftags&post=865"}],"curies":[{"name":"wp","href":"https:\/\/api.w.org\/{rel}","templated":true}]}}