{"id":8655,"date":"2020-10-01T12:03:25","date_gmt":"2020-10-01T18:03:25","guid":{"rendered":"http:\/\/volcanes.net\/?p=8655"},"modified":"2020-10-01T12:03:25","modified_gmt":"2020-10-01T18:03:25","slug":"urgente-alertar-sobre-lahares-del-popocatepetl","status":"publish","type":"post","link":"https:\/\/volcanes.net\/?p=8655","title":{"rendered":"Urgente alertar sobre lahares del Popocat\u00e9petl"},"content":{"rendered":"<div style=\"margin-top: 0px; margin-bottom: 0px;\" class=\"sharethis-inline-share-buttons\" ><\/div><p>Valle de M\u00e9xico.- A propuesta del diputado Max Correa Hern\u00e1ndez, el Congreso mexiquense aprob\u00f3 exhortar al Centro Nacional de Prevenci\u00f3n de Desastres (Cenapred) y a la Secretar\u00eda de Gobierno del Estado de M\u00e9xico, para implementar el Sistema M\u00faltiple de Alertas Tempranas en la zona de los volcanes con el fin de monitorear y alertar a la poblaci\u00f3n sobre los movimientos tel\u00faricos y los lahares del volc\u00e1n Popocat\u00e9petl.<\/p>\n<p>Correa H\u00e9rnandez, quien preside la Comisi\u00f3n Legislativa de Gesti\u00f3n Integral de Riesgos y Protecci\u00f3n Civil, advirti\u00f3 que la medida, contemplada en el Decreto n\u00famero 56 publicado en la \u201cGaceta del Gobierno\u201d en fecha 12 de junio de 2019, se debe aplicar para proteger la vida e integridad de la poblaci\u00f3n mexiquense.<\/p>\n<p>El diputado de Morena argument\u00f3 que debido a la actividad volc\u00e1nica permanente del Popocat\u00e9petl es alta la probabilidad que los lahares, <em>corrientes de lodo y escombro volc\u00e1nico que descienden por las laderas, cauces y arroyos del volc\u00e1n<\/em>, pongan en peligro inminente a los 128 mil 555 personas que habitan los municipios de Amecameca, Atlautla, Ecatzingo, Ozumba, Tepetlixpa y Temamatla.<\/p>\n<p>La Comisi\u00f3n Legislativa de Gesti\u00f3n Integral de Riesgos y Protecci\u00f3n Civil que preside, realiz\u00f3 sesiones de trabajo deliberantes en los lugares con mayor riesgo de ocurrencia de desastres en la zona del Volc\u00e1n.<\/p>\n<p>Durante la desarrollada en Ecatzingo, donde estuvo presente el Coordinador Estatal de Protecci\u00f3n Civil y del subdirector de Riesgos Geol\u00f3gicos del Cenapred, fue acordado fortalecer las estrategias de prevenci\u00f3n y la capacidad de respuesta para mejorar el operativo Popocat\u00e9petl, como el monitoreo de riesgos, la prevenci\u00f3n y la mejora de las rutas de evacuaci\u00f3n ante el riesgo de una erupci\u00f3n volc\u00e1nica o del desprendimiento de un lahar.<\/p>\n<p>Max Correa conmin\u00f3 a las autoridades federales y estatales, que ante la temporada de lluvias asociadas a frentes fr\u00edos, resulta imperante e impostergable que realicen monitoreo y alertamiento a la poblaci\u00f3n de los riesgos relacionados con la actividad de los lahares que pueden desprenderse por las laderas del volc\u00e1n Popocat\u00e9petl.<\/p>\n<p>Finalmente, reiter\u00f3 que los mecanismos m\u00e1s viables para realizar en el corto plazo acciones de monitoreo, alertamiento y prevenci\u00f3n en la zona, es la suscripci\u00f3n de un convenio de colaboraci\u00f3n con el gobierno de la Ciudad de M\u00e9xico para el intercambio de informaci\u00f3n, la operaci\u00f3n de las alertas S\u00edsmica e Hidrometereol\u00f3gica, as\u00ed como la realizaci\u00f3n de un proyecto de instrumentaci\u00f3n y alertamiento en los municipios colindantes al volc\u00e1n por parte de la Cenapred.<\/p>\n","protected":false},"excerpt":{"rendered":"<p>Valle de M\u00e9xico.- A propuesta del diputado Max Correa Hern\u00e1ndez, el Congreso mexiquense aprob\u00f3 exhortar<\/p>\n","protected":false},"author":1,"featured_media":8656,"comment_status":"open","ping_status":"open","sticky":false,"template":"","format":"standard","meta":{"footnotes":""},"categories":[1],"tags":[206],"class_list":["post-8655","post","type-post","status-publish","format-standard","has-post-thumbnail","hentry","category-municipales","tag-zona-volcanes"],"yoast_head":"<!-- This site is optimized with the Yoast SEO plugin v25.3 - https:\/\/yoast.com\/wordpress\/plugins\/seo\/ -->\n<title>Urgente alertar sobre lahares del Popocat\u00e9petl - Volcanes<\/title>\n<meta name=\"robots\" content=\"index, follow, max-snippet:-1, max-image-preview:large, max-video-preview:-1\" \/>\n<link rel=\"canonical\" href=\"https:\/\/volcanes.net\/?p=8655\" \/>\n<meta property=\"og:locale\" content=\"es_MX\" \/>\n<meta property=\"og:type\" content=\"article\" \/>\n<meta property=\"og:title\" content=\"Urgente alertar sobre lahares del Popocat\u00e9petl - Volcanes\" \/>\n<meta property=\"og:description\" content=\"Valle de M\u00e9xico.- A propuesta del diputado Max Correa Hern\u00e1ndez, el Congreso mexiquense aprob\u00f3 exhortar\" \/>\n<meta property=\"og:url\" content=\"https:\/\/volcanes.net\/?p=8655\" \/>\n<meta property=\"og:site_name\" content=\"Volcanes\" \/>\n<meta property=\"article:publisher\" content=\"https:\/\/www.facebook.com\/volcanes.net\/\" \/>\n<meta property=\"article:published_time\" content=\"2020-10-01T18:03:25+00:00\" \/>\n<meta property=\"og:image\" content=\"https:\/\/volcanes.net\/wp-content\/uploads\/2020\/10\/popocatepetl.jpg\" \/>\n\t<meta property=\"og:image:width\" content=\"768\" \/>\n\t<meta property=\"og:image:height\" content=\"432\" \/>\n\t<meta property=\"og:image:type\" content=\"image\/jpeg\" \/>\n<meta name=\"author\" content=\"admin\" \/>\n<meta name=\"twitter:card\" content=\"summary_large_image\" \/>\n<meta name=\"twitter:label1\" content=\"Escrito por\" \/>\n\t<meta name=\"twitter:data1\" content=\"admin\" \/>\n\t<meta name=\"twitter:label2\" content=\"Tiempo de lectura\" \/>\n\t<meta name=\"twitter:data2\" content=\"2 minutos\" \/>\n<script type=\"application\/ld+json\" class=\"yoast-schema-graph\">{\"@context\":\"https:\/\/schema.org\",\"@graph\":[{\"@type\":\"Article\",\"@id\":\"https:\/\/volcanes.net\/?p=8655#article\",\"isPartOf\":{\"@id\":\"https:\/\/volcanes.net\/?p=8655\"},\"author\":{\"name\":\"admin\",\"@id\":\"https:\/\/volcanes.net\/#\/schema\/person\/4bf0f383940966a4abd53f5048c0e6b9\"},\"headline\":\"Urgente alertar sobre lahares del Popocat\u00e9petl\",\"datePublished\":\"2020-10-01T18:03:25+00:00\",\"mainEntityOfPage\":{\"@id\":\"https:\/\/volcanes.net\/?p=8655\"},\"wordCount\":451,\"commentCount\":0,\"publisher\":{\"@id\":\"https:\/\/volcanes.net\/#organization\"},\"image\":{\"@id\":\"https:\/\/volcanes.net\/?p=8655#primaryimage\"},\"thumbnailUrl\":\"https:\/\/volcanes.net\/wp-content\/uploads\/2020\/10\/popocatepetl.jpg\",\"keywords\":[\"zona volcanes\"],\"articleSection\":[\"Municipales\"],\"inLanguage\":\"es\",\"potentialAction\":[{\"@type\":\"CommentAction\",\"name\":\"Comment\",\"target\":[\"https:\/\/volcanes.net\/?p=8655#respond\"]}]},{\"@type\":\"WebPage\",\"@id\":\"https:\/\/volcanes.net\/?p=8655\",\"url\":\"https:\/\/volcanes.net\/?p=8655\",\"name\":\"Urgente alertar sobre lahares del Popocat\u00e9petl - Volcanes\",\"isPartOf\":{\"@id\":\"https:\/\/volcanes.net\/#website\"},\"primaryImageOfPage\":{\"@id\":\"https:\/\/volcanes.net\/?p=8655#primaryimage\"},\"image\":{\"@id\":\"https:\/\/volcanes.net\/?p=8655#primaryimage\"},\"thumbnailUrl\":\"https:\/\/volcanes.net\/wp-content\/uploads\/2020\/10\/popocatepetl.jpg\",\"datePublished\":\"2020-10-01T18:03:25+00:00\",\"breadcrumb\":{\"@id\":\"https:\/\/volcanes.net\/?p=8655#breadcrumb\"},\"inLanguage\":\"es\",\"potentialAction\":[{\"@type\":\"ReadAction\",\"target\":[\"https:\/\/volcanes.net\/?p=8655\"]}]},{\"@type\":\"ImageObject\",\"inLanguage\":\"es\",\"@id\":\"https:\/\/volcanes.net\/?p=8655#primaryimage\",\"url\":\"https:\/\/volcanes.net\/wp-content\/uploads\/2020\/10\/popocatepetl.jpg\",\"contentUrl\":\"https:\/\/volcanes.net\/wp-content\/uploads\/2020\/10\/popocatepetl.jpg\",\"width\":768,\"height\":432},{\"@type\":\"BreadcrumbList\",\"@id\":\"https:\/\/volcanes.net\/?p=8655#breadcrumb\",\"itemListElement\":[{\"@type\":\"ListItem\",\"position\":1,\"name\":\"Portada\",\"item\":\"https:\/\/volcanes.net\/\"},{\"@type\":\"ListItem\",\"position\":2,\"name\":\"Urgente alertar sobre lahares del Popocat\u00e9petl\"}]},{\"@type\":\"WebSite\",\"@id\":\"https:\/\/volcanes.net\/#website\",\"url\":\"https:\/\/volcanes.net\/\",\"name\":\"Volcanes.Net\",\"description\":\"Periodismo Profesional\",\"publisher\":{\"@id\":\"https:\/\/volcanes.net\/#organization\"},\"potentialAction\":[{\"@type\":\"SearchAction\",\"target\":{\"@type\":\"EntryPoint\",\"urlTemplate\":\"https:\/\/volcanes.net\/?s={search_term_string}\"},\"query-input\":{\"@type\":\"PropertyValueSpecification\",\"valueRequired\":true,\"valueName\":\"search_term_string\"}}],\"inLanguage\":\"es\"},{\"@type\":\"Organization\",\"@id\":\"https:\/\/volcanes.net\/#organization\",\"name\":\"Grupo Volcanes\",\"url\":\"https:\/\/volcanes.net\/\",\"logo\":{\"@type\":\"ImageObject\",\"inLanguage\":\"es\",\"@id\":\"https:\/\/volcanes.net\/#\/schema\/logo\/image\/\",\"url\":\"http:\/\/volcanes.net\/wp-content\/uploads\/2017\/12\/Avatar2.jpg\",\"contentUrl\":\"http:\/\/volcanes.net\/wp-content\/uploads\/2017\/12\/Avatar2.jpg\",\"width\":378,\"height\":378,\"caption\":\"Grupo Volcanes\"},\"image\":{\"@id\":\"https:\/\/volcanes.net\/#\/schema\/logo\/image\/\"},\"sameAs\":[\"https:\/\/www.facebook.com\/volcanes.net\/\"]},{\"@type\":\"Person\",\"@id\":\"https:\/\/volcanes.net\/#\/schema\/person\/4bf0f383940966a4abd53f5048c0e6b9\",\"name\":\"admin\",\"image\":{\"@type\":\"ImageObject\",\"inLanguage\":\"es\",\"@id\":\"https:\/\/volcanes.net\/#\/schema\/person\/image\/\",\"url\":\"https:\/\/secure.gravatar.com\/avatar\/ca004e6cba8462b8cb7abc86e382930c?s=96&d=mm&r=g\",\"contentUrl\":\"https:\/\/secure.gravatar.com\/avatar\/ca004e6cba8462b8cb7abc86e382930c?s=96&d=mm&r=g\",\"caption\":\"admin\"}}]}<\/script>\n<!-- \/ Yoast SEO plugin. -->","yoast_head_json":{"title":"Urgente alertar sobre lahares del Popocat\u00e9petl - Volcanes","robots":{"index":"index","follow":"follow","max-snippet":"max-snippet:-1","max-image-preview":"max-image-preview:large","max-video-preview":"max-video-preview:-1"},"canonical":"https:\/\/volcanes.net\/?p=8655","og_locale":"es_MX","og_type":"article","og_title":"Urgente alertar sobre lahares del Popocat\u00e9petl - Volcanes","og_description":"Valle de M\u00e9xico.- A propuesta del diputado Max Correa Hern\u00e1ndez, el Congreso mexiquense aprob\u00f3 exhortar","og_url":"https:\/\/volcanes.net\/?p=8655","og_site_name":"Volcanes","article_publisher":"https:\/\/www.facebook.com\/volcanes.net\/","article_published_time":"2020-10-01T18:03:25+00:00","og_image":[{"width":768,"height":432,"url":"https:\/\/volcanes.net\/wp-content\/uploads\/2020\/10\/popocatepetl.jpg","type":"image\/jpeg"}],"author":"admin","twitter_card":"summary_large_image","twitter_misc":{"Escrito por":"admin","Tiempo de lectura":"2 minutos"},"schema":{"@context":"https:\/\/schema.org","@graph":[{"@type":"Article","@id":"https:\/\/volcanes.net\/?p=8655#article","isPartOf":{"@id":"https:\/\/volcanes.net\/?p=8655"},"author":{"name":"admin","@id":"https:\/\/volcanes.net\/#\/schema\/person\/4bf0f383940966a4abd53f5048c0e6b9"},"headline":"Urgente alertar sobre lahares del Popocat\u00e9petl","datePublished":"2020-10-01T18:03:25+00:00","mainEntityOfPage":{"@id":"https:\/\/volcanes.net\/?p=8655"},"wordCount":451,"commentCount":0,"publisher":{"@id":"https:\/\/volcanes.net\/#organization"},"image":{"@id":"https:\/\/volcanes.net\/?p=8655#primaryimage"},"thumbnailUrl":"https:\/\/volcanes.net\/wp-content\/uploads\/2020\/10\/popocatepetl.jpg","keywords":["zona volcanes"],"articleSection":["Municipales"],"inLanguage":"es","potentialAction":[{"@type":"CommentAction","name":"Comment","target":["https:\/\/volcanes.net\/?p=8655#respond"]}]},{"@type":"WebPage","@id":"https:\/\/volcanes.net\/?p=8655","url":"https:\/\/volcanes.net\/?p=8655","name":"Urgente alertar sobre lahares del Popocat\u00e9petl - Volcanes","isPartOf":{"@id":"https:\/\/volcanes.net\/#website"},"primaryImageOfPage":{"@id":"https:\/\/volcanes.net\/?p=8655#primaryimage"},"image":{"@id":"https:\/\/volcanes.net\/?p=8655#primaryimage"},"thumbnailUrl":"https:\/\/volcanes.net\/wp-content\/uploads\/2020\/10\/popocatepetl.jpg","datePublished":"2020-10-01T18:03:25+00:00","breadcrumb":{"@id":"https:\/\/volcanes.net\/?p=8655#breadcrumb"},"inLanguage":"es","potentialAction":[{"@type":"ReadAction","target":["https:\/\/volcanes.net\/?p=8655"]}]},{"@type":"ImageObject","inLanguage":"es","@id":"https:\/\/volcanes.net\/?p=8655#primaryimage","url":"https:\/\/volcanes.net\/wp-content\/uploads\/2020\/10\/popocatepetl.jpg","contentUrl":"https:\/\/volcanes.net\/wp-content\/uploads\/2020\/10\/popocatepetl.jpg","width":768,"height":432},{"@type":"BreadcrumbList","@id":"https:\/\/volcanes.net\/?p=8655#breadcrumb","itemListElement":[{"@type":"ListItem","position":1,"name":"Portada","item":"https:\/\/volcanes.net\/"},{"@type":"ListItem","position":2,"name":"Urgente alertar sobre lahares del Popocat\u00e9petl"}]},{"@type":"WebSite","@id":"https:\/\/volcanes.net\/#website","url":"https:\/\/volcanes.net\/","name":"Volcanes.Net","description":"Periodismo Profesional","publisher":{"@id":"https:\/\/volcanes.net\/#organization"},"potentialAction":[{"@type":"SearchAction","target":{"@type":"EntryPoint","urlTemplate":"https:\/\/volcanes.net\/?s={search_term_string}"},"query-input":{"@type":"PropertyValueSpecification","valueRequired":true,"valueName":"search_term_string"}}],"inLanguage":"es"},{"@type":"Organization","@id":"https:\/\/volcanes.net\/#organization","name":"Grupo Volcanes","url":"https:\/\/volcanes.net\/","logo":{"@type":"ImageObject","inLanguage":"es","@id":"https:\/\/volcanes.net\/#\/schema\/logo\/image\/","url":"http:\/\/volcanes.net\/wp-content\/uploads\/2017\/12\/Avatar2.jpg","contentUrl":"http:\/\/volcanes.net\/wp-content\/uploads\/2017\/12\/Avatar2.jpg","width":378,"height":378,"caption":"Grupo Volcanes"},"image":{"@id":"https:\/\/volcanes.net\/#\/schema\/logo\/image\/"},"sameAs":["https:\/\/www.facebook.com\/volcanes.net\/"]},{"@type":"Person","@id":"https:\/\/volcanes.net\/#\/schema\/person\/4bf0f383940966a4abd53f5048c0e6b9","name":"admin","image":{"@type":"ImageObject","inLanguage":"es","@id":"https:\/\/volcanes.net\/#\/schema\/person\/image\/","url":"https:\/\/secure.gravatar.com\/avatar\/ca004e6cba8462b8cb7abc86e382930c?s=96&d=mm&r=g","contentUrl":"https:\/\/secure.gravatar.com\/avatar\/ca004e6cba8462b8cb7abc86e382930c?s=96&d=mm&r=g","caption":"admin"}}]}},"_links":{"self":[{"href":"https:\/\/volcanes.net\/index.php?rest_route=\/wp\/v2\/posts\/8655"}],"collection":[{"href":"https:\/\/volcanes.net\/index.php?rest_route=\/wp\/v2\/posts"}],"about":[{"href":"https:\/\/volcanes.net\/index.php?rest_route=\/wp\/v2\/types\/post"}],"author":[{"embeddable":true,"href":"https:\/\/volcanes.net\/index.php?rest_route=\/wp\/v2\/users\/1"}],"replies":[{"embeddable":true,"href":"https:\/\/volcanes.net\/index.php?rest_route=%2Fwp%2Fv2%2Fcomments&post=8655"}],"version-history":[{"count":1,"href":"https:\/\/volcanes.net\/index.php?rest_route=\/wp\/v2\/posts\/8655\/revisions"}],"predecessor-version":[{"id":8657,"href":"https:\/\/volcanes.net\/index.php?rest_route=\/wp\/v2\/posts\/8655\/revisions\/8657"}],"wp:featuredmedia":[{"embeddable":true,"href":"https:\/\/volcanes.net\/index.php?rest_route=\/wp\/v2\/media\/8656"}],"wp:attachment":[{"href":"https:\/\/volcanes.net\/index.php?rest_route=%2Fwp%2Fv2%2Fmedia&parent=8655"}],"wp:term":[{"taxonomy":"category","embeddable":true,"href":"https:\/\/volcanes.net\/index.php?rest_route=%2Fwp%2Fv2%2Fcategories&post=8655"},{"taxonomy":"post_tag","embeddable":true,"href":"https:\/\/volcanes.net\/index.php?rest_route=%2Fwp%2Fv2%2Ftags&post=8655"}],"curies":[{"name":"wp","href":"https:\/\/api.w.org\/{rel}","templated":true}]}}