{"id":8662,"date":"2020-10-02T07:27:05","date_gmt":"2020-10-02T13:27:05","guid":{"rendered":"http:\/\/volcanes.net\/?p=8662"},"modified":"2020-10-02T07:44:35","modified_gmt":"2020-10-02T13:44:35","slug":"luego-de-13-dias-ya-fue-localizado-davys-rudy-quien-se-extravio-en-la-zona-boscosa-de-atlautla","status":"publish","type":"post","link":"https:\/\/volcanes.net\/?p=8662","title":{"rendered":"Luego de 13 d\u00edas ya fue localizado  Davys Rudy; quien  se extravi\u00f3 en la zona boscosa de Atlautla"},"content":{"rendered":"<div style=\"margin-top: 0px; margin-bottom: 0px;\" class=\"sharethis-inline-share-buttons\" ><\/div><p>Atlautla, Estado de M\u00e9xico. &#8211;\u00a0Elementos de la Direcci\u00f3n de Seguridad P\u00fablica municipal del Ayuntamiento de Atlautla, M\u00e9xico, 2019-2021, localizaron la tarde de este jueves 1 de octubre en el paraje Nanacatla, de esta comunidad, a Davys Rudy Rangel L\u00f3pez, de 31 a\u00f1os de edad y quien llevaba m\u00e1s de 13 d\u00edas en calidad de desaparecido.<\/p>\n<p>Ante ello, El Ayuntamiento de Atlautla,\u00a0 hace un reconocimiento al personal de la Direcci\u00f3n de Seguridad P\u00fablica por la labor realizada, as\u00ed como a los elementos de Protecci\u00f3n Civil municipal, y agradece el apoyo de la Fiscal\u00eda del Estado de M\u00e9xico con sede en Amecameca, asimismo a los elementos de la Guardia Nacional, Polic\u00eda Estatal y polic\u00edas de los diferentes municipios que conforman al Coordinaci\u00f3n n\u00famero uno, Regi\u00f3n Volcanes, por el apoyo que brindaron en los operativos realizados para localizar a Davys Rudy.<\/p>\n<div dir=\"auto\">El sujeto fue puesto a disposici\u00f3n de la autoridad competente y posteriormente entregado a los familiares quienes tambi\u00e9n agradecieron la labor de todas las instituciones que se sumaron en la b\u00fasqueda de su familiar.<\/div>\n<div dir=\"auto\"><\/div>\n<div dir=\"auto\">A pesar de haber estado 13 d\u00edas perdido, Davys se encuentra en un estado de salud estable.<\/div>\n<p>&nbsp;<\/p>\n","protected":false},"excerpt":{"rendered":"<p>Atlautla, Estado de M\u00e9xico. &#8211;\u00a0Elementos de la Direcci\u00f3n de Seguridad P\u00fablica municipal del Ayuntamiento de<\/p>\n","protected":false},"author":1,"featured_media":8663,"comment_status":"open","ping_status":"open","sticky":false,"template":"","format":"standard","meta":{"footnotes":""},"categories":[1],"tags":[80],"class_list":["post-8662","post","type-post","status-publish","format-standard","has-post-thumbnail","hentry","category-municipales","tag-atlautla"],"yoast_head":"<!-- This site is optimized with the Yoast SEO plugin v25.3 - https:\/\/yoast.com\/wordpress\/plugins\/seo\/ -->\n<title>Luego de 13 d\u00edas ya fue localizado Davys Rudy; quien se extravi\u00f3 en la zona boscosa de Atlautla - Volcanes<\/title>\n<meta name=\"robots\" content=\"index, follow, max-snippet:-1, max-image-preview:large, max-video-preview:-1\" \/>\n<link rel=\"canonical\" href=\"https:\/\/volcanes.net\/?p=8662\" \/>\n<meta property=\"og:locale\" content=\"es_MX\" \/>\n<meta property=\"og:type\" content=\"article\" \/>\n<meta property=\"og:title\" content=\"Luego de 13 d\u00edas ya fue localizado Davys Rudy; quien se extravi\u00f3 en la zona boscosa de Atlautla - Volcanes\" \/>\n<meta property=\"og:description\" content=\"Atlautla, Estado de M\u00e9xico. &#8211;\u00a0Elementos de la Direcci\u00f3n de Seguridad P\u00fablica municipal del Ayuntamiento de\" \/>\n<meta property=\"og:url\" content=\"https:\/\/volcanes.net\/?p=8662\" \/>\n<meta property=\"og:site_name\" content=\"Volcanes\" \/>\n<meta property=\"article:publisher\" content=\"https:\/\/www.facebook.com\/volcanes.net\/\" \/>\n<meta property=\"article:published_time\" content=\"2020-10-02T13:27:05+00:00\" \/>\n<meta property=\"article:modified_time\" content=\"2020-10-02T13:44:35+00:00\" \/>\n<meta property=\"og:image\" content=\"https:\/\/volcanes.net\/wp-content\/uploads\/2020\/10\/FB_IMG_1601644065461.jpg\" \/>\n\t<meta property=\"og:image:width\" content=\"540\" \/>\n\t<meta property=\"og:image:height\" content=\"720\" \/>\n\t<meta property=\"og:image:type\" content=\"image\/jpeg\" \/>\n<meta name=\"author\" content=\"admin\" \/>\n<meta name=\"twitter:card\" content=\"summary_large_image\" \/>\n<meta name=\"twitter:label1\" content=\"Escrito por\" \/>\n\t<meta name=\"twitter:data1\" content=\"admin\" \/>\n\t<meta name=\"twitter:label2\" content=\"Tiempo de lectura\" \/>\n\t<meta name=\"twitter:data2\" content=\"1 minuto\" \/>\n<script type=\"application\/ld+json\" class=\"yoast-schema-graph\">{\"@context\":\"https:\/\/schema.org\",\"@graph\":[{\"@type\":\"Article\",\"@id\":\"https:\/\/volcanes.net\/?p=8662#article\",\"isPartOf\":{\"@id\":\"https:\/\/volcanes.net\/?p=8662\"},\"author\":{\"name\":\"admin\",\"@id\":\"https:\/\/volcanes.net\/#\/schema\/person\/4bf0f383940966a4abd53f5048c0e6b9\"},\"headline\":\"Luego de 13 d\u00edas ya fue localizado Davys Rudy; quien se extravi\u00f3 en la zona boscosa de Atlautla\",\"datePublished\":\"2020-10-02T13:27:05+00:00\",\"dateModified\":\"2020-10-02T13:44:35+00:00\",\"mainEntityOfPage\":{\"@id\":\"https:\/\/volcanes.net\/?p=8662\"},\"wordCount\":227,\"commentCount\":0,\"publisher\":{\"@id\":\"https:\/\/volcanes.net\/#organization\"},\"image\":{\"@id\":\"https:\/\/volcanes.net\/?p=8662#primaryimage\"},\"thumbnailUrl\":\"https:\/\/volcanes.net\/wp-content\/uploads\/2020\/10\/FB_IMG_1601644065461.jpg\",\"keywords\":[\"Atlautla\"],\"articleSection\":[\"Municipales\"],\"inLanguage\":\"es\",\"potentialAction\":[{\"@type\":\"CommentAction\",\"name\":\"Comment\",\"target\":[\"https:\/\/volcanes.net\/?p=8662#respond\"]}]},{\"@type\":\"WebPage\",\"@id\":\"https:\/\/volcanes.net\/?p=8662\",\"url\":\"https:\/\/volcanes.net\/?p=8662\",\"name\":\"Luego de 13 d\u00edas ya fue localizado Davys Rudy; quien se extravi\u00f3 en la zona boscosa de Atlautla - Volcanes\",\"isPartOf\":{\"@id\":\"https:\/\/volcanes.net\/#website\"},\"primaryImageOfPage\":{\"@id\":\"https:\/\/volcanes.net\/?p=8662#primaryimage\"},\"image\":{\"@id\":\"https:\/\/volcanes.net\/?p=8662#primaryimage\"},\"thumbnailUrl\":\"https:\/\/volcanes.net\/wp-content\/uploads\/2020\/10\/FB_IMG_1601644065461.jpg\",\"datePublished\":\"2020-10-02T13:27:05+00:00\",\"dateModified\":\"2020-10-02T13:44:35+00:00\",\"breadcrumb\":{\"@id\":\"https:\/\/volcanes.net\/?p=8662#breadcrumb\"},\"inLanguage\":\"es\",\"potentialAction\":[{\"@type\":\"ReadAction\",\"target\":[\"https:\/\/volcanes.net\/?p=8662\"]}]},{\"@type\":\"ImageObject\",\"inLanguage\":\"es\",\"@id\":\"https:\/\/volcanes.net\/?p=8662#primaryimage\",\"url\":\"https:\/\/volcanes.net\/wp-content\/uploads\/2020\/10\/FB_IMG_1601644065461.jpg\",\"contentUrl\":\"https:\/\/volcanes.net\/wp-content\/uploads\/2020\/10\/FB_IMG_1601644065461.jpg\",\"width\":540,\"height\":720},{\"@type\":\"BreadcrumbList\",\"@id\":\"https:\/\/volcanes.net\/?p=8662#breadcrumb\",\"itemListElement\":[{\"@type\":\"ListItem\",\"position\":1,\"name\":\"Portada\",\"item\":\"https:\/\/volcanes.net\/\"},{\"@type\":\"ListItem\",\"position\":2,\"name\":\"Luego de 13 d\u00edas ya fue localizado Davys Rudy; quien se extravi\u00f3 en la zona boscosa de Atlautla\"}]},{\"@type\":\"WebSite\",\"@id\":\"https:\/\/volcanes.net\/#website\",\"url\":\"https:\/\/volcanes.net\/\",\"name\":\"Volcanes.Net\",\"description\":\"Periodismo Profesional\",\"publisher\":{\"@id\":\"https:\/\/volcanes.net\/#organization\"},\"potentialAction\":[{\"@type\":\"SearchAction\",\"target\":{\"@type\":\"EntryPoint\",\"urlTemplate\":\"https:\/\/volcanes.net\/?s={search_term_string}\"},\"query-input\":{\"@type\":\"PropertyValueSpecification\",\"valueRequired\":true,\"valueName\":\"search_term_string\"}}],\"inLanguage\":\"es\"},{\"@type\":\"Organization\",\"@id\":\"https:\/\/volcanes.net\/#organization\",\"name\":\"Grupo Volcanes\",\"url\":\"https:\/\/volcanes.net\/\",\"logo\":{\"@type\":\"ImageObject\",\"inLanguage\":\"es\",\"@id\":\"https:\/\/volcanes.net\/#\/schema\/logo\/image\/\",\"url\":\"http:\/\/volcanes.net\/wp-content\/uploads\/2017\/12\/Avatar2.jpg\",\"contentUrl\":\"http:\/\/volcanes.net\/wp-content\/uploads\/2017\/12\/Avatar2.jpg\",\"width\":378,\"height\":378,\"caption\":\"Grupo Volcanes\"},\"image\":{\"@id\":\"https:\/\/volcanes.net\/#\/schema\/logo\/image\/\"},\"sameAs\":[\"https:\/\/www.facebook.com\/volcanes.net\/\"]},{\"@type\":\"Person\",\"@id\":\"https:\/\/volcanes.net\/#\/schema\/person\/4bf0f383940966a4abd53f5048c0e6b9\",\"name\":\"admin\",\"image\":{\"@type\":\"ImageObject\",\"inLanguage\":\"es\",\"@id\":\"https:\/\/volcanes.net\/#\/schema\/person\/image\/\",\"url\":\"https:\/\/secure.gravatar.com\/avatar\/ca004e6cba8462b8cb7abc86e382930c?s=96&d=mm&r=g\",\"contentUrl\":\"https:\/\/secure.gravatar.com\/avatar\/ca004e6cba8462b8cb7abc86e382930c?s=96&d=mm&r=g\",\"caption\":\"admin\"}}]}<\/script>\n<!-- \/ Yoast SEO plugin. -->","yoast_head_json":{"title":"Luego de 13 d\u00edas ya fue localizado Davys Rudy; quien se extravi\u00f3 en la zona boscosa de Atlautla - Volcanes","robots":{"index":"index","follow":"follow","max-snippet":"max-snippet:-1","max-image-preview":"max-image-preview:large","max-video-preview":"max-video-preview:-1"},"canonical":"https:\/\/volcanes.net\/?p=8662","og_locale":"es_MX","og_type":"article","og_title":"Luego de 13 d\u00edas ya fue localizado Davys Rudy; quien se extravi\u00f3 en la zona boscosa de Atlautla - Volcanes","og_description":"Atlautla, Estado de M\u00e9xico. &#8211;\u00a0Elementos de la Direcci\u00f3n de Seguridad P\u00fablica municipal del Ayuntamiento de","og_url":"https:\/\/volcanes.net\/?p=8662","og_site_name":"Volcanes","article_publisher":"https:\/\/www.facebook.com\/volcanes.net\/","article_published_time":"2020-10-02T13:27:05+00:00","article_modified_time":"2020-10-02T13:44:35+00:00","og_image":[{"width":540,"height":720,"url":"https:\/\/volcanes.net\/wp-content\/uploads\/2020\/10\/FB_IMG_1601644065461.jpg","type":"image\/jpeg"}],"author":"admin","twitter_card":"summary_large_image","twitter_misc":{"Escrito por":"admin","Tiempo de lectura":"1 minuto"},"schema":{"@context":"https:\/\/schema.org","@graph":[{"@type":"Article","@id":"https:\/\/volcanes.net\/?p=8662#article","isPartOf":{"@id":"https:\/\/volcanes.net\/?p=8662"},"author":{"name":"admin","@id":"https:\/\/volcanes.net\/#\/schema\/person\/4bf0f383940966a4abd53f5048c0e6b9"},"headline":"Luego de 13 d\u00edas ya fue localizado Davys Rudy; quien se extravi\u00f3 en la zona boscosa de Atlautla","datePublished":"2020-10-02T13:27:05+00:00","dateModified":"2020-10-02T13:44:35+00:00","mainEntityOfPage":{"@id":"https:\/\/volcanes.net\/?p=8662"},"wordCount":227,"commentCount":0,"publisher":{"@id":"https:\/\/volcanes.net\/#organization"},"image":{"@id":"https:\/\/volcanes.net\/?p=8662#primaryimage"},"thumbnailUrl":"https:\/\/volcanes.net\/wp-content\/uploads\/2020\/10\/FB_IMG_1601644065461.jpg","keywords":["Atlautla"],"articleSection":["Municipales"],"inLanguage":"es","potentialAction":[{"@type":"CommentAction","name":"Comment","target":["https:\/\/volcanes.net\/?p=8662#respond"]}]},{"@type":"WebPage","@id":"https:\/\/volcanes.net\/?p=8662","url":"https:\/\/volcanes.net\/?p=8662","name":"Luego de 13 d\u00edas ya fue localizado Davys Rudy; quien se extravi\u00f3 en la zona boscosa de Atlautla - Volcanes","isPartOf":{"@id":"https:\/\/volcanes.net\/#website"},"primaryImageOfPage":{"@id":"https:\/\/volcanes.net\/?p=8662#primaryimage"},"image":{"@id":"https:\/\/volcanes.net\/?p=8662#primaryimage"},"thumbnailUrl":"https:\/\/volcanes.net\/wp-content\/uploads\/2020\/10\/FB_IMG_1601644065461.jpg","datePublished":"2020-10-02T13:27:05+00:00","dateModified":"2020-10-02T13:44:35+00:00","breadcrumb":{"@id":"https:\/\/volcanes.net\/?p=8662#breadcrumb"},"inLanguage":"es","potentialAction":[{"@type":"ReadAction","target":["https:\/\/volcanes.net\/?p=8662"]}]},{"@type":"ImageObject","inLanguage":"es","@id":"https:\/\/volcanes.net\/?p=8662#primaryimage","url":"https:\/\/volcanes.net\/wp-content\/uploads\/2020\/10\/FB_IMG_1601644065461.jpg","contentUrl":"https:\/\/volcanes.net\/wp-content\/uploads\/2020\/10\/FB_IMG_1601644065461.jpg","width":540,"height":720},{"@type":"BreadcrumbList","@id":"https:\/\/volcanes.net\/?p=8662#breadcrumb","itemListElement":[{"@type":"ListItem","position":1,"name":"Portada","item":"https:\/\/volcanes.net\/"},{"@type":"ListItem","position":2,"name":"Luego de 13 d\u00edas ya fue localizado Davys Rudy; quien se extravi\u00f3 en la zona boscosa de Atlautla"}]},{"@type":"WebSite","@id":"https:\/\/volcanes.net\/#website","url":"https:\/\/volcanes.net\/","name":"Volcanes.Net","description":"Periodismo Profesional","publisher":{"@id":"https:\/\/volcanes.net\/#organization"},"potentialAction":[{"@type":"SearchAction","target":{"@type":"EntryPoint","urlTemplate":"https:\/\/volcanes.net\/?s={search_term_string}"},"query-input":{"@type":"PropertyValueSpecification","valueRequired":true,"valueName":"search_term_string"}}],"inLanguage":"es"},{"@type":"Organization","@id":"https:\/\/volcanes.net\/#organization","name":"Grupo Volcanes","url":"https:\/\/volcanes.net\/","logo":{"@type":"ImageObject","inLanguage":"es","@id":"https:\/\/volcanes.net\/#\/schema\/logo\/image\/","url":"http:\/\/volcanes.net\/wp-content\/uploads\/2017\/12\/Avatar2.jpg","contentUrl":"http:\/\/volcanes.net\/wp-content\/uploads\/2017\/12\/Avatar2.jpg","width":378,"height":378,"caption":"Grupo Volcanes"},"image":{"@id":"https:\/\/volcanes.net\/#\/schema\/logo\/image\/"},"sameAs":["https:\/\/www.facebook.com\/volcanes.net\/"]},{"@type":"Person","@id":"https:\/\/volcanes.net\/#\/schema\/person\/4bf0f383940966a4abd53f5048c0e6b9","name":"admin","image":{"@type":"ImageObject","inLanguage":"es","@id":"https:\/\/volcanes.net\/#\/schema\/person\/image\/","url":"https:\/\/secure.gravatar.com\/avatar\/ca004e6cba8462b8cb7abc86e382930c?s=96&d=mm&r=g","contentUrl":"https:\/\/secure.gravatar.com\/avatar\/ca004e6cba8462b8cb7abc86e382930c?s=96&d=mm&r=g","caption":"admin"}}]}},"_links":{"self":[{"href":"https:\/\/volcanes.net\/index.php?rest_route=\/wp\/v2\/posts\/8662"}],"collection":[{"href":"https:\/\/volcanes.net\/index.php?rest_route=\/wp\/v2\/posts"}],"about":[{"href":"https:\/\/volcanes.net\/index.php?rest_route=\/wp\/v2\/types\/post"}],"author":[{"embeddable":true,"href":"https:\/\/volcanes.net\/index.php?rest_route=\/wp\/v2\/users\/1"}],"replies":[{"embeddable":true,"href":"https:\/\/volcanes.net\/index.php?rest_route=%2Fwp%2Fv2%2Fcomments&post=8662"}],"version-history":[{"count":2,"href":"https:\/\/volcanes.net\/index.php?rest_route=\/wp\/v2\/posts\/8662\/revisions"}],"predecessor-version":[{"id":8665,"href":"https:\/\/volcanes.net\/index.php?rest_route=\/wp\/v2\/posts\/8662\/revisions\/8665"}],"wp:featuredmedia":[{"embeddable":true,"href":"https:\/\/volcanes.net\/index.php?rest_route=\/wp\/v2\/media\/8663"}],"wp:attachment":[{"href":"https:\/\/volcanes.net\/index.php?rest_route=%2Fwp%2Fv2%2Fmedia&parent=8662"}],"wp:term":[{"taxonomy":"category","embeddable":true,"href":"https:\/\/volcanes.net\/index.php?rest_route=%2Fwp%2Fv2%2Fcategories&post=8662"},{"taxonomy":"post_tag","embeddable":true,"href":"https:\/\/volcanes.net\/index.php?rest_route=%2Fwp%2Fv2%2Ftags&post=8662"}],"curies":[{"name":"wp","href":"https:\/\/api.w.org\/{rel}","templated":true}]}}