{"id":868,"date":"2018-01-29T21:16:06","date_gmt":"2018-01-29T21:16:06","guid":{"rendered":"http:\/\/volcanes.net\/?p=868"},"modified":"2018-01-29T21:16:06","modified_gmt":"2018-01-29T21:16:06","slug":"realizan-terapia-acuatica-en-el-uris-de-ixtapaluca","status":"publish","type":"post","link":"https:\/\/volcanes.net\/?p=868","title":{"rendered":"Realizan terapia acu\u00e1tica en el URIS de Ixtapaluca"},"content":{"rendered":"<div style=\"margin-top: 0px; margin-bottom: 0px;\" class=\"sharethis-inline-share-buttons\" ><\/div><p><strong><em>Terapia acu\u00e1tica en el URIS<\/em><\/strong><\/p>\n<p>IXTAPALUCA, Estado de M\u00e9xico, 29 de enero de 2018. \u2013 Por los beneficios que ofrece el agua, la terapia acu\u00e1tica est\u00e1 recomendada para personas de todas las edades, tanto para pacientes sanos como personas con discapacidad. Destac\u00f3 Adriana Ayamain Luna Villanueva, maestra en medicina f\u00edsica y rehabilitaci\u00f3n, de la Unidad de Rehabilitaci\u00f3n e Integraci\u00f3n Social (URIS) de Los H\u00e9roes.<\/p>\n<p>Detall\u00f3 que entre las ventajas que ofrece el agua, cuya temperatura oscila entre los 36 y 38 grados cent\u00edgrados, con una m\u00ednima de 34; est\u00e1n, el relajamiento muscular, del sistema nervioso, disminuci\u00f3n del impacto en las articulaciones, peso corporal y mejoramiento de la flexibilidad.<\/p>\n<p>Ayam\u00edn Luna, quien cuenta con certificaci\u00f3n de terapia y estimulaci\u00f3n temprana acu\u00e1tica, destac\u00f3 que este tipo de tratamiento es para todas las edades, desde reci\u00e9n nacidos hasta adultos mayores, tanto para pacientes sanos como aquellos que tengan alguna discapacidad motriz y neurol\u00f3gica.<\/p>\n<p>Como parte de la terapia se trabaja con la estimulaci\u00f3n de reflejos, aumento del rango de movilidad y disminuci\u00f3n de los patrones de movimiento. Con los beb\u00e9s, la terapia incluye a las mam\u00e1s, con la finalidad de crear un v\u00ednculo emocional entre ambos, tambi\u00e9n se incluye el uso de material did\u00e1ctico, pelotas, popotes y juguetes. Con adultos se trabaja peso, resistencia y fortalecimiento.<\/p>\n<p>La sesi\u00f3n es de 30 minutos hasta una hora y se puede trabajar de dos a tres veces por semana, seg\u00fan las condiciones del paciente. Para solicitar el servicio de terapia acu\u00e1tica, es necesario pasar con el m\u00e9dico de rehabilitaci\u00f3n para que valore si el paciente es candidato a tomar una sesi\u00f3n.<\/p>\n<p>El costo de la terapia, indic\u00f3, depende del estudio socioecon\u00f3mico que realice la Trabajadora Social del URIS, pero puede oscilar hasta los noventa pesos. Al respecto de este servicio, destac\u00f3, son pocos los centros de rehabilitaci\u00f3n que cuenta con terapia acu\u00e1tica. Afortunadamente, en el URIS se cuenta con el tanque que est\u00e1 en buenas condiciones y con personal certificado en terapia acu\u00e1tica.<\/p>\n<p>Esta unidad de Rehabilitaci\u00f3n Social se ubica en el fraccionamiento Los H\u00e9roes, a un costado del nuevo centro de salud. Tiene un horario de atenci\u00f3n, de lunes a viernes, de 8:00 a 20:00 horas y s\u00e1bados, de 9:00 a 13:00 horas.<\/p>\n","protected":false},"excerpt":{"rendered":"<p>Terapia acu\u00e1tica en el URIS IXTAPALUCA, Estado de M\u00e9xico, 29 de enero de 2018. \u2013<\/p>\n","protected":false},"author":1,"featured_media":869,"comment_status":"open","ping_status":"open","sticky":false,"template":"","format":"standard","meta":{"footnotes":""},"categories":[1],"tags":[6,46],"class_list":["post-868","post","type-post","status-publish","format-standard","has-post-thumbnail","hentry","category-municipales","tag-ixtapaluca","tag-volcanes"],"yoast_head":"<!-- This site is optimized with the Yoast SEO plugin v25.3 - https:\/\/yoast.com\/wordpress\/plugins\/seo\/ -->\n<title>Realizan terapia acu\u00e1tica en el URIS de Ixtapaluca - Volcanes<\/title>\n<meta name=\"robots\" content=\"index, follow, max-snippet:-1, max-image-preview:large, max-video-preview:-1\" \/>\n<link rel=\"canonical\" href=\"https:\/\/volcanes.net\/?p=868\" \/>\n<meta property=\"og:locale\" content=\"es_MX\" \/>\n<meta property=\"og:type\" content=\"article\" \/>\n<meta property=\"og:title\" content=\"Realizan terapia acu\u00e1tica en el URIS de Ixtapaluca - Volcanes\" \/>\n<meta property=\"og:description\" content=\"Terapia acu\u00e1tica en el URIS IXTAPALUCA, Estado de M\u00e9xico, 29 de enero de 2018. \u2013\" \/>\n<meta property=\"og:url\" content=\"https:\/\/volcanes.net\/?p=868\" \/>\n<meta property=\"og:site_name\" content=\"Volcanes\" \/>\n<meta property=\"article:publisher\" content=\"https:\/\/www.facebook.com\/volcanes.net\/\" \/>\n<meta property=\"article:published_time\" content=\"2018-01-29T21:16:06+00:00\" \/>\n<meta property=\"og:image\" content=\"https:\/\/volcanes.net\/wp-content\/uploads\/2018\/01\/TERAPIA-ACU\u00c1TICA-EN-EL-URIS-1.jpg\" \/>\n\t<meta property=\"og:image:width\" content=\"448\" \/>\n\t<meta property=\"og:image:height\" content=\"299\" \/>\n\t<meta property=\"og:image:type\" content=\"image\/jpeg\" \/>\n<meta name=\"author\" content=\"admin\" \/>\n<meta name=\"twitter:card\" content=\"summary_large_image\" \/>\n<meta name=\"twitter:label1\" content=\"Escrito por\" \/>\n\t<meta name=\"twitter:data1\" content=\"admin\" \/>\n\t<meta name=\"twitter:label2\" content=\"Tiempo de lectura\" \/>\n\t<meta name=\"twitter:data2\" content=\"2 minutos\" \/>\n<script type=\"application\/ld+json\" class=\"yoast-schema-graph\">{\"@context\":\"https:\/\/schema.org\",\"@graph\":[{\"@type\":\"Article\",\"@id\":\"https:\/\/volcanes.net\/?p=868#article\",\"isPartOf\":{\"@id\":\"https:\/\/volcanes.net\/?p=868\"},\"author\":{\"name\":\"admin\",\"@id\":\"https:\/\/volcanes.net\/#\/schema\/person\/4bf0f383940966a4abd53f5048c0e6b9\"},\"headline\":\"Realizan terapia acu\u00e1tica en el URIS de Ixtapaluca\",\"datePublished\":\"2018-01-29T21:16:06+00:00\",\"mainEntityOfPage\":{\"@id\":\"https:\/\/volcanes.net\/?p=868\"},\"wordCount\":405,\"commentCount\":0,\"publisher\":{\"@id\":\"https:\/\/volcanes.net\/#organization\"},\"image\":{\"@id\":\"https:\/\/volcanes.net\/?p=868#primaryimage\"},\"thumbnailUrl\":\"https:\/\/volcanes.net\/wp-content\/uploads\/2018\/01\/TERAPIA-ACU\u00c1TICA-EN-EL-URIS-1.jpg\",\"keywords\":[\"Ixtapaluca\",\"Volcanes\"],\"articleSection\":[\"Municipales\"],\"inLanguage\":\"es\",\"potentialAction\":[{\"@type\":\"CommentAction\",\"name\":\"Comment\",\"target\":[\"https:\/\/volcanes.net\/?p=868#respond\"]}]},{\"@type\":\"WebPage\",\"@id\":\"https:\/\/volcanes.net\/?p=868\",\"url\":\"https:\/\/volcanes.net\/?p=868\",\"name\":\"Realizan terapia acu\u00e1tica en el URIS de Ixtapaluca - Volcanes\",\"isPartOf\":{\"@id\":\"https:\/\/volcanes.net\/#website\"},\"primaryImageOfPage\":{\"@id\":\"https:\/\/volcanes.net\/?p=868#primaryimage\"},\"image\":{\"@id\":\"https:\/\/volcanes.net\/?p=868#primaryimage\"},\"thumbnailUrl\":\"https:\/\/volcanes.net\/wp-content\/uploads\/2018\/01\/TERAPIA-ACU\u00c1TICA-EN-EL-URIS-1.jpg\",\"datePublished\":\"2018-01-29T21:16:06+00:00\",\"breadcrumb\":{\"@id\":\"https:\/\/volcanes.net\/?p=868#breadcrumb\"},\"inLanguage\":\"es\",\"potentialAction\":[{\"@type\":\"ReadAction\",\"target\":[\"https:\/\/volcanes.net\/?p=868\"]}]},{\"@type\":\"ImageObject\",\"inLanguage\":\"es\",\"@id\":\"https:\/\/volcanes.net\/?p=868#primaryimage\",\"url\":\"https:\/\/volcanes.net\/wp-content\/uploads\/2018\/01\/TERAPIA-ACU\u00c1TICA-EN-EL-URIS-1.jpg\",\"contentUrl\":\"https:\/\/volcanes.net\/wp-content\/uploads\/2018\/01\/TERAPIA-ACU\u00c1TICA-EN-EL-URIS-1.jpg\",\"width\":448,\"height\":299},{\"@type\":\"BreadcrumbList\",\"@id\":\"https:\/\/volcanes.net\/?p=868#breadcrumb\",\"itemListElement\":[{\"@type\":\"ListItem\",\"position\":1,\"name\":\"Portada\",\"item\":\"https:\/\/volcanes.net\/\"},{\"@type\":\"ListItem\",\"position\":2,\"name\":\"Realizan terapia acu\u00e1tica en el URIS de Ixtapaluca\"}]},{\"@type\":\"WebSite\",\"@id\":\"https:\/\/volcanes.net\/#website\",\"url\":\"https:\/\/volcanes.net\/\",\"name\":\"Volcanes.Net\",\"description\":\"Periodismo Profesional\",\"publisher\":{\"@id\":\"https:\/\/volcanes.net\/#organization\"},\"potentialAction\":[{\"@type\":\"SearchAction\",\"target\":{\"@type\":\"EntryPoint\",\"urlTemplate\":\"https:\/\/volcanes.net\/?s={search_term_string}\"},\"query-input\":{\"@type\":\"PropertyValueSpecification\",\"valueRequired\":true,\"valueName\":\"search_term_string\"}}],\"inLanguage\":\"es\"},{\"@type\":\"Organization\",\"@id\":\"https:\/\/volcanes.net\/#organization\",\"name\":\"Grupo Volcanes\",\"url\":\"https:\/\/volcanes.net\/\",\"logo\":{\"@type\":\"ImageObject\",\"inLanguage\":\"es\",\"@id\":\"https:\/\/volcanes.net\/#\/schema\/logo\/image\/\",\"url\":\"http:\/\/volcanes.net\/wp-content\/uploads\/2017\/12\/Avatar2.jpg\",\"contentUrl\":\"http:\/\/volcanes.net\/wp-content\/uploads\/2017\/12\/Avatar2.jpg\",\"width\":378,\"height\":378,\"caption\":\"Grupo Volcanes\"},\"image\":{\"@id\":\"https:\/\/volcanes.net\/#\/schema\/logo\/image\/\"},\"sameAs\":[\"https:\/\/www.facebook.com\/volcanes.net\/\"]},{\"@type\":\"Person\",\"@id\":\"https:\/\/volcanes.net\/#\/schema\/person\/4bf0f383940966a4abd53f5048c0e6b9\",\"name\":\"admin\",\"image\":{\"@type\":\"ImageObject\",\"inLanguage\":\"es\",\"@id\":\"https:\/\/volcanes.net\/#\/schema\/person\/image\/\",\"url\":\"https:\/\/secure.gravatar.com\/avatar\/ca004e6cba8462b8cb7abc86e382930c?s=96&d=mm&r=g\",\"contentUrl\":\"https:\/\/secure.gravatar.com\/avatar\/ca004e6cba8462b8cb7abc86e382930c?s=96&d=mm&r=g\",\"caption\":\"admin\"}}]}<\/script>\n<!-- \/ Yoast SEO plugin. -->","yoast_head_json":{"title":"Realizan terapia acu\u00e1tica en el URIS de Ixtapaluca - Volcanes","robots":{"index":"index","follow":"follow","max-snippet":"max-snippet:-1","max-image-preview":"max-image-preview:large","max-video-preview":"max-video-preview:-1"},"canonical":"https:\/\/volcanes.net\/?p=868","og_locale":"es_MX","og_type":"article","og_title":"Realizan terapia acu\u00e1tica en el URIS de Ixtapaluca - Volcanes","og_description":"Terapia acu\u00e1tica en el URIS IXTAPALUCA, Estado de M\u00e9xico, 29 de enero de 2018. \u2013","og_url":"https:\/\/volcanes.net\/?p=868","og_site_name":"Volcanes","article_publisher":"https:\/\/www.facebook.com\/volcanes.net\/","article_published_time":"2018-01-29T21:16:06+00:00","og_image":[{"width":448,"height":299,"url":"https:\/\/volcanes.net\/wp-content\/uploads\/2018\/01\/TERAPIA-ACU\u00c1TICA-EN-EL-URIS-1.jpg","type":"image\/jpeg"}],"author":"admin","twitter_card":"summary_large_image","twitter_misc":{"Escrito por":"admin","Tiempo de lectura":"2 minutos"},"schema":{"@context":"https:\/\/schema.org","@graph":[{"@type":"Article","@id":"https:\/\/volcanes.net\/?p=868#article","isPartOf":{"@id":"https:\/\/volcanes.net\/?p=868"},"author":{"name":"admin","@id":"https:\/\/volcanes.net\/#\/schema\/person\/4bf0f383940966a4abd53f5048c0e6b9"},"headline":"Realizan terapia acu\u00e1tica en el URIS de Ixtapaluca","datePublished":"2018-01-29T21:16:06+00:00","mainEntityOfPage":{"@id":"https:\/\/volcanes.net\/?p=868"},"wordCount":405,"commentCount":0,"publisher":{"@id":"https:\/\/volcanes.net\/#organization"},"image":{"@id":"https:\/\/volcanes.net\/?p=868#primaryimage"},"thumbnailUrl":"https:\/\/volcanes.net\/wp-content\/uploads\/2018\/01\/TERAPIA-ACU\u00c1TICA-EN-EL-URIS-1.jpg","keywords":["Ixtapaluca","Volcanes"],"articleSection":["Municipales"],"inLanguage":"es","potentialAction":[{"@type":"CommentAction","name":"Comment","target":["https:\/\/volcanes.net\/?p=868#respond"]}]},{"@type":"WebPage","@id":"https:\/\/volcanes.net\/?p=868","url":"https:\/\/volcanes.net\/?p=868","name":"Realizan terapia acu\u00e1tica en el URIS de Ixtapaluca - Volcanes","isPartOf":{"@id":"https:\/\/volcanes.net\/#website"},"primaryImageOfPage":{"@id":"https:\/\/volcanes.net\/?p=868#primaryimage"},"image":{"@id":"https:\/\/volcanes.net\/?p=868#primaryimage"},"thumbnailUrl":"https:\/\/volcanes.net\/wp-content\/uploads\/2018\/01\/TERAPIA-ACU\u00c1TICA-EN-EL-URIS-1.jpg","datePublished":"2018-01-29T21:16:06+00:00","breadcrumb":{"@id":"https:\/\/volcanes.net\/?p=868#breadcrumb"},"inLanguage":"es","potentialAction":[{"@type":"ReadAction","target":["https:\/\/volcanes.net\/?p=868"]}]},{"@type":"ImageObject","inLanguage":"es","@id":"https:\/\/volcanes.net\/?p=868#primaryimage","url":"https:\/\/volcanes.net\/wp-content\/uploads\/2018\/01\/TERAPIA-ACU\u00c1TICA-EN-EL-URIS-1.jpg","contentUrl":"https:\/\/volcanes.net\/wp-content\/uploads\/2018\/01\/TERAPIA-ACU\u00c1TICA-EN-EL-URIS-1.jpg","width":448,"height":299},{"@type":"BreadcrumbList","@id":"https:\/\/volcanes.net\/?p=868#breadcrumb","itemListElement":[{"@type":"ListItem","position":1,"name":"Portada","item":"https:\/\/volcanes.net\/"},{"@type":"ListItem","position":2,"name":"Realizan terapia acu\u00e1tica en el URIS de Ixtapaluca"}]},{"@type":"WebSite","@id":"https:\/\/volcanes.net\/#website","url":"https:\/\/volcanes.net\/","name":"Volcanes.Net","description":"Periodismo Profesional","publisher":{"@id":"https:\/\/volcanes.net\/#organization"},"potentialAction":[{"@type":"SearchAction","target":{"@type":"EntryPoint","urlTemplate":"https:\/\/volcanes.net\/?s={search_term_string}"},"query-input":{"@type":"PropertyValueSpecification","valueRequired":true,"valueName":"search_term_string"}}],"inLanguage":"es"},{"@type":"Organization","@id":"https:\/\/volcanes.net\/#organization","name":"Grupo Volcanes","url":"https:\/\/volcanes.net\/","logo":{"@type":"ImageObject","inLanguage":"es","@id":"https:\/\/volcanes.net\/#\/schema\/logo\/image\/","url":"http:\/\/volcanes.net\/wp-content\/uploads\/2017\/12\/Avatar2.jpg","contentUrl":"http:\/\/volcanes.net\/wp-content\/uploads\/2017\/12\/Avatar2.jpg","width":378,"height":378,"caption":"Grupo Volcanes"},"image":{"@id":"https:\/\/volcanes.net\/#\/schema\/logo\/image\/"},"sameAs":["https:\/\/www.facebook.com\/volcanes.net\/"]},{"@type":"Person","@id":"https:\/\/volcanes.net\/#\/schema\/person\/4bf0f383940966a4abd53f5048c0e6b9","name":"admin","image":{"@type":"ImageObject","inLanguage":"es","@id":"https:\/\/volcanes.net\/#\/schema\/person\/image\/","url":"https:\/\/secure.gravatar.com\/avatar\/ca004e6cba8462b8cb7abc86e382930c?s=96&d=mm&r=g","contentUrl":"https:\/\/secure.gravatar.com\/avatar\/ca004e6cba8462b8cb7abc86e382930c?s=96&d=mm&r=g","caption":"admin"}}]}},"_links":{"self":[{"href":"https:\/\/volcanes.net\/index.php?rest_route=\/wp\/v2\/posts\/868"}],"collection":[{"href":"https:\/\/volcanes.net\/index.php?rest_route=\/wp\/v2\/posts"}],"about":[{"href":"https:\/\/volcanes.net\/index.php?rest_route=\/wp\/v2\/types\/post"}],"author":[{"embeddable":true,"href":"https:\/\/volcanes.net\/index.php?rest_route=\/wp\/v2\/users\/1"}],"replies":[{"embeddable":true,"href":"https:\/\/volcanes.net\/index.php?rest_route=%2Fwp%2Fv2%2Fcomments&post=868"}],"version-history":[{"count":1,"href":"https:\/\/volcanes.net\/index.php?rest_route=\/wp\/v2\/posts\/868\/revisions"}],"predecessor-version":[{"id":870,"href":"https:\/\/volcanes.net\/index.php?rest_route=\/wp\/v2\/posts\/868\/revisions\/870"}],"wp:featuredmedia":[{"embeddable":true,"href":"https:\/\/volcanes.net\/index.php?rest_route=\/wp\/v2\/media\/869"}],"wp:attachment":[{"href":"https:\/\/volcanes.net\/index.php?rest_route=%2Fwp%2Fv2%2Fmedia&parent=868"}],"wp:term":[{"taxonomy":"category","embeddable":true,"href":"https:\/\/volcanes.net\/index.php?rest_route=%2Fwp%2Fv2%2Fcategories&post=868"},{"taxonomy":"post_tag","embeddable":true,"href":"https:\/\/volcanes.net\/index.php?rest_route=%2Fwp%2Fv2%2Ftags&post=868"}],"curies":[{"name":"wp","href":"https:\/\/api.w.org\/{rel}","templated":true}]}}