{"id":8693,"date":"2020-10-05T07:37:15","date_gmt":"2020-10-05T13:37:15","guid":{"rendered":"http:\/\/volcanes.net\/?p=8693"},"modified":"2020-10-05T07:37:15","modified_gmt":"2020-10-05T13:37:15","slug":"edil-de-temamatla-asegura-que-no-hay-retencion-ilegal-de-salarios","status":"publish","type":"post","link":"https:\/\/volcanes.net\/?p=8693","title":{"rendered":"Edil de Temamatla asegura que no hay retenci\u00f3n ilegal de salarios"},"content":{"rendered":"<div style=\"margin-top: 0px; margin-bottom: 0px;\" class=\"sharethis-inline-share-buttons\" ><\/div><p>Temamatla, Estado de M\u00e9xico.-\u00a0 Sin retener sueldos de trabajadores\u00a0 de la administraci\u00f3n municipal est\u00e1 el gobierno de Temamatla.<\/p>\n<p>Juan Mart\u00edn Orozpe P\u00e9rez, presidente municipal se\u00f1al\u00f3 que debido al recorte presupuestal hecho por la pandemia del\u00a0 virus SARS-COV-2 que produce COVID-19,\u00a0 el gobierno estatal les redujera la partida, \u00abcon la pandemia, nos redujeron el presupuesto y pues nos quedamos con poco recurso, le digo que nos quiten 200 o 300 mil pesos para municipios como nosotros pues nos afecta porque de por s\u00ed es poco, con esto hicimos un acuerdo los miembros del cabildo y los trabajadores de confianza para pagar una quincena en lo que nos dan mayor presupuesto\u00bb.<\/p>\n<p>El edil asever\u00f3 que este acuerdo se dio luego de los ajustes presupuestales que se hicieron, \u00abno hay delito fue un acuerdo y para pagarle a los trabajadores como bomberos, polic\u00edas y los empleados que est\u00e9n en el gobierno, a ellos no los quisimos afectar, porque sab\u00edamos que no era buena idea bajar los salarios\u2019.<\/p>\n<p>Regidores de la administraci\u00f3n destacaron que aceptaron el acuerdo de no tener remuneraci\u00f3n quincenal para solventar los gastos de servicios personales ya que los despidos de trabajadores durante esta \u00e9poca no ser\u00edan buenos.<\/p>\n<p>Aseveraron que tambi\u00e9n los gastos que se hicieron para apoyar a la poblaci\u00f3n con gel antibacterial y las campa\u00f1as de salud fue algo que se autoriz\u00f3 y gener\u00f3 pagos no contemplados en el presupuesto de este a\u00f1o.<\/p>\n<p>El mun\u00edcipe destac\u00f3 que esperan en los siguientes meses se les incremente los recursos que reciben los municipios y con ello dar los pagos a los empleados de confianza y cuerpo edilicio.<\/p>\n<p>Indic\u00f3 que desde su llegada a la administraci\u00f3n en el 2019 el cuerpo edilicio\u00a0 acepto una reducci\u00f3n del 50 por ciento a sus salarios para tener un municipio austero.<\/p>\n<p>Asegur\u00f3 que las quejas presentadas por algunos ediles sobre la retenci\u00f3n salarial no tiene fundamento\u00a0 debido a que fue un acuerdo de cabildo.<\/p>\n<p>El presidente municipal dijo que est\u00e1n en su derecho de se\u00f1alar, aunque todo est\u00e1 hecho en un acuerdo al interior de las sesiones de cabildo.<\/p>\n","protected":false},"excerpt":{"rendered":"<p>Temamatla, Estado de M\u00e9xico.-\u00a0 Sin retener sueldos de trabajadores\u00a0 de la administraci\u00f3n municipal est\u00e1 el<\/p>\n","protected":false},"author":1,"featured_media":8694,"comment_status":"open","ping_status":"open","sticky":false,"template":"","format":"standard","meta":{"footnotes":""},"categories":[1],"tags":[236],"class_list":["post-8693","post","type-post","status-publish","format-standard","has-post-thumbnail","hentry","category-municipales","tag-temamatla"],"yoast_head":"<!-- This site is optimized with the Yoast SEO plugin v25.3 - https:\/\/yoast.com\/wordpress\/plugins\/seo\/ -->\n<title>Edil de Temamatla asegura que no hay retenci\u00f3n ilegal de salarios - Volcanes<\/title>\n<meta name=\"robots\" content=\"index, follow, max-snippet:-1, max-image-preview:large, max-video-preview:-1\" \/>\n<link rel=\"canonical\" href=\"https:\/\/volcanes.net\/?p=8693\" \/>\n<meta property=\"og:locale\" content=\"es_MX\" \/>\n<meta property=\"og:type\" content=\"article\" \/>\n<meta property=\"og:title\" content=\"Edil de Temamatla asegura que no hay retenci\u00f3n ilegal de salarios - Volcanes\" \/>\n<meta property=\"og:description\" content=\"Temamatla, Estado de M\u00e9xico.-\u00a0 Sin retener sueldos de trabajadores\u00a0 de la administraci\u00f3n municipal est\u00e1 el\" \/>\n<meta property=\"og:url\" content=\"https:\/\/volcanes.net\/?p=8693\" \/>\n<meta property=\"og:site_name\" content=\"Volcanes\" \/>\n<meta property=\"article:publisher\" content=\"https:\/\/www.facebook.com\/volcanes.net\/\" \/>\n<meta property=\"article:published_time\" content=\"2020-10-05T13:37:15+00:00\" \/>\n<meta property=\"og:image\" content=\"https:\/\/volcanes.net\/wp-content\/uploads\/2020\/10\/FB_IMG_1601904469744.jpg\" \/>\n\t<meta property=\"og:image:width\" content=\"540\" \/>\n\t<meta property=\"og:image:height\" content=\"540\" \/>\n\t<meta property=\"og:image:type\" content=\"image\/jpeg\" \/>\n<meta name=\"author\" content=\"admin\" \/>\n<meta name=\"twitter:card\" content=\"summary_large_image\" \/>\n<meta name=\"twitter:label1\" content=\"Escrito por\" \/>\n\t<meta name=\"twitter:data1\" content=\"admin\" \/>\n\t<meta name=\"twitter:label2\" content=\"Tiempo de lectura\" \/>\n\t<meta name=\"twitter:data2\" content=\"2 minutos\" \/>\n<script type=\"application\/ld+json\" class=\"yoast-schema-graph\">{\"@context\":\"https:\/\/schema.org\",\"@graph\":[{\"@type\":\"Article\",\"@id\":\"https:\/\/volcanes.net\/?p=8693#article\",\"isPartOf\":{\"@id\":\"https:\/\/volcanes.net\/?p=8693\"},\"author\":{\"name\":\"admin\",\"@id\":\"https:\/\/volcanes.net\/#\/schema\/person\/4bf0f383940966a4abd53f5048c0e6b9\"},\"headline\":\"Edil de Temamatla asegura que no hay retenci\u00f3n ilegal de salarios\",\"datePublished\":\"2020-10-05T13:37:15+00:00\",\"mainEntityOfPage\":{\"@id\":\"https:\/\/volcanes.net\/?p=8693\"},\"wordCount\":373,\"commentCount\":0,\"publisher\":{\"@id\":\"https:\/\/volcanes.net\/#organization\"},\"image\":{\"@id\":\"https:\/\/volcanes.net\/?p=8693#primaryimage\"},\"thumbnailUrl\":\"https:\/\/volcanes.net\/wp-content\/uploads\/2020\/10\/FB_IMG_1601904469744.jpg\",\"keywords\":[\"Temamatla\"],\"articleSection\":[\"Municipales\"],\"inLanguage\":\"es\",\"potentialAction\":[{\"@type\":\"CommentAction\",\"name\":\"Comment\",\"target\":[\"https:\/\/volcanes.net\/?p=8693#respond\"]}]},{\"@type\":\"WebPage\",\"@id\":\"https:\/\/volcanes.net\/?p=8693\",\"url\":\"https:\/\/volcanes.net\/?p=8693\",\"name\":\"Edil de Temamatla asegura que no hay retenci\u00f3n ilegal de salarios - Volcanes\",\"isPartOf\":{\"@id\":\"https:\/\/volcanes.net\/#website\"},\"primaryImageOfPage\":{\"@id\":\"https:\/\/volcanes.net\/?p=8693#primaryimage\"},\"image\":{\"@id\":\"https:\/\/volcanes.net\/?p=8693#primaryimage\"},\"thumbnailUrl\":\"https:\/\/volcanes.net\/wp-content\/uploads\/2020\/10\/FB_IMG_1601904469744.jpg\",\"datePublished\":\"2020-10-05T13:37:15+00:00\",\"breadcrumb\":{\"@id\":\"https:\/\/volcanes.net\/?p=8693#breadcrumb\"},\"inLanguage\":\"es\",\"potentialAction\":[{\"@type\":\"ReadAction\",\"target\":[\"https:\/\/volcanes.net\/?p=8693\"]}]},{\"@type\":\"ImageObject\",\"inLanguage\":\"es\",\"@id\":\"https:\/\/volcanes.net\/?p=8693#primaryimage\",\"url\":\"https:\/\/volcanes.net\/wp-content\/uploads\/2020\/10\/FB_IMG_1601904469744.jpg\",\"contentUrl\":\"https:\/\/volcanes.net\/wp-content\/uploads\/2020\/10\/FB_IMG_1601904469744.jpg\",\"width\":540,\"height\":540},{\"@type\":\"BreadcrumbList\",\"@id\":\"https:\/\/volcanes.net\/?p=8693#breadcrumb\",\"itemListElement\":[{\"@type\":\"ListItem\",\"position\":1,\"name\":\"Portada\",\"item\":\"https:\/\/volcanes.net\/\"},{\"@type\":\"ListItem\",\"position\":2,\"name\":\"Edil de Temamatla asegura que no hay retenci\u00f3n ilegal de salarios\"}]},{\"@type\":\"WebSite\",\"@id\":\"https:\/\/volcanes.net\/#website\",\"url\":\"https:\/\/volcanes.net\/\",\"name\":\"Volcanes.Net\",\"description\":\"Periodismo Profesional\",\"publisher\":{\"@id\":\"https:\/\/volcanes.net\/#organization\"},\"potentialAction\":[{\"@type\":\"SearchAction\",\"target\":{\"@type\":\"EntryPoint\",\"urlTemplate\":\"https:\/\/volcanes.net\/?s={search_term_string}\"},\"query-input\":{\"@type\":\"PropertyValueSpecification\",\"valueRequired\":true,\"valueName\":\"search_term_string\"}}],\"inLanguage\":\"es\"},{\"@type\":\"Organization\",\"@id\":\"https:\/\/volcanes.net\/#organization\",\"name\":\"Grupo Volcanes\",\"url\":\"https:\/\/volcanes.net\/\",\"logo\":{\"@type\":\"ImageObject\",\"inLanguage\":\"es\",\"@id\":\"https:\/\/volcanes.net\/#\/schema\/logo\/image\/\",\"url\":\"http:\/\/volcanes.net\/wp-content\/uploads\/2017\/12\/Avatar2.jpg\",\"contentUrl\":\"http:\/\/volcanes.net\/wp-content\/uploads\/2017\/12\/Avatar2.jpg\",\"width\":378,\"height\":378,\"caption\":\"Grupo Volcanes\"},\"image\":{\"@id\":\"https:\/\/volcanes.net\/#\/schema\/logo\/image\/\"},\"sameAs\":[\"https:\/\/www.facebook.com\/volcanes.net\/\"]},{\"@type\":\"Person\",\"@id\":\"https:\/\/volcanes.net\/#\/schema\/person\/4bf0f383940966a4abd53f5048c0e6b9\",\"name\":\"admin\",\"image\":{\"@type\":\"ImageObject\",\"inLanguage\":\"es\",\"@id\":\"https:\/\/volcanes.net\/#\/schema\/person\/image\/\",\"url\":\"https:\/\/secure.gravatar.com\/avatar\/ca004e6cba8462b8cb7abc86e382930c?s=96&d=mm&r=g\",\"contentUrl\":\"https:\/\/secure.gravatar.com\/avatar\/ca004e6cba8462b8cb7abc86e382930c?s=96&d=mm&r=g\",\"caption\":\"admin\"}}]}<\/script>\n<!-- \/ Yoast SEO plugin. -->","yoast_head_json":{"title":"Edil de Temamatla asegura que no hay retenci\u00f3n ilegal de salarios - Volcanes","robots":{"index":"index","follow":"follow","max-snippet":"max-snippet:-1","max-image-preview":"max-image-preview:large","max-video-preview":"max-video-preview:-1"},"canonical":"https:\/\/volcanes.net\/?p=8693","og_locale":"es_MX","og_type":"article","og_title":"Edil de Temamatla asegura que no hay retenci\u00f3n ilegal de salarios - Volcanes","og_description":"Temamatla, Estado de M\u00e9xico.-\u00a0 Sin retener sueldos de trabajadores\u00a0 de la administraci\u00f3n municipal est\u00e1 el","og_url":"https:\/\/volcanes.net\/?p=8693","og_site_name":"Volcanes","article_publisher":"https:\/\/www.facebook.com\/volcanes.net\/","article_published_time":"2020-10-05T13:37:15+00:00","og_image":[{"width":540,"height":540,"url":"https:\/\/volcanes.net\/wp-content\/uploads\/2020\/10\/FB_IMG_1601904469744.jpg","type":"image\/jpeg"}],"author":"admin","twitter_card":"summary_large_image","twitter_misc":{"Escrito por":"admin","Tiempo de lectura":"2 minutos"},"schema":{"@context":"https:\/\/schema.org","@graph":[{"@type":"Article","@id":"https:\/\/volcanes.net\/?p=8693#article","isPartOf":{"@id":"https:\/\/volcanes.net\/?p=8693"},"author":{"name":"admin","@id":"https:\/\/volcanes.net\/#\/schema\/person\/4bf0f383940966a4abd53f5048c0e6b9"},"headline":"Edil de Temamatla asegura que no hay retenci\u00f3n ilegal de salarios","datePublished":"2020-10-05T13:37:15+00:00","mainEntityOfPage":{"@id":"https:\/\/volcanes.net\/?p=8693"},"wordCount":373,"commentCount":0,"publisher":{"@id":"https:\/\/volcanes.net\/#organization"},"image":{"@id":"https:\/\/volcanes.net\/?p=8693#primaryimage"},"thumbnailUrl":"https:\/\/volcanes.net\/wp-content\/uploads\/2020\/10\/FB_IMG_1601904469744.jpg","keywords":["Temamatla"],"articleSection":["Municipales"],"inLanguage":"es","potentialAction":[{"@type":"CommentAction","name":"Comment","target":["https:\/\/volcanes.net\/?p=8693#respond"]}]},{"@type":"WebPage","@id":"https:\/\/volcanes.net\/?p=8693","url":"https:\/\/volcanes.net\/?p=8693","name":"Edil de Temamatla asegura que no hay retenci\u00f3n ilegal de salarios - Volcanes","isPartOf":{"@id":"https:\/\/volcanes.net\/#website"},"primaryImageOfPage":{"@id":"https:\/\/volcanes.net\/?p=8693#primaryimage"},"image":{"@id":"https:\/\/volcanes.net\/?p=8693#primaryimage"},"thumbnailUrl":"https:\/\/volcanes.net\/wp-content\/uploads\/2020\/10\/FB_IMG_1601904469744.jpg","datePublished":"2020-10-05T13:37:15+00:00","breadcrumb":{"@id":"https:\/\/volcanes.net\/?p=8693#breadcrumb"},"inLanguage":"es","potentialAction":[{"@type":"ReadAction","target":["https:\/\/volcanes.net\/?p=8693"]}]},{"@type":"ImageObject","inLanguage":"es","@id":"https:\/\/volcanes.net\/?p=8693#primaryimage","url":"https:\/\/volcanes.net\/wp-content\/uploads\/2020\/10\/FB_IMG_1601904469744.jpg","contentUrl":"https:\/\/volcanes.net\/wp-content\/uploads\/2020\/10\/FB_IMG_1601904469744.jpg","width":540,"height":540},{"@type":"BreadcrumbList","@id":"https:\/\/volcanes.net\/?p=8693#breadcrumb","itemListElement":[{"@type":"ListItem","position":1,"name":"Portada","item":"https:\/\/volcanes.net\/"},{"@type":"ListItem","position":2,"name":"Edil de Temamatla asegura que no hay retenci\u00f3n ilegal de salarios"}]},{"@type":"WebSite","@id":"https:\/\/volcanes.net\/#website","url":"https:\/\/volcanes.net\/","name":"Volcanes.Net","description":"Periodismo Profesional","publisher":{"@id":"https:\/\/volcanes.net\/#organization"},"potentialAction":[{"@type":"SearchAction","target":{"@type":"EntryPoint","urlTemplate":"https:\/\/volcanes.net\/?s={search_term_string}"},"query-input":{"@type":"PropertyValueSpecification","valueRequired":true,"valueName":"search_term_string"}}],"inLanguage":"es"},{"@type":"Organization","@id":"https:\/\/volcanes.net\/#organization","name":"Grupo Volcanes","url":"https:\/\/volcanes.net\/","logo":{"@type":"ImageObject","inLanguage":"es","@id":"https:\/\/volcanes.net\/#\/schema\/logo\/image\/","url":"http:\/\/volcanes.net\/wp-content\/uploads\/2017\/12\/Avatar2.jpg","contentUrl":"http:\/\/volcanes.net\/wp-content\/uploads\/2017\/12\/Avatar2.jpg","width":378,"height":378,"caption":"Grupo Volcanes"},"image":{"@id":"https:\/\/volcanes.net\/#\/schema\/logo\/image\/"},"sameAs":["https:\/\/www.facebook.com\/volcanes.net\/"]},{"@type":"Person","@id":"https:\/\/volcanes.net\/#\/schema\/person\/4bf0f383940966a4abd53f5048c0e6b9","name":"admin","image":{"@type":"ImageObject","inLanguage":"es","@id":"https:\/\/volcanes.net\/#\/schema\/person\/image\/","url":"https:\/\/secure.gravatar.com\/avatar\/ca004e6cba8462b8cb7abc86e382930c?s=96&d=mm&r=g","contentUrl":"https:\/\/secure.gravatar.com\/avatar\/ca004e6cba8462b8cb7abc86e382930c?s=96&d=mm&r=g","caption":"admin"}}]}},"_links":{"self":[{"href":"https:\/\/volcanes.net\/index.php?rest_route=\/wp\/v2\/posts\/8693"}],"collection":[{"href":"https:\/\/volcanes.net\/index.php?rest_route=\/wp\/v2\/posts"}],"about":[{"href":"https:\/\/volcanes.net\/index.php?rest_route=\/wp\/v2\/types\/post"}],"author":[{"embeddable":true,"href":"https:\/\/volcanes.net\/index.php?rest_route=\/wp\/v2\/users\/1"}],"replies":[{"embeddable":true,"href":"https:\/\/volcanes.net\/index.php?rest_route=%2Fwp%2Fv2%2Fcomments&post=8693"}],"version-history":[{"count":1,"href":"https:\/\/volcanes.net\/index.php?rest_route=\/wp\/v2\/posts\/8693\/revisions"}],"predecessor-version":[{"id":8695,"href":"https:\/\/volcanes.net\/index.php?rest_route=\/wp\/v2\/posts\/8693\/revisions\/8695"}],"wp:featuredmedia":[{"embeddable":true,"href":"https:\/\/volcanes.net\/index.php?rest_route=\/wp\/v2\/media\/8694"}],"wp:attachment":[{"href":"https:\/\/volcanes.net\/index.php?rest_route=%2Fwp%2Fv2%2Fmedia&parent=8693"}],"wp:term":[{"taxonomy":"category","embeddable":true,"href":"https:\/\/volcanes.net\/index.php?rest_route=%2Fwp%2Fv2%2Fcategories&post=8693"},{"taxonomy":"post_tag","embeddable":true,"href":"https:\/\/volcanes.net\/index.php?rest_route=%2Fwp%2Fv2%2Ftags&post=8693"}],"curies":[{"name":"wp","href":"https:\/\/api.w.org\/{rel}","templated":true}]}}