{"id":8729,"date":"2020-10-06T08:33:47","date_gmt":"2020-10-06T14:33:47","guid":{"rendered":"http:\/\/volcanes.net\/?p=8729"},"modified":"2020-10-06T08:33:47","modified_gmt":"2020-10-06T14:33:47","slug":"el-gobierno-de-amecameca-sigue-iniciando-obras-en-beneficio-a-la-educacion","status":"publish","type":"post","link":"https:\/\/volcanes.net\/?p=8729","title":{"rendered":"El gobierno de Amecameca sigue iniciando obras en beneficio a la educaci\u00f3n"},"content":{"rendered":"<div style=\"margin-top: 0px; margin-bottom: 0px;\" class=\"sharethis-inline-share-buttons\" ><\/div><p>Natalia Hern\u00e1ndez | Volcanes Multimedios<\/p>\n<p>Amecameca, Estado de M\u00e9xico.- El gobierno de este municipio mexiquense que preside Miguel \u00c1ngel Salom\u00f3n Cort\u00e9s sigue iniciando obras en beneficio a la educaci\u00f3n, en esta ocasi\u00f3n se dio banderazo de inicio para la construcci\u00f3n de la cisterna de agua en la escuela primaria Miguel Hidalgo en la delegaci\u00f3n de San Antonio Zoyatzingo con el fin de elevar la calidad de la educaci\u00f3n en la demarcaci\u00f3n. Ante ello, directivos y padres de familia agradecieron al alcalde por tomarlos en cuenta para la construcci\u00f3n de la cisterna.<\/p>\n<p>Por su parte, el edil, comento en entrevista para este medio que contin\u00faan con la temporada de obras 2020, por lo que en esta ocasi\u00f3n toco en San Antonio Zoyatzingo en donde se dio inicio a los trabajos para la realizaci\u00f3n de dicha cisterna ya que el tema de agua es un servicio vital, como ya lo ha mencionado Salom\u00f3n Cort\u00e9s, esta administraci\u00f3n est\u00e1 comprometida con la educaci\u00f3n as\u00ed como de elevar su calidad \u00a0ya que en los planteles educativos se est\u00e1n formando los pr\u00f3ximos profesionales quienes tomaran las riendas de M\u00e9xico.<\/p>\n<p>Cabe mencionar que se est\u00e1n realizando m\u00e1s de 30 obras en beneficio de las familias Amecamequenses con una inversi\u00f3n de m\u00e1s de 40 millones de \u00a0pesos entre las que se encuentran pavimentaciones, drenaje, iluminaci\u00f3n, alarmas vecinales, seguridad etc. \u00a0En beneficio de los pobladores.<\/p>\n<p>Jaime Ventura Palacio Reyes, director de la escuela primaria Miguel Hidalgo\u00a0 agradece la atenci\u00f3n que ha tenido ya que esta acci\u00f3n representa la salvedad de l sanidad adem\u00e1s de que de esta forman tambi\u00e9n una educaci\u00f3n de calidad ya que se les ense\u00f1ara a los ni\u00f1os a cuidar e este l\u00edquido vital.<\/p>\n<p>https:\/\/www.facebook.com\/109414100442855\/posts\/382665529784376\/<\/p>\n","protected":false},"excerpt":{"rendered":"<p>Natalia Hern\u00e1ndez | Volcanes Multimedios Amecameca, Estado de M\u00e9xico.- El gobierno de este municipio mexiquense<\/p>\n","protected":false},"author":1,"featured_media":8733,"comment_status":"open","ping_status":"open","sticky":false,"template":"","format":"standard","meta":{"footnotes":""},"categories":[1],"tags":[7],"class_list":["post-8729","post","type-post","status-publish","format-standard","has-post-thumbnail","hentry","category-municipales","tag-amecameca"],"yoast_head":"<!-- This site is optimized with the Yoast SEO plugin v25.3 - https:\/\/yoast.com\/wordpress\/plugins\/seo\/ -->\n<title>El gobierno de Amecameca sigue iniciando obras en beneficio a la educaci\u00f3n - Volcanes<\/title>\n<meta name=\"robots\" content=\"index, follow, max-snippet:-1, max-image-preview:large, max-video-preview:-1\" \/>\n<link rel=\"canonical\" href=\"https:\/\/volcanes.net\/?p=8729\" \/>\n<meta property=\"og:locale\" content=\"es_MX\" \/>\n<meta property=\"og:type\" content=\"article\" \/>\n<meta property=\"og:title\" content=\"El gobierno de Amecameca sigue iniciando obras en beneficio a la educaci\u00f3n - Volcanes\" \/>\n<meta property=\"og:description\" content=\"Natalia Hern\u00e1ndez | Volcanes Multimedios Amecameca, Estado de M\u00e9xico.- El gobierno de este municipio mexiquense\" \/>\n<meta property=\"og:url\" content=\"https:\/\/volcanes.net\/?p=8729\" \/>\n<meta property=\"og:site_name\" content=\"Volcanes\" \/>\n<meta property=\"article:publisher\" content=\"https:\/\/www.facebook.com\/volcanes.net\/\" \/>\n<meta property=\"article:published_time\" content=\"2020-10-06T14:33:47+00:00\" \/>\n<meta property=\"og:image\" content=\"https:\/\/volcanes.net\/wp-content\/uploads\/2020\/10\/2fbaf0c4-157f-4152-a529-8515d7c236c2.jpg\" \/>\n\t<meta property=\"og:image:width\" content=\"540\" \/>\n\t<meta property=\"og:image:height\" content=\"302\" \/>\n\t<meta property=\"og:image:type\" content=\"image\/jpeg\" \/>\n<meta name=\"author\" content=\"admin\" \/>\n<meta name=\"twitter:card\" content=\"summary_large_image\" \/>\n<meta name=\"twitter:label1\" content=\"Escrito por\" \/>\n\t<meta name=\"twitter:data1\" content=\"admin\" \/>\n\t<meta name=\"twitter:label2\" content=\"Tiempo de lectura\" \/>\n\t<meta name=\"twitter:data2\" content=\"2 minutos\" \/>\n<script type=\"application\/ld+json\" class=\"yoast-schema-graph\">{\"@context\":\"https:\/\/schema.org\",\"@graph\":[{\"@type\":\"Article\",\"@id\":\"https:\/\/volcanes.net\/?p=8729#article\",\"isPartOf\":{\"@id\":\"https:\/\/volcanes.net\/?p=8729\"},\"author\":{\"name\":\"admin\",\"@id\":\"https:\/\/volcanes.net\/#\/schema\/person\/4bf0f383940966a4abd53f5048c0e6b9\"},\"headline\":\"El gobierno de Amecameca sigue iniciando obras en beneficio a la educaci\u00f3n\",\"datePublished\":\"2020-10-06T14:33:47+00:00\",\"mainEntityOfPage\":{\"@id\":\"https:\/\/volcanes.net\/?p=8729\"},\"wordCount\":327,\"commentCount\":0,\"publisher\":{\"@id\":\"https:\/\/volcanes.net\/#organization\"},\"image\":{\"@id\":\"https:\/\/volcanes.net\/?p=8729#primaryimage\"},\"thumbnailUrl\":\"https:\/\/volcanes.net\/wp-content\/uploads\/2020\/10\/2fbaf0c4-157f-4152-a529-8515d7c236c2.jpg\",\"keywords\":[\"Amecameca\"],\"articleSection\":[\"Municipales\"],\"inLanguage\":\"es\",\"potentialAction\":[{\"@type\":\"CommentAction\",\"name\":\"Comment\",\"target\":[\"https:\/\/volcanes.net\/?p=8729#respond\"]}]},{\"@type\":\"WebPage\",\"@id\":\"https:\/\/volcanes.net\/?p=8729\",\"url\":\"https:\/\/volcanes.net\/?p=8729\",\"name\":\"El gobierno de Amecameca sigue iniciando obras en beneficio a la educaci\u00f3n - Volcanes\",\"isPartOf\":{\"@id\":\"https:\/\/volcanes.net\/#website\"},\"primaryImageOfPage\":{\"@id\":\"https:\/\/volcanes.net\/?p=8729#primaryimage\"},\"image\":{\"@id\":\"https:\/\/volcanes.net\/?p=8729#primaryimage\"},\"thumbnailUrl\":\"https:\/\/volcanes.net\/wp-content\/uploads\/2020\/10\/2fbaf0c4-157f-4152-a529-8515d7c236c2.jpg\",\"datePublished\":\"2020-10-06T14:33:47+00:00\",\"breadcrumb\":{\"@id\":\"https:\/\/volcanes.net\/?p=8729#breadcrumb\"},\"inLanguage\":\"es\",\"potentialAction\":[{\"@type\":\"ReadAction\",\"target\":[\"https:\/\/volcanes.net\/?p=8729\"]}]},{\"@type\":\"ImageObject\",\"inLanguage\":\"es\",\"@id\":\"https:\/\/volcanes.net\/?p=8729#primaryimage\",\"url\":\"https:\/\/volcanes.net\/wp-content\/uploads\/2020\/10\/2fbaf0c4-157f-4152-a529-8515d7c236c2.jpg\",\"contentUrl\":\"https:\/\/volcanes.net\/wp-content\/uploads\/2020\/10\/2fbaf0c4-157f-4152-a529-8515d7c236c2.jpg\",\"width\":540,\"height\":302},{\"@type\":\"BreadcrumbList\",\"@id\":\"https:\/\/volcanes.net\/?p=8729#breadcrumb\",\"itemListElement\":[{\"@type\":\"ListItem\",\"position\":1,\"name\":\"Portada\",\"item\":\"https:\/\/volcanes.net\/\"},{\"@type\":\"ListItem\",\"position\":2,\"name\":\"El gobierno de Amecameca sigue iniciando obras en beneficio a la educaci\u00f3n\"}]},{\"@type\":\"WebSite\",\"@id\":\"https:\/\/volcanes.net\/#website\",\"url\":\"https:\/\/volcanes.net\/\",\"name\":\"Volcanes.Net\",\"description\":\"Periodismo Profesional\",\"publisher\":{\"@id\":\"https:\/\/volcanes.net\/#organization\"},\"potentialAction\":[{\"@type\":\"SearchAction\",\"target\":{\"@type\":\"EntryPoint\",\"urlTemplate\":\"https:\/\/volcanes.net\/?s={search_term_string}\"},\"query-input\":{\"@type\":\"PropertyValueSpecification\",\"valueRequired\":true,\"valueName\":\"search_term_string\"}}],\"inLanguage\":\"es\"},{\"@type\":\"Organization\",\"@id\":\"https:\/\/volcanes.net\/#organization\",\"name\":\"Grupo Volcanes\",\"url\":\"https:\/\/volcanes.net\/\",\"logo\":{\"@type\":\"ImageObject\",\"inLanguage\":\"es\",\"@id\":\"https:\/\/volcanes.net\/#\/schema\/logo\/image\/\",\"url\":\"http:\/\/volcanes.net\/wp-content\/uploads\/2017\/12\/Avatar2.jpg\",\"contentUrl\":\"http:\/\/volcanes.net\/wp-content\/uploads\/2017\/12\/Avatar2.jpg\",\"width\":378,\"height\":378,\"caption\":\"Grupo Volcanes\"},\"image\":{\"@id\":\"https:\/\/volcanes.net\/#\/schema\/logo\/image\/\"},\"sameAs\":[\"https:\/\/www.facebook.com\/volcanes.net\/\"]},{\"@type\":\"Person\",\"@id\":\"https:\/\/volcanes.net\/#\/schema\/person\/4bf0f383940966a4abd53f5048c0e6b9\",\"name\":\"admin\",\"image\":{\"@type\":\"ImageObject\",\"inLanguage\":\"es\",\"@id\":\"https:\/\/volcanes.net\/#\/schema\/person\/image\/\",\"url\":\"https:\/\/secure.gravatar.com\/avatar\/ca004e6cba8462b8cb7abc86e382930c?s=96&d=mm&r=g\",\"contentUrl\":\"https:\/\/secure.gravatar.com\/avatar\/ca004e6cba8462b8cb7abc86e382930c?s=96&d=mm&r=g\",\"caption\":\"admin\"}}]}<\/script>\n<!-- \/ Yoast SEO plugin. -->","yoast_head_json":{"title":"El gobierno de Amecameca sigue iniciando obras en beneficio a la educaci\u00f3n - Volcanes","robots":{"index":"index","follow":"follow","max-snippet":"max-snippet:-1","max-image-preview":"max-image-preview:large","max-video-preview":"max-video-preview:-1"},"canonical":"https:\/\/volcanes.net\/?p=8729","og_locale":"es_MX","og_type":"article","og_title":"El gobierno de Amecameca sigue iniciando obras en beneficio a la educaci\u00f3n - Volcanes","og_description":"Natalia Hern\u00e1ndez | Volcanes Multimedios Amecameca, Estado de M\u00e9xico.- El gobierno de este municipio mexiquense","og_url":"https:\/\/volcanes.net\/?p=8729","og_site_name":"Volcanes","article_publisher":"https:\/\/www.facebook.com\/volcanes.net\/","article_published_time":"2020-10-06T14:33:47+00:00","og_image":[{"width":540,"height":302,"url":"https:\/\/volcanes.net\/wp-content\/uploads\/2020\/10\/2fbaf0c4-157f-4152-a529-8515d7c236c2.jpg","type":"image\/jpeg"}],"author":"admin","twitter_card":"summary_large_image","twitter_misc":{"Escrito por":"admin","Tiempo de lectura":"2 minutos"},"schema":{"@context":"https:\/\/schema.org","@graph":[{"@type":"Article","@id":"https:\/\/volcanes.net\/?p=8729#article","isPartOf":{"@id":"https:\/\/volcanes.net\/?p=8729"},"author":{"name":"admin","@id":"https:\/\/volcanes.net\/#\/schema\/person\/4bf0f383940966a4abd53f5048c0e6b9"},"headline":"El gobierno de Amecameca sigue iniciando obras en beneficio a la educaci\u00f3n","datePublished":"2020-10-06T14:33:47+00:00","mainEntityOfPage":{"@id":"https:\/\/volcanes.net\/?p=8729"},"wordCount":327,"commentCount":0,"publisher":{"@id":"https:\/\/volcanes.net\/#organization"},"image":{"@id":"https:\/\/volcanes.net\/?p=8729#primaryimage"},"thumbnailUrl":"https:\/\/volcanes.net\/wp-content\/uploads\/2020\/10\/2fbaf0c4-157f-4152-a529-8515d7c236c2.jpg","keywords":["Amecameca"],"articleSection":["Municipales"],"inLanguage":"es","potentialAction":[{"@type":"CommentAction","name":"Comment","target":["https:\/\/volcanes.net\/?p=8729#respond"]}]},{"@type":"WebPage","@id":"https:\/\/volcanes.net\/?p=8729","url":"https:\/\/volcanes.net\/?p=8729","name":"El gobierno de Amecameca sigue iniciando obras en beneficio a la educaci\u00f3n - Volcanes","isPartOf":{"@id":"https:\/\/volcanes.net\/#website"},"primaryImageOfPage":{"@id":"https:\/\/volcanes.net\/?p=8729#primaryimage"},"image":{"@id":"https:\/\/volcanes.net\/?p=8729#primaryimage"},"thumbnailUrl":"https:\/\/volcanes.net\/wp-content\/uploads\/2020\/10\/2fbaf0c4-157f-4152-a529-8515d7c236c2.jpg","datePublished":"2020-10-06T14:33:47+00:00","breadcrumb":{"@id":"https:\/\/volcanes.net\/?p=8729#breadcrumb"},"inLanguage":"es","potentialAction":[{"@type":"ReadAction","target":["https:\/\/volcanes.net\/?p=8729"]}]},{"@type":"ImageObject","inLanguage":"es","@id":"https:\/\/volcanes.net\/?p=8729#primaryimage","url":"https:\/\/volcanes.net\/wp-content\/uploads\/2020\/10\/2fbaf0c4-157f-4152-a529-8515d7c236c2.jpg","contentUrl":"https:\/\/volcanes.net\/wp-content\/uploads\/2020\/10\/2fbaf0c4-157f-4152-a529-8515d7c236c2.jpg","width":540,"height":302},{"@type":"BreadcrumbList","@id":"https:\/\/volcanes.net\/?p=8729#breadcrumb","itemListElement":[{"@type":"ListItem","position":1,"name":"Portada","item":"https:\/\/volcanes.net\/"},{"@type":"ListItem","position":2,"name":"El gobierno de Amecameca sigue iniciando obras en beneficio a la educaci\u00f3n"}]},{"@type":"WebSite","@id":"https:\/\/volcanes.net\/#website","url":"https:\/\/volcanes.net\/","name":"Volcanes.Net","description":"Periodismo Profesional","publisher":{"@id":"https:\/\/volcanes.net\/#organization"},"potentialAction":[{"@type":"SearchAction","target":{"@type":"EntryPoint","urlTemplate":"https:\/\/volcanes.net\/?s={search_term_string}"},"query-input":{"@type":"PropertyValueSpecification","valueRequired":true,"valueName":"search_term_string"}}],"inLanguage":"es"},{"@type":"Organization","@id":"https:\/\/volcanes.net\/#organization","name":"Grupo Volcanes","url":"https:\/\/volcanes.net\/","logo":{"@type":"ImageObject","inLanguage":"es","@id":"https:\/\/volcanes.net\/#\/schema\/logo\/image\/","url":"http:\/\/volcanes.net\/wp-content\/uploads\/2017\/12\/Avatar2.jpg","contentUrl":"http:\/\/volcanes.net\/wp-content\/uploads\/2017\/12\/Avatar2.jpg","width":378,"height":378,"caption":"Grupo Volcanes"},"image":{"@id":"https:\/\/volcanes.net\/#\/schema\/logo\/image\/"},"sameAs":["https:\/\/www.facebook.com\/volcanes.net\/"]},{"@type":"Person","@id":"https:\/\/volcanes.net\/#\/schema\/person\/4bf0f383940966a4abd53f5048c0e6b9","name":"admin","image":{"@type":"ImageObject","inLanguage":"es","@id":"https:\/\/volcanes.net\/#\/schema\/person\/image\/","url":"https:\/\/secure.gravatar.com\/avatar\/ca004e6cba8462b8cb7abc86e382930c?s=96&d=mm&r=g","contentUrl":"https:\/\/secure.gravatar.com\/avatar\/ca004e6cba8462b8cb7abc86e382930c?s=96&d=mm&r=g","caption":"admin"}}]}},"_links":{"self":[{"href":"https:\/\/volcanes.net\/index.php?rest_route=\/wp\/v2\/posts\/8729"}],"collection":[{"href":"https:\/\/volcanes.net\/index.php?rest_route=\/wp\/v2\/posts"}],"about":[{"href":"https:\/\/volcanes.net\/index.php?rest_route=\/wp\/v2\/types\/post"}],"author":[{"embeddable":true,"href":"https:\/\/volcanes.net\/index.php?rest_route=\/wp\/v2\/users\/1"}],"replies":[{"embeddable":true,"href":"https:\/\/volcanes.net\/index.php?rest_route=%2Fwp%2Fv2%2Fcomments&post=8729"}],"version-history":[{"count":1,"href":"https:\/\/volcanes.net\/index.php?rest_route=\/wp\/v2\/posts\/8729\/revisions"}],"predecessor-version":[{"id":8734,"href":"https:\/\/volcanes.net\/index.php?rest_route=\/wp\/v2\/posts\/8729\/revisions\/8734"}],"wp:featuredmedia":[{"embeddable":true,"href":"https:\/\/volcanes.net\/index.php?rest_route=\/wp\/v2\/media\/8733"}],"wp:attachment":[{"href":"https:\/\/volcanes.net\/index.php?rest_route=%2Fwp%2Fv2%2Fmedia&parent=8729"}],"wp:term":[{"taxonomy":"category","embeddable":true,"href":"https:\/\/volcanes.net\/index.php?rest_route=%2Fwp%2Fv2%2Fcategories&post=8729"},{"taxonomy":"post_tag","embeddable":true,"href":"https:\/\/volcanes.net\/index.php?rest_route=%2Fwp%2Fv2%2Ftags&post=8729"}],"curies":[{"name":"wp","href":"https:\/\/api.w.org\/{rel}","templated":true}]}}