{"id":8775,"date":"2020-10-08T10:22:43","date_gmt":"2020-10-08T16:22:43","guid":{"rendered":"http:\/\/volcanes.net\/?p=8775"},"modified":"2020-10-08T11:37:36","modified_gmt":"2020-10-08T17:37:36","slug":"ernesto-nemer-pide-licencia-en-su-congreso-federal-su-suplente-oscar-jimenez-rayon","status":"publish","type":"post","link":"https:\/\/volcanes.net\/?p=8775","title":{"rendered":"Ernesto Nemer pide licencia a su congreso federal;  su suplente Oscar Jim\u00e9nez Ray\u00f3n"},"content":{"rendered":"<div style=\"margin-top: 0px; margin-bottom: 0px;\" class=\"sharethis-inline-share-buttons\" ><\/div><p>Ernesto Nemer \u00c1lvarez solicit\u00f3 una licencia por tiempo indefinido al cargo del diputado federal, curul al que acredit\u00f3 por la v\u00eda plurinominal en septiembre de 2018, cuando se desempe\u00f1aba como dirigente estatal del PRI y el partido obtuvo los peores resultados electorales de su historia.<\/p>\n<p>Sin embargo, durante la sesi\u00f3n deliberada, la presidenta de la Mesa Directiva de San L\u00e1zaro, Dulce Mar\u00eda Sauri Riancho, comunic\u00f3 al pleno de los diputados federales la intenci\u00f3n de Ernesto Nemer para separarse de su cargo parlamentario, ante un eventual nombramiento en el gabinete estatal del gobernador mexiquense Alfredo del Mazo, por lo que de inmediato se pidi\u00f3 tomar protesta a su suplente, Oscar Jim\u00e9nez Ray\u00f3n, quien ya ha tomado la tribuna para defender los fideicomisos que el gobierno federal pretende desaparecer.<\/p>\n<p>Cabe mencionar que Nemer \u00c1lvarez era coordinador de los diputados federales mexiquenses y tras su licencia se anticipa que pudiera arribar al gabinete estatal para ocupar el cargo de secretario general de gobierno, ante una eventual jubilaci\u00f3n de Alejandro Ozuna.<\/p>\n","protected":false},"excerpt":{"rendered":"<p>Ernesto Nemer \u00c1lvarez solicit\u00f3 una licencia por tiempo indefinido al cargo del diputado federal, curul<\/p>\n","protected":false},"author":1,"featured_media":8776,"comment_status":"open","ping_status":"open","sticky":false,"template":"","format":"standard","meta":{"footnotes":""},"categories":[3],"tags":[],"class_list":["post-8775","post","type-post","status-publish","format-standard","has-post-thumbnail","hentry","category-estatales"],"yoast_head":"<!-- This site is optimized with the Yoast SEO plugin v25.3 - https:\/\/yoast.com\/wordpress\/plugins\/seo\/ -->\n<title>Ernesto Nemer pide licencia a su congreso federal; su suplente Oscar Jim\u00e9nez Ray\u00f3n - Volcanes<\/title>\n<meta name=\"robots\" content=\"index, follow, max-snippet:-1, max-image-preview:large, max-video-preview:-1\" \/>\n<link rel=\"canonical\" href=\"https:\/\/volcanes.net\/?p=8775\" \/>\n<meta property=\"og:locale\" content=\"es_MX\" \/>\n<meta property=\"og:type\" content=\"article\" \/>\n<meta property=\"og:title\" content=\"Ernesto Nemer pide licencia a su congreso federal; su suplente Oscar Jim\u00e9nez Ray\u00f3n - Volcanes\" \/>\n<meta property=\"og:description\" content=\"Ernesto Nemer \u00c1lvarez solicit\u00f3 una licencia por tiempo indefinido al cargo del diputado federal, curul\" \/>\n<meta property=\"og:url\" content=\"https:\/\/volcanes.net\/?p=8775\" \/>\n<meta property=\"og:site_name\" content=\"Volcanes\" \/>\n<meta property=\"article:publisher\" content=\"https:\/\/www.facebook.com\/volcanes.net\/\" \/>\n<meta property=\"article:published_time\" content=\"2020-10-08T16:22:43+00:00\" \/>\n<meta property=\"article:modified_time\" content=\"2020-10-08T17:37:36+00:00\" \/>\n<meta property=\"og:image\" content=\"https:\/\/volcanes.net\/wp-content\/uploads\/2020\/10\/descarga.jpg\" \/>\n\t<meta property=\"og:image:width\" content=\"225\" \/>\n\t<meta property=\"og:image:height\" content=\"225\" \/>\n\t<meta property=\"og:image:type\" content=\"image\/jpeg\" \/>\n<meta name=\"author\" content=\"admin\" \/>\n<meta name=\"twitter:card\" content=\"summary_large_image\" \/>\n<meta name=\"twitter:label1\" content=\"Escrito por\" \/>\n\t<meta name=\"twitter:data1\" content=\"admin\" \/>\n\t<meta name=\"twitter:label2\" content=\"Tiempo de lectura\" \/>\n\t<meta name=\"twitter:data2\" content=\"1 minuto\" \/>\n<script type=\"application\/ld+json\" class=\"yoast-schema-graph\">{\"@context\":\"https:\/\/schema.org\",\"@graph\":[{\"@type\":\"Article\",\"@id\":\"https:\/\/volcanes.net\/?p=8775#article\",\"isPartOf\":{\"@id\":\"https:\/\/volcanes.net\/?p=8775\"},\"author\":{\"name\":\"admin\",\"@id\":\"https:\/\/volcanes.net\/#\/schema\/person\/4bf0f383940966a4abd53f5048c0e6b9\"},\"headline\":\"Ernesto Nemer pide licencia a su congreso federal; su suplente Oscar Jim\u00e9nez Ray\u00f3n\",\"datePublished\":\"2020-10-08T16:22:43+00:00\",\"dateModified\":\"2020-10-08T17:37:36+00:00\",\"mainEntityOfPage\":{\"@id\":\"https:\/\/volcanes.net\/?p=8775\"},\"wordCount\":190,\"commentCount\":0,\"publisher\":{\"@id\":\"https:\/\/volcanes.net\/#organization\"},\"image\":{\"@id\":\"https:\/\/volcanes.net\/?p=8775#primaryimage\"},\"thumbnailUrl\":\"https:\/\/volcanes.net\/wp-content\/uploads\/2020\/10\/descarga.jpg\",\"articleSection\":[\"Estatales\"],\"inLanguage\":\"es\",\"potentialAction\":[{\"@type\":\"CommentAction\",\"name\":\"Comment\",\"target\":[\"https:\/\/volcanes.net\/?p=8775#respond\"]}]},{\"@type\":\"WebPage\",\"@id\":\"https:\/\/volcanes.net\/?p=8775\",\"url\":\"https:\/\/volcanes.net\/?p=8775\",\"name\":\"Ernesto Nemer pide licencia a su congreso federal; su suplente Oscar Jim\u00e9nez Ray\u00f3n - Volcanes\",\"isPartOf\":{\"@id\":\"https:\/\/volcanes.net\/#website\"},\"primaryImageOfPage\":{\"@id\":\"https:\/\/volcanes.net\/?p=8775#primaryimage\"},\"image\":{\"@id\":\"https:\/\/volcanes.net\/?p=8775#primaryimage\"},\"thumbnailUrl\":\"https:\/\/volcanes.net\/wp-content\/uploads\/2020\/10\/descarga.jpg\",\"datePublished\":\"2020-10-08T16:22:43+00:00\",\"dateModified\":\"2020-10-08T17:37:36+00:00\",\"breadcrumb\":{\"@id\":\"https:\/\/volcanes.net\/?p=8775#breadcrumb\"},\"inLanguage\":\"es\",\"potentialAction\":[{\"@type\":\"ReadAction\",\"target\":[\"https:\/\/volcanes.net\/?p=8775\"]}]},{\"@type\":\"ImageObject\",\"inLanguage\":\"es\",\"@id\":\"https:\/\/volcanes.net\/?p=8775#primaryimage\",\"url\":\"https:\/\/volcanes.net\/wp-content\/uploads\/2020\/10\/descarga.jpg\",\"contentUrl\":\"https:\/\/volcanes.net\/wp-content\/uploads\/2020\/10\/descarga.jpg\",\"width\":225,\"height\":225},{\"@type\":\"BreadcrumbList\",\"@id\":\"https:\/\/volcanes.net\/?p=8775#breadcrumb\",\"itemListElement\":[{\"@type\":\"ListItem\",\"position\":1,\"name\":\"Portada\",\"item\":\"https:\/\/volcanes.net\/\"},{\"@type\":\"ListItem\",\"position\":2,\"name\":\"Ernesto Nemer pide licencia a su congreso federal; su suplente Oscar Jim\u00e9nez Ray\u00f3n\"}]},{\"@type\":\"WebSite\",\"@id\":\"https:\/\/volcanes.net\/#website\",\"url\":\"https:\/\/volcanes.net\/\",\"name\":\"Volcanes.Net\",\"description\":\"Periodismo Profesional\",\"publisher\":{\"@id\":\"https:\/\/volcanes.net\/#organization\"},\"potentialAction\":[{\"@type\":\"SearchAction\",\"target\":{\"@type\":\"EntryPoint\",\"urlTemplate\":\"https:\/\/volcanes.net\/?s={search_term_string}\"},\"query-input\":{\"@type\":\"PropertyValueSpecification\",\"valueRequired\":true,\"valueName\":\"search_term_string\"}}],\"inLanguage\":\"es\"},{\"@type\":\"Organization\",\"@id\":\"https:\/\/volcanes.net\/#organization\",\"name\":\"Grupo Volcanes\",\"url\":\"https:\/\/volcanes.net\/\",\"logo\":{\"@type\":\"ImageObject\",\"inLanguage\":\"es\",\"@id\":\"https:\/\/volcanes.net\/#\/schema\/logo\/image\/\",\"url\":\"http:\/\/volcanes.net\/wp-content\/uploads\/2017\/12\/Avatar2.jpg\",\"contentUrl\":\"http:\/\/volcanes.net\/wp-content\/uploads\/2017\/12\/Avatar2.jpg\",\"width\":378,\"height\":378,\"caption\":\"Grupo Volcanes\"},\"image\":{\"@id\":\"https:\/\/volcanes.net\/#\/schema\/logo\/image\/\"},\"sameAs\":[\"https:\/\/www.facebook.com\/volcanes.net\/\"]},{\"@type\":\"Person\",\"@id\":\"https:\/\/volcanes.net\/#\/schema\/person\/4bf0f383940966a4abd53f5048c0e6b9\",\"name\":\"admin\",\"image\":{\"@type\":\"ImageObject\",\"inLanguage\":\"es\",\"@id\":\"https:\/\/volcanes.net\/#\/schema\/person\/image\/\",\"url\":\"https:\/\/secure.gravatar.com\/avatar\/ca004e6cba8462b8cb7abc86e382930c?s=96&d=mm&r=g\",\"contentUrl\":\"https:\/\/secure.gravatar.com\/avatar\/ca004e6cba8462b8cb7abc86e382930c?s=96&d=mm&r=g\",\"caption\":\"admin\"}}]}<\/script>\n<!-- \/ Yoast SEO plugin. -->","yoast_head_json":{"title":"Ernesto Nemer pide licencia a su congreso federal; su suplente Oscar Jim\u00e9nez Ray\u00f3n - Volcanes","robots":{"index":"index","follow":"follow","max-snippet":"max-snippet:-1","max-image-preview":"max-image-preview:large","max-video-preview":"max-video-preview:-1"},"canonical":"https:\/\/volcanes.net\/?p=8775","og_locale":"es_MX","og_type":"article","og_title":"Ernesto Nemer pide licencia a su congreso federal; su suplente Oscar Jim\u00e9nez Ray\u00f3n - Volcanes","og_description":"Ernesto Nemer \u00c1lvarez solicit\u00f3 una licencia por tiempo indefinido al cargo del diputado federal, curul","og_url":"https:\/\/volcanes.net\/?p=8775","og_site_name":"Volcanes","article_publisher":"https:\/\/www.facebook.com\/volcanes.net\/","article_published_time":"2020-10-08T16:22:43+00:00","article_modified_time":"2020-10-08T17:37:36+00:00","og_image":[{"width":225,"height":225,"url":"https:\/\/volcanes.net\/wp-content\/uploads\/2020\/10\/descarga.jpg","type":"image\/jpeg"}],"author":"admin","twitter_card":"summary_large_image","twitter_misc":{"Escrito por":"admin","Tiempo de lectura":"1 minuto"},"schema":{"@context":"https:\/\/schema.org","@graph":[{"@type":"Article","@id":"https:\/\/volcanes.net\/?p=8775#article","isPartOf":{"@id":"https:\/\/volcanes.net\/?p=8775"},"author":{"name":"admin","@id":"https:\/\/volcanes.net\/#\/schema\/person\/4bf0f383940966a4abd53f5048c0e6b9"},"headline":"Ernesto Nemer pide licencia a su congreso federal; su suplente Oscar Jim\u00e9nez Ray\u00f3n","datePublished":"2020-10-08T16:22:43+00:00","dateModified":"2020-10-08T17:37:36+00:00","mainEntityOfPage":{"@id":"https:\/\/volcanes.net\/?p=8775"},"wordCount":190,"commentCount":0,"publisher":{"@id":"https:\/\/volcanes.net\/#organization"},"image":{"@id":"https:\/\/volcanes.net\/?p=8775#primaryimage"},"thumbnailUrl":"https:\/\/volcanes.net\/wp-content\/uploads\/2020\/10\/descarga.jpg","articleSection":["Estatales"],"inLanguage":"es","potentialAction":[{"@type":"CommentAction","name":"Comment","target":["https:\/\/volcanes.net\/?p=8775#respond"]}]},{"@type":"WebPage","@id":"https:\/\/volcanes.net\/?p=8775","url":"https:\/\/volcanes.net\/?p=8775","name":"Ernesto Nemer pide licencia a su congreso federal; su suplente Oscar Jim\u00e9nez Ray\u00f3n - Volcanes","isPartOf":{"@id":"https:\/\/volcanes.net\/#website"},"primaryImageOfPage":{"@id":"https:\/\/volcanes.net\/?p=8775#primaryimage"},"image":{"@id":"https:\/\/volcanes.net\/?p=8775#primaryimage"},"thumbnailUrl":"https:\/\/volcanes.net\/wp-content\/uploads\/2020\/10\/descarga.jpg","datePublished":"2020-10-08T16:22:43+00:00","dateModified":"2020-10-08T17:37:36+00:00","breadcrumb":{"@id":"https:\/\/volcanes.net\/?p=8775#breadcrumb"},"inLanguage":"es","potentialAction":[{"@type":"ReadAction","target":["https:\/\/volcanes.net\/?p=8775"]}]},{"@type":"ImageObject","inLanguage":"es","@id":"https:\/\/volcanes.net\/?p=8775#primaryimage","url":"https:\/\/volcanes.net\/wp-content\/uploads\/2020\/10\/descarga.jpg","contentUrl":"https:\/\/volcanes.net\/wp-content\/uploads\/2020\/10\/descarga.jpg","width":225,"height":225},{"@type":"BreadcrumbList","@id":"https:\/\/volcanes.net\/?p=8775#breadcrumb","itemListElement":[{"@type":"ListItem","position":1,"name":"Portada","item":"https:\/\/volcanes.net\/"},{"@type":"ListItem","position":2,"name":"Ernesto Nemer pide licencia a su congreso federal; su suplente Oscar Jim\u00e9nez Ray\u00f3n"}]},{"@type":"WebSite","@id":"https:\/\/volcanes.net\/#website","url":"https:\/\/volcanes.net\/","name":"Volcanes.Net","description":"Periodismo Profesional","publisher":{"@id":"https:\/\/volcanes.net\/#organization"},"potentialAction":[{"@type":"SearchAction","target":{"@type":"EntryPoint","urlTemplate":"https:\/\/volcanes.net\/?s={search_term_string}"},"query-input":{"@type":"PropertyValueSpecification","valueRequired":true,"valueName":"search_term_string"}}],"inLanguage":"es"},{"@type":"Organization","@id":"https:\/\/volcanes.net\/#organization","name":"Grupo Volcanes","url":"https:\/\/volcanes.net\/","logo":{"@type":"ImageObject","inLanguage":"es","@id":"https:\/\/volcanes.net\/#\/schema\/logo\/image\/","url":"http:\/\/volcanes.net\/wp-content\/uploads\/2017\/12\/Avatar2.jpg","contentUrl":"http:\/\/volcanes.net\/wp-content\/uploads\/2017\/12\/Avatar2.jpg","width":378,"height":378,"caption":"Grupo Volcanes"},"image":{"@id":"https:\/\/volcanes.net\/#\/schema\/logo\/image\/"},"sameAs":["https:\/\/www.facebook.com\/volcanes.net\/"]},{"@type":"Person","@id":"https:\/\/volcanes.net\/#\/schema\/person\/4bf0f383940966a4abd53f5048c0e6b9","name":"admin","image":{"@type":"ImageObject","inLanguage":"es","@id":"https:\/\/volcanes.net\/#\/schema\/person\/image\/","url":"https:\/\/secure.gravatar.com\/avatar\/ca004e6cba8462b8cb7abc86e382930c?s=96&d=mm&r=g","contentUrl":"https:\/\/secure.gravatar.com\/avatar\/ca004e6cba8462b8cb7abc86e382930c?s=96&d=mm&r=g","caption":"admin"}}]}},"_links":{"self":[{"href":"https:\/\/volcanes.net\/index.php?rest_route=\/wp\/v2\/posts\/8775"}],"collection":[{"href":"https:\/\/volcanes.net\/index.php?rest_route=\/wp\/v2\/posts"}],"about":[{"href":"https:\/\/volcanes.net\/index.php?rest_route=\/wp\/v2\/types\/post"}],"author":[{"embeddable":true,"href":"https:\/\/volcanes.net\/index.php?rest_route=\/wp\/v2\/users\/1"}],"replies":[{"embeddable":true,"href":"https:\/\/volcanes.net\/index.php?rest_route=%2Fwp%2Fv2%2Fcomments&post=8775"}],"version-history":[{"count":4,"href":"https:\/\/volcanes.net\/index.php?rest_route=\/wp\/v2\/posts\/8775\/revisions"}],"predecessor-version":[{"id":8787,"href":"https:\/\/volcanes.net\/index.php?rest_route=\/wp\/v2\/posts\/8775\/revisions\/8787"}],"wp:featuredmedia":[{"embeddable":true,"href":"https:\/\/volcanes.net\/index.php?rest_route=\/wp\/v2\/media\/8776"}],"wp:attachment":[{"href":"https:\/\/volcanes.net\/index.php?rest_route=%2Fwp%2Fv2%2Fmedia&parent=8775"}],"wp:term":[{"taxonomy":"category","embeddable":true,"href":"https:\/\/volcanes.net\/index.php?rest_route=%2Fwp%2Fv2%2Fcategories&post=8775"},{"taxonomy":"post_tag","embeddable":true,"href":"https:\/\/volcanes.net\/index.php?rest_route=%2Fwp%2Fv2%2Ftags&post=8775"}],"curies":[{"name":"wp","href":"https:\/\/api.w.org\/{rel}","templated":true}]}}