{"id":8791,"date":"2020-10-08T13:49:53","date_gmt":"2020-10-08T19:49:53","guid":{"rendered":"http:\/\/volcanes.net\/?p=8791"},"modified":"2020-10-08T13:49:53","modified_gmt":"2020-10-08T19:49:53","slug":"dan-inicio-a-la-construccion-y-rehabilitacion-de-modulos-sanitarios-de-la-primaria-jose-maria-morelos","status":"publish","type":"post","link":"https:\/\/volcanes.net\/?p=8791","title":{"rendered":"Dan inicio a la construcci\u00f3n y rehabilitaci\u00f3n de m\u00f3dulos sanitarios de la Primaria Jos\u00e9 Mar\u00eda Morelos"},"content":{"rendered":"<div style=\"margin-top: 0px; margin-bottom: 0px;\" class=\"sharethis-inline-share-buttons\" ><\/div><p>Oscar Ventura | Volcanes Multimedios.<\/p>\n<p>Juchitepec, Estado de M\u00e9xico.- El presidente Municipal de Juchitepec, el Ing. Felipe Mej\u00eda Valdez, en compa\u00f1\u00eda de los Regidores de Ayuntamiento, el profesor Alejandro Hern\u00e1ndez Carballo, Director de la Primaria Jos\u00e9 Mar\u00eda Morelos en la Delegaci\u00f3n Cuijingo y representantes de los padres de familia, llevaron a cabo el inicio a la construcci\u00f3n y rehabilitaci\u00f3n de los m\u00f3dulos sanitarios en beneficio de la comunidad estudiantil, ya que actualmente est\u00e1n sin condiciones de funcionamiento.<\/p>\n<p>Con esta obra se elevar\u00e1 la calidad de vida de los estudiantes, brind\u00e1ndoles mejores condiciones para el regreso a clases.<\/p>\n","protected":false},"excerpt":{"rendered":"<p>Oscar Ventura | Volcanes Multimedios. Juchitepec, Estado de M\u00e9xico.- El presidente Municipal de Juchitepec, el<\/p>\n","protected":false},"author":1,"featured_media":8792,"comment_status":"open","ping_status":"open","sticky":false,"template":"","format":"standard","meta":{"footnotes":""},"categories":[1],"tags":[179],"class_list":["post-8791","post","type-post","status-publish","format-standard","has-post-thumbnail","hentry","category-municipales","tag-juchitepec"],"yoast_head":"<!-- This site is optimized with the Yoast SEO plugin v25.3 - https:\/\/yoast.com\/wordpress\/plugins\/seo\/ -->\n<title>Dan inicio a la construcci\u00f3n y rehabilitaci\u00f3n de m\u00f3dulos sanitarios de la Primaria Jos\u00e9 Mar\u00eda Morelos - Volcanes<\/title>\n<meta name=\"robots\" content=\"index, follow, max-snippet:-1, max-image-preview:large, max-video-preview:-1\" \/>\n<link rel=\"canonical\" href=\"https:\/\/volcanes.net\/?p=8791\" \/>\n<meta property=\"og:locale\" content=\"es_MX\" \/>\n<meta property=\"og:type\" content=\"article\" \/>\n<meta property=\"og:title\" content=\"Dan inicio a la construcci\u00f3n y rehabilitaci\u00f3n de m\u00f3dulos sanitarios de la Primaria Jos\u00e9 Mar\u00eda Morelos - Volcanes\" \/>\n<meta property=\"og:description\" content=\"Oscar Ventura | Volcanes Multimedios. Juchitepec, Estado de M\u00e9xico.- El presidente Municipal de Juchitepec, el\" \/>\n<meta property=\"og:url\" content=\"https:\/\/volcanes.net\/?p=8791\" \/>\n<meta property=\"og:site_name\" content=\"Volcanes\" \/>\n<meta property=\"article:publisher\" content=\"https:\/\/www.facebook.com\/volcanes.net\/\" \/>\n<meta property=\"article:published_time\" content=\"2020-10-08T19:49:53+00:00\" \/>\n<meta property=\"og:image\" content=\"https:\/\/volcanes.net\/wp-content\/uploads\/2020\/10\/primaria.jpg\" \/>\n\t<meta property=\"og:image:width\" content=\"720\" \/>\n\t<meta property=\"og:image:height\" content=\"480\" \/>\n\t<meta property=\"og:image:type\" content=\"image\/jpeg\" \/>\n<meta name=\"author\" content=\"admin\" \/>\n<meta name=\"twitter:card\" content=\"summary_large_image\" \/>\n<meta name=\"twitter:label1\" content=\"Escrito por\" \/>\n\t<meta name=\"twitter:data1\" content=\"admin\" \/>\n\t<meta name=\"twitter:label2\" content=\"Tiempo de lectura\" \/>\n\t<meta name=\"twitter:data2\" content=\"1 minuto\" \/>\n<script type=\"application\/ld+json\" class=\"yoast-schema-graph\">{\"@context\":\"https:\/\/schema.org\",\"@graph\":[{\"@type\":\"Article\",\"@id\":\"https:\/\/volcanes.net\/?p=8791#article\",\"isPartOf\":{\"@id\":\"https:\/\/volcanes.net\/?p=8791\"},\"author\":{\"name\":\"admin\",\"@id\":\"https:\/\/volcanes.net\/#\/schema\/person\/4bf0f383940966a4abd53f5048c0e6b9\"},\"headline\":\"Dan inicio a la construcci\u00f3n y rehabilitaci\u00f3n de m\u00f3dulos sanitarios de la Primaria Jos\u00e9 Mar\u00eda Morelos\",\"datePublished\":\"2020-10-08T19:49:53+00:00\",\"mainEntityOfPage\":{\"@id\":\"https:\/\/volcanes.net\/?p=8791\"},\"wordCount\":128,\"commentCount\":0,\"publisher\":{\"@id\":\"https:\/\/volcanes.net\/#organization\"},\"image\":{\"@id\":\"https:\/\/volcanes.net\/?p=8791#primaryimage\"},\"thumbnailUrl\":\"https:\/\/volcanes.net\/wp-content\/uploads\/2020\/10\/primaria.jpg\",\"keywords\":[\"Juchitepec\"],\"articleSection\":[\"Municipales\"],\"inLanguage\":\"es\",\"potentialAction\":[{\"@type\":\"CommentAction\",\"name\":\"Comment\",\"target\":[\"https:\/\/volcanes.net\/?p=8791#respond\"]}]},{\"@type\":\"WebPage\",\"@id\":\"https:\/\/volcanes.net\/?p=8791\",\"url\":\"https:\/\/volcanes.net\/?p=8791\",\"name\":\"Dan inicio a la construcci\u00f3n y rehabilitaci\u00f3n de m\u00f3dulos sanitarios de la Primaria Jos\u00e9 Mar\u00eda Morelos - Volcanes\",\"isPartOf\":{\"@id\":\"https:\/\/volcanes.net\/#website\"},\"primaryImageOfPage\":{\"@id\":\"https:\/\/volcanes.net\/?p=8791#primaryimage\"},\"image\":{\"@id\":\"https:\/\/volcanes.net\/?p=8791#primaryimage\"},\"thumbnailUrl\":\"https:\/\/volcanes.net\/wp-content\/uploads\/2020\/10\/primaria.jpg\",\"datePublished\":\"2020-10-08T19:49:53+00:00\",\"breadcrumb\":{\"@id\":\"https:\/\/volcanes.net\/?p=8791#breadcrumb\"},\"inLanguage\":\"es\",\"potentialAction\":[{\"@type\":\"ReadAction\",\"target\":[\"https:\/\/volcanes.net\/?p=8791\"]}]},{\"@type\":\"ImageObject\",\"inLanguage\":\"es\",\"@id\":\"https:\/\/volcanes.net\/?p=8791#primaryimage\",\"url\":\"https:\/\/volcanes.net\/wp-content\/uploads\/2020\/10\/primaria.jpg\",\"contentUrl\":\"https:\/\/volcanes.net\/wp-content\/uploads\/2020\/10\/primaria.jpg\",\"width\":720,\"height\":480},{\"@type\":\"BreadcrumbList\",\"@id\":\"https:\/\/volcanes.net\/?p=8791#breadcrumb\",\"itemListElement\":[{\"@type\":\"ListItem\",\"position\":1,\"name\":\"Portada\",\"item\":\"https:\/\/volcanes.net\/\"},{\"@type\":\"ListItem\",\"position\":2,\"name\":\"Dan inicio a la construcci\u00f3n y rehabilitaci\u00f3n de m\u00f3dulos sanitarios de la Primaria Jos\u00e9 Mar\u00eda Morelos\"}]},{\"@type\":\"WebSite\",\"@id\":\"https:\/\/volcanes.net\/#website\",\"url\":\"https:\/\/volcanes.net\/\",\"name\":\"Volcanes.Net\",\"description\":\"Periodismo Profesional\",\"publisher\":{\"@id\":\"https:\/\/volcanes.net\/#organization\"},\"potentialAction\":[{\"@type\":\"SearchAction\",\"target\":{\"@type\":\"EntryPoint\",\"urlTemplate\":\"https:\/\/volcanes.net\/?s={search_term_string}\"},\"query-input\":{\"@type\":\"PropertyValueSpecification\",\"valueRequired\":true,\"valueName\":\"search_term_string\"}}],\"inLanguage\":\"es\"},{\"@type\":\"Organization\",\"@id\":\"https:\/\/volcanes.net\/#organization\",\"name\":\"Grupo Volcanes\",\"url\":\"https:\/\/volcanes.net\/\",\"logo\":{\"@type\":\"ImageObject\",\"inLanguage\":\"es\",\"@id\":\"https:\/\/volcanes.net\/#\/schema\/logo\/image\/\",\"url\":\"http:\/\/volcanes.net\/wp-content\/uploads\/2017\/12\/Avatar2.jpg\",\"contentUrl\":\"http:\/\/volcanes.net\/wp-content\/uploads\/2017\/12\/Avatar2.jpg\",\"width\":378,\"height\":378,\"caption\":\"Grupo Volcanes\"},\"image\":{\"@id\":\"https:\/\/volcanes.net\/#\/schema\/logo\/image\/\"},\"sameAs\":[\"https:\/\/www.facebook.com\/volcanes.net\/\"]},{\"@type\":\"Person\",\"@id\":\"https:\/\/volcanes.net\/#\/schema\/person\/4bf0f383940966a4abd53f5048c0e6b9\",\"name\":\"admin\",\"image\":{\"@type\":\"ImageObject\",\"inLanguage\":\"es\",\"@id\":\"https:\/\/volcanes.net\/#\/schema\/person\/image\/\",\"url\":\"https:\/\/secure.gravatar.com\/avatar\/ca004e6cba8462b8cb7abc86e382930c?s=96&d=mm&r=g\",\"contentUrl\":\"https:\/\/secure.gravatar.com\/avatar\/ca004e6cba8462b8cb7abc86e382930c?s=96&d=mm&r=g\",\"caption\":\"admin\"}}]}<\/script>\n<!-- \/ Yoast SEO plugin. -->","yoast_head_json":{"title":"Dan inicio a la construcci\u00f3n y rehabilitaci\u00f3n de m\u00f3dulos sanitarios de la Primaria Jos\u00e9 Mar\u00eda Morelos - Volcanes","robots":{"index":"index","follow":"follow","max-snippet":"max-snippet:-1","max-image-preview":"max-image-preview:large","max-video-preview":"max-video-preview:-1"},"canonical":"https:\/\/volcanes.net\/?p=8791","og_locale":"es_MX","og_type":"article","og_title":"Dan inicio a la construcci\u00f3n y rehabilitaci\u00f3n de m\u00f3dulos sanitarios de la Primaria Jos\u00e9 Mar\u00eda Morelos - Volcanes","og_description":"Oscar Ventura | Volcanes Multimedios. Juchitepec, Estado de M\u00e9xico.- El presidente Municipal de Juchitepec, el","og_url":"https:\/\/volcanes.net\/?p=8791","og_site_name":"Volcanes","article_publisher":"https:\/\/www.facebook.com\/volcanes.net\/","article_published_time":"2020-10-08T19:49:53+00:00","og_image":[{"width":720,"height":480,"url":"https:\/\/volcanes.net\/wp-content\/uploads\/2020\/10\/primaria.jpg","type":"image\/jpeg"}],"author":"admin","twitter_card":"summary_large_image","twitter_misc":{"Escrito por":"admin","Tiempo de lectura":"1 minuto"},"schema":{"@context":"https:\/\/schema.org","@graph":[{"@type":"Article","@id":"https:\/\/volcanes.net\/?p=8791#article","isPartOf":{"@id":"https:\/\/volcanes.net\/?p=8791"},"author":{"name":"admin","@id":"https:\/\/volcanes.net\/#\/schema\/person\/4bf0f383940966a4abd53f5048c0e6b9"},"headline":"Dan inicio a la construcci\u00f3n y rehabilitaci\u00f3n de m\u00f3dulos sanitarios de la Primaria Jos\u00e9 Mar\u00eda Morelos","datePublished":"2020-10-08T19:49:53+00:00","mainEntityOfPage":{"@id":"https:\/\/volcanes.net\/?p=8791"},"wordCount":128,"commentCount":0,"publisher":{"@id":"https:\/\/volcanes.net\/#organization"},"image":{"@id":"https:\/\/volcanes.net\/?p=8791#primaryimage"},"thumbnailUrl":"https:\/\/volcanes.net\/wp-content\/uploads\/2020\/10\/primaria.jpg","keywords":["Juchitepec"],"articleSection":["Municipales"],"inLanguage":"es","potentialAction":[{"@type":"CommentAction","name":"Comment","target":["https:\/\/volcanes.net\/?p=8791#respond"]}]},{"@type":"WebPage","@id":"https:\/\/volcanes.net\/?p=8791","url":"https:\/\/volcanes.net\/?p=8791","name":"Dan inicio a la construcci\u00f3n y rehabilitaci\u00f3n de m\u00f3dulos sanitarios de la Primaria Jos\u00e9 Mar\u00eda Morelos - Volcanes","isPartOf":{"@id":"https:\/\/volcanes.net\/#website"},"primaryImageOfPage":{"@id":"https:\/\/volcanes.net\/?p=8791#primaryimage"},"image":{"@id":"https:\/\/volcanes.net\/?p=8791#primaryimage"},"thumbnailUrl":"https:\/\/volcanes.net\/wp-content\/uploads\/2020\/10\/primaria.jpg","datePublished":"2020-10-08T19:49:53+00:00","breadcrumb":{"@id":"https:\/\/volcanes.net\/?p=8791#breadcrumb"},"inLanguage":"es","potentialAction":[{"@type":"ReadAction","target":["https:\/\/volcanes.net\/?p=8791"]}]},{"@type":"ImageObject","inLanguage":"es","@id":"https:\/\/volcanes.net\/?p=8791#primaryimage","url":"https:\/\/volcanes.net\/wp-content\/uploads\/2020\/10\/primaria.jpg","contentUrl":"https:\/\/volcanes.net\/wp-content\/uploads\/2020\/10\/primaria.jpg","width":720,"height":480},{"@type":"BreadcrumbList","@id":"https:\/\/volcanes.net\/?p=8791#breadcrumb","itemListElement":[{"@type":"ListItem","position":1,"name":"Portada","item":"https:\/\/volcanes.net\/"},{"@type":"ListItem","position":2,"name":"Dan inicio a la construcci\u00f3n y rehabilitaci\u00f3n de m\u00f3dulos sanitarios de la Primaria Jos\u00e9 Mar\u00eda Morelos"}]},{"@type":"WebSite","@id":"https:\/\/volcanes.net\/#website","url":"https:\/\/volcanes.net\/","name":"Volcanes.Net","description":"Periodismo Profesional","publisher":{"@id":"https:\/\/volcanes.net\/#organization"},"potentialAction":[{"@type":"SearchAction","target":{"@type":"EntryPoint","urlTemplate":"https:\/\/volcanes.net\/?s={search_term_string}"},"query-input":{"@type":"PropertyValueSpecification","valueRequired":true,"valueName":"search_term_string"}}],"inLanguage":"es"},{"@type":"Organization","@id":"https:\/\/volcanes.net\/#organization","name":"Grupo Volcanes","url":"https:\/\/volcanes.net\/","logo":{"@type":"ImageObject","inLanguage":"es","@id":"https:\/\/volcanes.net\/#\/schema\/logo\/image\/","url":"http:\/\/volcanes.net\/wp-content\/uploads\/2017\/12\/Avatar2.jpg","contentUrl":"http:\/\/volcanes.net\/wp-content\/uploads\/2017\/12\/Avatar2.jpg","width":378,"height":378,"caption":"Grupo Volcanes"},"image":{"@id":"https:\/\/volcanes.net\/#\/schema\/logo\/image\/"},"sameAs":["https:\/\/www.facebook.com\/volcanes.net\/"]},{"@type":"Person","@id":"https:\/\/volcanes.net\/#\/schema\/person\/4bf0f383940966a4abd53f5048c0e6b9","name":"admin","image":{"@type":"ImageObject","inLanguage":"es","@id":"https:\/\/volcanes.net\/#\/schema\/person\/image\/","url":"https:\/\/secure.gravatar.com\/avatar\/ca004e6cba8462b8cb7abc86e382930c?s=96&d=mm&r=g","contentUrl":"https:\/\/secure.gravatar.com\/avatar\/ca004e6cba8462b8cb7abc86e382930c?s=96&d=mm&r=g","caption":"admin"}}]}},"_links":{"self":[{"href":"https:\/\/volcanes.net\/index.php?rest_route=\/wp\/v2\/posts\/8791"}],"collection":[{"href":"https:\/\/volcanes.net\/index.php?rest_route=\/wp\/v2\/posts"}],"about":[{"href":"https:\/\/volcanes.net\/index.php?rest_route=\/wp\/v2\/types\/post"}],"author":[{"embeddable":true,"href":"https:\/\/volcanes.net\/index.php?rest_route=\/wp\/v2\/users\/1"}],"replies":[{"embeddable":true,"href":"https:\/\/volcanes.net\/index.php?rest_route=%2Fwp%2Fv2%2Fcomments&post=8791"}],"version-history":[{"count":1,"href":"https:\/\/volcanes.net\/index.php?rest_route=\/wp\/v2\/posts\/8791\/revisions"}],"predecessor-version":[{"id":8793,"href":"https:\/\/volcanes.net\/index.php?rest_route=\/wp\/v2\/posts\/8791\/revisions\/8793"}],"wp:featuredmedia":[{"embeddable":true,"href":"https:\/\/volcanes.net\/index.php?rest_route=\/wp\/v2\/media\/8792"}],"wp:attachment":[{"href":"https:\/\/volcanes.net\/index.php?rest_route=%2Fwp%2Fv2%2Fmedia&parent=8791"}],"wp:term":[{"taxonomy":"category","embeddable":true,"href":"https:\/\/volcanes.net\/index.php?rest_route=%2Fwp%2Fv2%2Fcategories&post=8791"},{"taxonomy":"post_tag","embeddable":true,"href":"https:\/\/volcanes.net\/index.php?rest_route=%2Fwp%2Fv2%2Ftags&post=8791"}],"curies":[{"name":"wp","href":"https:\/\/api.w.org\/{rel}","templated":true}]}}