{"id":8794,"date":"2020-10-08T19:12:09","date_gmt":"2020-10-09T01:12:09","guid":{"rendered":"http:\/\/volcanes.net\/?p=8794"},"modified":"2020-10-08T19:12:09","modified_gmt":"2020-10-09T01:12:09","slug":"desaparece-adolescente-al-estar-trabajando-en-un-crucero-en-tultepec","status":"publish","type":"post","link":"https:\/\/volcanes.net\/?p=8794","title":{"rendered":"Desaparece adolescente al estar trabajando en un crucero en Tultepec"},"content":{"rendered":"<div style=\"margin-top: 0px; margin-bottom: 0px;\" class=\"sharethis-inline-share-buttons\" ><\/div><p>Jos\u00e9 Cruz Garc\u00eda Orive | Volcanes Multimedios.<\/p>\n<p>Tultepec, Estado de M\u00e9xico.- Desde el pasado martes 22 de septiembre Esmeralda Citlalli Mendoza Ord\u00e1z, desapareci\u00f3 cuando se encontraba trabajando como cada noche, acompa\u00f1ando a su pap\u00e1 Iv\u00e1n, qui\u00e9n realiza espect\u00e1culo como tragafuego, en un crucero del municipio de Tultepec, Estado de M\u00e9xico.<\/p>\n<p>Esa noche, su pap\u00e1 Iv\u00e1n con su antorcha encendida, realiz\u00f3 su acto de apagar el fuego, Esmeralda, qui\u00e9n tiene 16 a\u00f1os y estudia la secundaria, era quien se encargaba de caminar entre las filas de autos para solicitar un apoyo econ\u00f3mico.<\/p>\n<p>Seg\u00fan su padre, fue alrededor de las 10 de la noche, cuando de repente volte\u00f3 la vista para buscarla y ya no la volvi\u00f3 a ver.<\/p>\n<p>Inmediatamente empez\u00f3 a preguntar entre los vecinos y compa\u00f1eros que trabajan vendiendo chicles, en el crucero ubicado en las avenidas Tultepec y Circuito Exterior Mexiquense, pero nadie vio nada.<\/p>\n<p>Bastaron tres minutos que es lo que tarda el cambio de luz del sem\u00e1foro, para que Esmeralda Citlali desapareciera.<\/p>\n<p>Su pap\u00e1 entonces se subi\u00f3 a su bicicleta y empez\u00f3 a recorrer las avenidas, solicit\u00f3 apoyo a una patrulla de polic\u00eda, qui\u00e9nes dan aviso al C4, de d\u00f3nde les env\u00edan im\u00e1genes, en las que se aprecia qu\u00e9 minutos antes, al ir a comprar diesel, Esmeralda platicaba con alguien de un carro negro.<\/p>\n<p>Esmeralda regres\u00f3 con su pap\u00e1 para seguir trabajando, \u00e9l realiz\u00f3 un primer acto con normalidad, en la segunda ocasi\u00f3n Esmeralda camino como de costumbre y repentinamente no se le volvi\u00f3 a ver.<\/p>\n<p>El se\u00f1or Iv\u00e1n se traslad\u00f3 al Ministerio P\u00fablico en Coacalco en primera instancia, de ah\u00ed lo enviaron a la Fiscal\u00eda Especializada en Personas Desaparecidas en San Agust\u00edn, municipio de Ecatepec donde inici\u00f3 la investigaci\u00f3n.<\/p>\n<p>Al d\u00eda siguiente pidi\u00f3 le mostraran los videos de las c\u00e1maras del C4 y solicitaron los videos de las c\u00e1maras de los establecimientos aleda\u00f1os al crucero, sin embargo, le dijeron que esos videos no exist\u00edan o que no se ve\u00eda nada, cu\u00e1ndo un d\u00eda antes, \u00e9l y los polic\u00edas, primeros respondientes, hab\u00edan visto a Esmeralda hablar con gente del carro negro.<\/p>\n<p>A m\u00e1s de 15 d\u00edas, Esmeralda Citlalli contin\u00faa desaparecida, sin que nadie sepa su paradero, por lo que sus padres piden a la ciudadan\u00eda y a las autoridades, su ayuda para poder localizarla.<\/p>\n","protected":false},"excerpt":{"rendered":"<p>Jos\u00e9 Cruz Garc\u00eda Orive | Volcanes Multimedios. Tultepec, Estado de M\u00e9xico.- Desde el pasado martes<\/p>\n","protected":false},"author":1,"featured_media":8795,"comment_status":"open","ping_status":"open","sticky":false,"template":"","format":"standard","meta":{"footnotes":""},"categories":[1],"tags":[],"class_list":["post-8794","post","type-post","status-publish","format-standard","has-post-thumbnail","hentry","category-municipales"],"yoast_head":"<!-- This site is optimized with the Yoast SEO plugin v25.3 - https:\/\/yoast.com\/wordpress\/plugins\/seo\/ -->\n<title>Desaparece adolescente al estar trabajando en un crucero en Tultepec - Volcanes<\/title>\n<meta name=\"robots\" content=\"index, follow, max-snippet:-1, max-image-preview:large, max-video-preview:-1\" \/>\n<link rel=\"canonical\" href=\"https:\/\/volcanes.net\/?p=8794\" \/>\n<meta property=\"og:locale\" content=\"es_MX\" \/>\n<meta property=\"og:type\" content=\"article\" \/>\n<meta property=\"og:title\" content=\"Desaparece adolescente al estar trabajando en un crucero en Tultepec - Volcanes\" \/>\n<meta property=\"og:description\" content=\"Jos\u00e9 Cruz Garc\u00eda Orive | Volcanes Multimedios. Tultepec, Estado de M\u00e9xico.- Desde el pasado martes\" \/>\n<meta property=\"og:url\" content=\"https:\/\/volcanes.net\/?p=8794\" \/>\n<meta property=\"og:site_name\" content=\"Volcanes\" \/>\n<meta property=\"article:publisher\" content=\"https:\/\/www.facebook.com\/volcanes.net\/\" \/>\n<meta property=\"article:published_time\" content=\"2020-10-09T01:12:09+00:00\" \/>\n<meta property=\"og:image\" content=\"https:\/\/volcanes.net\/wp-content\/uploads\/2020\/10\/esmeralda.jpg\" \/>\n\t<meta property=\"og:image:width\" content=\"540\" \/>\n\t<meta property=\"og:image:height\" content=\"940\" \/>\n\t<meta property=\"og:image:type\" content=\"image\/jpeg\" \/>\n<meta name=\"author\" content=\"admin\" \/>\n<meta name=\"twitter:card\" content=\"summary_large_image\" \/>\n<meta name=\"twitter:label1\" content=\"Escrito por\" \/>\n\t<meta name=\"twitter:data1\" content=\"admin\" \/>\n\t<meta name=\"twitter:label2\" content=\"Tiempo de lectura\" \/>\n\t<meta name=\"twitter:data2\" content=\"2 minutos\" \/>\n<script type=\"application\/ld+json\" class=\"yoast-schema-graph\">{\"@context\":\"https:\/\/schema.org\",\"@graph\":[{\"@type\":\"Article\",\"@id\":\"https:\/\/volcanes.net\/?p=8794#article\",\"isPartOf\":{\"@id\":\"https:\/\/volcanes.net\/?p=8794\"},\"author\":{\"name\":\"admin\",\"@id\":\"https:\/\/volcanes.net\/#\/schema\/person\/4bf0f383940966a4abd53f5048c0e6b9\"},\"headline\":\"Desaparece adolescente al estar trabajando en un crucero en Tultepec\",\"datePublished\":\"2020-10-09T01:12:09+00:00\",\"mainEntityOfPage\":{\"@id\":\"https:\/\/volcanes.net\/?p=8794\"},\"wordCount\":424,\"commentCount\":0,\"publisher\":{\"@id\":\"https:\/\/volcanes.net\/#organization\"},\"image\":{\"@id\":\"https:\/\/volcanes.net\/?p=8794#primaryimage\"},\"thumbnailUrl\":\"https:\/\/volcanes.net\/wp-content\/uploads\/2020\/10\/esmeralda.jpg\",\"articleSection\":[\"Municipales\"],\"inLanguage\":\"es\",\"potentialAction\":[{\"@type\":\"CommentAction\",\"name\":\"Comment\",\"target\":[\"https:\/\/volcanes.net\/?p=8794#respond\"]}]},{\"@type\":\"WebPage\",\"@id\":\"https:\/\/volcanes.net\/?p=8794\",\"url\":\"https:\/\/volcanes.net\/?p=8794\",\"name\":\"Desaparece adolescente al estar trabajando en un crucero en Tultepec - Volcanes\",\"isPartOf\":{\"@id\":\"https:\/\/volcanes.net\/#website\"},\"primaryImageOfPage\":{\"@id\":\"https:\/\/volcanes.net\/?p=8794#primaryimage\"},\"image\":{\"@id\":\"https:\/\/volcanes.net\/?p=8794#primaryimage\"},\"thumbnailUrl\":\"https:\/\/volcanes.net\/wp-content\/uploads\/2020\/10\/esmeralda.jpg\",\"datePublished\":\"2020-10-09T01:12:09+00:00\",\"breadcrumb\":{\"@id\":\"https:\/\/volcanes.net\/?p=8794#breadcrumb\"},\"inLanguage\":\"es\",\"potentialAction\":[{\"@type\":\"ReadAction\",\"target\":[\"https:\/\/volcanes.net\/?p=8794\"]}]},{\"@type\":\"ImageObject\",\"inLanguage\":\"es\",\"@id\":\"https:\/\/volcanes.net\/?p=8794#primaryimage\",\"url\":\"https:\/\/volcanes.net\/wp-content\/uploads\/2020\/10\/esmeralda.jpg\",\"contentUrl\":\"https:\/\/volcanes.net\/wp-content\/uploads\/2020\/10\/esmeralda.jpg\",\"width\":540,\"height\":940},{\"@type\":\"BreadcrumbList\",\"@id\":\"https:\/\/volcanes.net\/?p=8794#breadcrumb\",\"itemListElement\":[{\"@type\":\"ListItem\",\"position\":1,\"name\":\"Portada\",\"item\":\"https:\/\/volcanes.net\/\"},{\"@type\":\"ListItem\",\"position\":2,\"name\":\"Desaparece adolescente al estar trabajando en un crucero en Tultepec\"}]},{\"@type\":\"WebSite\",\"@id\":\"https:\/\/volcanes.net\/#website\",\"url\":\"https:\/\/volcanes.net\/\",\"name\":\"Volcanes.Net\",\"description\":\"Periodismo Profesional\",\"publisher\":{\"@id\":\"https:\/\/volcanes.net\/#organization\"},\"potentialAction\":[{\"@type\":\"SearchAction\",\"target\":{\"@type\":\"EntryPoint\",\"urlTemplate\":\"https:\/\/volcanes.net\/?s={search_term_string}\"},\"query-input\":{\"@type\":\"PropertyValueSpecification\",\"valueRequired\":true,\"valueName\":\"search_term_string\"}}],\"inLanguage\":\"es\"},{\"@type\":\"Organization\",\"@id\":\"https:\/\/volcanes.net\/#organization\",\"name\":\"Grupo Volcanes\",\"url\":\"https:\/\/volcanes.net\/\",\"logo\":{\"@type\":\"ImageObject\",\"inLanguage\":\"es\",\"@id\":\"https:\/\/volcanes.net\/#\/schema\/logo\/image\/\",\"url\":\"http:\/\/volcanes.net\/wp-content\/uploads\/2017\/12\/Avatar2.jpg\",\"contentUrl\":\"http:\/\/volcanes.net\/wp-content\/uploads\/2017\/12\/Avatar2.jpg\",\"width\":378,\"height\":378,\"caption\":\"Grupo Volcanes\"},\"image\":{\"@id\":\"https:\/\/volcanes.net\/#\/schema\/logo\/image\/\"},\"sameAs\":[\"https:\/\/www.facebook.com\/volcanes.net\/\"]},{\"@type\":\"Person\",\"@id\":\"https:\/\/volcanes.net\/#\/schema\/person\/4bf0f383940966a4abd53f5048c0e6b9\",\"name\":\"admin\",\"image\":{\"@type\":\"ImageObject\",\"inLanguage\":\"es\",\"@id\":\"https:\/\/volcanes.net\/#\/schema\/person\/image\/\",\"url\":\"https:\/\/secure.gravatar.com\/avatar\/ca004e6cba8462b8cb7abc86e382930c?s=96&d=mm&r=g\",\"contentUrl\":\"https:\/\/secure.gravatar.com\/avatar\/ca004e6cba8462b8cb7abc86e382930c?s=96&d=mm&r=g\",\"caption\":\"admin\"}}]}<\/script>\n<!-- \/ Yoast SEO plugin. -->","yoast_head_json":{"title":"Desaparece adolescente al estar trabajando en un crucero en Tultepec - Volcanes","robots":{"index":"index","follow":"follow","max-snippet":"max-snippet:-1","max-image-preview":"max-image-preview:large","max-video-preview":"max-video-preview:-1"},"canonical":"https:\/\/volcanes.net\/?p=8794","og_locale":"es_MX","og_type":"article","og_title":"Desaparece adolescente al estar trabajando en un crucero en Tultepec - Volcanes","og_description":"Jos\u00e9 Cruz Garc\u00eda Orive | Volcanes Multimedios. Tultepec, Estado de M\u00e9xico.- Desde el pasado martes","og_url":"https:\/\/volcanes.net\/?p=8794","og_site_name":"Volcanes","article_publisher":"https:\/\/www.facebook.com\/volcanes.net\/","article_published_time":"2020-10-09T01:12:09+00:00","og_image":[{"width":540,"height":940,"url":"https:\/\/volcanes.net\/wp-content\/uploads\/2020\/10\/esmeralda.jpg","type":"image\/jpeg"}],"author":"admin","twitter_card":"summary_large_image","twitter_misc":{"Escrito por":"admin","Tiempo de lectura":"2 minutos"},"schema":{"@context":"https:\/\/schema.org","@graph":[{"@type":"Article","@id":"https:\/\/volcanes.net\/?p=8794#article","isPartOf":{"@id":"https:\/\/volcanes.net\/?p=8794"},"author":{"name":"admin","@id":"https:\/\/volcanes.net\/#\/schema\/person\/4bf0f383940966a4abd53f5048c0e6b9"},"headline":"Desaparece adolescente al estar trabajando en un crucero en Tultepec","datePublished":"2020-10-09T01:12:09+00:00","mainEntityOfPage":{"@id":"https:\/\/volcanes.net\/?p=8794"},"wordCount":424,"commentCount":0,"publisher":{"@id":"https:\/\/volcanes.net\/#organization"},"image":{"@id":"https:\/\/volcanes.net\/?p=8794#primaryimage"},"thumbnailUrl":"https:\/\/volcanes.net\/wp-content\/uploads\/2020\/10\/esmeralda.jpg","articleSection":["Municipales"],"inLanguage":"es","potentialAction":[{"@type":"CommentAction","name":"Comment","target":["https:\/\/volcanes.net\/?p=8794#respond"]}]},{"@type":"WebPage","@id":"https:\/\/volcanes.net\/?p=8794","url":"https:\/\/volcanes.net\/?p=8794","name":"Desaparece adolescente al estar trabajando en un crucero en Tultepec - Volcanes","isPartOf":{"@id":"https:\/\/volcanes.net\/#website"},"primaryImageOfPage":{"@id":"https:\/\/volcanes.net\/?p=8794#primaryimage"},"image":{"@id":"https:\/\/volcanes.net\/?p=8794#primaryimage"},"thumbnailUrl":"https:\/\/volcanes.net\/wp-content\/uploads\/2020\/10\/esmeralda.jpg","datePublished":"2020-10-09T01:12:09+00:00","breadcrumb":{"@id":"https:\/\/volcanes.net\/?p=8794#breadcrumb"},"inLanguage":"es","potentialAction":[{"@type":"ReadAction","target":["https:\/\/volcanes.net\/?p=8794"]}]},{"@type":"ImageObject","inLanguage":"es","@id":"https:\/\/volcanes.net\/?p=8794#primaryimage","url":"https:\/\/volcanes.net\/wp-content\/uploads\/2020\/10\/esmeralda.jpg","contentUrl":"https:\/\/volcanes.net\/wp-content\/uploads\/2020\/10\/esmeralda.jpg","width":540,"height":940},{"@type":"BreadcrumbList","@id":"https:\/\/volcanes.net\/?p=8794#breadcrumb","itemListElement":[{"@type":"ListItem","position":1,"name":"Portada","item":"https:\/\/volcanes.net\/"},{"@type":"ListItem","position":2,"name":"Desaparece adolescente al estar trabajando en un crucero en Tultepec"}]},{"@type":"WebSite","@id":"https:\/\/volcanes.net\/#website","url":"https:\/\/volcanes.net\/","name":"Volcanes.Net","description":"Periodismo Profesional","publisher":{"@id":"https:\/\/volcanes.net\/#organization"},"potentialAction":[{"@type":"SearchAction","target":{"@type":"EntryPoint","urlTemplate":"https:\/\/volcanes.net\/?s={search_term_string}"},"query-input":{"@type":"PropertyValueSpecification","valueRequired":true,"valueName":"search_term_string"}}],"inLanguage":"es"},{"@type":"Organization","@id":"https:\/\/volcanes.net\/#organization","name":"Grupo Volcanes","url":"https:\/\/volcanes.net\/","logo":{"@type":"ImageObject","inLanguage":"es","@id":"https:\/\/volcanes.net\/#\/schema\/logo\/image\/","url":"http:\/\/volcanes.net\/wp-content\/uploads\/2017\/12\/Avatar2.jpg","contentUrl":"http:\/\/volcanes.net\/wp-content\/uploads\/2017\/12\/Avatar2.jpg","width":378,"height":378,"caption":"Grupo Volcanes"},"image":{"@id":"https:\/\/volcanes.net\/#\/schema\/logo\/image\/"},"sameAs":["https:\/\/www.facebook.com\/volcanes.net\/"]},{"@type":"Person","@id":"https:\/\/volcanes.net\/#\/schema\/person\/4bf0f383940966a4abd53f5048c0e6b9","name":"admin","image":{"@type":"ImageObject","inLanguage":"es","@id":"https:\/\/volcanes.net\/#\/schema\/person\/image\/","url":"https:\/\/secure.gravatar.com\/avatar\/ca004e6cba8462b8cb7abc86e382930c?s=96&d=mm&r=g","contentUrl":"https:\/\/secure.gravatar.com\/avatar\/ca004e6cba8462b8cb7abc86e382930c?s=96&d=mm&r=g","caption":"admin"}}]}},"_links":{"self":[{"href":"https:\/\/volcanes.net\/index.php?rest_route=\/wp\/v2\/posts\/8794"}],"collection":[{"href":"https:\/\/volcanes.net\/index.php?rest_route=\/wp\/v2\/posts"}],"about":[{"href":"https:\/\/volcanes.net\/index.php?rest_route=\/wp\/v2\/types\/post"}],"author":[{"embeddable":true,"href":"https:\/\/volcanes.net\/index.php?rest_route=\/wp\/v2\/users\/1"}],"replies":[{"embeddable":true,"href":"https:\/\/volcanes.net\/index.php?rest_route=%2Fwp%2Fv2%2Fcomments&post=8794"}],"version-history":[{"count":1,"href":"https:\/\/volcanes.net\/index.php?rest_route=\/wp\/v2\/posts\/8794\/revisions"}],"predecessor-version":[{"id":8796,"href":"https:\/\/volcanes.net\/index.php?rest_route=\/wp\/v2\/posts\/8794\/revisions\/8796"}],"wp:featuredmedia":[{"embeddable":true,"href":"https:\/\/volcanes.net\/index.php?rest_route=\/wp\/v2\/media\/8795"}],"wp:attachment":[{"href":"https:\/\/volcanes.net\/index.php?rest_route=%2Fwp%2Fv2%2Fmedia&parent=8794"}],"wp:term":[{"taxonomy":"category","embeddable":true,"href":"https:\/\/volcanes.net\/index.php?rest_route=%2Fwp%2Fv2%2Fcategories&post=8794"},{"taxonomy":"post_tag","embeddable":true,"href":"https:\/\/volcanes.net\/index.php?rest_route=%2Fwp%2Fv2%2Ftags&post=8794"}],"curies":[{"name":"wp","href":"https:\/\/api.w.org\/{rel}","templated":true}]}}