{"id":880,"date":"2018-01-29T22:01:08","date_gmt":"2018-01-29T22:01:08","guid":{"rendered":"http:\/\/volcanes.net\/?p=880"},"modified":"2018-01-29T22:01:08","modified_gmt":"2018-01-29T22:01:08","slug":"mejoraran-instalaciones-y-equiparan-digitalmente-a-mas-de-820-escuelas-mexiquenses","status":"publish","type":"post","link":"https:\/\/volcanes.net\/?p=880","title":{"rendered":"Mejorar\u00e1n instalaciones y equipar\u00e1n digitalmente a m\u00e1s de 820 escuelas mexiquenses"},"content":{"rendered":"<div style=\"margin-top: 0px; margin-bottom: 0px;\" class=\"sharethis-inline-share-buttons\" ><\/div><p><strong>El Oro, Estado de M\u00e9xico, 29 de enero de 2018.-\u00a0<\/strong>Para dotar a los estudiantes mexiquenses de mejores instalaciones y herramientas digitales, el gobernador Alfredo Del Mazo inform\u00f3 que a trav\u00e9s del Programa de Mantenimiento y Equipamiento Digital de Planteles Educativos Federalizados, en lo que resta del Ciclo Escolar 2017-2018 se rehabilitar\u00e1n m\u00e1s de 820 escuelas.<\/p>\n<p>Agreg\u00f3 que con este programa, a la fecha, se han entregado materiales como pintura, impermeabilizante, adem\u00e1s de realizar trabajos de herrer\u00eda y electricidad, entre otros, a 279 planteles educativos, en los cuales, tambi\u00e9n se realizar\u00e1n trabajos para mejorar sus instalaciones sanitarias. Mencion\u00f3 que estas escuelas recibir\u00e1n m\u00e1s de 2 mil 400 equipos de c\u00f3mputo que permitir\u00e1n mantener a los alumnos m\u00e1s vinculados con las nuevas tecnolog\u00edas de la informaci\u00f3n.<\/p>\n<p>Alfredo Del Mazo dio a conocer que el programa de Mantenimiento y Equipamiento se ampliar\u00e1 a los centros donde los maestros mexiquenses asisten a prepararse y profesionalizarse, para que tambi\u00e9n cuenten con instalaciones dignas. Adem\u00e1s, reconoci\u00f3 la labor que realizan los Consejos de Participaci\u00f3n Social instalados en todas las escuelas de la entidad, donde forman parte autoridades escolares y padres de familia, quienes se encargan de vigilar que\u00a0\u00a0los recursos lleguen a las escuelas, as\u00ed como priorizar las necesidades que deben ser atendidas.<\/p>\n<p>En esta gira de trabajo, destac\u00f3 a los maestros y padres de familia por el trabajo que hicieron para que el ciclo escolar no se viera afectado, despu\u00e9s de los da\u00f1os que gener\u00f3 el sismo del 19 de septiembre del a\u00f1o pasado, en cerca de 4 mil 900 escuelas, siendo la entidad del pa\u00eds que m\u00e1s sufri\u00f3 afectaciones en sus instalaciones educativas. Cabe destacar que, se tiene como objetivo rehabilitar 24 centros de maestros.<\/p>\n","protected":false},"excerpt":{"rendered":"<p>El Oro, Estado de M\u00e9xico, 29 de enero de 2018.-\u00a0Para dotar a los estudiantes mexiquenses<\/p>\n","protected":false},"author":1,"featured_media":881,"comment_status":"open","ping_status":"open","sticky":false,"template":"","format":"standard","meta":{"footnotes":""},"categories":[3],"tags":[99,4],"class_list":["post-880","post","type-post","status-publish","format-standard","has-post-thumbnail","hentry","category-estatales","tag-alfredo-del-mazo","tag-gobierno-del-estado-de-mexico"],"yoast_head":"<!-- This site is optimized with the Yoast SEO plugin v25.3 - https:\/\/yoast.com\/wordpress\/plugins\/seo\/ -->\n<title>Mejorar\u00e1n instalaciones y equipar\u00e1n digitalmente a m\u00e1s de 820 escuelas mexiquenses - Volcanes<\/title>\n<meta name=\"robots\" content=\"index, follow, max-snippet:-1, max-image-preview:large, max-video-preview:-1\" \/>\n<link rel=\"canonical\" href=\"https:\/\/volcanes.net\/?p=880\" \/>\n<meta property=\"og:locale\" content=\"es_MX\" \/>\n<meta property=\"og:type\" content=\"article\" \/>\n<meta property=\"og:title\" content=\"Mejorar\u00e1n instalaciones y equipar\u00e1n digitalmente a m\u00e1s de 820 escuelas mexiquenses - Volcanes\" \/>\n<meta property=\"og:description\" content=\"El Oro, Estado de M\u00e9xico, 29 de enero de 2018.-\u00a0Para dotar a los estudiantes mexiquenses\" \/>\n<meta property=\"og:url\" content=\"https:\/\/volcanes.net\/?p=880\" \/>\n<meta property=\"og:site_name\" content=\"Volcanes\" \/>\n<meta property=\"article:publisher\" content=\"https:\/\/www.facebook.com\/volcanes.net\/\" \/>\n<meta property=\"article:published_time\" content=\"2018-01-29T22:01:08+00:00\" \/>\n<meta property=\"og:image\" content=\"https:\/\/volcanes.net\/wp-content\/uploads\/2018\/01\/Alfredo-Del-Mazo-El-Oro-3-1.jpg\" \/>\n\t<meta property=\"og:image:width\" content=\"448\" \/>\n\t<meta property=\"og:image:height\" content=\"285\" \/>\n\t<meta property=\"og:image:type\" content=\"image\/jpeg\" \/>\n<meta name=\"author\" content=\"admin\" \/>\n<meta name=\"twitter:card\" content=\"summary_large_image\" \/>\n<meta name=\"twitter:label1\" content=\"Escrito por\" \/>\n\t<meta name=\"twitter:data1\" content=\"admin\" \/>\n\t<meta name=\"twitter:label2\" content=\"Tiempo de lectura\" \/>\n\t<meta name=\"twitter:data2\" content=\"1 minuto\" \/>\n<script type=\"application\/ld+json\" class=\"yoast-schema-graph\">{\"@context\":\"https:\/\/schema.org\",\"@graph\":[{\"@type\":\"Article\",\"@id\":\"https:\/\/volcanes.net\/?p=880#article\",\"isPartOf\":{\"@id\":\"https:\/\/volcanes.net\/?p=880\"},\"author\":{\"name\":\"admin\",\"@id\":\"https:\/\/volcanes.net\/#\/schema\/person\/4bf0f383940966a4abd53f5048c0e6b9\"},\"headline\":\"Mejorar\u00e1n instalaciones y equipar\u00e1n digitalmente a m\u00e1s de 820 escuelas mexiquenses\",\"datePublished\":\"2018-01-29T22:01:08+00:00\",\"mainEntityOfPage\":{\"@id\":\"https:\/\/volcanes.net\/?p=880\"},\"wordCount\":309,\"commentCount\":0,\"publisher\":{\"@id\":\"https:\/\/volcanes.net\/#organization\"},\"image\":{\"@id\":\"https:\/\/volcanes.net\/?p=880#primaryimage\"},\"thumbnailUrl\":\"https:\/\/volcanes.net\/wp-content\/uploads\/2018\/01\/Alfredo-Del-Mazo-El-Oro-3-1.jpg\",\"keywords\":[\"Alfredo del Mazo\",\"Gobierno del Estado de M\u00e9xico\"],\"articleSection\":[\"Estatales\"],\"inLanguage\":\"es\",\"potentialAction\":[{\"@type\":\"CommentAction\",\"name\":\"Comment\",\"target\":[\"https:\/\/volcanes.net\/?p=880#respond\"]}]},{\"@type\":\"WebPage\",\"@id\":\"https:\/\/volcanes.net\/?p=880\",\"url\":\"https:\/\/volcanes.net\/?p=880\",\"name\":\"Mejorar\u00e1n instalaciones y equipar\u00e1n digitalmente a m\u00e1s de 820 escuelas mexiquenses - Volcanes\",\"isPartOf\":{\"@id\":\"https:\/\/volcanes.net\/#website\"},\"primaryImageOfPage\":{\"@id\":\"https:\/\/volcanes.net\/?p=880#primaryimage\"},\"image\":{\"@id\":\"https:\/\/volcanes.net\/?p=880#primaryimage\"},\"thumbnailUrl\":\"https:\/\/volcanes.net\/wp-content\/uploads\/2018\/01\/Alfredo-Del-Mazo-El-Oro-3-1.jpg\",\"datePublished\":\"2018-01-29T22:01:08+00:00\",\"breadcrumb\":{\"@id\":\"https:\/\/volcanes.net\/?p=880#breadcrumb\"},\"inLanguage\":\"es\",\"potentialAction\":[{\"@type\":\"ReadAction\",\"target\":[\"https:\/\/volcanes.net\/?p=880\"]}]},{\"@type\":\"ImageObject\",\"inLanguage\":\"es\",\"@id\":\"https:\/\/volcanes.net\/?p=880#primaryimage\",\"url\":\"https:\/\/volcanes.net\/wp-content\/uploads\/2018\/01\/Alfredo-Del-Mazo-El-Oro-3-1.jpg\",\"contentUrl\":\"https:\/\/volcanes.net\/wp-content\/uploads\/2018\/01\/Alfredo-Del-Mazo-El-Oro-3-1.jpg\",\"width\":448,\"height\":285},{\"@type\":\"BreadcrumbList\",\"@id\":\"https:\/\/volcanes.net\/?p=880#breadcrumb\",\"itemListElement\":[{\"@type\":\"ListItem\",\"position\":1,\"name\":\"Portada\",\"item\":\"https:\/\/volcanes.net\/\"},{\"@type\":\"ListItem\",\"position\":2,\"name\":\"Mejorar\u00e1n instalaciones y equipar\u00e1n digitalmente a m\u00e1s de 820 escuelas mexiquenses\"}]},{\"@type\":\"WebSite\",\"@id\":\"https:\/\/volcanes.net\/#website\",\"url\":\"https:\/\/volcanes.net\/\",\"name\":\"Volcanes.Net\",\"description\":\"Periodismo Profesional\",\"publisher\":{\"@id\":\"https:\/\/volcanes.net\/#organization\"},\"potentialAction\":[{\"@type\":\"SearchAction\",\"target\":{\"@type\":\"EntryPoint\",\"urlTemplate\":\"https:\/\/volcanes.net\/?s={search_term_string}\"},\"query-input\":{\"@type\":\"PropertyValueSpecification\",\"valueRequired\":true,\"valueName\":\"search_term_string\"}}],\"inLanguage\":\"es\"},{\"@type\":\"Organization\",\"@id\":\"https:\/\/volcanes.net\/#organization\",\"name\":\"Grupo Volcanes\",\"url\":\"https:\/\/volcanes.net\/\",\"logo\":{\"@type\":\"ImageObject\",\"inLanguage\":\"es\",\"@id\":\"https:\/\/volcanes.net\/#\/schema\/logo\/image\/\",\"url\":\"http:\/\/volcanes.net\/wp-content\/uploads\/2017\/12\/Avatar2.jpg\",\"contentUrl\":\"http:\/\/volcanes.net\/wp-content\/uploads\/2017\/12\/Avatar2.jpg\",\"width\":378,\"height\":378,\"caption\":\"Grupo Volcanes\"},\"image\":{\"@id\":\"https:\/\/volcanes.net\/#\/schema\/logo\/image\/\"},\"sameAs\":[\"https:\/\/www.facebook.com\/volcanes.net\/\"]},{\"@type\":\"Person\",\"@id\":\"https:\/\/volcanes.net\/#\/schema\/person\/4bf0f383940966a4abd53f5048c0e6b9\",\"name\":\"admin\",\"image\":{\"@type\":\"ImageObject\",\"inLanguage\":\"es\",\"@id\":\"https:\/\/volcanes.net\/#\/schema\/person\/image\/\",\"url\":\"https:\/\/secure.gravatar.com\/avatar\/ca004e6cba8462b8cb7abc86e382930c?s=96&d=mm&r=g\",\"contentUrl\":\"https:\/\/secure.gravatar.com\/avatar\/ca004e6cba8462b8cb7abc86e382930c?s=96&d=mm&r=g\",\"caption\":\"admin\"}}]}<\/script>\n<!-- \/ Yoast SEO plugin. -->","yoast_head_json":{"title":"Mejorar\u00e1n instalaciones y equipar\u00e1n digitalmente a m\u00e1s de 820 escuelas mexiquenses - Volcanes","robots":{"index":"index","follow":"follow","max-snippet":"max-snippet:-1","max-image-preview":"max-image-preview:large","max-video-preview":"max-video-preview:-1"},"canonical":"https:\/\/volcanes.net\/?p=880","og_locale":"es_MX","og_type":"article","og_title":"Mejorar\u00e1n instalaciones y equipar\u00e1n digitalmente a m\u00e1s de 820 escuelas mexiquenses - Volcanes","og_description":"El Oro, Estado de M\u00e9xico, 29 de enero de 2018.-\u00a0Para dotar a los estudiantes mexiquenses","og_url":"https:\/\/volcanes.net\/?p=880","og_site_name":"Volcanes","article_publisher":"https:\/\/www.facebook.com\/volcanes.net\/","article_published_time":"2018-01-29T22:01:08+00:00","og_image":[{"width":448,"height":285,"url":"https:\/\/volcanes.net\/wp-content\/uploads\/2018\/01\/Alfredo-Del-Mazo-El-Oro-3-1.jpg","type":"image\/jpeg"}],"author":"admin","twitter_card":"summary_large_image","twitter_misc":{"Escrito por":"admin","Tiempo de lectura":"1 minuto"},"schema":{"@context":"https:\/\/schema.org","@graph":[{"@type":"Article","@id":"https:\/\/volcanes.net\/?p=880#article","isPartOf":{"@id":"https:\/\/volcanes.net\/?p=880"},"author":{"name":"admin","@id":"https:\/\/volcanes.net\/#\/schema\/person\/4bf0f383940966a4abd53f5048c0e6b9"},"headline":"Mejorar\u00e1n instalaciones y equipar\u00e1n digitalmente a m\u00e1s de 820 escuelas mexiquenses","datePublished":"2018-01-29T22:01:08+00:00","mainEntityOfPage":{"@id":"https:\/\/volcanes.net\/?p=880"},"wordCount":309,"commentCount":0,"publisher":{"@id":"https:\/\/volcanes.net\/#organization"},"image":{"@id":"https:\/\/volcanes.net\/?p=880#primaryimage"},"thumbnailUrl":"https:\/\/volcanes.net\/wp-content\/uploads\/2018\/01\/Alfredo-Del-Mazo-El-Oro-3-1.jpg","keywords":["Alfredo del Mazo","Gobierno del Estado de M\u00e9xico"],"articleSection":["Estatales"],"inLanguage":"es","potentialAction":[{"@type":"CommentAction","name":"Comment","target":["https:\/\/volcanes.net\/?p=880#respond"]}]},{"@type":"WebPage","@id":"https:\/\/volcanes.net\/?p=880","url":"https:\/\/volcanes.net\/?p=880","name":"Mejorar\u00e1n instalaciones y equipar\u00e1n digitalmente a m\u00e1s de 820 escuelas mexiquenses - Volcanes","isPartOf":{"@id":"https:\/\/volcanes.net\/#website"},"primaryImageOfPage":{"@id":"https:\/\/volcanes.net\/?p=880#primaryimage"},"image":{"@id":"https:\/\/volcanes.net\/?p=880#primaryimage"},"thumbnailUrl":"https:\/\/volcanes.net\/wp-content\/uploads\/2018\/01\/Alfredo-Del-Mazo-El-Oro-3-1.jpg","datePublished":"2018-01-29T22:01:08+00:00","breadcrumb":{"@id":"https:\/\/volcanes.net\/?p=880#breadcrumb"},"inLanguage":"es","potentialAction":[{"@type":"ReadAction","target":["https:\/\/volcanes.net\/?p=880"]}]},{"@type":"ImageObject","inLanguage":"es","@id":"https:\/\/volcanes.net\/?p=880#primaryimage","url":"https:\/\/volcanes.net\/wp-content\/uploads\/2018\/01\/Alfredo-Del-Mazo-El-Oro-3-1.jpg","contentUrl":"https:\/\/volcanes.net\/wp-content\/uploads\/2018\/01\/Alfredo-Del-Mazo-El-Oro-3-1.jpg","width":448,"height":285},{"@type":"BreadcrumbList","@id":"https:\/\/volcanes.net\/?p=880#breadcrumb","itemListElement":[{"@type":"ListItem","position":1,"name":"Portada","item":"https:\/\/volcanes.net\/"},{"@type":"ListItem","position":2,"name":"Mejorar\u00e1n instalaciones y equipar\u00e1n digitalmente a m\u00e1s de 820 escuelas mexiquenses"}]},{"@type":"WebSite","@id":"https:\/\/volcanes.net\/#website","url":"https:\/\/volcanes.net\/","name":"Volcanes.Net","description":"Periodismo Profesional","publisher":{"@id":"https:\/\/volcanes.net\/#organization"},"potentialAction":[{"@type":"SearchAction","target":{"@type":"EntryPoint","urlTemplate":"https:\/\/volcanes.net\/?s={search_term_string}"},"query-input":{"@type":"PropertyValueSpecification","valueRequired":true,"valueName":"search_term_string"}}],"inLanguage":"es"},{"@type":"Organization","@id":"https:\/\/volcanes.net\/#organization","name":"Grupo Volcanes","url":"https:\/\/volcanes.net\/","logo":{"@type":"ImageObject","inLanguage":"es","@id":"https:\/\/volcanes.net\/#\/schema\/logo\/image\/","url":"http:\/\/volcanes.net\/wp-content\/uploads\/2017\/12\/Avatar2.jpg","contentUrl":"http:\/\/volcanes.net\/wp-content\/uploads\/2017\/12\/Avatar2.jpg","width":378,"height":378,"caption":"Grupo Volcanes"},"image":{"@id":"https:\/\/volcanes.net\/#\/schema\/logo\/image\/"},"sameAs":["https:\/\/www.facebook.com\/volcanes.net\/"]},{"@type":"Person","@id":"https:\/\/volcanes.net\/#\/schema\/person\/4bf0f383940966a4abd53f5048c0e6b9","name":"admin","image":{"@type":"ImageObject","inLanguage":"es","@id":"https:\/\/volcanes.net\/#\/schema\/person\/image\/","url":"https:\/\/secure.gravatar.com\/avatar\/ca004e6cba8462b8cb7abc86e382930c?s=96&d=mm&r=g","contentUrl":"https:\/\/secure.gravatar.com\/avatar\/ca004e6cba8462b8cb7abc86e382930c?s=96&d=mm&r=g","caption":"admin"}}]}},"_links":{"self":[{"href":"https:\/\/volcanes.net\/index.php?rest_route=\/wp\/v2\/posts\/880"}],"collection":[{"href":"https:\/\/volcanes.net\/index.php?rest_route=\/wp\/v2\/posts"}],"about":[{"href":"https:\/\/volcanes.net\/index.php?rest_route=\/wp\/v2\/types\/post"}],"author":[{"embeddable":true,"href":"https:\/\/volcanes.net\/index.php?rest_route=\/wp\/v2\/users\/1"}],"replies":[{"embeddable":true,"href":"https:\/\/volcanes.net\/index.php?rest_route=%2Fwp%2Fv2%2Fcomments&post=880"}],"version-history":[{"count":1,"href":"https:\/\/volcanes.net\/index.php?rest_route=\/wp\/v2\/posts\/880\/revisions"}],"predecessor-version":[{"id":882,"href":"https:\/\/volcanes.net\/index.php?rest_route=\/wp\/v2\/posts\/880\/revisions\/882"}],"wp:featuredmedia":[{"embeddable":true,"href":"https:\/\/volcanes.net\/index.php?rest_route=\/wp\/v2\/media\/881"}],"wp:attachment":[{"href":"https:\/\/volcanes.net\/index.php?rest_route=%2Fwp%2Fv2%2Fmedia&parent=880"}],"wp:term":[{"taxonomy":"category","embeddable":true,"href":"https:\/\/volcanes.net\/index.php?rest_route=%2Fwp%2Fv2%2Fcategories&post=880"},{"taxonomy":"post_tag","embeddable":true,"href":"https:\/\/volcanes.net\/index.php?rest_route=%2Fwp%2Fv2%2Ftags&post=880"}],"curies":[{"name":"wp","href":"https:\/\/api.w.org\/{rel}","templated":true}]}}