{"id":8813,"date":"2020-10-09T12:46:57","date_gmt":"2020-10-09T18:46:57","guid":{"rendered":"http:\/\/volcanes.net\/?p=8813"},"modified":"2020-10-09T16:10:38","modified_gmt":"2020-10-09T22:10:38","slug":"atlautla-conmemora-sus-146-aniversario-de-su-ereccion","status":"publish","type":"post","link":"https:\/\/volcanes.net\/?p=8813","title":{"rendered":"Atlautla conmemora sus 146 aniversario de su erecci\u00f3n"},"content":{"rendered":"<div style=\"margin-top: 0px; margin-bottom: 0px;\" class=\"sharethis-inline-share-buttons\" ><\/div><p>Atlautla, Estado de M\u00e9xico.- Respetando e implementado las medidas sanitarias emitidad por la Secretaria de Salud ante la prevenci\u00f3n del virus COVID-19 la ma\u00f1ana de este viernes 09 de octubre se llevo a cabo un acto c\u00edvico en el marco del 146 aniversario de la erecci\u00f3n de este municipio mexiquense que preside Hermenegildo Lozada Amaro y el cual fue transitivo por la pagina oficial de Facebook del Ayuntamiento.<\/p>\n<p>Luego de realizar\u00a0 la ceremonia protocolaria, el edil comento en entrevista que se siente muy orgulloso de ser originario de este bello municipio, por lo que espera que de igual forma los habitantes se sientan de la misma forma ya que Atlautla cuenta con ciudadanos comprometidos y trabajadores.\u00a0 Adem\u00e1s durante el evento se reconoci\u00f3 la labor y trabajo\u00a0 de los ciudadanos destacados dentro del municipio que dan todo d\u00eda a d\u00eda para Atlautla sea destacado.<\/p>\n<p>Lozada Amaro, reconoci\u00f3 que pese a la pandemia se bien afectados algunos trabajos entre ellos en materia de obra, sin embargo, a partir de la pr\u00f3xima semana comenzaran los trabajos de aproximadamente 36 obras que se realizaran en todas las delegaciones, entre las que se encuentra la construcci\u00f3n del modulo de protecci\u00f3n civil, pavimentaci\u00f3n de la avenida L\u00e1pez Mateos la cual se encuentra totalmente deteriorada, as\u00ed como ampliaciones de drenaje, luz etc.<\/p>\n<p>https:\/\/www.facebook.com\/109414100442855\/posts\/385189399531989\/<\/p>\n","protected":false},"excerpt":{"rendered":"<p>Atlautla, Estado de M\u00e9xico.- Respetando e implementado las medidas sanitarias emitidad por la Secretaria de<\/p>\n","protected":false},"author":1,"featured_media":8814,"comment_status":"open","ping_status":"open","sticky":false,"template":"","format":"standard","meta":{"footnotes":""},"categories":[1],"tags":[80],"class_list":["post-8813","post","type-post","status-publish","format-standard","has-post-thumbnail","hentry","category-municipales","tag-atlautla"],"yoast_head":"<!-- This site is optimized with the Yoast SEO plugin v25.3 - https:\/\/yoast.com\/wordpress\/plugins\/seo\/ -->\n<title>Atlautla conmemora sus 146 aniversario de su erecci\u00f3n - Volcanes<\/title>\n<meta name=\"robots\" content=\"index, follow, max-snippet:-1, max-image-preview:large, max-video-preview:-1\" \/>\n<link rel=\"canonical\" href=\"https:\/\/volcanes.net\/?p=8813\" \/>\n<meta property=\"og:locale\" content=\"es_MX\" \/>\n<meta property=\"og:type\" content=\"article\" \/>\n<meta property=\"og:title\" content=\"Atlautla conmemora sus 146 aniversario de su erecci\u00f3n - Volcanes\" \/>\n<meta property=\"og:description\" content=\"Atlautla, Estado de M\u00e9xico.- Respetando e implementado las medidas sanitarias emitidad por la Secretaria de\" \/>\n<meta property=\"og:url\" content=\"https:\/\/volcanes.net\/?p=8813\" \/>\n<meta property=\"og:site_name\" content=\"Volcanes\" \/>\n<meta property=\"article:publisher\" content=\"https:\/\/www.facebook.com\/volcanes.net\/\" \/>\n<meta property=\"article:published_time\" content=\"2020-10-09T18:46:57+00:00\" \/>\n<meta property=\"article:modified_time\" content=\"2020-10-09T22:10:38+00:00\" \/>\n<meta property=\"og:image\" content=\"https:\/\/volcanes.net\/wp-content\/uploads\/2020\/10\/17bd4c0a-a76a-4dc6-b536-614e74c820b7.jpg\" \/>\n\t<meta property=\"og:image:width\" content=\"1280\" \/>\n\t<meta property=\"og:image:height\" content=\"720\" \/>\n\t<meta property=\"og:image:type\" content=\"image\/jpeg\" \/>\n<meta name=\"author\" content=\"admin\" \/>\n<meta name=\"twitter:card\" content=\"summary_large_image\" \/>\n<meta name=\"twitter:label1\" content=\"Escrito por\" \/>\n\t<meta name=\"twitter:data1\" content=\"admin\" \/>\n\t<meta name=\"twitter:label2\" content=\"Tiempo de lectura\" \/>\n\t<meta name=\"twitter:data2\" content=\"1 minuto\" \/>\n<script type=\"application\/ld+json\" class=\"yoast-schema-graph\">{\"@context\":\"https:\/\/schema.org\",\"@graph\":[{\"@type\":\"Article\",\"@id\":\"https:\/\/volcanes.net\/?p=8813#article\",\"isPartOf\":{\"@id\":\"https:\/\/volcanes.net\/?p=8813\"},\"author\":{\"name\":\"admin\",\"@id\":\"https:\/\/volcanes.net\/#\/schema\/person\/4bf0f383940966a4abd53f5048c0e6b9\"},\"headline\":\"Atlautla conmemora sus 146 aniversario de su erecci\u00f3n\",\"datePublished\":\"2020-10-09T18:46:57+00:00\",\"dateModified\":\"2020-10-09T22:10:38+00:00\",\"mainEntityOfPage\":{\"@id\":\"https:\/\/volcanes.net\/?p=8813\"},\"wordCount\":239,\"commentCount\":0,\"publisher\":{\"@id\":\"https:\/\/volcanes.net\/#organization\"},\"image\":{\"@id\":\"https:\/\/volcanes.net\/?p=8813#primaryimage\"},\"thumbnailUrl\":\"https:\/\/volcanes.net\/wp-content\/uploads\/2020\/10\/17bd4c0a-a76a-4dc6-b536-614e74c820b7.jpg\",\"keywords\":[\"Atlautla\"],\"articleSection\":[\"Municipales\"],\"inLanguage\":\"es\",\"potentialAction\":[{\"@type\":\"CommentAction\",\"name\":\"Comment\",\"target\":[\"https:\/\/volcanes.net\/?p=8813#respond\"]}]},{\"@type\":\"WebPage\",\"@id\":\"https:\/\/volcanes.net\/?p=8813\",\"url\":\"https:\/\/volcanes.net\/?p=8813\",\"name\":\"Atlautla conmemora sus 146 aniversario de su erecci\u00f3n - Volcanes\",\"isPartOf\":{\"@id\":\"https:\/\/volcanes.net\/#website\"},\"primaryImageOfPage\":{\"@id\":\"https:\/\/volcanes.net\/?p=8813#primaryimage\"},\"image\":{\"@id\":\"https:\/\/volcanes.net\/?p=8813#primaryimage\"},\"thumbnailUrl\":\"https:\/\/volcanes.net\/wp-content\/uploads\/2020\/10\/17bd4c0a-a76a-4dc6-b536-614e74c820b7.jpg\",\"datePublished\":\"2020-10-09T18:46:57+00:00\",\"dateModified\":\"2020-10-09T22:10:38+00:00\",\"breadcrumb\":{\"@id\":\"https:\/\/volcanes.net\/?p=8813#breadcrumb\"},\"inLanguage\":\"es\",\"potentialAction\":[{\"@type\":\"ReadAction\",\"target\":[\"https:\/\/volcanes.net\/?p=8813\"]}]},{\"@type\":\"ImageObject\",\"inLanguage\":\"es\",\"@id\":\"https:\/\/volcanes.net\/?p=8813#primaryimage\",\"url\":\"https:\/\/volcanes.net\/wp-content\/uploads\/2020\/10\/17bd4c0a-a76a-4dc6-b536-614e74c820b7.jpg\",\"contentUrl\":\"https:\/\/volcanes.net\/wp-content\/uploads\/2020\/10\/17bd4c0a-a76a-4dc6-b536-614e74c820b7.jpg\",\"width\":1280,\"height\":720},{\"@type\":\"BreadcrumbList\",\"@id\":\"https:\/\/volcanes.net\/?p=8813#breadcrumb\",\"itemListElement\":[{\"@type\":\"ListItem\",\"position\":1,\"name\":\"Portada\",\"item\":\"https:\/\/volcanes.net\/\"},{\"@type\":\"ListItem\",\"position\":2,\"name\":\"Atlautla conmemora sus 146 aniversario de su erecci\u00f3n\"}]},{\"@type\":\"WebSite\",\"@id\":\"https:\/\/volcanes.net\/#website\",\"url\":\"https:\/\/volcanes.net\/\",\"name\":\"Volcanes.Net\",\"description\":\"Periodismo Profesional\",\"publisher\":{\"@id\":\"https:\/\/volcanes.net\/#organization\"},\"potentialAction\":[{\"@type\":\"SearchAction\",\"target\":{\"@type\":\"EntryPoint\",\"urlTemplate\":\"https:\/\/volcanes.net\/?s={search_term_string}\"},\"query-input\":{\"@type\":\"PropertyValueSpecification\",\"valueRequired\":true,\"valueName\":\"search_term_string\"}}],\"inLanguage\":\"es\"},{\"@type\":\"Organization\",\"@id\":\"https:\/\/volcanes.net\/#organization\",\"name\":\"Grupo Volcanes\",\"url\":\"https:\/\/volcanes.net\/\",\"logo\":{\"@type\":\"ImageObject\",\"inLanguage\":\"es\",\"@id\":\"https:\/\/volcanes.net\/#\/schema\/logo\/image\/\",\"url\":\"http:\/\/volcanes.net\/wp-content\/uploads\/2017\/12\/Avatar2.jpg\",\"contentUrl\":\"http:\/\/volcanes.net\/wp-content\/uploads\/2017\/12\/Avatar2.jpg\",\"width\":378,\"height\":378,\"caption\":\"Grupo Volcanes\"},\"image\":{\"@id\":\"https:\/\/volcanes.net\/#\/schema\/logo\/image\/\"},\"sameAs\":[\"https:\/\/www.facebook.com\/volcanes.net\/\"]},{\"@type\":\"Person\",\"@id\":\"https:\/\/volcanes.net\/#\/schema\/person\/4bf0f383940966a4abd53f5048c0e6b9\",\"name\":\"admin\",\"image\":{\"@type\":\"ImageObject\",\"inLanguage\":\"es\",\"@id\":\"https:\/\/volcanes.net\/#\/schema\/person\/image\/\",\"url\":\"https:\/\/secure.gravatar.com\/avatar\/ca004e6cba8462b8cb7abc86e382930c?s=96&d=mm&r=g\",\"contentUrl\":\"https:\/\/secure.gravatar.com\/avatar\/ca004e6cba8462b8cb7abc86e382930c?s=96&d=mm&r=g\",\"caption\":\"admin\"}}]}<\/script>\n<!-- \/ Yoast SEO plugin. -->","yoast_head_json":{"title":"Atlautla conmemora sus 146 aniversario de su erecci\u00f3n - Volcanes","robots":{"index":"index","follow":"follow","max-snippet":"max-snippet:-1","max-image-preview":"max-image-preview:large","max-video-preview":"max-video-preview:-1"},"canonical":"https:\/\/volcanes.net\/?p=8813","og_locale":"es_MX","og_type":"article","og_title":"Atlautla conmemora sus 146 aniversario de su erecci\u00f3n - Volcanes","og_description":"Atlautla, Estado de M\u00e9xico.- Respetando e implementado las medidas sanitarias emitidad por la Secretaria de","og_url":"https:\/\/volcanes.net\/?p=8813","og_site_name":"Volcanes","article_publisher":"https:\/\/www.facebook.com\/volcanes.net\/","article_published_time":"2020-10-09T18:46:57+00:00","article_modified_time":"2020-10-09T22:10:38+00:00","og_image":[{"width":1280,"height":720,"url":"https:\/\/volcanes.net\/wp-content\/uploads\/2020\/10\/17bd4c0a-a76a-4dc6-b536-614e74c820b7.jpg","type":"image\/jpeg"}],"author":"admin","twitter_card":"summary_large_image","twitter_misc":{"Escrito por":"admin","Tiempo de lectura":"1 minuto"},"schema":{"@context":"https:\/\/schema.org","@graph":[{"@type":"Article","@id":"https:\/\/volcanes.net\/?p=8813#article","isPartOf":{"@id":"https:\/\/volcanes.net\/?p=8813"},"author":{"name":"admin","@id":"https:\/\/volcanes.net\/#\/schema\/person\/4bf0f383940966a4abd53f5048c0e6b9"},"headline":"Atlautla conmemora sus 146 aniversario de su erecci\u00f3n","datePublished":"2020-10-09T18:46:57+00:00","dateModified":"2020-10-09T22:10:38+00:00","mainEntityOfPage":{"@id":"https:\/\/volcanes.net\/?p=8813"},"wordCount":239,"commentCount":0,"publisher":{"@id":"https:\/\/volcanes.net\/#organization"},"image":{"@id":"https:\/\/volcanes.net\/?p=8813#primaryimage"},"thumbnailUrl":"https:\/\/volcanes.net\/wp-content\/uploads\/2020\/10\/17bd4c0a-a76a-4dc6-b536-614e74c820b7.jpg","keywords":["Atlautla"],"articleSection":["Municipales"],"inLanguage":"es","potentialAction":[{"@type":"CommentAction","name":"Comment","target":["https:\/\/volcanes.net\/?p=8813#respond"]}]},{"@type":"WebPage","@id":"https:\/\/volcanes.net\/?p=8813","url":"https:\/\/volcanes.net\/?p=8813","name":"Atlautla conmemora sus 146 aniversario de su erecci\u00f3n - Volcanes","isPartOf":{"@id":"https:\/\/volcanes.net\/#website"},"primaryImageOfPage":{"@id":"https:\/\/volcanes.net\/?p=8813#primaryimage"},"image":{"@id":"https:\/\/volcanes.net\/?p=8813#primaryimage"},"thumbnailUrl":"https:\/\/volcanes.net\/wp-content\/uploads\/2020\/10\/17bd4c0a-a76a-4dc6-b536-614e74c820b7.jpg","datePublished":"2020-10-09T18:46:57+00:00","dateModified":"2020-10-09T22:10:38+00:00","breadcrumb":{"@id":"https:\/\/volcanes.net\/?p=8813#breadcrumb"},"inLanguage":"es","potentialAction":[{"@type":"ReadAction","target":["https:\/\/volcanes.net\/?p=8813"]}]},{"@type":"ImageObject","inLanguage":"es","@id":"https:\/\/volcanes.net\/?p=8813#primaryimage","url":"https:\/\/volcanes.net\/wp-content\/uploads\/2020\/10\/17bd4c0a-a76a-4dc6-b536-614e74c820b7.jpg","contentUrl":"https:\/\/volcanes.net\/wp-content\/uploads\/2020\/10\/17bd4c0a-a76a-4dc6-b536-614e74c820b7.jpg","width":1280,"height":720},{"@type":"BreadcrumbList","@id":"https:\/\/volcanes.net\/?p=8813#breadcrumb","itemListElement":[{"@type":"ListItem","position":1,"name":"Portada","item":"https:\/\/volcanes.net\/"},{"@type":"ListItem","position":2,"name":"Atlautla conmemora sus 146 aniversario de su erecci\u00f3n"}]},{"@type":"WebSite","@id":"https:\/\/volcanes.net\/#website","url":"https:\/\/volcanes.net\/","name":"Volcanes.Net","description":"Periodismo Profesional","publisher":{"@id":"https:\/\/volcanes.net\/#organization"},"potentialAction":[{"@type":"SearchAction","target":{"@type":"EntryPoint","urlTemplate":"https:\/\/volcanes.net\/?s={search_term_string}"},"query-input":{"@type":"PropertyValueSpecification","valueRequired":true,"valueName":"search_term_string"}}],"inLanguage":"es"},{"@type":"Organization","@id":"https:\/\/volcanes.net\/#organization","name":"Grupo Volcanes","url":"https:\/\/volcanes.net\/","logo":{"@type":"ImageObject","inLanguage":"es","@id":"https:\/\/volcanes.net\/#\/schema\/logo\/image\/","url":"http:\/\/volcanes.net\/wp-content\/uploads\/2017\/12\/Avatar2.jpg","contentUrl":"http:\/\/volcanes.net\/wp-content\/uploads\/2017\/12\/Avatar2.jpg","width":378,"height":378,"caption":"Grupo Volcanes"},"image":{"@id":"https:\/\/volcanes.net\/#\/schema\/logo\/image\/"},"sameAs":["https:\/\/www.facebook.com\/volcanes.net\/"]},{"@type":"Person","@id":"https:\/\/volcanes.net\/#\/schema\/person\/4bf0f383940966a4abd53f5048c0e6b9","name":"admin","image":{"@type":"ImageObject","inLanguage":"es","@id":"https:\/\/volcanes.net\/#\/schema\/person\/image\/","url":"https:\/\/secure.gravatar.com\/avatar\/ca004e6cba8462b8cb7abc86e382930c?s=96&d=mm&r=g","contentUrl":"https:\/\/secure.gravatar.com\/avatar\/ca004e6cba8462b8cb7abc86e382930c?s=96&d=mm&r=g","caption":"admin"}}]}},"_links":{"self":[{"href":"https:\/\/volcanes.net\/index.php?rest_route=\/wp\/v2\/posts\/8813"}],"collection":[{"href":"https:\/\/volcanes.net\/index.php?rest_route=\/wp\/v2\/posts"}],"about":[{"href":"https:\/\/volcanes.net\/index.php?rest_route=\/wp\/v2\/types\/post"}],"author":[{"embeddable":true,"href":"https:\/\/volcanes.net\/index.php?rest_route=\/wp\/v2\/users\/1"}],"replies":[{"embeddable":true,"href":"https:\/\/volcanes.net\/index.php?rest_route=%2Fwp%2Fv2%2Fcomments&post=8813"}],"version-history":[{"count":3,"href":"https:\/\/volcanes.net\/index.php?rest_route=\/wp\/v2\/posts\/8813\/revisions"}],"predecessor-version":[{"id":8818,"href":"https:\/\/volcanes.net\/index.php?rest_route=\/wp\/v2\/posts\/8813\/revisions\/8818"}],"wp:featuredmedia":[{"embeddable":true,"href":"https:\/\/volcanes.net\/index.php?rest_route=\/wp\/v2\/media\/8814"}],"wp:attachment":[{"href":"https:\/\/volcanes.net\/index.php?rest_route=%2Fwp%2Fv2%2Fmedia&parent=8813"}],"wp:term":[{"taxonomy":"category","embeddable":true,"href":"https:\/\/volcanes.net\/index.php?rest_route=%2Fwp%2Fv2%2Fcategories&post=8813"},{"taxonomy":"post_tag","embeddable":true,"href":"https:\/\/volcanes.net\/index.php?rest_route=%2Fwp%2Fv2%2Ftags&post=8813"}],"curies":[{"name":"wp","href":"https:\/\/api.w.org\/{rel}","templated":true}]}}