{"id":8849,"date":"2020-10-12T10:38:59","date_gmt":"2020-10-12T16:38:59","guid":{"rendered":"http:\/\/volcanes.net\/?p=8849"},"modified":"2020-10-12T12:52:36","modified_gmt":"2020-10-12T18:52:36","slug":"el-presidente-municipal-de-amecameca-supervisa-los-trabajos-del-andador-universitario","status":"publish","type":"post","link":"https:\/\/volcanes.net\/?p=8849","title":{"rendered":"El presidente municipal de Amecameca supervisa los trabajos del andador universitario"},"content":{"rendered":"<div style=\"margin-top: 0px; margin-bottom: 0px;\" class=\"sharethis-inline-share-buttons\" ><\/div><p>Natalia Hern\u00e1ndez | Volcanes Multimedios<\/p>\n<p>Amecameca, Estado de M\u00e9xico.- El presidente de este municipio mexiquense Miguel \u00c1ngel Salom\u00f3n Cort\u00e9s, supervisa los trabajos del andador universitario, ya que hasta el momento se tienen las l\u00e1mparas las cuales son de panel solar, cabe mencionar que este espacio es destinado para las personas que realizan actividades recreativas, adem\u00e1s de que se busca darle la seguridad a todos los estudiantes que van a los diferentes centros educativos y tienen que transitar por este lugar.<\/p>\n<p>Cabe mencionar que Salom\u00f3n Cort\u00e9s est\u00e1 comprometido con elevar la calidad de vida de todos los Amecamequenses por lo que con estas acciones refrenda su compromiso con los pobladores, ya que adem\u00e1s este lugar es muy transitado por los ciudadanos que salen con direcci\u00f3n a la UAEM, Ciudad de M\u00e9xico, Morelos y la parte poniente del Estado de M\u00e9xico.<\/p>\n<p>Dicha obra consiste en los trabajos de guarniciones, banquetas y un andador el cual contar\u00e1 con c\u00e1maras de seguridad, con el fin de que los pobladores se sientan seguros de que el lugar se encuentra vigilado las 24 horas del d\u00eda con una inversi\u00f3n de dos millones trecientos cincuenta mil pesos, por lo que se espera que la obra este finalizada para finales del mes de noviembre.<\/p>\n<p>No obstante, el edil dio a conocer que dicho andador contar\u00e1 con bicicletas de extremo a extremo para que las personas que transitan por el lugar y tengan la necesidad de usarlas, se les facilite el trayecto y ser\u00e1 totalmente gratis.<\/p>\n<p>https:\/\/www.facebook.com\/109414100442855\/posts\/387317512652511\/<\/p>\n","protected":false},"excerpt":{"rendered":"<p>Natalia Hern\u00e1ndez | Volcanes Multimedios Amecameca, Estado de M\u00e9xico.- El presidente de este municipio mexiquense<\/p>\n","protected":false},"author":1,"featured_media":8850,"comment_status":"open","ping_status":"open","sticky":false,"template":"","format":"standard","meta":{"footnotes":""},"categories":[1],"tags":[7],"class_list":["post-8849","post","type-post","status-publish","format-standard","has-post-thumbnail","hentry","category-municipales","tag-amecameca"],"yoast_head":"<!-- This site is optimized with the Yoast SEO plugin v25.3 - https:\/\/yoast.com\/wordpress\/plugins\/seo\/ -->\n<title>El presidente municipal de Amecameca supervisa los trabajos del andador universitario - Volcanes<\/title>\n<meta name=\"robots\" content=\"index, follow, max-snippet:-1, max-image-preview:large, max-video-preview:-1\" \/>\n<link rel=\"canonical\" href=\"https:\/\/volcanes.net\/?p=8849\" \/>\n<meta property=\"og:locale\" content=\"es_MX\" \/>\n<meta property=\"og:type\" content=\"article\" \/>\n<meta property=\"og:title\" content=\"El presidente municipal de Amecameca supervisa los trabajos del andador universitario - Volcanes\" \/>\n<meta property=\"og:description\" content=\"Natalia Hern\u00e1ndez | Volcanes Multimedios Amecameca, Estado de M\u00e9xico.- El presidente de este municipio mexiquense\" \/>\n<meta property=\"og:url\" content=\"https:\/\/volcanes.net\/?p=8849\" \/>\n<meta property=\"og:site_name\" content=\"Volcanes\" \/>\n<meta property=\"article:publisher\" content=\"https:\/\/www.facebook.com\/volcanes.net\/\" \/>\n<meta property=\"article:published_time\" content=\"2020-10-12T16:38:59+00:00\" \/>\n<meta property=\"article:modified_time\" content=\"2020-10-12T18:52:36+00:00\" \/>\n<meta property=\"og:image\" content=\"https:\/\/volcanes.net\/wp-content\/uploads\/2020\/10\/55b4838a-fdbd-4f0c-8d19-c18ae61e3931.jpg\" \/>\n\t<meta property=\"og:image:width\" content=\"540\" \/>\n\t<meta property=\"og:image:height\" content=\"293\" \/>\n\t<meta property=\"og:image:type\" content=\"image\/jpeg\" \/>\n<meta name=\"author\" content=\"admin\" \/>\n<meta name=\"twitter:card\" content=\"summary_large_image\" \/>\n<meta name=\"twitter:label1\" content=\"Escrito por\" \/>\n\t<meta name=\"twitter:data1\" content=\"admin\" \/>\n\t<meta name=\"twitter:label2\" content=\"Tiempo de lectura\" \/>\n\t<meta name=\"twitter:data2\" content=\"1 minuto\" \/>\n<script type=\"application\/ld+json\" class=\"yoast-schema-graph\">{\"@context\":\"https:\/\/schema.org\",\"@graph\":[{\"@type\":\"Article\",\"@id\":\"https:\/\/volcanes.net\/?p=8849#article\",\"isPartOf\":{\"@id\":\"https:\/\/volcanes.net\/?p=8849\"},\"author\":{\"name\":\"admin\",\"@id\":\"https:\/\/volcanes.net\/#\/schema\/person\/4bf0f383940966a4abd53f5048c0e6b9\"},\"headline\":\"El presidente municipal de Amecameca supervisa los trabajos del andador universitario\",\"datePublished\":\"2020-10-12T16:38:59+00:00\",\"dateModified\":\"2020-10-12T18:52:36+00:00\",\"mainEntityOfPage\":{\"@id\":\"https:\/\/volcanes.net\/?p=8849\"},\"wordCount\":277,\"commentCount\":0,\"publisher\":{\"@id\":\"https:\/\/volcanes.net\/#organization\"},\"image\":{\"@id\":\"https:\/\/volcanes.net\/?p=8849#primaryimage\"},\"thumbnailUrl\":\"https:\/\/volcanes.net\/wp-content\/uploads\/2020\/10\/55b4838a-fdbd-4f0c-8d19-c18ae61e3931.jpg\",\"keywords\":[\"Amecameca\"],\"articleSection\":[\"Municipales\"],\"inLanguage\":\"es\",\"potentialAction\":[{\"@type\":\"CommentAction\",\"name\":\"Comment\",\"target\":[\"https:\/\/volcanes.net\/?p=8849#respond\"]}]},{\"@type\":\"WebPage\",\"@id\":\"https:\/\/volcanes.net\/?p=8849\",\"url\":\"https:\/\/volcanes.net\/?p=8849\",\"name\":\"El presidente municipal de Amecameca supervisa los trabajos del andador universitario - Volcanes\",\"isPartOf\":{\"@id\":\"https:\/\/volcanes.net\/#website\"},\"primaryImageOfPage\":{\"@id\":\"https:\/\/volcanes.net\/?p=8849#primaryimage\"},\"image\":{\"@id\":\"https:\/\/volcanes.net\/?p=8849#primaryimage\"},\"thumbnailUrl\":\"https:\/\/volcanes.net\/wp-content\/uploads\/2020\/10\/55b4838a-fdbd-4f0c-8d19-c18ae61e3931.jpg\",\"datePublished\":\"2020-10-12T16:38:59+00:00\",\"dateModified\":\"2020-10-12T18:52:36+00:00\",\"breadcrumb\":{\"@id\":\"https:\/\/volcanes.net\/?p=8849#breadcrumb\"},\"inLanguage\":\"es\",\"potentialAction\":[{\"@type\":\"ReadAction\",\"target\":[\"https:\/\/volcanes.net\/?p=8849\"]}]},{\"@type\":\"ImageObject\",\"inLanguage\":\"es\",\"@id\":\"https:\/\/volcanes.net\/?p=8849#primaryimage\",\"url\":\"https:\/\/volcanes.net\/wp-content\/uploads\/2020\/10\/55b4838a-fdbd-4f0c-8d19-c18ae61e3931.jpg\",\"contentUrl\":\"https:\/\/volcanes.net\/wp-content\/uploads\/2020\/10\/55b4838a-fdbd-4f0c-8d19-c18ae61e3931.jpg\",\"width\":540,\"height\":293},{\"@type\":\"BreadcrumbList\",\"@id\":\"https:\/\/volcanes.net\/?p=8849#breadcrumb\",\"itemListElement\":[{\"@type\":\"ListItem\",\"position\":1,\"name\":\"Portada\",\"item\":\"https:\/\/volcanes.net\/\"},{\"@type\":\"ListItem\",\"position\":2,\"name\":\"El presidente municipal de Amecameca supervisa los trabajos del andador universitario\"}]},{\"@type\":\"WebSite\",\"@id\":\"https:\/\/volcanes.net\/#website\",\"url\":\"https:\/\/volcanes.net\/\",\"name\":\"Volcanes.Net\",\"description\":\"Periodismo Profesional\",\"publisher\":{\"@id\":\"https:\/\/volcanes.net\/#organization\"},\"potentialAction\":[{\"@type\":\"SearchAction\",\"target\":{\"@type\":\"EntryPoint\",\"urlTemplate\":\"https:\/\/volcanes.net\/?s={search_term_string}\"},\"query-input\":{\"@type\":\"PropertyValueSpecification\",\"valueRequired\":true,\"valueName\":\"search_term_string\"}}],\"inLanguage\":\"es\"},{\"@type\":\"Organization\",\"@id\":\"https:\/\/volcanes.net\/#organization\",\"name\":\"Grupo Volcanes\",\"url\":\"https:\/\/volcanes.net\/\",\"logo\":{\"@type\":\"ImageObject\",\"inLanguage\":\"es\",\"@id\":\"https:\/\/volcanes.net\/#\/schema\/logo\/image\/\",\"url\":\"http:\/\/volcanes.net\/wp-content\/uploads\/2017\/12\/Avatar2.jpg\",\"contentUrl\":\"http:\/\/volcanes.net\/wp-content\/uploads\/2017\/12\/Avatar2.jpg\",\"width\":378,\"height\":378,\"caption\":\"Grupo Volcanes\"},\"image\":{\"@id\":\"https:\/\/volcanes.net\/#\/schema\/logo\/image\/\"},\"sameAs\":[\"https:\/\/www.facebook.com\/volcanes.net\/\"]},{\"@type\":\"Person\",\"@id\":\"https:\/\/volcanes.net\/#\/schema\/person\/4bf0f383940966a4abd53f5048c0e6b9\",\"name\":\"admin\",\"image\":{\"@type\":\"ImageObject\",\"inLanguage\":\"es\",\"@id\":\"https:\/\/volcanes.net\/#\/schema\/person\/image\/\",\"url\":\"https:\/\/secure.gravatar.com\/avatar\/ca004e6cba8462b8cb7abc86e382930c?s=96&d=mm&r=g\",\"contentUrl\":\"https:\/\/secure.gravatar.com\/avatar\/ca004e6cba8462b8cb7abc86e382930c?s=96&d=mm&r=g\",\"caption\":\"admin\"}}]}<\/script>\n<!-- \/ Yoast SEO plugin. -->","yoast_head_json":{"title":"El presidente municipal de Amecameca supervisa los trabajos del andador universitario - Volcanes","robots":{"index":"index","follow":"follow","max-snippet":"max-snippet:-1","max-image-preview":"max-image-preview:large","max-video-preview":"max-video-preview:-1"},"canonical":"https:\/\/volcanes.net\/?p=8849","og_locale":"es_MX","og_type":"article","og_title":"El presidente municipal de Amecameca supervisa los trabajos del andador universitario - Volcanes","og_description":"Natalia Hern\u00e1ndez | Volcanes Multimedios Amecameca, Estado de M\u00e9xico.- El presidente de este municipio mexiquense","og_url":"https:\/\/volcanes.net\/?p=8849","og_site_name":"Volcanes","article_publisher":"https:\/\/www.facebook.com\/volcanes.net\/","article_published_time":"2020-10-12T16:38:59+00:00","article_modified_time":"2020-10-12T18:52:36+00:00","og_image":[{"width":540,"height":293,"url":"https:\/\/volcanes.net\/wp-content\/uploads\/2020\/10\/55b4838a-fdbd-4f0c-8d19-c18ae61e3931.jpg","type":"image\/jpeg"}],"author":"admin","twitter_card":"summary_large_image","twitter_misc":{"Escrito por":"admin","Tiempo de lectura":"1 minuto"},"schema":{"@context":"https:\/\/schema.org","@graph":[{"@type":"Article","@id":"https:\/\/volcanes.net\/?p=8849#article","isPartOf":{"@id":"https:\/\/volcanes.net\/?p=8849"},"author":{"name":"admin","@id":"https:\/\/volcanes.net\/#\/schema\/person\/4bf0f383940966a4abd53f5048c0e6b9"},"headline":"El presidente municipal de Amecameca supervisa los trabajos del andador universitario","datePublished":"2020-10-12T16:38:59+00:00","dateModified":"2020-10-12T18:52:36+00:00","mainEntityOfPage":{"@id":"https:\/\/volcanes.net\/?p=8849"},"wordCount":277,"commentCount":0,"publisher":{"@id":"https:\/\/volcanes.net\/#organization"},"image":{"@id":"https:\/\/volcanes.net\/?p=8849#primaryimage"},"thumbnailUrl":"https:\/\/volcanes.net\/wp-content\/uploads\/2020\/10\/55b4838a-fdbd-4f0c-8d19-c18ae61e3931.jpg","keywords":["Amecameca"],"articleSection":["Municipales"],"inLanguage":"es","potentialAction":[{"@type":"CommentAction","name":"Comment","target":["https:\/\/volcanes.net\/?p=8849#respond"]}]},{"@type":"WebPage","@id":"https:\/\/volcanes.net\/?p=8849","url":"https:\/\/volcanes.net\/?p=8849","name":"El presidente municipal de Amecameca supervisa los trabajos del andador universitario - Volcanes","isPartOf":{"@id":"https:\/\/volcanes.net\/#website"},"primaryImageOfPage":{"@id":"https:\/\/volcanes.net\/?p=8849#primaryimage"},"image":{"@id":"https:\/\/volcanes.net\/?p=8849#primaryimage"},"thumbnailUrl":"https:\/\/volcanes.net\/wp-content\/uploads\/2020\/10\/55b4838a-fdbd-4f0c-8d19-c18ae61e3931.jpg","datePublished":"2020-10-12T16:38:59+00:00","dateModified":"2020-10-12T18:52:36+00:00","breadcrumb":{"@id":"https:\/\/volcanes.net\/?p=8849#breadcrumb"},"inLanguage":"es","potentialAction":[{"@type":"ReadAction","target":["https:\/\/volcanes.net\/?p=8849"]}]},{"@type":"ImageObject","inLanguage":"es","@id":"https:\/\/volcanes.net\/?p=8849#primaryimage","url":"https:\/\/volcanes.net\/wp-content\/uploads\/2020\/10\/55b4838a-fdbd-4f0c-8d19-c18ae61e3931.jpg","contentUrl":"https:\/\/volcanes.net\/wp-content\/uploads\/2020\/10\/55b4838a-fdbd-4f0c-8d19-c18ae61e3931.jpg","width":540,"height":293},{"@type":"BreadcrumbList","@id":"https:\/\/volcanes.net\/?p=8849#breadcrumb","itemListElement":[{"@type":"ListItem","position":1,"name":"Portada","item":"https:\/\/volcanes.net\/"},{"@type":"ListItem","position":2,"name":"El presidente municipal de Amecameca supervisa los trabajos del andador universitario"}]},{"@type":"WebSite","@id":"https:\/\/volcanes.net\/#website","url":"https:\/\/volcanes.net\/","name":"Volcanes.Net","description":"Periodismo Profesional","publisher":{"@id":"https:\/\/volcanes.net\/#organization"},"potentialAction":[{"@type":"SearchAction","target":{"@type":"EntryPoint","urlTemplate":"https:\/\/volcanes.net\/?s={search_term_string}"},"query-input":{"@type":"PropertyValueSpecification","valueRequired":true,"valueName":"search_term_string"}}],"inLanguage":"es"},{"@type":"Organization","@id":"https:\/\/volcanes.net\/#organization","name":"Grupo Volcanes","url":"https:\/\/volcanes.net\/","logo":{"@type":"ImageObject","inLanguage":"es","@id":"https:\/\/volcanes.net\/#\/schema\/logo\/image\/","url":"http:\/\/volcanes.net\/wp-content\/uploads\/2017\/12\/Avatar2.jpg","contentUrl":"http:\/\/volcanes.net\/wp-content\/uploads\/2017\/12\/Avatar2.jpg","width":378,"height":378,"caption":"Grupo Volcanes"},"image":{"@id":"https:\/\/volcanes.net\/#\/schema\/logo\/image\/"},"sameAs":["https:\/\/www.facebook.com\/volcanes.net\/"]},{"@type":"Person","@id":"https:\/\/volcanes.net\/#\/schema\/person\/4bf0f383940966a4abd53f5048c0e6b9","name":"admin","image":{"@type":"ImageObject","inLanguage":"es","@id":"https:\/\/volcanes.net\/#\/schema\/person\/image\/","url":"https:\/\/secure.gravatar.com\/avatar\/ca004e6cba8462b8cb7abc86e382930c?s=96&d=mm&r=g","contentUrl":"https:\/\/secure.gravatar.com\/avatar\/ca004e6cba8462b8cb7abc86e382930c?s=96&d=mm&r=g","caption":"admin"}}]}},"_links":{"self":[{"href":"https:\/\/volcanes.net\/index.php?rest_route=\/wp\/v2\/posts\/8849"}],"collection":[{"href":"https:\/\/volcanes.net\/index.php?rest_route=\/wp\/v2\/posts"}],"about":[{"href":"https:\/\/volcanes.net\/index.php?rest_route=\/wp\/v2\/types\/post"}],"author":[{"embeddable":true,"href":"https:\/\/volcanes.net\/index.php?rest_route=\/wp\/v2\/users\/1"}],"replies":[{"embeddable":true,"href":"https:\/\/volcanes.net\/index.php?rest_route=%2Fwp%2Fv2%2Fcomments&post=8849"}],"version-history":[{"count":3,"href":"https:\/\/volcanes.net\/index.php?rest_route=\/wp\/v2\/posts\/8849\/revisions"}],"predecessor-version":[{"id":8859,"href":"https:\/\/volcanes.net\/index.php?rest_route=\/wp\/v2\/posts\/8849\/revisions\/8859"}],"wp:featuredmedia":[{"embeddable":true,"href":"https:\/\/volcanes.net\/index.php?rest_route=\/wp\/v2\/media\/8850"}],"wp:attachment":[{"href":"https:\/\/volcanes.net\/index.php?rest_route=%2Fwp%2Fv2%2Fmedia&parent=8849"}],"wp:term":[{"taxonomy":"category","embeddable":true,"href":"https:\/\/volcanes.net\/index.php?rest_route=%2Fwp%2Fv2%2Fcategories&post=8849"},{"taxonomy":"post_tag","embeddable":true,"href":"https:\/\/volcanes.net\/index.php?rest_route=%2Fwp%2Fv2%2Ftags&post=8849"}],"curies":[{"name":"wp","href":"https:\/\/api.w.org\/{rel}","templated":true}]}}